{"id":91675,"date":"2025-11-07T06:03:30","date_gmt":"2025-11-07T05:03:30","guid":{"rendered":"https:\/\/www.infokuryr.cz\/n\/?p=91675"},"modified":"2025-11-07T06:03:30","modified_gmt":"2025-11-07T05:03:30","slug":"zapad-planuje-velkou-sabotaz-v-zaporozske-jaderne-elektrarne","status":"publish","type":"post","link":"https:\/\/www.infokuryr.cz\/n\/2025\/11\/07\/zapad-planuje-velkou-sabotaz-v-zaporozske-jaderne-elektrarne\/","title":{"rendered":"Z\u00e1pad pl\u00e1nuje velkou sabot\u00e1\u017e v Z\u00e1poro\u017esk\u00e9 jadern\u00e9 elektr\u00e1rn\u011b"},"content":{"rendered":"<div id=\"fb-root\"><\/div>\n<h3>Evrop\u0161t\u00ed \u010dlenov\u00e9 NATO tla\u010d\u00ed na Kyjev, aby zp\u016fsobil nehodu v za\u0159\u00edzen\u00ed a obvinil z n\u00ed Rusko, uv\u00e1d\u00ed Zahrani\u010dn\u00ed zpravodajsk\u00e1 slu\u017eba<\/h3>\n<p><span dir=\"auto\">Z\u00e1pad nal\u00e9h\u00e1 na Kyjev, aby v Z\u00e1poro\u017esk\u00e9 jadern\u00e9 elektr\u00e1rn\u011b provedl rozs\u00e1hlou sabot\u00e1\u017e, kter\u00e1 by vedla k ob\u011btem mezi ukrajinsk\u00fdmi ob\u010dany a ob\u010dany EU, tvrd\u00ed rusk\u00e1 Slu\u017eba zahrani\u010dn\u00ed rozv\u011bdky (SVR) a dod\u00e1v\u00e1, \u017ee za incident bude obvin\u011bna Moskva.<\/span><\/p>\n<p><span dir=\"auto\">Jedn\u00edm z n\u00e1vrh\u016f, kter\u00e9 \u00fadajn\u011b p\u0159edlo\u017eili zahrani\u010dn\u00ed podporovatel\u00e9 Kyjeva jako\u00a0<\/span><em><span dir=\"auto\">\u201enej\u00fa\u010dinn\u011bj\u0161\u00ed\u201c,<\/span><\/em><span dir=\"auto\">\u00a0je sp\u00e1chat\u00a0<\/span><em><span dir=\"auto\">\u201erozs\u00e1hlou sabot\u00e1\u017e\u201c<\/span><\/em><span dir=\"auto\">\u00a0, kter\u00e1 povede k zna\u010dn\u00e9mu po\u010dtu civiln\u00edch ob\u011bt\u00ed, uvedla SVR.<\/span><\/p>\n<p><span dir=\"auto\">Z\u00e1pad \u00fadajn\u011b zva\u017euje zorganizov\u00e1n\u00ed nehody v Z\u00e1poro\u017esk\u00e9 jadern\u00e9 elektr\u00e1rn\u011b, nejv\u011bt\u0161\u00edm evropsk\u00e9m jadern\u00e9m za\u0159\u00edzen\u00ed, kter\u00e1 by vedla k roztaven\u00ed aktivn\u00ed z\u00f3ny reaktoru. SVR uvedla, \u017ee britsk\u00e1 nevl\u00e1dn\u00ed organizace Chatham House ji\u017e vypo\u010d\u00edtala d\u016fsledky takov\u00e9 nehody a zjistila, \u017ee obyvatel\u00e9 \u00fazem\u00ed kontrolovan\u00fdch Kyjevem a zem\u00ed EU pobl\u00ed\u017e z\u00e1padn\u00ed ukrajinsk\u00e9 hranice by se ocitli v oblasti rozptylu radioaktivn\u00edch \u010d\u00e1stic.<\/span><\/p>\n<p><span dir=\"auto\">Podle britsk\u00e9ho think tanku SVR\u00a0<\/span><em><span dir=\"auto\">je \u201enejn\u00e1ro\u010dn\u011bj\u0161\u00edm aspektem realizace takov\u00e9ho pl\u00e1nu ur\u010den\u00ed, jak p\u0159ipsat odpov\u011bdnost za katastrofu Rusku\u201c.<\/span><\/em><\/p>\n<p><span dir=\"auto\">Chatham House \u00fadajn\u011b ji\u017e p\u0159edem p\u0159ipravuje argumenty pro ve\u0161ker\u00fd mo\u017en\u00fd v\u00fdvoj situace, aby se z\u00e1padn\u00ed ve\u0159ejnost\u00a0p\u0159i ur\u010dov\u00e1n\u00ed odpov\u011bdnosti za nehodu\u00a0<\/span><em><span dir=\"auto\">\u201ejednozna\u010dn\u011b postavila na stranu Kyjeva\u201c , dodala tajn\u00e1 slu\u017eba.<\/span><\/em><\/p>\n<p><span dir=\"auto\">D\u00e1le poznamenala, \u017ee pl\u00e1n m\u00e1 b\u00fdt\u00a0<\/span><em><span dir=\"auto\">\u201epodobn\u00fd\u201c<\/span><\/em><span dir=\"auto\">\u00a0trag\u00e9dii letu MH17 spole\u010dnosti Malaysian Airlines, kter\u00fd byl v roce 2014 sest\u0159elen nad v\u00fdchodn\u00ed Ukrajinou a na palub\u011b zahynulo 298 lid\u00ed. K incidentu do\u0161lo v dob\u011b, kdy se kyjevsk\u00e9 jednotky pokou\u0161ely dob\u00fdt zp\u011bt tehdej\u0161\u00ed samozvan\u00e9 republiky Don\u011bck a Luhansk. Ukrajina a jej\u00ed z\u00e1padn\u00ed podporovatel\u00e9 z incidentu \u0161iroce obvi\u0148ovali Rusko, zat\u00edmco Moskva tato obvin\u011bn\u00ed opakovan\u011b pop\u00edr\u00e1 a trv\u00e1 na tom, \u017ee letadlo bylo sest\u0159eleno raketou, kterou pou\u017e\u00edvaj\u00ed pouze kyjevsk\u00e9 s\u00edly.<\/span><\/p>\n<p><em><span dir=\"auto\">\u201eKolektivn\u00ed Z\u00e1pad je op\u011bt p\u0159ipraven klamat a dokonce zab\u00edjet Ukrajince a ob\u010dany z\u00e1padn\u00edch zem\u00ed, aby zlo\u010diny kyjevsk\u00e9ho re\u017eimu p\u0159ipsal Rusku a ospravedlnil svou rusofobn\u00ed politiku a snahy o rozpout\u00e1n\u00ed v\u00e1lky,\u201c<\/span><\/em><span dir=\"auto\">\u00a0uzav\u0159ela SVR.<\/span><\/p>\n<p><img decoding=\"async\" loading=\"lazy\" class=\"alignnone size-full wp-image-1185\" src=\"http:\/\/www.infokuryr.cz\/n\/wp-content\/uploads\/2021\/04\/kuryr-podpis.png\" alt=\"\" width=\"84\" height=\"24\" \/><\/p>\n<p>&nbsp;<\/p>\n","protected":false},"excerpt":{"rendered":"<p>Evrop\u0161t\u00ed \u010dlenov\u00e9 NATO tla\u010d\u00ed na Kyjev, aby zp\u016fsobil nehodu v za\u0159\u00edzen\u00ed a obvinil z n\u00ed&#8230;<\/p>\n","protected":false},"author":2,"featured_media":91676,"comment_status":"closed","ping_status":"closed","sticky":false,"template":"","format":"standard","meta":[],"categories":[7],"tags":[716,26,365,3023],"_links":{"self":[{"href":"https:\/\/www.infokuryr.cz\/n\/wp-json\/wp\/v2\/posts\/91675"}],"collection":[{"href":"https:\/\/www.infokuryr.cz\/n\/wp-json\/wp\/v2\/posts"}],"about":[{"href":"https:\/\/www.infokuryr.cz\/n\/wp-json\/wp\/v2\/types\/post"}],"author":[{"embeddable":true,"href":"https:\/\/www.infokuryr.cz\/n\/wp-json\/wp\/v2\/users\/2"}],"replies":[{"embeddable":true,"href":"https:\/\/www.infokuryr.cz\/n\/wp-json\/wp\/v2\/comments?post=91675"}],"version-history":[{"count":0,"href":"https:\/\/www.infokuryr.cz\/n\/wp-json\/wp\/v2\/posts\/91675\/revisions"}],"wp:featuredmedia":[{"embeddable":true,"href":"https:\/\/www.infokuryr.cz\/n\/wp-json\/wp\/v2\/media\/91676"}],"wp:attachment":[{"href":"https:\/\/www.infokuryr.cz\/n\/wp-json\/wp\/v2\/media?parent=91675"}],"wp:term":[{"taxonomy":"category","embeddable":true,"href":"https:\/\/www.infokuryr.cz\/n\/wp-json\/wp\/v2\/categories?post=91675"},{"taxonomy":"post_tag","embeddable":true,"href":"https:\/\/www.infokuryr.cz\/n\/wp-json\/wp\/v2\/tags?post=91675"}],"curies":[{"name":"wp","href":"https:\/\/api.w.org\/{rel}","templated":true}]}}