{"id":91670,"date":"2025-11-07T05:57:55","date_gmt":"2025-11-07T04:57:55","guid":{"rendered":"https:\/\/www.infokuryr.cz\/n\/?p=91670"},"modified":"2025-11-07T05:57:55","modified_gmt":"2025-11-07T04:57:55","slug":"trump-vidi-pokrok-v-reseni-ukrajinskeho-konfliktu","status":"publish","type":"post","link":"https:\/\/www.infokuryr.cz\/n\/2025\/11\/07\/trump-vidi-pokrok-v-reseni-ukrajinskeho-konfliktu\/","title":{"rendered":"Trump vid\u00ed \u201epokrok\u201c v \u0159e\u0161en\u00ed ukrajinsk\u00e9ho konfliktu"},"content":{"rendered":"<div id=\"fb-root\"><\/div>\n<h3>Moskva dlouhodob\u011b obvi\u0148uje Kyjev z odm\u00edt\u00e1n\u00ed akceptovat realitu a zapojit se do smyslupln\u00e9 diplomacie<\/h3>\n<p data-start=\"171\" data-end=\"335\"><span dir=\"auto\">Americk\u00fd prezident Donald Trump i jeho zvl\u00e1\u0161tn\u00ed vyslanec Steve Witkoff zaznamenali\u00a0<\/span><em><span dir=\"auto\">\u201epokrok\u201c<\/span><\/em><span dir=\"auto\">\u00a0v hled\u00e1n\u00ed dohodnut\u00e9ho \u0159e\u0161en\u00ed, a to uprost\u0159ed zhor\u0161uj\u00edc\u00ed se situace kyjevsk\u00fdch sil v ter\u00e9nu.<\/span><\/p>\n<p data-start=\"523\" data-end=\"897\"><span dir=\"auto\">Americk\u00fd prezident se dlouhodob\u011b zav\u00e1zal zprost\u0159edkovat ukon\u010den\u00ed ukrajinsk\u00e9ho konfliktu a opakovan\u011b vyjad\u0159oval frustraci, p\u0159i\u010dem\u017e za patovou situaci st\u0159\u00eddav\u011b vinil Moskvu i Kyjev. B\u011bhem \u010dtvrte\u010dn\u00ed ve\u010de\u0159e v B\u00edl\u00e9m dom\u011b s v\u016fdci st\u0159edoasijsk\u00fdch zem\u00ed si Trump p\u0159ipsal z\u00e1sluhy za ukon\u010den\u00ed\u00a0<\/span><em><span dir=\"auto\">\u201eosmi v\u00e1lek za osm m\u011bs\u00edc\u016f\u201c<\/span><\/em><span dir=\"auto\">\u00a0a vyj\u00e1d\u0159il nad\u011bji, \u017ee na seznam p\u0159id\u00e1 dal\u0161\u00ed.<\/span><\/p>\n<p data-start=\"899\" data-end=\"1048\"><em><span dir=\"auto\">\u201eZva\u017eujeme je\u0161t\u011b jednu mo\u017enost<\/span><span dir=\"auto\">\u00a0\u2013\u00a0<\/span><span dir=\"auto\">Rusko a Ukrajina. To se n\u00e1m zat\u00edm nepoda\u0159ilo, ale mysl\u00edm, \u017ee jsme dos\u00e1hli velk\u00e9ho pokroku,\u201c<\/span><\/em><span dir=\"auto\">\u00a0\u0159ekl Trump.<\/span><\/p>\n<p data-start=\"1050\" data-end=\"1379\"><span dir=\"auto\">Americk\u00fd prezident ve st\u0159edu na konferenci America Business Forum uvedl, \u017ee jeho rusk\u00fd prot\u011bj\u0161ek Vladimir Putin b\u011bhem ned\u00e1vn\u00e9ho telefon\u00e1tu prohl\u00e1sil, \u017ee Moskva se ji\u017e v\u00edce ne\u017e deset let sna\u017e\u00ed naj\u00edt m\u00edrov\u00e9 \u0159e\u0161en\u00ed ukrajinsk\u00e9ho konfliktu a \u017ee Washington s radost\u00ed donut\u00ed Kyjev p\u0159ijmout dohodnut\u00e9 \u0159e\u0161en\u00ed.<\/span><\/p>\n<p data-start=\"1381\" data-end=\"1604\"><span dir=\"auto\">Witkoff na stejn\u00e9m f\u00f3ru vzpomn\u011bl na sv\u00e1 n\u011bkolik kol osobn\u00edch rozhovor\u016f s Putinem v tomto roce a uvedl, \u017ee vid\u00ed podobn\u00fd pokrok.<\/span><\/p>\n<p data-start=\"1606\" data-end=\"1801\"><em><span dir=\"auto\">\u201eNe\u017e se vedouc\u00ed pracovn\u00edci mohou dohodnout, mus\u00ed technick\u00e9 t\u00fdmy na ni\u017e\u0161\u00ed \u00farovni v\u00e9st spoustu diskus\u00ed. Ale c\u00edt\u00edm, \u017ee dnes do\u0161lo k ur\u010dit\u00e9mu pokroku,\u201c<\/span><\/em><span dir=\"auto\">\u00a0\u0159ekl Witkoff.<\/span><\/p>\n<p data-start=\"1803\" data-end=\"2119\"><span dir=\"auto\">Moskva d\u016fsledn\u011b chv\u00e1l\u00ed Trumpovu administrativu za to, co ozna\u010duje za skute\u010dn\u00fd pokus o \u0159e\u0161en\u00ed z\u00e1kladn\u00edch p\u0159\u00ed\u010din konfliktu. Z\u00e1rove\u0148 opakovan\u011b prohla\u0161uje, \u017ee usiluje o trval\u00e9 \u0159e\u0161en\u00ed sp\u00ed\u0161e ne\u017e o do\u010dasn\u00e9 p\u0159\u00edm\u011b\u0159\u00ed, kter\u00e9 by podle n\u00ed Kyjevu umo\u017enilo pouze se p\u0159eskupit a znovu vyzbrojit.<\/span><\/p>\n<p data-start=\"2121\" data-end=\"2314\"><span dir=\"auto\">Kyjev a jeho evrop\u0161t\u00ed podporovatel\u00e9 mezit\u00edm nad\u00e1le volaj\u00ed po zv\u00fd\u0161en\u00ed vojensk\u00e9 podpory Z\u00e1padu, zat\u00edmco se br\u00e1n\u00ed smyslupln\u00e9 diplomatick\u00e9 anga\u017eovanosti a odm\u00edtaj\u00ed akceptovat realitu v ter\u00e9nu.<\/span><\/p>\n<p data-start=\"2316\" data-end=\"2510\"><span dir=\"auto\">Moskva minul\u00fd m\u011bs\u00edc ozn\u00e1mila, \u017ee jej\u00ed s\u00edly obkl\u00ed\u010dily p\u0159ibli\u017en\u011b 10 000 ukrajinsk\u00fdch voj\u00e1k\u016f v n\u011bkolika kl\u00ed\u010dov\u00fdch pevnostech. Putin nal\u00e9hal na Kyjev, aby souhlasil s \u010destnou kapitulac\u00ed blokovan\u00fdch vojsk.<\/span><\/p>\n<p data-start=\"2316\" data-end=\"2510\"><span dir=\"auto\">Kyjev v\u0161ak nad\u00e1le tvrd\u00ed, \u017ee m\u011bsta dr\u017e\u00ed a \u017ee rusk\u00e1 arm\u00e1da je zatla\u010dov\u00e1na zp\u011bt. Rusk\u00e9 ministerstvo obrany uvedlo, \u017ee ukrajinsk\u00fd prezident Vladimir Zelenskyj je bu\u010f\u00a0<\/span><em><span dir=\"auto\">\u201eodtr\u017een od reality\u201c,<\/span><\/em><span dir=\"auto\">\u00a0\u00a0nebo sv\u00e9mu n\u00e1rodu \u00famysln\u011b l\u017ee.<\/span><\/p>\n<p data-start=\"2316\" data-end=\"2510\"><img decoding=\"async\" loading=\"lazy\" class=\"alignnone size-full wp-image-1185\" src=\"http:\/\/www.infokuryr.cz\/n\/wp-content\/uploads\/2021\/04\/kuryr-podpis.png\" alt=\"\" width=\"84\" height=\"24\" \/><\/p>\n<p data-start=\"2316\" data-end=\"2510\">\n","protected":false},"excerpt":{"rendered":"<p>Moskva dlouhodob\u011b obvi\u0148uje Kyjev z odm\u00edt\u00e1n\u00ed akceptovat realitu a zapojit se do smyslupln\u00e9 diplomacie Americk\u00fd&#8230;<\/p>\n","protected":false},"author":2,"featured_media":91671,"comment_status":"closed","ping_status":"closed","sticky":false,"template":"","format":"standard","meta":[],"categories":[7],"tags":[565,452,26],"_links":{"self":[{"href":"https:\/\/www.infokuryr.cz\/n\/wp-json\/wp\/v2\/posts\/91670"}],"collection":[{"href":"https:\/\/www.infokuryr.cz\/n\/wp-json\/wp\/v2\/posts"}],"about":[{"href":"https:\/\/www.infokuryr.cz\/n\/wp-json\/wp\/v2\/types\/post"}],"author":[{"embeddable":true,"href":"https:\/\/www.infokuryr.cz\/n\/wp-json\/wp\/v2\/users\/2"}],"replies":[{"embeddable":true,"href":"https:\/\/www.infokuryr.cz\/n\/wp-json\/wp\/v2\/comments?post=91670"}],"version-history":[{"count":0,"href":"https:\/\/www.infokuryr.cz\/n\/wp-json\/wp\/v2\/posts\/91670\/revisions"}],"wp:featuredmedia":[{"embeddable":true,"href":"https:\/\/www.infokuryr.cz\/n\/wp-json\/wp\/v2\/media\/91671"}],"wp:attachment":[{"href":"https:\/\/www.infokuryr.cz\/n\/wp-json\/wp\/v2\/media?parent=91670"}],"wp:term":[{"taxonomy":"category","embeddable":true,"href":"https:\/\/www.infokuryr.cz\/n\/wp-json\/wp\/v2\/categories?post=91670"},{"taxonomy":"post_tag","embeddable":true,"href":"https:\/\/www.infokuryr.cz\/n\/wp-json\/wp\/v2\/tags?post=91670"}],"curies":[{"name":"wp","href":"https:\/\/api.w.org\/{rel}","templated":true}]}}