{"id":91608,"date":"2025-11-07T00:22:20","date_gmt":"2025-11-06T23:22:20","guid":{"rendered":"https:\/\/www.infokuryr.cz\/n\/?p=91608"},"modified":"2025-11-06T10:57:28","modified_gmt":"2025-11-06T09:57:28","slug":"narcismus-nici-celou-zemi-indicky-astrofyzik-dosvedcuje-upadek-nemecka","status":"publish","type":"post","link":"https:\/\/www.infokuryr.cz\/n\/2025\/11\/07\/narcismus-nici-celou-zemi-indicky-astrofyzik-dosvedcuje-upadek-nemecka\/","title":{"rendered":"Narcismus ni\u010d\u00ed celou zemi: Indick\u00fd astrofyzik dosv\u011bd\u010duje \u00fapadek N\u011bmecka"},"content":{"rendered":"<div id=\"fb-root\"><\/div>\n<p><strong><span dir=\"auto\">Co si o N\u011bmecku, zemi zn\u00e1m\u00e9 svou rozmanitou a \u017eivou kulturou, mysl\u00ed skute\u010dn\u00ed zahrani\u010dn\u00ed profesion\u00e1lov\u00e9? Indick\u00fd astrofyzik Mayukh P. \u017eije v zemi asi dev\u011bt let. Jeho ostr\u00e1 kritika sou\u010dasn\u00e9ho stavu Spolkov\u00e9 republiky N\u011bmecko si z\u00edskala pozornost: obvi\u0148uje N\u011bmecko z \u201esebekastrace\u201c a hovo\u0159\u00ed o upadaj\u00edc\u00ed spole\u010dnosti.<\/span><\/strong><\/p>\n<p><span dir=\"auto\">Mayukh P. p\u0159ijel do N\u011bmecka v z\u00e1\u0159\u00ed 2016, aby na Max Planckov\u011b institutu v G\u00f6ttingenu z\u00edskal doktor\u00e1t z astrofyziky. V t\u00e9 dob\u011b vn\u00edmal N\u011bmecko jako p\u0159edn\u00ed v\u00fdzkumn\u00fd a technick\u00fd n\u00e1rod. Jeho pohled se od t\u00e9 doby drasticky zm\u011bnil.<\/span><\/p>\n<p><span dir=\"auto\">V p\u0159\u00edsp\u011bvku na X fyzik vyj\u00e1d\u0159il sv\u016fj hn\u011bv ohledn\u011b politick\u00e9ho a ekonomick\u00e9ho v\u00fdvoje N\u011bmecka. Napsal: \u201eA v posledn\u00edch 9 letech jsem m\u011bl neuv\u011b\u0159itelnou p\u0159\u00edle\u017eitost b\u00fdt sv\u011bdkem toho, jak se zem\u011b prvn\u00edho sv\u011bta na pokraji st\u00e1t se supervelmoc\u00ed zmen\u0161ila \u0159adou politick\u00fdch chybn\u00fdch krok\u016f, z nich\u017e ka\u017ed\u00fd sm\u011b\u0159oval k dal\u0161\u00ed sebek\u00e1zni.\u201c<\/span><\/p>\n<p><span dir=\"auto\">A tyto \u201esebekastra\u010dn\u00ed\u201c sm\u011brnice m\u011bly jednu v\u011bc spole\u010dnou: \u201eV\u0161echny byly \u0159\u00edzeny mal\u00fdm po\u010dtem bohat\u00fdch m\u011bstsk\u00fdch mileni\u00e1l\u016f, kte\u0159\u00ed se c\u00edtili mor\u00e1ln\u011b nad\u0159azen\u00ed a cht\u011bli b\u00fdt popl\u00e1c\u00e1ni po z\u00e1dech za sv\u00e9 \u201adobr\u00e9 chov\u00e1n\u00ed\u2018.\u201c<\/span><\/p>\n<p><span dir=\"auto\">Bylo by \u0161\u00edlen\u00e9, jak by narcismus n\u011bkolika m\u00e1lo lid\u00ed mohl zni\u010dit celou zemi. \u201eV jist\u00e9m smyslu je mi l\u00edto pracovit\u00fdch a ambici\u00f3zn\u00edch N\u011bmc\u016f, zejm\u00e9na t\u011bch, kte\u0159\u00ed tvrd\u011b pracovali na vybudov\u00e1n\u00ed zem\u011b a nyn\u00ed se mus\u00ed d\u00edvat, jak ji ni\u010d\u00ed banda samolib\u00fdch, privilegovan\u00fdch idiot\u016f,\u201c pokra\u010doval. P-\u016fv tweet byl vyvol\u00e1n videem z demolice chladic\u00edch v\u011b\u017e\u00ed v jadern\u00e9 elektr\u00e1rn\u011b Gundremmingen v Bavorsku.<\/span><\/p>\n<figure class=\"wp-block-embed is-type-rich is-provider-twitter wp-block-embed-twitter\">\n<div class=\"wp-block-embed__wrapper\">\n<div class=\"twitter-tweet twitter-tweet-rendered\"><iframe id=\"twitter-widget-0\" class=\"\" title=\"X P\u0159\u00edsp\u011bvek\" src=\"https:\/\/platform.twitter.com\/embed\/Tweet.html?dnt=true&amp;embedId=twitter-widget-0&amp;features=eyJ0ZndfdGltZWxpbmVfbGlzdCI6eyJidWNrZXQiOltdLCJ2ZXJzaW9uIjpudWxsfSwidGZ3X2ZvbGxvd2VyX2NvdW50X3N1bnNldCI6eyJidWNrZXQiOnRydWUsInZlcnNpb24iOm51bGx9LCJ0ZndfdHdlZXRfZWRpdF9iYWNrZW5kIjp7ImJ1Y2tldCI6Im9uIiwidmVyc2lvbiI6bnVsbH0sInRmd19yZWZzcmNfc2Vzc2lvbiI6eyJidWNrZXQiOiJvbiIsInZlcnNpb24iOm51bGx9LCJ0ZndfZm9zbnJfc29mdF9pbnRlcnZlbnRpb25zX2VuYWJsZWQiOnsiYnVja2V0Ijoib24iLCJ2ZXJzaW9uIjpudWxsfSwidGZ3X21peGVkX21lZGlhXzE1ODk3Ijp7ImJ1Y2tldCI6InRyZWF0bWVudCIsInZlcnNpb24iOm51bGx9LCJ0ZndfZXhwZXJpbWVudHNfY29va2llX2V4cGlyYXRpb24iOnsiYnVja2V0IjoxMjA5NjAwLCJ2ZXJzaW9uIjpudWxsfSwidGZ3X3Nob3dfYmlyZHdhdGNoX3Bpdm90c19lbmFibGVkIjp7ImJ1Y2tldCI6Im9uIiwidmVyc2lvbiI6bnVsbH0sInRmd19kdXBsaWNhdGVfc2NyaWJlc190b19zZXR0aW5ncyI6eyJidWNrZXQiOiJvbiIsInZlcnNpb24iOm51bGx9LCJ0ZndfdXNlX3Byb2ZpbGVfaW1hZ2Vfc2hhcGVfZW5hYmxlZCI6eyJidWNrZXQiOiJvbiIsInZlcnNpb24iOm51bGx9LCJ0ZndfdmlkZW9faGxzX2R5bmFtaWNfbWFuaWZlc3RzXzE1MDgyIjp7ImJ1Y2tldCI6InRydWVfYml0cmF0ZSIsInZlcnNpb24iOm51bGx9LCJ0ZndfbGVnYWN5X3RpbWVsaW5lX3N1bnNldCI6eyJidWNrZXQiOnRydWUsInZlcnNpb24iOm51bGx9LCJ0ZndfdHdlZXRfZWRpdF9mcm9udGVuZCI6eyJidWNrZXQiOiJvbiIsInZlcnNpb24iOm51bGx9fQ%3D%3D&amp;frame=false&amp;hideCard=false&amp;hideThread=false&amp;id=1982400691797676094&amp;lang=cs&amp;origin=https%3A%2F%2Freport24.news%2Fnarzissmus-zerstoert-ganzes-land-indischer-astrophysiker-attestiert-deutschland-niedergang%2F&amp;sessionId=e449a21c2075db6eb6f8fda557dc11af3dacb305&amp;theme=light&amp;widgetsVersion=2615f7e52b7e0%3A1702314776716&amp;width=550px\" frameborder=\"0\" scrolling=\"no\" allowfullscreen=\"allowfullscreen\" data-tweet-id=\"1982400691797676094\" data-mce-fragment=\"1\"><\/iframe><\/div>\n<\/div>\n<\/figure>\n<p><span dir=\"auto\">V rozhovoru pro\u00a0<\/span><a href=\"https:\/\/www.welt.de\/politik\/deutschland\/plus6900d7f359e2e0975070e54d\/migrant-zur-krise-der-republik-warum-ein-indischer-astrophysiker-deutschland-den-niedergang-attestiert.html\"><span dir=\"auto\">WELT<\/span><\/a><span dir=\"auto\">\u00a0v\u011bdec zd\u016fraz\u0148uje, \u017ee jeho prohl\u00e1\u0161en\u00ed je \u201emomentkou\u201c a ne \u201eabsolutn\u00ed pravdou\u201c \u2013 nechce o N\u011bmecku mluvit \u0161patn\u011b, st\u00e1le si u\u017e\u00edv\u00e1 \u017eivot zde \u2013 ale posledn\u00edch p\u00e1r let n\u011bco zm\u011bnilo.<\/span><\/p>\n<p><span dir=\"auto\">Nen\u00ed divu: Deindustrializaci je t\u011b\u017ek\u00e9 p\u0159ehl\u00e9dnout. N\u011bmecko je v recesi od roku 2022. Jen v lo\u0148sk\u00e9m roce bylo v automobilov\u00e9m pr\u016fmyslu ztraceno v\u00edce ne\u017e 50 000 pracovn\u00edch m\u00edst. Po\u010det bankrot\u016f st\u00e1le roste a st\u00e1le v\u00edce spole\u010dnost\u00ed se st\u011bhuje do zahrani\u010d\u00ed.<\/span><\/p>\n<p><span dir=\"auto\">Fyzik uv\u00e1d\u00ed dal\u0161\u00ed d\u016fvody, pro\u010d vn\u00edm\u00e1 N\u011bmecko jako zemi v \u00fapadku: Podle jeho n\u00e1zoru je mnoho politick\u00fdch rozhodnut\u00ed vnuceno do v\u00e1gn\u00edho r\u00e1mce levice-pravice a dobra-zla. \u201ePoch\u00e1z\u00edm z Indie. Pro m\u011b jadern\u00e1 energie nen\u00ed ot\u00e1zkou pravice nebo levice, ale ot\u00e1zkou bezpe\u010dn\u00e9 energie,\u201c \u0159\u00edk\u00e1. Jadern\u00e1 energie skute\u010dn\u011b pat\u0159\u00ed mezi nejbezpe\u010dn\u011bj\u0161\u00ed formy energie na sv\u011bt\u011b.<\/span><\/p>\n<p><span dir=\"auto\">Fyzik zpochyb\u0148uje \u00fadajnou mor\u00e1lku levice. \u201eN\u011bkte\u0159\u00ed z pravice \u0159\u00edkaj\u00ed, \u017ee imigranti nepracuj\u00ed dostate\u010dn\u011b tvrd\u011b a neprodukuj\u00ed hodnotu. Ale kdy\u017e migranti na\u0161li LAP Coffee (dva zakladatel\u00e9 poch\u00e1zej\u00ed z Libanonu a Mexika), levi\u010d\u00e1ci h\u00e1zej\u00ed na pobo\u010dky bomby s barvou, proto\u017ee jsou kapitalist\u00e9.\u201c S\u00e1m byl tak\u00e9 ur\u00e1\u017een levi\u010d\u00e1ky na soci\u00e1ln\u00edch s\u00edt\u00edch, kdy\u017e vyj\u00e1d\u0159il sv\u016fj n\u00e1zor na situaci v N\u011bmecku. \u00da\u010det, kter\u00fd jinak ozna\u010duje politiky CDU za fa\u0161isty a nacisty, si p\u0159\u00e1l jeho deportaci a nazval ho \u201ehloupou indickou \u0161mejdou\u201c. P. poznamen\u00e1v\u00e1: \u201eTo je pohled na mor\u00e1lku v N\u011bmecku.\u201c<\/span><\/p>\n<p><span dir=\"auto\">P. se d\u00e1le domn\u00edv\u00e1, \u017ee N\u011bmci se \u201eboj\u00ed technologi\u00ed a inovac\u00ed\u201c. V\u011b\u0159\u00ed, \u017ee \u00fasp\u011bchy jako ty SpaceX by v N\u011bmecku byly nemysliteln\u00e9. Podle jeho n\u00e1zoru by bezpe\u010dnost pr\u00e1ce nem\u011bla brzdit inovace. A:<\/span><span dir=\"auto\">\u201eM\u00e1m pocit, \u017ee v\u011bt\u0161ina v\u011bc\u00ed je vn\u00edm\u00e1na \u010dist\u011b z empatick\u00e9 perspektivy. Ale aby lidstvo bylo mo\u017en\u00e9, mus\u00ed fungovat ekonomika,\u201c vysv\u011btlil pro WELT.<\/span><\/p>\n<p><span dir=\"auto\">Dnes je Dr. Mayukh P. 34 let a \u017eije a pracuje v Berl\u00edn\u011b. Jako kvalifikovan\u00fd odborn\u00edk ze zahrani\u010d\u00ed migroval do zem\u011b, kter\u00e1 je dlouho spojov\u00e1na s pokrokem a inovacemi \u2013 jen aby byl sv\u011bdkem toho, jak se jeho adoptivn\u00ed vlast rozpad\u00e1. Bolest, kterou z\u0159ejm\u011b c\u00edt\u00ed, jist\u011b sd\u00edl\u00ed mnoho N\u011bmc\u016f. Mezit\u00edm vl\u00e1da pokra\u010duje v sebedestruktivn\u00ed cest\u011b, kterou nastolili jej\u00ed p\u0159edch\u016fdci.<\/span><\/p>\n<p><img decoding=\"async\" loading=\"lazy\" class=\"alignnone size-full wp-image-1185\" src=\"http:\/\/www.infokuryr.cz\/n\/wp-content\/uploads\/2021\/04\/kuryr-podpis.png\" alt=\"\" width=\"84\" height=\"24\" \/><\/p>\n<p>&nbsp;<\/p>\n","protected":false},"excerpt":{"rendered":"<p>Co si o N\u011bmecku, zemi zn\u00e1m\u00e9 svou rozmanitou a \u017eivou kulturou, mysl\u00ed skute\u010dn\u00ed zahrani\u010dn\u00ed profesion\u00e1lov\u00e9?&#8230;<\/p>\n","protected":false},"author":2,"featured_media":91609,"comment_status":"closed","ping_status":"closed","sticky":false,"template":"","format":"standard","meta":[],"categories":[7],"tags":[2173,1503,371,84],"_links":{"self":[{"href":"https:\/\/www.infokuryr.cz\/n\/wp-json\/wp\/v2\/posts\/91608"}],"collection":[{"href":"https:\/\/www.infokuryr.cz\/n\/wp-json\/wp\/v2\/posts"}],"about":[{"href":"https:\/\/www.infokuryr.cz\/n\/wp-json\/wp\/v2\/types\/post"}],"author":[{"embeddable":true,"href":"https:\/\/www.infokuryr.cz\/n\/wp-json\/wp\/v2\/users\/2"}],"replies":[{"embeddable":true,"href":"https:\/\/www.infokuryr.cz\/n\/wp-json\/wp\/v2\/comments?post=91608"}],"version-history":[{"count":0,"href":"https:\/\/www.infokuryr.cz\/n\/wp-json\/wp\/v2\/posts\/91608\/revisions"}],"wp:featuredmedia":[{"embeddable":true,"href":"https:\/\/www.infokuryr.cz\/n\/wp-json\/wp\/v2\/media\/91609"}],"wp:attachment":[{"href":"https:\/\/www.infokuryr.cz\/n\/wp-json\/wp\/v2\/media?parent=91608"}],"wp:term":[{"taxonomy":"category","embeddable":true,"href":"https:\/\/www.infokuryr.cz\/n\/wp-json\/wp\/v2\/categories?post=91608"},{"taxonomy":"post_tag","embeddable":true,"href":"https:\/\/www.infokuryr.cz\/n\/wp-json\/wp\/v2\/tags?post=91608"}],"curies":[{"name":"wp","href":"https:\/\/api.w.org\/{rel}","templated":true}]}}