{"id":91606,"date":"2025-11-07T00:21:57","date_gmt":"2025-11-06T23:21:57","guid":{"rendered":"https:\/\/www.infokuryr.cz\/n\/?p=91606"},"modified":"2025-11-06T10:54:26","modified_gmt":"2025-11-06T09:54:26","slug":"globalni-oteplovani-casti-antarktidy-se-ochlazuji-od-roku-2003","status":"publish","type":"post","link":"https:\/\/www.infokuryr.cz\/n\/2025\/11\/07\/globalni-oteplovani-casti-antarktidy-se-ochlazuji-od-roku-2003\/","title":{"rendered":"Glob\u00e1ln\u00ed oteplov\u00e1n\u00ed? \u010c\u00e1sti Antarktidy se ochlazuj\u00ed od roku 2003!"},"content":{"rendered":"<div id=\"fb-root\"><\/div>\n<p><strong><span dir=\"auto\">V\u0161ichni zn\u00e1me titulky, kter\u00e9 kupodivu tvrd\u00ed, \u017ee se ka\u017ed\u00e1 oblast Zem\u011b \u201eotepluje rychleji\u201c ne\u017e ostatn\u00ed. Ned\u00e1vn\u00e1 studie zalo\u017een\u00e1 na skute\u010dn\u00fdch nam\u011b\u0159en\u00fdch datech v\u0161ak ukazuje, \u017ee \u010d\u00e1sti Antarktidy se od roku 2003 ochladily o v\u00edce ne\u017e dva stupn\u011b Celsia. Celkov\u011b vzato neexistuje \u017e\u00e1dn\u00fd trend oteplov\u00e1n\u00ed.<\/span><\/strong><\/p>\n<p><span dir=\"auto\">Ned\u00e1vn\u00e1 studie teplotn\u00edch trend\u016f v Antarktid\u011b ukazuje, co se stane, kdy\u017e se \u010dlov\u011bk \u0159\u00edd\u00ed skute\u010dn\u00fdmi nam\u011b\u0159en\u00fdmi daty, m\u00edsto aby slep\u011b d\u016fv\u011b\u0159oval chybn\u00fdm model\u016fm. Zat\u00edmco modely klimatick\u00fdch zm\u011bn p\u0159edpov\u00eddaj\u00ed rostouc\u00ed teploty a t\u00e1n\u00ed ledov\u00fdch mas, data ze skute\u010dn\u00fdch m\u011b\u0159en\u00ed teplot vykresluj\u00ed zcela jin\u00fd obraz.<\/span><\/p>\n<p><span dir=\"auto\">Podle ned\u00e1vn\u00e9 studie Centra pro v\u00fdzkum atmosf\u00e9ry na Univerzit\u011b v Canterbury a Univerzit\u011b v Otagu s n\u00e1zvem \u201e\u00a0<\/span><a href=\"https:\/\/agupubs.onlinelibrary.wiley.com\/doi\/pdfdirect\/10.1029\/2024JD043042\"><span dir=\"auto\">Trendy teploty vzduchu a extr\u00e9mn\u00ed oteplov\u00e1n\u00ed v r\u016fzn\u00fdch regionech Antarktidy za obdob\u00ed 2003\u20132021<\/span><\/a><span dir=\"auto\">\u00a0\u201c, publikovan\u00e9 v renomovan\u00e9m \u010dasopise JGR Atmospheres, je v obdob\u00ed od roku 2003 do roku 2021 jen na Antarktick\u00e9m poloostrov\u011b patrn\u00fd v\u00fdznamn\u00fd ro\u010dn\u00ed trend ochlazov\u00e1n\u00ed o -0,12 stupn\u011b Celsia ro\u010dn\u011b. To za m\u00e9n\u011b ne\u017e dv\u011b desetilet\u00ed p\u0159edstavuje v\u00fdrazn\u00fdch -2,2 stupn\u011b Celsia.<\/span><\/p>\n<figure class=\"wp-block-embed is-type-rich is-provider-twitter wp-block-embed-twitter\">\n<div class=\"wp-block-embed__wrapper\">\n<div class=\"twitter-tweet twitter-tweet-rendered\"><iframe id=\"twitter-widget-0\" class=\"\" title=\"X P\u0159\u00edsp\u011bvek\" src=\"https:\/\/platform.twitter.com\/embed\/Tweet.html?dnt=true&amp;embedId=twitter-widget-0&amp;features=eyJ0ZndfdGltZWxpbmVfbGlzdCI6eyJidWNrZXQiOltdLCJ2ZXJzaW9uIjpudWxsfSwidGZ3X2ZvbGxvd2VyX2NvdW50X3N1bnNldCI6eyJidWNrZXQiOnRydWUsInZlcnNpb24iOm51bGx9LCJ0ZndfdHdlZXRfZWRpdF9iYWNrZW5kIjp7ImJ1Y2tldCI6Im9uIiwidmVyc2lvbiI6bnVsbH0sInRmd19yZWZzcmNfc2Vzc2lvbiI6eyJidWNrZXQiOiJvbiIsInZlcnNpb24iOm51bGx9LCJ0ZndfZm9zbnJfc29mdF9pbnRlcnZlbnRpb25zX2VuYWJsZWQiOnsiYnVja2V0Ijoib24iLCJ2ZXJzaW9uIjpudWxsfSwidGZ3X21peGVkX21lZGlhXzE1ODk3Ijp7ImJ1Y2tldCI6InRyZWF0bWVudCIsInZlcnNpb24iOm51bGx9LCJ0ZndfZXhwZXJpbWVudHNfY29va2llX2V4cGlyYXRpb24iOnsiYnVja2V0IjoxMjA5NjAwLCJ2ZXJzaW9uIjpudWxsfSwidGZ3X3Nob3dfYmlyZHdhdGNoX3Bpdm90c19lbmFibGVkIjp7ImJ1Y2tldCI6Im9uIiwidmVyc2lvbiI6bnVsbH0sInRmd19kdXBsaWNhdGVfc2NyaWJlc190b19zZXR0aW5ncyI6eyJidWNrZXQiOiJvbiIsInZlcnNpb24iOm51bGx9LCJ0ZndfdXNlX3Byb2ZpbGVfaW1hZ2Vfc2hhcGVfZW5hYmxlZCI6eyJidWNrZXQiOiJvbiIsInZlcnNpb24iOm51bGx9LCJ0ZndfdmlkZW9faGxzX2R5bmFtaWNfbWFuaWZlc3RzXzE1MDgyIjp7ImJ1Y2tldCI6InRydWVfYml0cmF0ZSIsInZlcnNpb24iOm51bGx9LCJ0ZndfbGVnYWN5X3RpbWVsaW5lX3N1bnNldCI6eyJidWNrZXQiOnRydWUsInZlcnNpb24iOm51bGx9LCJ0ZndfdHdlZXRfZWRpdF9mcm9udGVuZCI6eyJidWNrZXQiOiJvbiIsInZlcnNpb24iOm51bGx9fQ%3D%3D&amp;frame=false&amp;hideCard=false&amp;hideThread=false&amp;id=1984109183659077930&amp;lang=cs&amp;origin=https%3A%2F%2Freport24.news%2Fglobale-erwaermung-teile-der-antarktis-kuehlen-seit-2003-ab%2F&amp;sessionId=474805548b839fb82ebba306e18f306564c70e43&amp;theme=light&amp;widgetsVersion=2615f7e52b7e0%3A1702314776716&amp;width=550px\" frameborder=\"0\" scrolling=\"no\" allowfullscreen=\"allowfullscreen\" data-tweet-id=\"1984109183659077930\" data-mce-fragment=\"1\"><\/iframe><\/div>\n<\/div>\n<\/figure>\n<p><span dir=\"auto\">To potvrzuje, \u017ee nechvaln\u011b zn\u00e1m\u00e9 \u201epol\u00e1rn\u00ed zes\u00edlen\u00ed\u201c, \u00fadajn\u00e9 ne\u00fam\u011brn\u00e9 oteplov\u00e1n\u00ed p\u00f3l\u016f v d\u016fsledku CO2, ve skute\u010dnosti jednodu\u0161e neexistuje. Z dvan\u00e1cti analyzovan\u00fdch oblast\u00ed kontinentu zaznamenalo \u0161est v\u00fdrazn\u00e9 ochlazen\u00ed \u2013 pouze druh\u00e1 polovina vykazuje m\u00edrn\u011b rostouc\u00ed teploty. Pokud se v\u0161ak vezmou v \u00favahu v\u0161echny kontinent\u00e1ln\u00ed sektory, celkov\u00fd trend je chladn\u011bj\u0161\u00ed. V n\u011bkter\u00fdch obdob\u00edch (zejm\u00e9na v letech 1980\u20132000) do\u0161lo k m\u00edrn\u00e9mu n\u00e1r\u016fstu, po kter\u00e9m n\u00e1sledoval trend ochlazov\u00e1n\u00ed. Podle studie je dlouhodob\u00fd trend na cel\u00e9m kontinentu bl\u00edzk\u00fd nule nebo dokonce m\u00edrn\u011b negativn\u00ed, zejm\u00e9na v letn\u00edch m\u011bs\u00edc\u00edch. Od po\u010d\u00e1tku roku 2000 m\u011b\u0159ic\u00ed stanice a satelity ukazuj\u00ed, \u017ee \u00fadajn\u00e9 \u201erychl\u00e9 oteplov\u00e1n\u00ed\u201c v z\u00e1padn\u00ed Antarktid\u011b se stabilizovalo, nebo dokonce \u017ee je patrn\u00fd ochlazovac\u00ed efekt. V\u011bdci tak\u00e9 cituj\u00ed d\u0159\u00edv\u011bj\u0161\u00ed studie, kter\u00e9 tento trend p\u0159esn\u011b potvrzuj\u00ed.<\/span><\/p>\n<p><span dir=\"auto\">Zaj\u00edmav\u00e9 je tak\u00e9 to, co studie odhaluje podrobn\u011bji. Zat\u00edmco oblast Rossova mo\u0159e, v\u010detn\u011b Viktoriiny zem\u011b a Transantarktick\u00fdch hor, skute\u010dn\u011b vykazuje m\u00edrn\u00e9 trendy oteplov\u00e1n\u00ed, z\u00e1padn\u00ed \u010d\u00e1st poloostrova se v\u00fdrazn\u011b ochlazuje. \u010casto citovan\u00fd Larsen\u016fv ledov\u00fd \u0161t\u00edt, kter\u00fd slou\u017e\u00ed jako symbol \u201eklimatick\u00e9 katastrofy\u201c, nevykazuje podle satelitn\u00edch dat \u017e\u00e1dn\u00e9 v\u00fdznamn\u00e9 zm\u011bny teploty. V \u017e\u00e1dn\u00e9m p\u0159\u00edpad\u011b tedy nejde o to, \u017ee by Antarktida \u201epro\u017e\u00edvala hore\u010dku\u201c, jak r\u00e1d dramatizuje Mezivl\u00e1dn\u00ed panel pro zm\u011bnu klimatu (IPCC). D\u011bl\u00e1 to, co d\u011blala v\u017edy: jej\u00ed teploty kol\u00edsaj\u00ed sez\u00f3nn\u011b a region\u00e1ln\u011b \u2013 v r\u00e1mci p\u0159\u00edrodn\u00edch cykl\u016f.<\/span><\/p>\n<p><span dir=\"auto\">V\u011bdci dokonce p\u0159ipisuj\u00ed pozorovan\u00e9 ochlazov\u00e1n\u00ed rozs\u00e1hl\u00fdm atmosf\u00e9rick\u00fdm zm\u011bn\u00e1m. Zes\u00edlen\u00ed tryskov\u00e9ho proud\u011bn\u00ed a zm\u011bn\u011bn\u00e9 cirkula\u010dn\u00ed vzorce p\u0159in\u00e1\u0161ej\u00ed p\u0159es poloostrov v\u00edce studen\u00e9ho vzduchu z Weddellova mo\u0159e. Tato studie nen\u00ed ojedin\u011bl\u00fdm zji\u0161t\u011bn\u00edm, ale sou\u010d\u00e1st\u00ed jasn\u00e9ho vzorce. M\u011b\u0159en\u00ed z posledn\u00edch let v Gr\u00f3nsku tak\u00e9 neukazuj\u00ed \u017e\u00e1dn\u00e9 line\u00e1rn\u00ed oteplov\u00e1n\u00ed. V Arktid\u011b mo\u0159sk\u00fd led stagnuje t\u00e9m\u011b\u0159 deset let. Velk\u00e9 teplotn\u00ed v\u00fdkyvy, kter\u00e9 m\u011bly slou\u017eit jako d\u016fkaz kolapsu CO2, jsou bu\u010f artefakty m\u011b\u0159en\u00ed, nebo lze p\u0159ipsat kr\u00e1tkodob\u00fdm atmosf\u00e9rick\u00fdm jev\u016fm.<\/span><\/p>\n<p><img decoding=\"async\" loading=\"lazy\" class=\"alignnone size-full wp-image-1185\" src=\"http:\/\/www.infokuryr.cz\/n\/wp-content\/uploads\/2021\/04\/kuryr-podpis.png\" alt=\"\" width=\"84\" height=\"24\" \/><\/p>\n<p>&nbsp;<\/p>\n","protected":false},"excerpt":{"rendered":"<p>V\u0161ichni zn\u00e1me titulky, kter\u00e9 kupodivu tvrd\u00ed, \u017ee se ka\u017ed\u00e1 oblast Zem\u011b \u201eotepluje rychleji\u201c ne\u017e ostatn\u00ed&#8230;.<\/p>\n","protected":false},"author":2,"featured_media":91607,"comment_status":"closed","ping_status":"closed","sticky":false,"template":"","format":"standard","meta":[],"categories":[7],"tags":[1648,28,873,1100],"_links":{"self":[{"href":"https:\/\/www.infokuryr.cz\/n\/wp-json\/wp\/v2\/posts\/91606"}],"collection":[{"href":"https:\/\/www.infokuryr.cz\/n\/wp-json\/wp\/v2\/posts"}],"about":[{"href":"https:\/\/www.infokuryr.cz\/n\/wp-json\/wp\/v2\/types\/post"}],"author":[{"embeddable":true,"href":"https:\/\/www.infokuryr.cz\/n\/wp-json\/wp\/v2\/users\/2"}],"replies":[{"embeddable":true,"href":"https:\/\/www.infokuryr.cz\/n\/wp-json\/wp\/v2\/comments?post=91606"}],"version-history":[{"count":0,"href":"https:\/\/www.infokuryr.cz\/n\/wp-json\/wp\/v2\/posts\/91606\/revisions"}],"wp:featuredmedia":[{"embeddable":true,"href":"https:\/\/www.infokuryr.cz\/n\/wp-json\/wp\/v2\/media\/91607"}],"wp:attachment":[{"href":"https:\/\/www.infokuryr.cz\/n\/wp-json\/wp\/v2\/media?parent=91606"}],"wp:term":[{"taxonomy":"category","embeddable":true,"href":"https:\/\/www.infokuryr.cz\/n\/wp-json\/wp\/v2\/categories?post=91606"},{"taxonomy":"post_tag","embeddable":true,"href":"https:\/\/www.infokuryr.cz\/n\/wp-json\/wp\/v2\/tags?post=91606"}],"curies":[{"name":"wp","href":"https:\/\/api.w.org\/{rel}","templated":true}]}}