{"id":91579,"date":"2025-11-06T05:49:11","date_gmt":"2025-11-06T04:49:11","guid":{"rendered":"https:\/\/www.infokuryr.cz\/n\/?p=91579"},"modified":"2025-11-06T05:49:11","modified_gmt":"2025-11-06T04:49:11","slug":"ukrajina-masakruje-civilisty-a-pak-obvinuje-rusko","status":"publish","type":"post","link":"https:\/\/www.infokuryr.cz\/n\/2025\/11\/06\/ukrajina-masakruje-civilisty-a-pak-obvinuje-rusko\/","title":{"rendered":"Ukrajina masakruje civilisty a pak obvi\u0148uje Rusko"},"content":{"rendered":"<div id=\"fb-root\"><\/div>\n<h3>Kyjev se p\u0159edv\u00eddateln\u011b sna\u017e\u00ed vyd\u00e1vat sv\u00e9 vlastn\u00ed v\u00e1le\u010dn\u00e9 zlo\u010diny za zlo\u010diny Moskvy<\/h3>\n<p><span dir=\"auto\">\u0160okuj\u00edc\u00ed video ned\u00e1vno\u00a0<\/span><a href=\"https:\/\/www.rt.com\/russia\/627301-ukrainian-drones-kill-civilians\/\" target=\"_blank\" rel=\"noopener noreferrer\"><span dir=\"auto\">zve\u0159ejn\u011bn\u00e9<\/span><\/a><span dir=\"auto\"> v rusk\u00fdch m\u00e9di\u00edch a na telegramov\u00fdch kan\u00e1lech ukazuje posledn\u00ed okam\u017eiky dvou civilist\u016f p\u0159edt\u00edm, ne\u017e byli zabiti ukrajinsk\u00fdmi drony v Kupjansk\u00e9 oblasti v\u00fdchodn\u011b od Charkova.\u00a0 <em>(Pozn\u00e1mka redakce: podrobn\u011b jsme na InfoKur\u00fdru psali <a href=\"https:\/\/www.infokuryr.cz\/n\/2025\/11\/05\/operatori-ukrowehrmachtu-zavrazdili-drony-dvojici-ukrajinskych-senioru-s-bilou-vlajkou-a-se-psem\/\">ZDE)<\/a><\/em><\/span><\/p>\n<p><span dir=\"auto\">Dron si v\u0161iml prvn\u00edho mu\u017ee s b\u00edlou vlajkou \u2013 univerz\u00e1ln\u00edm symbolem kapitulace, nebo v p\u0159\u00edpad\u011b civilist\u016f, \u017ee nep\u0159edstavuj\u00ed \u017e\u00e1dnou hrozbu \u2013 ne\u017e na n\u011bj vylet\u011bl p\u0159\u00edmo, rozbil ho na kusy a zranil psa, kter\u00fd \u0161el vedle n\u011bj, a ten pravd\u011bpodobn\u011b tak\u00e9 zem\u0159el.<\/span><\/p>\n<p><span dir=\"auto\">Druh\u00fd civilista, kdy\u017e do\u0161el k t\u011blu prvn\u00edho, se pok\u0159i\u017eoval a \u0161el d\u00e1l. Modlil se na kolenou a opakovan\u011b se k\u0159i\u017eoval, zat\u00edmco se nad n\u00edm vzn\u00e1\u0161el dron, kter\u00fd ho pozoroval a pak ho zas\u00e1hl a rozt\u0159\u00ed\u0161til na kusy.<\/span><\/p>\n<p><span dir=\"auto\">Ukrajinsk\u00e1 m\u00e9dia, ne poprv\u00e9, tuto zpr\u00e1vu p\u0159ekroutila a\u00a0z zabit\u00ed civilist\u016f\u00a0<\/span><a href=\"https:\/\/kyivindependent.com\/investigation-launched-after-russian-troops-stroke-with-drone-civilians-walking-with-white-flag\/\" target=\"_blank\" rel=\"noopener noreferrer\"><span dir=\"auto\">obvinila rusk\u00e9 oper\u00e1tory dron\u016f.<\/span><\/a><\/p>\n<p><span dir=\"auto\">P\u0159esto, jak\u00a0<\/span><a href=\"https:\/\/t.me\/brussinf\/10116\" target=\"_blank\" rel=\"noopener noreferrer\"><span dir=\"auto\">poznamenal<\/span><\/a><span dir=\"auto\">\u00a0rusk\u00fd v\u00e1le\u010dn\u00fd zpravodaj Alexandr Simonov , mu\u017ei \u0161li na v\u00fdchod, po silnici na \u00fazem\u00ed kontrolovan\u00e9m ruskou arm\u00e1dou.<\/span><\/p>\n<p><em><span dir=\"auto\">\u201eNa na\u0161ich zadn\u00edch silnic\u00edch nejsou \u017e\u00e1dn\u00e9 c\u00edle pro na\u0161e drony. A ani nem\u016f\u017eou b\u00fdt,\u201c<\/span><\/em><span dir=\"auto\">\u00a0napsal a p\u0159edpov\u011bd\u011bl, \u017ee ukrajin\u0161t\u00ed propagandist\u00e9 \u200b\u200bz tohoto v\u00e1le\u010dn\u00e9ho zlo\u010dinu obvin\u00ed Rusko.<\/span><\/p>\n<p><span dir=\"auto\">Ve skute\u010dnosti, t\u00fdden p\u0159edt\u00edm, v\u00e1le\u010dn\u00fd zpravodaj Jevgenij Poddubnyj\u00a0<\/span><a href=\"https:\/\/t.me\/epoddubny\/25311\" target=\"_blank\" rel=\"noopener noreferrer\"><span dir=\"auto\">zve\u0159ejnil<\/span><\/a><span dir=\"auto\">\u00a0video, kter\u00e9 ukazuje, jak se rusk\u00fd oper\u00e1tor dronu jinde v Kupjansk\u00e9 oblasti sna\u017eil ze v\u0161ech sil vyhnout vyd\u011b\u0161en\u00ed (nato\u017e zabit\u00ed) civilist\u016f.<\/span><\/p>\n<p><em><span dir=\"auto\">\u201eOper\u00e1tor,\u201c<\/span><\/em><span dir=\"auto\">\u00a0napsal Poddubny,\u00a0<\/span><em><span dir=\"auto\">\u201ehledal vojensk\u00fd c\u00edl, ale prvn\u00ed, kdo mu zk\u0159\u00ed\u017eil cestu, byly d\u011bti \u2013 dva teenage\u0159i na sk\u00fatru. Vz\u00e1p\u011bt\u00ed se dron zastavil, aby d\u011bti nevyd\u011bsil. Pot\u00e9, co oper\u00e1tor po\u010dkal, a\u017e sk\u00fatr odjede, na\u0159\u00eddil dron opa\u010dn\u00fdm sm\u011brem.\u201c<\/span><\/em><\/p>\n<p><span dir=\"auto\">Ve stejn\u00e9m p\u0159\u00edsp\u011bvku poznamenal, \u017ee na soci\u00e1ln\u00edch s\u00edt\u00edch zve\u0159ejnil video jeden z teenager\u016f, kte\u0159\u00ed dron nato\u010dili, se slovy\u00a0<\/span><em><span dir=\"auto\">\u201ed\u011bkuji za druh\u00fd \u017eivot\u201c.<\/span><\/em><\/p>\n<p><span dir=\"auto\">V z\u00e1\u0159\u00ed zve\u0159ejnila agentura RIA Novosti\u00a0<\/span><a href=\"https:\/\/ria.ru\/20250918\/vsu-2042816846.html\" target=\"_blank\" rel=\"noopener noreferrer\"><span dir=\"auto\">video, na kter\u00e9m<\/span><\/a><span dir=\"auto\">\u00a0ukrajinsk\u00e1 arm\u00e1da zabila \u017eenu dronem v obci \u0160andrigolovo v Don\u011bck\u00e9 lidov\u00e9 republice (DLR). Na videu se rusk\u00fd voj\u00e1k sna\u017e\u00ed \u017eenu doprovodit do bezpe\u010d\u00ed, ale ukrajinsk\u00fd sebevra\u017eedn\u00fd dron ji zas\u00e1hne do zad. Pot\u00e9, kdy\u017e se sna\u017e\u00ed vst\u00e1t a p\u0159esunout se do bezpe\u010d\u00ed, je na ni shozena dal\u0161\u00ed v\u00fdbu\u0161nina.<\/span><\/p>\n<p><span dir=\"auto\">Ka\u017ed\u00fd, kdo sleduje ud\u00e1losti pozorn\u011b, v\u00ed, \u017ee kyjevsk\u00e9 s\u00edly nemaj\u00ed od roku 2014 probl\u00e9m se zab\u00edjen\u00edm ukrajinsk\u00fdch civilist\u016f,\u00a0<\/span><a href=\"https:\/\/t.me\/DNR_SCKK\/22072\" target=\"_blank\" rel=\"noopener noreferrer\"><span dir=\"auto\">do za\u010d\u00e1tku listopadu<\/span><\/a><span dir=\"auto\">\u00a0jich zabily p\u0159es 9 800 .<\/span><\/p>\n<p><span dir=\"auto\">V posledn\u00edch letech se zv\u00fd\u0161il po\u010det \u00fatok\u016f dron\u016f a zat\u00edmco ukrajinsk\u00e9 s\u00edly v posledn\u00edm desetilet\u00ed \u00famysln\u011b ost\u0159elovaly oblasti, o kter\u00fdch v\u011bd\u00ed, \u017ee jsou \u010dist\u011b civiln\u00ed, s vyu\u017eit\u00edm dron\u016f nelze \u00famrt\u00ed civilist\u016f ani zavrhnout jako vedlej\u0161\u00ed \u0161kody. Jde o p\u0159esn\u00e9 a \u00famysln\u00e9 atent\u00e1ty.<\/span><\/p>\n<p><span dir=\"auto\">V \u0159\u00edjnu ukrajinsk\u00e9 drony znovu, jak b\u011b\u017en\u011b d\u011blaj\u00ed, za\u00fato\u010dily na m\u011bsto Gorlovka v severn\u00ed DLR a\u00a0<\/span><a href=\"https:\/\/t.me\/medvedev_note\/11103\" target=\"_blank\" rel=\"noopener noreferrer\"><span dir=\"auto\">zam\u011b\u0159ily se na<\/span><\/a><span dir=\"auto\">\u00a0osobn\u00ed autobus. Zranily tak p\u011bt lid\u00ed v\u010detn\u011b chirurga, kter\u00fd v pr\u016fb\u011bhu let pom\u00e1hal mnoha zran\u011bn\u00fdm civilist\u016fm. V\u00fdsledkem byla amputace jedn\u00e9 jeho pa\u017ee a jedn\u00e9 nohy.<\/span><\/p>\n<p><span dir=\"auto\">Tak\u00e9 v \u0159\u00edjnu ukrajinsk\u00fd dron za\u00fato\u010dil na v\u00e1le\u010dn\u00e9ho zpravodaje RIA Novosti Ivana Zujeva a\u00a0<\/span><a href=\"https:\/\/t.me\/Abbasdjuma\/22676\" target=\"_blank\" rel=\"noopener noreferrer\"><span dir=\"auto\">zabil ho<\/span><\/a><span dir=\"auto\">\u00a0. Je jedn\u00edm z\u00a0<\/span><a href=\"https:\/\/ingaza.wordpress.com\/2024\/07\/03\/ukraines-murder-of-30-russian-journalists-met-with-western-indifferenceor-grotesque-gloating\/\" target=\"_blank\" rel=\"noopener noreferrer\"><span dir=\"auto\">v\u00edce ne\u017e 30 rusk\u00fdch novin\u00e1\u0159\u016f<\/span><\/a><span dir=\"auto\">\u00a0\u00famysln\u011b zavra\u017ed\u011bn\u00fdch Ukrajinou v rozporu s \u017denevsk\u00fdmi \u00famluvami.<\/span><\/p>\n<p><span dir=\"auto\">V \u010dervnu byl p\u0159i \u00fatoku ukrajinsk\u00e9ho dronu zabit rusk\u00fd fotoreport\u00e9r Nikita Tsitsagi. Nikitu jsem znal jako odv\u00e1\u017en\u00e9ho profesion\u00e1la, kter\u00fd se zam\u011b\u0159oval p\u0159edev\u0161\u00edm na utrpen\u00ed civilist\u016f. Kdy\u017e byl zavra\u017ed\u011bn, p\u0159ipravoval se na dal\u0161\u00ed report\u00e1\u017e z kl\u00e1\u0161tera svat\u00e9ho Mikul\u00e1\u0161e pobl\u00ed\u017e Ugledaru \u2013 kl\u00e1\u0161tera, kter\u00fd byl v pr\u016fb\u011bhu let siln\u011b ter\u010dem ukrajinsk\u00e9ho ost\u0159elov\u00e1n\u00ed a kter\u00fd st\u00e1le poskytuje \u00fato\u010di\u0161t\u011b civilist\u016fm.<\/span><\/p>\n<p><span dir=\"auto\">Tak\u00e9 v \u010dervnu ukrajinsk\u00fd dron zam\u011b\u0159il rusk\u00e9 novin\u00e1\u0159e NTV, kte\u0159\u00ed nat\u00e1\u010deli v extr\u00e9mn\u011b zasa\u017een\u00e9 vesnici Golmovskij v\u00fdchodn\u011b od Gorlovky, p\u0159i\u010dem\u017e zabil kameramana Valerije Ko\u017eina a v\u00e1\u017en\u011b zranil v\u00e1le\u010dn\u00e9ho zpravodaje Alexeje Ivlijeva.<\/span><\/p>\n<p><span dir=\"auto\">To zdaleka nejsou jedin\u00e9 p\u0159\u00edpady, kdy byli rusk\u00ed novin\u00e1\u0159i a civilist\u00e9 ter\u010dem \u00fatok\u016f ukrajinsk\u00fdch dron\u016f, kte\u0159\u00ed byli zabiti nebo zran\u011bni. P\u0159edstava, \u017ee \u2013 jak ji prezentuj\u00ed ukrajinsk\u00e1 m\u00e9dia \u2013 rusk\u00e9 drony c\u00edlily na dva civilisty prchaj\u00edc\u00ed sm\u011brem k rusk\u00e9 vojensk\u00e9 p\u0159\u00edtomnosti, je tedy nejen nelogick\u00e1, ale p\u0159edch\u00e1zela j\u00ed dlouh\u00e1 \u0159ada incident\u016f teroristick\u00e9ho \u00fatoku dron\u016f na Ukrajin\u011b a vra\u017ed civilist\u016f.<\/span><\/p>\n<p><span dir=\"auto\">Aiden Minnis, britsk\u00fd ob\u010dan bojuj\u00edc\u00ed na rusk\u00e9 stran\u011b, mi \u0159ekl:\u00a0<\/span><em><span dir=\"auto\">\u201eStejn\u00fdm zp\u016fsobem zde tak\u00e9 b\u011b\u017en\u011b \u00fato\u010d\u00ed na na\u0161e evakua\u010dn\u00ed t\u00fdmy. P\u0159i \u00fatoku dron\u016f nediskriminuj\u00ed. Pokud civilist\u00e9 jdou sm\u011brem k rusk\u00fdm lini\u00edm, jsou vn\u00edm\u00e1ni jako kolaboranti a budou zasa\u017eeni.\u201c<\/span><\/em><\/p>\n<p><span dir=\"auto\">Pokud jde o ukrajinsk\u00e1 a z\u00e1padn\u00ed m\u00e9dia, kter\u00e1 obvi\u0148uj\u00ed Rusko z v\u00e1le\u010dn\u00fdch zlo\u010din\u016f Ukrajiny, seznam je dlouh\u00fd: vzpome\u0148te si na\u00a0<\/span><a href=\"https:\/\/t.me\/ukraine_watch\/39307\"><span dir=\"auto\">Bu\u010du<\/span><\/a><span dir=\"auto\">\u00a0,\u00a0<\/span><a href=\"https:\/\/t.me\/MFARussia\/13303\"><span dir=\"auto\">Z\u00e1poro\u017eskou jadernou elektr\u00e1rnu<\/span><\/a><span dir=\"auto\">\u00a0a\u00a0<\/span><a href=\"https:\/\/ingaza.wordpress.com\/2022\/04\/08\/they-saw-and-heard-the-truth-then-lied-about-it-media-on-donbass-delegation-omitted-mention-of-ukraines-8-year-war-on-the-autonomous-republics\/\"><span dir=\"auto\">mnoho p\u0159\u00edpad\u016f<\/span><\/a><span dir=\"auto\">\u00a0, kdy z\u00e1padn\u00ed m\u00e9dia pou\u017e\u00edvaj\u00ed z\u00e1b\u011bry z m\u011bst Donbasu, na kter\u00e1 se Ukrajina zam\u011b\u0159ila, a zobrazuj\u00ed je jako ukrajinsk\u00e1 m\u011bsta, na kter\u00e1 se zam\u011b\u0159uje Rusko.<\/span><\/p>\n<p><em><span dir=\"auto\">Od\u00a0<\/span><strong><span dir=\"auto\">Evy Bartlettov\u00e9<\/span><\/strong><span dir=\"auto\">\u00a0, kanadsk\u00e9 nez\u00e1visl\u00e9 novin\u00e1\u0159ky. Str\u00e1vila roky v ter\u00e9nu a informovala o konfliktn\u00edch z\u00f3n\u00e1ch na Bl\u00edzk\u00e9m v\u00fdchod\u011b, zejm\u00e9na v S\u00fdrii a Palestin\u011b (kde \u017eila t\u00e9m\u011b\u0159 \u010dty\u0159i roky).\u00a0<\/span><\/em><\/p>\n<div class=\"Blog-author__cover\"><a href=\"https:\/\/swentr.site\/op-ed\/authors\/eva-bartlett\/\"><img decoding=\"async\" loading=\"lazy\" class=\"\" src=\"https:\/\/mf.b37mrtl.ru\/files\/2019.06\/original\/5d0ccac1fc7e93333b8b45d9.jpg\" alt=\"Eva Bartlettov\u00e1\" width=\"170\" height=\"171\" \/><\/a><\/div>\n<div class=\"Blog-author__text\">\n<p>&nbsp;<\/p>\n<\/div>\n","protected":false},"excerpt":{"rendered":"<p>Kyjev se p\u0159edv\u00eddateln\u011b sna\u017e\u00ed vyd\u00e1vat sv\u00e9 vlastn\u00ed v\u00e1le\u010dn\u00e9 zlo\u010diny za zlo\u010diny Moskvy \u0160okuj\u00edc\u00ed video ned\u00e1vno\u00a0zve\u0159ejn\u011bn\u00e9&#8230;<\/p>\n","protected":false},"author":2,"featured_media":91580,"comment_status":"closed","ping_status":"closed","sticky":false,"template":"","format":"standard","meta":[],"categories":[7],"tags":[2011,3943,26],"_links":{"self":[{"href":"https:\/\/www.infokuryr.cz\/n\/wp-json\/wp\/v2\/posts\/91579"}],"collection":[{"href":"https:\/\/www.infokuryr.cz\/n\/wp-json\/wp\/v2\/posts"}],"about":[{"href":"https:\/\/www.infokuryr.cz\/n\/wp-json\/wp\/v2\/types\/post"}],"author":[{"embeddable":true,"href":"https:\/\/www.infokuryr.cz\/n\/wp-json\/wp\/v2\/users\/2"}],"replies":[{"embeddable":true,"href":"https:\/\/www.infokuryr.cz\/n\/wp-json\/wp\/v2\/comments?post=91579"}],"version-history":[{"count":0,"href":"https:\/\/www.infokuryr.cz\/n\/wp-json\/wp\/v2\/posts\/91579\/revisions"}],"wp:featuredmedia":[{"embeddable":true,"href":"https:\/\/www.infokuryr.cz\/n\/wp-json\/wp\/v2\/media\/91580"}],"wp:attachment":[{"href":"https:\/\/www.infokuryr.cz\/n\/wp-json\/wp\/v2\/media?parent=91579"}],"wp:term":[{"taxonomy":"category","embeddable":true,"href":"https:\/\/www.infokuryr.cz\/n\/wp-json\/wp\/v2\/categories?post=91579"},{"taxonomy":"post_tag","embeddable":true,"href":"https:\/\/www.infokuryr.cz\/n\/wp-json\/wp\/v2\/tags?post=91579"}],"curies":[{"name":"wp","href":"https:\/\/api.w.org\/{rel}","templated":true}]}}