{"id":9157,"date":"2022-03-16T04:06:33","date_gmt":"2022-03-16T03:06:33","guid":{"rendered":"http:\/\/www.infokuryr.cz\/n\/?p=9157"},"modified":"2022-03-16T04:06:33","modified_gmt":"2022-03-16T03:06:33","slug":"na-ukrajine-zuri-valka-ale-evropsky-parlament-si-nasel-cas-na-hlasovani-o-genderovych-toaletach","status":"publish","type":"post","link":"https:\/\/www.infokuryr.cz\/n\/2022\/03\/16\/na-ukrajine-zuri-valka-ale-evropsky-parlament-si-nasel-cas-na-hlasovani-o-genderovych-toaletach\/","title":{"rendered":"Na Ukrajin\u011b zu\u0159\u00ed v\u00e1lka, ale Evropsk\u00fd parlament si na\u0161el \u010das na hlasov\u00e1n\u00ed o genderov\u00fdch toalet\u00e1ch\u2026."},"content":{"rendered":"<div id=\"fb-root\"><\/div>\n<h2 class=\"entry-title\"><span style=\"font-size: 18pt;\">\u2026. tyhle parazity mus\u00ed \u017eivit chudnouc\u00ed \u010desk\u00fd da\u0148ov\u00fd poplatn\u00edk<\/span><\/h2>\n<p>Na Ukrajin\u011b zu\u0159\u00ed sice ji\u017e v\u00edce ne\u017e dva t\u00fddny v\u00e1lka a do Evropy proud\u00ed miliony Ukrajinc\u016f,\u00a0<strong>ale v Evropsk\u00e9m parlamentu maj\u00ed d\u016fle\u017eit\u011bj\u0161\u00ed v\u011bci na pr\u00e1ci.<\/strong><\/p>\n<p>T\u0159eba<strong>\u00a0hlasov\u00e1n\u00ed o<a href=\"https:\/\/rmx.news\/egyeb\/while-war-rages-in-ukraine-european-parliament-votes-on-gender-neutral-toilets\/\">\u00a0zav\u00e1d\u011bn\u00ed genderov\u011b neutr\u00e1ln\u00edch toalet<\/a>\u00a0rozhodn\u011b nemohlo po\u010dkat! V\u017e<\/strong>dy\u0165 co by si po\u010dali europoslanci a tam\u011bj\u0161\u00ed zam\u011bstnanci, kte\u0159\u00ed si nejsou jisti svou sexu\u00e1ln\u00ed orientac\u00ed?! To maj\u00ed \u010dekat na konec n\u011bjak\u00e9 v\u00e1lky?! To by p\u0159ece byla stra\u0161liv\u00e1 diskriminace!<\/p>\n<p>Podobn\u00e9 parazity si mus\u00ed platit i \u010desk\u00fd da\u0148ov\u00fd poplatn\u00edk (europoslanec si m\u011bs\u00ed\u010dn\u011b jen na z\u00e1kladn\u00edm platu p\u0159ijde na asi 300 000 K\u010d \u010dist\u00e9ho!). <strong>\u010cesk\u00fd pracuj\u00edc\u00ed je drcen um\u011ble vyvolanou energetickou kriz\u00ed, vysokou inflac\u00ed, masovou imigrac\u00ed a \u0159\u00edzenou ukrajinizac\u00ed \u010desk\u00e9 spole\u010dnosti.<\/strong>\u00a0Jak dlouho si to nech\u00e1 l\u00edbit?<\/p>\n<p><a href=\"https:\/\/ceskavec.com\/2022\/03\/na-ukrajine-zuri-valka-ale-evropsky-parlament-si-nasel-cas-na-hlasovani-o-genderovych-toaletach-tyhle-parazity-musi-zivit-chudnouci-cesky-danovy-poplatnik\">\u010cesk\u00e1 v\u011bc<\/a><\/p>\n<p>&nbsp;<\/p>\n","protected":false},"excerpt":{"rendered":"<p>\u2026. tyhle parazity mus\u00ed \u017eivit chudnouc\u00ed \u010desk\u00fd da\u0148ov\u00fd poplatn\u00edk Na Ukrajin\u011b zu\u0159\u00ed sice ji\u017e v\u00edce&#8230;<\/p>\n","protected":false},"author":2,"featured_media":994,"comment_status":"closed","ping_status":"closed","sticky":false,"template":"","format":"standard","meta":[],"categories":[6],"tags":[41,292,157],"_links":{"self":[{"href":"https:\/\/www.infokuryr.cz\/n\/wp-json\/wp\/v2\/posts\/9157"}],"collection":[{"href":"https:\/\/www.infokuryr.cz\/n\/wp-json\/wp\/v2\/posts"}],"about":[{"href":"https:\/\/www.infokuryr.cz\/n\/wp-json\/wp\/v2\/types\/post"}],"author":[{"embeddable":true,"href":"https:\/\/www.infokuryr.cz\/n\/wp-json\/wp\/v2\/users\/2"}],"replies":[{"embeddable":true,"href":"https:\/\/www.infokuryr.cz\/n\/wp-json\/wp\/v2\/comments?post=9157"}],"version-history":[{"count":0,"href":"https:\/\/www.infokuryr.cz\/n\/wp-json\/wp\/v2\/posts\/9157\/revisions"}],"wp:featuredmedia":[{"embeddable":true,"href":"https:\/\/www.infokuryr.cz\/n\/wp-json\/wp\/v2\/media\/994"}],"wp:attachment":[{"href":"https:\/\/www.infokuryr.cz\/n\/wp-json\/wp\/v2\/media?parent=9157"}],"wp:term":[{"taxonomy":"category","embeddable":true,"href":"https:\/\/www.infokuryr.cz\/n\/wp-json\/wp\/v2\/categories?post=9157"},{"taxonomy":"post_tag","embeddable":true,"href":"https:\/\/www.infokuryr.cz\/n\/wp-json\/wp\/v2\/tags?post=9157"}],"curies":[{"name":"wp","href":"https:\/\/api.w.org\/{rel}","templated":true}]}}