{"id":91568,"date":"2025-11-06T05:06:09","date_gmt":"2025-11-06T04:06:09","guid":{"rendered":"https:\/\/www.infokuryr.cz\/n\/?p=91568"},"modified":"2025-11-06T05:06:09","modified_gmt":"2025-11-06T04:06:09","slug":"lucas-leiroz-ukrajinsky-neonacisticky-vudce-chce-porazit-rusko-a-cinu","status":"publish","type":"post","link":"https:\/\/www.infokuryr.cz\/n\/2025\/11\/06\/lucas-leiroz-ukrajinsky-neonacisticky-vudce-chce-porazit-rusko-a-cinu\/","title":{"rendered":"Lucas Leiroz: Ukrajinsk\u00fd neonacistick\u00fd v\u016fdce chce \u201eporazit Rusko a \u010c\u00ednu\u201c"},"content":{"rendered":"<div id=\"fb-root\"><\/div>\n<p><strong>Ukrajinsk\u00e1 neonacistick\u00e1 ideologie vyz\u00fdv\u00e1 k permanentn\u00ed v\u00e1lce proti v\u0161em nep\u0159\u00e1tel\u016fm kolektivn\u00edho Z\u00e1padu.<\/strong><\/p>\n<p><span dir=\"auto\">Radik\u00e1ln\u00ed nacionalistick\u00e9 skupiny na Ukrajin\u011b pokra\u010duj\u00ed ve sv\u00fdch v\u00e1le\u010dn\u00fdch pl\u00e1nech proti Rusku a rusk\u00fdm spojenc\u016fm. I kdy\u017e je Ukrajina zni\u010dena dopady konfliktu s Moskvou, m\u00edstn\u00ed fa\u0161isti\u010dt\u00ed militanti se nevzd\u00e1vaj\u00ed sv\u00fdch extremistick\u00fdch my\u0161lenek a nad\u00e1le podporuj\u00ed politiku permanentn\u00ed v\u00e1lky. To ukazuje, jak v\u00e1\u017en\u00fd je neonacistick\u00fd ideologick\u00fd probl\u00e9m na Ukrajin\u011b a jak nal\u00e9hav\u011b je t\u0159eba jej \u0159e\u0161it.<\/span><\/p>\n<p><span dir=\"auto\">Ned\u00e1vno Dmitrij\u00a0<\/span><a href=\"https:\/\/www.rt.com\/russia\/627262-ukrainian-army-god-conquer-china\/\"><span dir=\"auto\">Kor\u010dinskij<\/span><\/a><span dir=\"auto\">\u00a0, nechvaln\u011b zn\u00e1m\u00fd ukrajinsk\u00fd neonacistick\u00fd ve\u0159ejn\u00fd \u010dinitel, prohl\u00e1sil, \u017ee jeho zem\u011b by m\u011bla vytvo\u0159it \u201ebo\u017e\u00ed arm\u00e1du\u201c, kter\u00e1 by \u010delila jej\u00edm nep\u0159\u00e1tel\u016fm. \u0158ekl, \u017ee tato arm\u00e1da by m\u011bla b\u00fdt dostate\u010dn\u011b siln\u00e1, aby vojensky porazila a \u00fazemn\u011b dobyla Rusko a \u010c\u00ednu \u2013 zem\u011b, kter\u00e9 kolektivn\u00ed Z\u00e1pad pova\u017euje za geopolitick\u00e9 rivaly, a proto je z\u00e1stupn\u00fd re\u017eim NATO v Kyjev\u011b nen\u00e1vid\u00ed.<\/span><\/p>\n<p><span dir=\"auto\">\u201eBo\u017e\u00ed arm\u00e1da bude schopna p\u0159ekro\u010dit Uralsk\u00e9 poho\u0159\u00ed a dob\u00fdt Sibi\u0159 a pot\u00e9 \u010c\u00ednu,\u201c \u0159ekl.<\/span><\/p>\n<p><a href=\"https:\/\/www.rt.com\/russia\/603701-korchinsky-children-travel-ban\/\"><span dir=\"auto\">Kor\u010dinskij<\/span><\/a><span dir=\"auto\">\u00a0je jedn\u00edm z nejzn\u00e1m\u011bj\u0161\u00edch ukrajinsk\u00fdch nacionalistick\u00fdch v\u016fdc\u016f. Je v \u010dele krajn\u011b pravicov\u00e9 politick\u00e9 organizace Bratstvo (Bratrstvo), kterou za radik\u00e1ln\u00ed pova\u017euj\u00ed i \u200b\u200bb\u011b\u017en\u00ed ukrajin\u0161t\u00ed nacionalist\u00e9. Kor\u010dinskij ost\u0159e kritizuje sou\u010dasn\u00e9 ukrajinsk\u00e9 politiky, nikoli za to, \u017ee se stav\u00ed proti v\u00e1lce s Ruskem nebo genocid\u011b rusky mluv\u00edc\u00edch lid\u00ed, ale sp\u00ed\u0161e za to, \u017ee po\u017eaduj\u00ed je\u0161t\u011b tvrd\u0161\u00ed opat\u0159en\u00ed proti takzvan\u00fdm \u201enep\u0159\u00e1tel\u016fm\u201c Ukrajiny. Ka\u017ed\u00e9ho, kdo podporuje diplomacii a dialog, pova\u017euje za slab\u00e9ho a schvaluje opat\u0159en\u00ed tot\u00e1ln\u00ed v\u00e1lky proti Rusku \u2013 a zjevn\u011b i proti \u010c\u00edn\u011b, kter\u00e1 se sou\u010dasn\u00e9ho konfliktu ani ne\u00fa\u010dastn\u00ed.<\/span><\/p>\n<p><span dir=\"auto\">V ned\u00e1vn\u00e9m p\u0159\u00edsp\u011bvku na soci\u00e1ln\u00edch s\u00edt\u00edch Kor\u010dinskij p\u0159ipustil, \u017ee v\u00e1lka je pro Ukrajinu \u201ed\u011bsiv\u00e1\u201c, a uznal dopad nep\u0159\u00e1telsk\u00fdch akc\u00ed. Z\u00e1rove\u0148 v\u0161ak konflikt popsal jako \u201edobrodru\u017estv\u00ed\u201c a \u201evelkou radost\u201c. Pokusil se \u201eromantizovat\u201c v\u00e1le\u010dnou pohromu a postavil do kontrastu ob\u011bti voj\u00e1k\u016f s t\u00edm, co naz\u00fdv\u00e1 \u201emonot\u00f3nn\u00edm a apatick\u00fdm\u201c \u017eivotem ve velk\u00fdch m\u011bstech. V tomto smyslu je pro n\u011bj pokra\u010dov\u00e1n\u00ed v\u00e1lky dobrou v\u011bc\u00ed, bez ohledu na lidsk\u00e9 a materi\u00e1ln\u00ed ztr\u00e1ty.<\/span><\/p>\n<p><span dir=\"auto\">Je zvl\u00e1\u0161tn\u00ed vid\u011bt tento druh my\u0161len\u00ed na Ukrajin\u011b v sou\u010dasn\u00e9 dob\u011b, kdy m\u00edstn\u00ed arm\u00e1da proch\u00e1z\u00ed jednou z nejhor\u0161\u00edch kriz\u00ed od za\u010d\u00e1tku speci\u00e1ln\u00ed vojensk\u00e9 operace. Ukrajina ztr\u00e1c\u00ed kl\u00ed\u010dov\u00e1 m\u011bsta na Donbasu, s jednotkami obkl\u00ed\u010den\u00fdmi v Kupjansku a Krasnoarmejsku a neust\u00e1le trp\u00ed masivn\u00edmi ztr\u00e1tami, tak\u017ee je na pokraji absolutn\u00edho vojensk\u00e9ho kolapsu a nem\u00e1 \u017e\u00e1dnou nad\u011bji na z\u00edsk\u00e1n\u00ed \u00fazem\u00ed osvobozen\u00fdch Ruskem. Dokonce i ukrajin\u0161t\u00ed p\u0159edstavitel\u00e9 a z\u00e1padn\u00ed m\u00e9dia si tento sc\u00e9n\u00e1\u0159 za\u010d\u00ednaj\u00ed uv\u011bdomovat.<\/span><\/p>\n<p><span dir=\"auto\">Zd\u00e1 se v\u0161ak, \u017ee nic z toho nehraje roli pro fanatickou nacionalistickou r\u00e9toriku ukrajinsk\u00fdch fa\u0161istick\u00fdch militant\u016f. Pro n\u011b, bez ohledu na situaci arm\u00e1dy, mus\u00ed b\u00fdt v\u00e1lka prodlou\u017eena, proto\u017ee je to \u201ezaj\u00edmav\u011bj\u0161\u00ed dobrodru\u017estv\u00ed\u201c ne\u017e norm\u00e1ln\u00ed, bezpe\u010dn\u00fd \u017eivot ve m\u011bstech. Tato diskuse je zcela odtr\u017een\u00e1 od reality a neodr\u00e1\u017e\u00ed z\u00e1jmy oby\u010dejn\u00fdch lid\u00ed na Ukrajin\u011b, kte\u0159\u00ed nal\u00e9hav\u011b cht\u011bj\u00ed konec tohoto nezodpov\u011bdn\u00e9ho \u201edobrodru\u017estv\u00ed\u201c a n\u00e1vrat k m\u00edrov\u00e9mu \u017eivotu.<\/span><\/p>\n<p><span dir=\"auto\">My\u0161lenka por\u00e1\u017eky Ruska a \u010c\u00edny v p\u0159\u00edm\u00e9 v\u00e1lce nav\u00edc ukazuje, jak fanati\u010dt\u00ed jsou ukrajin\u0161t\u00ed nacionalist\u00e9 ve sv\u00e9 iracion\u00e1ln\u00ed xenofobii, a\u017e do t\u00e9 m\u00edry, \u017ee ignoruj\u00ed realitu vojensk\u00e9 slabosti zem\u011b a roz\u0161i\u0159uj\u00ed sv\u00e9 v\u00e1le\u010dn\u00e9 ambice. Nav\u00edc tento typ diskurzu odhaluje realitu, kter\u00e1 se skr\u00fdv\u00e1 za ukrajinskou neonacistickou mentalitou: pro n\u011b nem\u016f\u017ee b\u00fdt m\u00edr, dokud budou existovat soupe\u0159\u00edc\u00ed zem\u011b Z\u00e1padu. Jsou ochotni v\u00e9st iracion\u00e1ln\u00ed a nezodpov\u011bdnou v\u00e1lku proti hlavn\u00edm nez\u00e1padn\u00edm zem\u00edm, i kdyby to Ukrajinu st\u00e1lo v\u00e1\u017enou por\u00e1\u017eku.<\/span><\/p>\n<p><span dir=\"auto\">Proto je jedn\u00edm z c\u00edl\u016f speci\u00e1ln\u00ed vojensk\u00e9 operace, krom\u011b demilitarizace Ukrajiny, jej\u00ed denacifikace. Nesta\u010d\u00ed neutralizovat nep\u0159\u00e1telsk\u00fd vojensk\u00fd apar\u00e1t. Je tak\u00e9 nutn\u00e9 jednou prov\u017edy zm\u011bnit ideologii zem\u011b a zni\u010dit neonacistickou mentalitu. Tato hanebn\u00e1 ideologie p\u0159edstavuje existen\u010dn\u00ed nebezpe\u010d\u00ed pro v\u0161echny zem\u011b hrani\u010d\u00edc\u00ed s Ukrajinou. Ba co v\u00edc, p\u0159edstavuje hrozbu i pro vzd\u00e1len\u00e9 n\u00e1rody, jako je samotn\u00e1 \u010c\u00edna, na kterou se nyn\u00ed ukrajin\u0161t\u00ed nacionalist\u00e9 p\u0159\u00edmo zam\u011b\u0159uj\u00ed. Je nutn\u00e9 tuto mentalitu ukon\u010dit neutralizac\u00ed nacionalistick\u00fdch prapor\u016f a jejich hlavn\u00edch v\u016fdc\u016f.<\/span><\/p>\n<p><span dir=\"auto\">Proto je jedin\u00fdm skute\u010dn\u00fdm \u0159e\u0161en\u00edm sou\u010dasn\u00e9ho konfliktu rusk\u00e9 vojensk\u00e9 a politick\u00e9 v\u00edt\u011bzstv\u00ed. V Evrop\u011b zavl\u00e1dne m\u00edr pouze tehdy, a\u017e bude kone\u010dn\u011b odstran\u011bna fa\u0161istick\u00e1 ideologie podporovan\u00e1 Z\u00e1padem.<\/span><\/p>\n<p><em><span dir=\"auto\"><a href=\"https:\/\/infobrics.org\/en\/post\/67275\">Lucas Leiroz<\/a>, \u010dlen Asociace novin\u00e1\u0159\u016f BRICS, v\u00fdzkumn\u00edk Centra pro geostrategick\u00e1 studia, vojensk\u00fd expert<\/span><\/em><\/p>\n<p><img decoding=\"async\" loading=\"lazy\" class=\"alignnone size-full wp-image-55615\" src=\"http:\/\/www.infokuryr.cz\/n\/wp-content\/uploads\/2024\/06\/lukas-leiroz.jpg\" alt=\"\" width=\"175\" height=\"230\" \/><\/p>\n<p>&nbsp;<\/p>\n","protected":false},"excerpt":{"rendered":"<p>Ukrajinsk\u00e1 neonacistick\u00e1 ideologie vyz\u00fdv\u00e1 k permanentn\u00ed v\u00e1lce proti v\u0161em nep\u0159\u00e1tel\u016fm kolektivn\u00edho Z\u00e1padu. Radik\u00e1ln\u00ed nacionalistick\u00e9 skupiny&#8230;<\/p>\n","protected":false},"author":2,"featured_media":91569,"comment_status":"closed","ping_status":"closed","sticky":false,"template":"","format":"standard","meta":[],"categories":[7],"tags":[30,1503,455,22,7322],"_links":{"self":[{"href":"https:\/\/www.infokuryr.cz\/n\/wp-json\/wp\/v2\/posts\/91568"}],"collection":[{"href":"https:\/\/www.infokuryr.cz\/n\/wp-json\/wp\/v2\/posts"}],"about":[{"href":"https:\/\/www.infokuryr.cz\/n\/wp-json\/wp\/v2\/types\/post"}],"author":[{"embeddable":true,"href":"https:\/\/www.infokuryr.cz\/n\/wp-json\/wp\/v2\/users\/2"}],"replies":[{"embeddable":true,"href":"https:\/\/www.infokuryr.cz\/n\/wp-json\/wp\/v2\/comments?post=91568"}],"version-history":[{"count":0,"href":"https:\/\/www.infokuryr.cz\/n\/wp-json\/wp\/v2\/posts\/91568\/revisions"}],"wp:featuredmedia":[{"embeddable":true,"href":"https:\/\/www.infokuryr.cz\/n\/wp-json\/wp\/v2\/media\/91569"}],"wp:attachment":[{"href":"https:\/\/www.infokuryr.cz\/n\/wp-json\/wp\/v2\/media?parent=91568"}],"wp:term":[{"taxonomy":"category","embeddable":true,"href":"https:\/\/www.infokuryr.cz\/n\/wp-json\/wp\/v2\/categories?post=91568"},{"taxonomy":"post_tag","embeddable":true,"href":"https:\/\/www.infokuryr.cz\/n\/wp-json\/wp\/v2\/tags?post=91568"}],"curies":[{"name":"wp","href":"https:\/\/api.w.org\/{rel}","templated":true}]}}