{"id":91559,"date":"2025-11-06T00:31:34","date_gmt":"2025-11-05T23:31:34","guid":{"rendered":"https:\/\/www.infokuryr.cz\/n\/?p=91559"},"modified":"2025-11-05T13:47:06","modified_gmt":"2025-11-05T12:47:06","slug":"europoslanec-hauser-konfrontuje-eu-dramaticky-narust-pripadu-rakoviny-po-ockovani-proti-covidu","status":"publish","type":"post","link":"https:\/\/www.infokuryr.cz\/n\/2025\/11\/06\/europoslanec-hauser-konfrontuje-eu-dramaticky-narust-pripadu-rakoviny-po-ockovani-proti-covidu\/","title":{"rendered":"Europoslanec Hauser konfrontuje EU: Dramatick\u00fd n\u00e1r\u016fst p\u0159\u00edpad\u016f rakoviny po o\u010dkov\u00e1n\u00ed proti covidu"},"content":{"rendered":"<div id=\"fb-root\"><\/div>\n<p><strong><span dir=\"auto\">Nic nesouvis\u00ed: Zd\u00e1 se, \u017ee t\u00edmto mottem syst\u00e9m funguje, zejm\u00e9na s ohledem na n\u00e1r\u016fst p\u0159\u00edpad\u016f rakoviny od zah\u00e1jen\u00ed o\u010dkovac\u00edch kampan\u00ed proti covidu. Poslanec Evropsk\u00e9ho parlamentu za Stranu svobody Gerald Hauser nyn\u00ed tuto ot\u00e1zku znovu nastoluje s odkazem na\u00a0<\/span><a href=\"https:\/\/biomarkerres.biomedcentral.com\/articles\/10.1186\/s40364-025-00831-w\"><span dir=\"auto\">jihokorejskou studii<\/span><\/a><span dir=\"auto\">\u00a0: Data od v\u00edce ne\u017e osmi milion\u016f \u00fa\u010dastn\u00edk\u016f odhalila alarmuj\u00edc\u00ed n\u00e1r\u016fst p\u0159\u00edpad\u016f rakoviny mezi o\u010dkovan\u00fdmi. Podnikne EU kroky?<\/span><\/strong><\/p>\n<p><span dir=\"auto\">Vedlej\u0161\u00ed \u00fa\u010dinky o\u010dkov\u00e1n\u00ed proti COVID-19 se i nad\u00e1le dost\u00e1vaj\u00ed jen mal\u00e9 pozornosti od t\u011bch, kte\u0159\u00ed byli zodpov\u011bdn\u00ed za opat\u0159en\u00ed, je\u017e poru\u0161ovala z\u00e1kladn\u00ed pr\u00e1va b\u011bhem takzvan\u00e9 pandemie, nebo je podporovali. Poslanec Evropsk\u00e9ho parlamentu za Stranu svobody Gerald Hauser tuto problematiku dost\u00e1v\u00e1 do pop\u0159ed\u00ed pozornosti: \u201eOpakovan\u011b jsem ve sv\u00fdch knih\u00e1ch, p\u0159edn\u00e1\u0161k\u00e1ch a projevech v parlamentu poukazoval na masivn\u00ed vedlej\u0161\u00ed \u00fa\u010dinky o\u010dkov\u00e1n\u00ed. Po l\u00e9ta to bylo odm\u00edt\u00e1no, zatajov\u00e1no a pop\u00edr\u00e1no. Ale to u\u017e nen\u00ed p\u0159ijateln\u00e9,\u201c uvedl v ned\u00e1vn\u00e9 tiskov\u00e9 zpr\u00e1v\u011b. Hauser pova\u017euje souvislost mezi po\u0161kozen\u00edm imunity, rakovinou a o\u010dkov\u00e1n\u00edm mRNA za dostate\u010dn\u011b prok\u00e1zanou.<\/span><\/p>\n<p><span dir=\"auto\">Odkazuje na pr\u016flomovou v\u00fdzkumnou studii z Ji\u017en\u00ed Koreje: \u201eNed\u00e1vn\u00e1 studie potvrzuje ji\u017e zn\u00e1m\u00e1 data a vrh\u00e1 znepokojiv\u00e9 sv\u011btlo na o\u010dkov\u00e1n\u00ed proti COVID-19,\u201c varuje Hauser. \u201eSt\u00e1le v\u00edce l\u00e9ka\u0159\u016f v Evrop\u011b hl\u00e1s\u00ed v\u00fdrazn\u00fd n\u00e1r\u016fst p\u0159\u00edpad\u016f rakoviny, p\u0159i\u010dem\u017e st\u00e1le v\u00edce jsou posti\u017eeni mlad\u0161\u00ed lid\u00e9 a rakovina se st\u00e1v\u00e1 agresivn\u011bj\u0161\u00ed. Ji\u017en\u00ed Korea zve\u0159ejnila jednu z nejv\u011bt\u0161\u00edch kohortov\u00fdch studi\u00ed, jak\u00e9 kdy byly provedeny. V t\u00e9to studii bylo 8 407 849 Jihokorejc\u016f rozd\u011bleno do dvou skupin: o\u010dkovan\u00ed a neo\u010dkovan\u00ed. V\u00fdznam t\u00e9to studie je proto velmi vysok\u00fd.\u201c\u00a0<\/span><a href=\"https:\/\/report24.news\/booster-fuer-den-krebs-suedkoreas-mega-studie-zerlegt-das-impf-narrativ\/\"><span dir=\"auto\">O studii informoval<\/span><\/a><span dir=\"auto\">\u00a0i Report24 .<\/span><\/p>\n<p><span dir=\"auto\">\u201eB\u011bhem pouh\u00e9ho jednoho roku do\u0161lo ke statisticky v\u00fdznamn\u00e9mu n\u00e1r\u016fstu p\u0159\u00edpad\u016f rakoviny u o\u010dkovan\u00fdch \u2013 zejm\u00e9na u rakoviny \u0161t\u00edtn\u00e9 \u017el\u00e1zy (+35 procent), rakoviny \u017ealudku (+33,5 procenta), rakoviny tlust\u00e9ho st\u0159eva (+28 procent), rakoviny plic (+53 procent), rakoviny prsu (+20 procent) a rakoviny prostaty (+69 procent),\u201c shrnuje poslanec Strany svobody.<\/span><\/p>\n<p><span dir=\"auto\">Bude EU i nad\u00e1le pop\u00edrat jakoukoli kauzalitu? Gerald Hauser m\u00e1 v \u00famyslu prov\u00e9st vy\u0161et\u0159ov\u00e1n\u00ed: Prost\u0159ednictv\u00edm parlamentn\u00edho vy\u0161et\u0159ov\u00e1n\u00ed si klade za c\u00edl odhalit data o v\u00fdvoji v\u00fdskytu rakoviny v Evrop\u011b od zaveden\u00ed o\u010dkov\u00e1n\u00ed proti covidu. Chce tak\u00e9 v\u011bd\u011bt, zda Evropsk\u00e1 komise pl\u00e1nuje a doporu\u010duje speci\u00e1ln\u00ed programy screeningu rakoviny pro osoby o\u010dkovan\u00e9 proti covidu-19 \u2013 \u201eproto\u017ee p\u0159edstavuj\u00ed vysoce rizikovou skupinu,\u201c \u0159\u00edk\u00e1 Hauser.<\/span><\/p>\n<p><img decoding=\"async\" loading=\"lazy\" class=\"alignnone size-full wp-image-1185\" src=\"http:\/\/www.infokuryr.cz\/n\/wp-content\/uploads\/2021\/04\/kuryr-podpis.png\" alt=\"\" width=\"84\" height=\"24\" \/><\/p>\n<p>&nbsp;<\/p>\n","protected":false},"excerpt":{"rendered":"<p>Nic nesouvis\u00ed: Zd\u00e1 se, \u017ee t\u00edmto mottem syst\u00e9m funguje, zejm\u00e9na s ohledem na n\u00e1r\u016fst p\u0159\u00edpad\u016f&#8230;<\/p>\n","protected":false},"author":2,"featured_media":67279,"comment_status":"closed","ping_status":"closed","sticky":false,"template":"","format":"standard","meta":[],"categories":[7],"tags":[23,41,2541,1366,651],"_links":{"self":[{"href":"https:\/\/www.infokuryr.cz\/n\/wp-json\/wp\/v2\/posts\/91559"}],"collection":[{"href":"https:\/\/www.infokuryr.cz\/n\/wp-json\/wp\/v2\/posts"}],"about":[{"href":"https:\/\/www.infokuryr.cz\/n\/wp-json\/wp\/v2\/types\/post"}],"author":[{"embeddable":true,"href":"https:\/\/www.infokuryr.cz\/n\/wp-json\/wp\/v2\/users\/2"}],"replies":[{"embeddable":true,"href":"https:\/\/www.infokuryr.cz\/n\/wp-json\/wp\/v2\/comments?post=91559"}],"version-history":[{"count":0,"href":"https:\/\/www.infokuryr.cz\/n\/wp-json\/wp\/v2\/posts\/91559\/revisions"}],"wp:featuredmedia":[{"embeddable":true,"href":"https:\/\/www.infokuryr.cz\/n\/wp-json\/wp\/v2\/media\/67279"}],"wp:attachment":[{"href":"https:\/\/www.infokuryr.cz\/n\/wp-json\/wp\/v2\/media?parent=91559"}],"wp:term":[{"taxonomy":"category","embeddable":true,"href":"https:\/\/www.infokuryr.cz\/n\/wp-json\/wp\/v2\/categories?post=91559"},{"taxonomy":"post_tag","embeddable":true,"href":"https:\/\/www.infokuryr.cz\/n\/wp-json\/wp\/v2\/tags?post=91559"}],"curies":[{"name":"wp","href":"https:\/\/api.w.org\/{rel}","templated":true}]}}