{"id":91544,"date":"2025-11-06T00:22:22","date_gmt":"2025-11-05T23:22:22","guid":{"rendered":"https:\/\/www.infokuryr.cz\/n\/?p=91544"},"modified":"2025-11-05T13:10:39","modified_gmt":"2025-11-05T12:10:39","slug":"zbynek-fiala-svoboda-projevu-je-nedotknutelna","status":"publish","type":"post","link":"https:\/\/www.infokuryr.cz\/n\/2025\/11\/06\/zbynek-fiala-svoboda-projevu-je-nedotknutelna\/","title":{"rendered":"Zbyn\u011bk Fiala: Svoboda projevu je nedotknuteln\u00e1"},"content":{"rendered":"<div id=\"fb-root\"><\/div>\n<p><strong>Z n\u00e1vrhu vl\u00e1dn\u00edho prohl\u00e1\u0161en\u00ed vl\u00e1dy ANO, SPD a Motorist\u016f prosv\u00edt\u00e1 jin\u00e1 budoucnost ne\u017e vz\u00e1jemn\u00e9 ud\u00e1v\u00e1n\u00ed z rusk\u00e9ho vlivu a strach p\u00edpnout.<\/strong><\/p>\n<p style=\"font-weight: 400;\">Nejd\u016fle\u017eit\u011bj\u0161\u00ed informace o budouc\u00ed orientaci Babi\u0161ovy vl\u00e1dy nehledejme v\u00a0ofici\u00e1ln\u00edm textu, p\u0159esn\u011bji v jeho pond\u011bln\u00edm n\u00e1vrhu vl\u00e1dn\u00edho prohl\u00e1\u0161en\u00ed, ale ve slovech p\u0159\u00ed\u0161t\u00edho premi\u00e9ra na soci\u00e1ln\u00edch s\u00edt\u00edch, kde konstatuje podstatu z\u00e1sadn\u00ed zm\u011bny. Nedok\u00e1\u017ee se zbavit \u00fa\u017easu, kdy\u017e konstatuje, \u017ee poprv\u00e9 byla liber\u00e1ln\u00ed vl\u00e1da dokonale pora\u017eena. Neusp\u011bla \u017e\u00e1dn\u00e1 ze stran, kter\u00e9 se vyno\u0159ily po listopadu 89. Znamen\u00e1 to, \u017ee politick\u00fd syst\u00e9m se znovu otev\u00edr\u00e1.<\/p>\n<p style=\"font-weight: 400;\">K\u00a0tomu v\u0161ak pat\u0159\u00ed i \u0161patn\u00e1 zpr\u00e1va:\u00a0<em>\u201eKasa je pr\u00e1zdn\u00e1, rezervy zdravotn\u00edch poji\u0161\u0165oven jsou vytunelovan\u00e9 de facto, u\u017e tam toho m\u00e1lo zb\u00fdv\u00e1, vys\u00e1li i lesy, tak\u017ee nechali tady spou\u0161\u0165 a budeme m\u00edt stra\u0161n\u011b moc pr\u00e1ce, abychom to dali do po\u0159\u00e1dku.\u201c<\/em><\/p>\n<p style=\"font-weight: 400;\"><a href=\"https:\/\/www.idnes.cz\/zpravy\/domaci\/andrej-babis-volby-vlada.\">https:\/\/www.idnes.cz\/zpravy\/domaci\/andrej-babis-volby-vlada.<\/a><\/p>\n<p style=\"font-weight: 400;\">Jde fakticky o zm\u011bnu re\u017eimu, a potvrzuje to zejm\u00e9na slib pln\u00e9 obnovy svobody slova. Znamen\u00e1 to, \u017ee kdy\u017e te\u010f usednu ke kl\u00e1vesnici, u\u017e se nemus\u00edm b\u00e1t, \u017ee m\u011b \u010dek\u00e1 osud u\u010ditelky Bedn\u00e1\u0159ov\u00e9. To, \u017ee ji neup\u00e1lili, to byla v nen\u00e1vistn\u00e9 st\u0159edov\u011bk\u00e9 atmosf\u00e9\u0159e, kterou nastolila \u201edemokratick\u00e1\u201c Fialova vl\u00e1da, jenom ot\u00e1zka \u010dasu.<\/p>\n<p style=\"font-weight: 400;\">Ta druh\u00e1 zpr\u00e1va v\u0161ak upozor\u0148uje, \u017ee tahle utla\u010dovatelsk\u00e1 moc slou\u017eila extraktivn\u00edmu hospod\u00e1\u0159sk\u00e9mu syst\u00e9mu, kde se bohatstv\u00ed soust\u0159e\u010fuje jen u \u00fazk\u00e9 skupiny vyvolen\u00fdch vys\u00e1vaj\u00edc\u00edch ve\u0159ejn\u00e9 zdroje, \u017eivotn\u00ed \u00farove\u0148 obyvatelstva a \u017eivotn\u00ed prost\u0159ed\u00ed.<\/p>\n<p style=\"font-weight: 400;\">Mohli si to dovolit, proto\u017ee ob\u011b\u0165 m\u011bli pod kontrolou, byla rozpt\u00fdlen\u00e1 a nedok\u00e1zala se soust\u0159ed\u011bn\u011b br\u00e1nit. Nebo (to ta poni\u010den\u00e1 p\u0159\u00edroda) se ozvala leda p\u0159es rozka\u0161lan\u00e9 pl\u00edce, mu\u010div\u011b rozp\u00e1len\u00e9 ulice a hryzaj\u00edc\u00ed sv\u011bdom\u00ed. Ale to posledn\u00ed je zbyte\u010dn\u00fd luxus.<\/p>\n<p style=\"font-weight: 400;\">Ozv\u011bny pora\u017een\u00e9ho star\u00e9ho re\u017eimu nejn\u00e1padn\u011bji zask\u0159\u00edpaly ve slovech b\u00fdval\u00e9ho p\u0159edsedy \u00dastavn\u00edho soudu Rychetsk\u00e9ho, \u017ee prezident Pavel m\u00e1 po\u0159\u00e1d mo\u017enost Babi\u0161e nejmenovat. T\u00edm si lze vynutit slo\u017een\u00ed vl\u00e1dy odli\u0161n\u00e9 od volebn\u00edho v\u00fdsledku. Rychetsk\u00fd se tv\u00e1\u0159il, \u017ee \u017eertuje, ale fakticky nazna\u010dil, \u017ee m\u00e1me \u0159adu instituc\u00ed, kter\u00e9 se mohou z\u00a0vlastn\u00ed v\u016fle a bez velk\u00e9ho ptan\u00ed znovu chopit moci, p\u0159esto\u017ee jim ve volb\u00e1ch vyklouzla z\u00a0ruky.<\/p>\n<p style=\"font-weight: 400;\">\u00a0Vn\u00edmaj\u00ed sv\u00e9 postaven\u00ed jako n\u011bco, \u010d\u00edm byla v\u00a0minul\u00e9m re\u017eimu \u201evedouc\u00ed \u00faloha komunistick\u00e9 strany\u201c? Pro ty mlad\u0161\u00ed: Bylo to \u00fastavn\u011b zaru\u010den\u00e9 pr\u00e1vo nesesaditeln\u00e9 vrcholov\u00e9 skupiny rozhodovat o v\u0161em bez ohledu na p\u0159\u00e1n\u00ed obyvatelstva, proto\u017ee to stejn\u011b nev\u00ed, co je pro n\u011bj dobr\u00e9. A aby se ani sama vrchnost nemohla ob\u010das spl\u00e9st, byla d\u00e1lkov\u011b \u0159\u00edzena ze zahrani\u010d\u00ed.<\/p>\n<p style=\"font-weight: 400;\">Svoboda slova je nukle\u00e1rn\u00ed \u0159e\u0161en\u00ed podobn\u00fdch probl\u00e9m\u016f. D\u011bjiny n\u00e1s u\u017e mnohokr\u00e1t pou\u010dily, \u017ee svoboda slova je kl\u00ed\u010dov\u00e1, proto\u017ee je to n\u00e1stroj, jak se dob\u00fdt i k\u00a0ostatn\u00edm svobod\u00e1m. Proto za nejz\u00e1sadn\u011bj\u0161\u00ed n\u00e1vrh vl\u00e1dn\u00edho prohl\u00e1\u0161en\u00ed, pova\u017euji ten, kter\u00fd byl zm\u00edn\u011bn tak\u0159ka okrajov\u011b a a\u017e na 13. str\u00e1nce:\u00a0<strong>\u201eSvoboda projevu je nedotknuteln\u00e1.\u201c\u00a0<\/strong><\/p>\n<p style=\"font-weight: 400;\">Tlesk\u00e1m, a\u017e m\u011b ruce bol\u00ed, p\u0159esto\u017ee je budu je\u0161t\u011b pot\u0159ebovat na modlen\u00ed, aby to byla pravda.<\/p>\n<p style=\"font-weight: 400;\">Babi\u0161ova zm\u00ednka o historick\u00e9 por\u00e1\u017ece t\u011bch, kdo se zmocnili vl\u00e1dy po roce 1990, a te\u010f se coby\u00a0<em>anciene r\u00e9gime<\/em>\u00a0s\u00a0podporou ocho\u010den\u00fdch m\u00e9di\u00ed tak br\u00e1n\u00ed, je potvrzena i n\u011bkolika nen\u00e1padn\u00fdmi slovy v\u00a0preambuli n\u00e1vrhu vl\u00e1dn\u00edho prohl\u00e1\u0161en\u00ed.<\/p>\n<p style=\"font-weight: 400;\">Op\u011bt, jsou skryta uvnit\u0159 textu a nejsou ani slibem, sp\u00ed\u0161e p\u0159\u00e1n\u00edm. Navazuj\u00ed na pas\u00e1\u017ee o obnov\u011b d\u016fv\u011bry ob\u010dan\u016f ve st\u00e1t a poctivou pr\u00e1ci a dostupnost kvalitn\u00edch ve\u0159ejn\u00fdch slu\u017eeb. K tomu prohl\u00e1\u0161en\u00ed dod\u00e1v\u00e1: \u201eZ\u00e1rove\u0148 je ambic\u00ed vl\u00e1dy, aby zem\u011b byla modern\u00ed, konkurenceschopn\u00e1, technologicky vysp\u011bl\u00e1 a sou\u010dasn\u011b soci\u00e1ln\u011b soudr\u017en\u00e1.\u201c<\/p>\n<p style=\"font-weight: 400;\">Ponechme stranou technokratick\u00e1 zakl\u00ednadla a v\u0161imn\u011bme si hlavn\u011b posledn\u00edch dvou slov. O ta se vedl nesmlouvav\u00fd boj na za\u010d\u00e1tku na\u0161\u00ed nov\u00e9 svobody. Bylo to ve feder\u00e1ln\u00ed vl\u00e1d\u011b je\u0161t\u011b za \u010ceskoslovenska, p\u0159ed v\u00edce ne\u017e t\u0159iceti lety, na za\u010d\u00e1tku roku 1990. Tehdej\u0161\u00ed vl\u00e1dn\u00ed prohl\u00e1\u0161en\u00ed, jak je koncipoval premi\u00e9r\u016fv poradce Oskar Krej\u010d\u00ed, m\u011blo zemi orientovat k\u00a0soci\u00e1ln\u011b-tr\u017en\u00ed ekonomice. \u0158ekn\u011bme tr\u017en\u00ed, ale z\u00e1rove\u0148 soci\u00e1ln\u011b citliv\u00e9. Po n\u011bmeck\u00e9m vzoru, tam je to tradice. S\u00a0t\u00edm v\u0161ak V\u00e1clav Klaus (feder\u00e1ln\u00ed ministr financ\u00ed) rozhodn\u011b nesouhlasil. Je\u0161t\u011b by si to n\u011bkdo spletl se socialismem.<\/p>\n<p style=\"font-weight: 400;\">Nev\u00edm, jestli s\u00a0n\u00edm Motorist\u00e9 tu soci\u00e1ln\u00ed soudr\u017enost konzultovali, nebo jestli se tat\u00ed\u010dek zm\u011bnil. Mo\u017en\u00e1 u\u017e taky nem\u00e1 na hochy takov\u00fd vliv. Ale sp\u00ed\u0161 jde o typick\u00fd rys koali\u010dn\u00ed vl\u00e1dy \u2013 my v\u00e1m tam nech\u00e1me to soci\u00e1lno, a vy n\u00e1m taky dejte pokoj.\u00a0\u00a0Ale okolnosti jsou vedlej\u0161\u00ed, je to tady, aspo\u0148 jako ambice. A v\u00a0tomhle Babi\u0161ovi v\u011b\u0159\u00edm. Je to z\u00e1klad udr\u017eitelnosti jeho moci.<\/p>\n<p style=\"font-weight: 400;\">Podrobnou anal\u00fdzu vl\u00e1dn\u00edho prohl\u00e1\u0161en\u00ed nab\u00eddnou jin\u00ed, j\u00e1 si vyberu p\u00e1r rozinek, kter\u00e9 mi potvrzuj\u00ed, \u017ee opravdu vyraz\u00edme po nov\u00fdch stezk\u00e1ch. Kdy\u017e jsem ten ofici\u00e1ln\u00ed text pro\u010d\u00edtal, p\u0159\u00edmo z\u00a0n\u011bj \u010di\u0161elo nadr\u017een\u00ed ministr\u016f, jak vyvalili \u0161upl\u00edky pln\u00e9 n\u00e1pad\u016f.<\/p>\n<p style=\"font-weight: 400;\">Na financ\u00edch se rozcvi\u010duj\u00ed proti vyv\u00e1d\u011bn\u00ed zisk\u016f zahrani\u010dn\u00edmi spole\u010dnostmi \u2013 pod\u00edvaj\u00ed se na triky s\u00a0vnitropodnikov\u00fdmi cenami. Hodlaj\u00ed taky zajistit, aby obnoven\u00e1 elektronick\u00e1 evidence tr\u017eeb fungovala, a p\u0159itom nedrtila ty, od kter\u00fdch se stejn\u011b nic nevybere, tedy mal\u00e9 \u017eivnostn\u00edky. Na optimaliza\u010dn\u00ed m\u00e1gy vypust\u00ed da\u0148ovou kobru. Prob\u011bhne vlna vnit\u0159n\u00edch audit\u016f \u00fast\u0159edn\u00edch org\u00e1n\u016f, kter\u00e1 uk\u00e1\u017ee, kam na\u0161e prachy opravdu te\u010dou.<\/p>\n<p style=\"font-weight: 400;\">Dal\u0161\u00ed finan\u010dn\u00ed pecky: Hospod\u00e1m ni\u017e\u0161\u00ed dan\u011b, jednotn\u00e9 inkasn\u00ed m\u00edsto (a\u0165 na v\u00e1s \u0159ve jen jeden), ve\u0159ejn\u00fd registr dotac\u00ed neziskov\u00fdch organizac\u00ed (o ty na politiku si \u0159ekn\u011bte ve volb\u00e1ch), ochrana koruny jako kotvy \u010desk\u00e9 ekonomiky.<\/p>\n<p style=\"font-weight: 400;\">Na obran\u011b najdete v\u011btu za stovky miliard:\u00a0<em>\u201eV\u00fd\u0161e rozpo\u010dtu na obranu bude v\u017edy zohled\u0148ovat aktu\u00e1ln\u00ed pot\u0159eby st\u00e1tu a bezpe\u010dnostn\u00ed situaci.\u201c<\/em>\u00a0\u017d\u00e1dnou p\u011btku tam nevid\u00edm. O slovo se hl\u00e1s\u00ed audit hospoda\u0159en\u00ed a akvizic obrany a jeho konfrontace s\u00a0t\u00edm, jak pomohly naplnit hlavn\u00ed c\u00edl, schopnost arm\u00e1dy \u00fa\u010dinn\u011b chr\u00e1nit na\u0161e \u00fazem\u00ed.<\/p>\n<p style=\"font-weight: 400;\">Za d\u016fle\u017eitou pova\u017euji pozn\u00e1mku, \u017ee\u00a0<em>\u201ebude odstran\u011bna z\u00e1t\u011b\u017e z\u00a0ne\u00fanosn\u00fdch z\u00e1loh na budouc\u00ed majetek\u201c<\/em>, kde \u0159ve hlavn\u011b t\u011bch 10 miliard korun deset let p\u0159edem na jadern\u00e9 nosi\u010de F-35, aby vznikl dostate\u010dn\u00fd d\u016fvod do n\u00e1s taky n\u011bco takov\u00e9ho vy\u0161\u00edt.<\/p>\n<p style=\"font-weight: 400;\">Zahrani\u010dn\u00ed politika m\u00e1 p\u0159isp\u011bt z\u00e1m\u011brem\u00a0<em>\u201epodporovat diplomatick\u00e9 kroky k\u00a0ukon\u010den\u00ed v\u00e1lky na Ukrajin\u011b\u201c<\/em>. To je dal\u0161\u00ed obrat o 180 stup\u0148\u016f, kter\u00fd se t\u011bm b\u00fdval\u00fdm star\u00fdm n\u00e1dher\u00e1m nemus\u00ed l\u00edbit.<\/p>\n<p style=\"font-weight: 400;\">D\u016fle\u017eit\u00fd z\u00e1m\u011br poch\u00e1z\u00ed z\u00a0resortu spravedlnosti:\u00a0<em>\u201eProvedeme d\u016fkladn\u00e9 zhodnocen\u00ed fungov\u00e1n\u00ed exeku\u010dn\u00edho syst\u00e9mu a syst\u00e9mu oddlu\u017een\u00ed s c\u00edlem navrhnout opat\u0159en\u00ed, kter\u00e1 pos\u00edl\u00ed spravedlnost, efektivitu a rovnov\u00e1hu mezi pr\u00e1vy v\u011b\u0159itel\u016f a mo\u017enostmi poctiv\u00fdch dlu\u017en\u00edk\u016f.\u201c<\/em>\u00a0Kdo p\u016fj\u010duje, mus\u00ed si zjistit komu. A a\u0165 nef\u0148uk\u00e1, kdy\u017e mu zanedb\u00e1n\u00edm povinnosti vznikla \u0161koda.<\/p>\n<p style=\"font-weight: 400;\">Referendum bude. O EU a NATO sice ne, ale to je jedno. Kdy\u017e m\u00e1me tu svobodu slova, m\u016f\u017eeme o tom seri\u00f3zn\u011b debatovat \u2013 budou i dal\u0161\u00ed volby. NATO bych z\u00a0fleku zru\u0161il, ale spokojil bych se i s\u00a0t\u00edm, \u017ee za\u010dne br\u00e1t v\u00e1\u017en\u011b prvn\u00ed \u010dl\u00e1nek Severoatlantick\u00e9 smlouvy o \u0159e\u0161en\u00ed konflikt\u016f m\u00edrov\u00fdmi prost\u0159edky. O EU bych nerad p\u0159i\u0161el, jen t\u00edm nemysl\u00edm sou\u010dasn\u00fd paskvil. Nikdy se v\u0161ak nedo\u010dk\u00e1me odhodlan\u00e9ho boje vl\u00e1d za u\u017eite\u010dnou zm\u011bnu uveden\u00fdch organizac\u00ed, pokud nebudou pod re\u00e1ln\u00fdm tlakem, \u017ee by o tu hra\u010dku mohli p\u0159ij\u00edt.<\/p>\n<p style=\"font-weight: 400;\">Samoz\u0159ejm\u011b, \u017ee v\u00a0tom prohl\u00e1\u0161en\u00ed jsou v\u011bci, kter\u00e9 soudn\u00fdm \u010dten\u00e1\u0159em ot\u0159esou. Politika je holt rozporn\u00e1 a na\u0161\u00edm \u00fakolem je vyhled\u00e1vat p\u0159\u00edle\u017eitosti, zd\u016fraz\u0148ovat je a trvat na nich. Nemus\u00edm souhlasit s\u00a0tvrzen\u00edm, \u017ee j\u00e1dro je budoucnost\u00ed \u010desk\u00e9 energetiky, jak mi sd\u011bluj\u00ed v\u00a0kapitole p\u0159\u00ed\u0161t\u00edho ministra pr\u016fmyslu. Zd\u00e1 se mi, \u017ee tady tu budoucnost hled\u00e1me ohl\u00ed\u017een\u00edm dozadu.<\/p>\n<p style=\"font-weight: 400;\">Zest\u00e1tn\u011bn\u00ed \u010cEZ je v\u00a0po\u0159\u00e1dku, nikdy se nem\u011bl privatizovat, podobn\u011b jako voda a strategick\u00e9 podniky, kter\u00e9 se pak v\u00a0soukrom\u00fdch rukou rozprodaly a zanikly. Ale pokud se \u010cEZ op\u0159e o j\u00e1dro, znovu to nen\u00ed cesta k\u00a0levn\u00e9 energii. Modern\u00ed energetiky u\u017e se buduj\u00ed jinak, av\u0161ak to by z\u00e1rove\u0148 p\u0159ipravilo p\u00e1r nevlivn\u011bj\u0161\u00edch hr\u00e1\u010d\u016f o exkluz\u00edvn\u00ed superzisky. Proto i tady se h\u00e1\u017eou skute\u010dn\u00e9 budoucnosti klacky pod nohy.<\/p>\n<p style=\"font-weight: 400;\">P\u0159\u00edle\u017eitost vid\u00edm jinde:\u00a0<em>\u201eZrevidujeme z\u00e1kon o investi\u010dn\u00edch pob\u00eddk\u00e1ch s c\u00edlem podpo\u0159it lok\u00e1ln\u00ed podniky, generuj\u00edc\u00ed p\u0159idanou hodnotu, a firmy, kter\u00e9 alokuj\u00ed vyd\u011blan\u00e9 zdroje zp\u011bt do \u010desk\u00e9 ekonomiky.\u201c<\/em>\u00a0Lok\u00e1ln\u00ed podniky? Lok\u00e1ln\u00ed finan\u010dn\u00ed ob\u011bh? To je decentralizace, p\u0159ibl\u00ed\u017een\u00ed rozhodov\u00e1n\u00ed lidem. V\u00a0n\u00e1vrhu prohl\u00e1\u0161en\u00ed je i zm\u00ednka o zam\u011bstnaneck\u00e9m vlastnictv\u00ed (akci\u00ed, pod\u00edl\u016f v\u00a0podnic\u00edch), by\u0165 hlavn\u011b ve startupech, tedy jen jako zkr\u00e1cen\u00ed cesty tvo\u0159iv\u00fdch a podnikav\u00fdch jedinc\u016f k\u00a0bohatstv\u00ed. Mohla by to v\u0161ak b\u00fdt i cesta k\u00a0pracovn\u00ed stabilit\u011b a orientaci na to, co okoln\u00ed region opravdu pot\u0159ebuje.<\/p>\n<p style=\"font-weight: 400;\">K\u00a0tomu pat\u0159\u00ed i z\u00e1m\u011br vr\u00e1tit do \u0161kol rozvoj praktick\u00fdch dovednost\u00ed. Ale tak\u00e9 \u0161koln\u00ed sport s\u00a0tren\u00e9ry, h\u0159i\u0161ti a sout\u011b\u017eemi. Roz\u0161\u00ed\u0159it p\u0159\u00edstupnost t\u011bchto h\u0159i\u0161\u0165 pro ve\u0159ejnost, a\u0165 nejsme odepsan\u00e9 m\u00e1tohy, se kter\u00fdmi se stejn\u011b nic podnikat ned\u00e1. Slibuje se taky v\u011bt\u0161\u00ed roz\u0161\u00ed\u0159en\u00ed bezplatn\u00e9ho stravov\u00e1n\u00ed pro d\u011bti ze znev\u00fdhodn\u011bn\u00fdch rodin, kter\u00fdch st\u00e1le p\u0159ib\u00fdv\u00e1. To v\u0161ak nen\u00ed jen to soci\u00e1lno z\u00a0\u00favodu, to je tak\u00e9 v\u011bt\u0161\u00ed ve\u0159ejn\u00e1 popt\u00e1vka po potravin\u00e1ch. A pro\u010d ne lok\u00e1ln\u00edch? Dal\u0161\u00ed podn\u011bt k\u00a0decentralizovan\u00e9 sob\u011bsta\u010dnosti.<\/p>\n<p style=\"font-weight: 400;\">V\u00a0kapitole ministerstva pr\u00e1ce \u010dteme:\u00a0<em>\u201eSoci\u00e1ln\u00ed syst\u00e9m uprav\u00edme tak, aby v\u00edce motivoval k pracovn\u00ed aktivit\u011b a obsahoval p\u0159im\u011b\u0159enou pracovn\u00ed povinnost pro dlouhodob\u00e9 p\u0159\u00edjemce d\u00e1vek. Zajist\u00edme \u00fa\u010dast obc\u00ed na \u0159e\u0161en\u00ed situace jejich ob\u010dan\u016f pob\u00edraj\u00edc\u00edch d\u00e1vky.\u201c\u00a0<\/em>Tak\u017ee zase ty obce, a dokonce i jejich potenci\u00e1ln\u00ed pracovn\u00ed kapacity.<\/p>\n<p style=\"font-weight: 400;\">A jedeme d\u00e1l. Zem\u011bd\u011blsk\u00e1 kapitola:\u00a0<em>\u201eBudeme podporovat rozvoj v\u0161ech forem zem\u011bd\u011blsk\u00e9ho podnik\u00e1n\u00ed s d\u016frazem na rozvoj mal\u00fdch a st\u0159edn\u00edch region\u00e1ln\u00edch farem.\u201c<\/em>\u00a0V\u0161ech forem? Snad i dru\u017estev. A k\u00a0tomu:\u00a0<em>\u201ePodpo\u0159\u00edme rozvoj venkova a zam\u011bstnanosti \u2013 budeme podporovat tvorbu p\u0159idan\u00e9 hodnoty v\u00a0zem\u011bd\u011blstv\u00ed a zpracov\u00e1n\u00ed komodit, pos\u00edl\u00edme genera\u010dn\u00ed obm\u011bnu a sn\u00ed\u017e\u00edme n\u00e1klady \u010desk\u00fdch aktivn\u00edch zem\u011bd\u011blc\u016f prost\u0159ednictv\u00edm da\u0148ov\u00fdch a fisk\u00e1ln\u00edch opat\u0159en\u00ed.\u201c\u00a0<\/em>D\u016fraz se klade na<em>\u00a0\u201epos\u00edlen\u00ed konkurenceschopnosti a sob\u011bsta\u010dnosti\u201c.<\/em><\/p>\n<p style=\"font-weight: 400;\">Najednou tak dost\u00e1v\u00e1 prostor i n\u011bco jin\u00e9ho ne\u017e velk\u00fd agr\u00e1rn\u00ed pr\u016fmysl produkuj\u00edc\u00ed prim\u00e1rn\u00ed suroviny s\u00a0nepatrnou p\u0159idanou hodnotou. I kdy\u017e si nad\u00e1le vynucuje nejv\u011bt\u0161\u00ed pozornost. Jeho vratkou z\u00e1kladnu v\u0161ak tvo\u0159\u00ed fakt, \u017ee drtiv\u00e1 v\u011bt\u0161ina j\u00edm obhospoda\u0159ovan\u00e9 p\u016fdy je pronajat\u00e1. \u017d\u00e1dn\u00e1 idylka zodpov\u011bdn\u00e9ho hospoda\u0159en\u00ed na vlastn\u00edm.<\/p>\n<p style=\"font-weight: 400;\">A tady zah\u0159m\u011bla dal\u0161\u00ed atomovka:\u00a0<em>\u201eP\u0159iprav\u00edme z\u00e1kon o p\u0159edkupn\u00edm pr\u00e1vu na zem\u011bd\u011blskou p\u016fdu pro aktivn\u00ed zem\u011bd\u011blce.\u201c\u00a0<\/em>Konec v\u00fdprodeje p\u016fdy do zahrani\u010d\u00ed? Konec zem\u011bd\u011blsk\u00e9 p\u016fdy jako pouh\u00e9 finan\u010dn\u00ed investice?<\/p>\n<p style=\"font-weight: 400;\">V\u00a0druh\u00e9 \u010d\u00e1sti na\u0161eho n\u00e1vrhu vl\u00e1dn\u00edho prohl\u00e1\u0161en\u00ed ty atomovky jen pr\u0161\u00ed. \u201eZajist\u00edme transparentnost v potravinov\u00e9m \u0159et\u011bzci \u2013 prosad\u00edme na \u00farovni EU i doma\u00a0<strong>dosledovatelnost p\u016fvodu u v\u0161ech kategori\u00ed potravin a p\u0159ehledn\u00e9 zve\u0159ej\u0148ov\u00e1n\u00ed mar\u017e\u00ed<\/strong>.\u201c Konec dvoj\u00ed kvality? Konec utajen\u00fdch dovoz\u016f z\u00a0boji\u0161\u0165 Ukrajiny? Konec d\u0159en\u00ed spot\u0159ebitele bez no\u017ee? Rad\u0161i jsem to zd\u016fraznil, aby to nezapadlo.<\/p>\n<p style=\"font-weight: 400;\">Nebudu vypo\u010d\u00edt\u00e1vat v\u0161echno, bylo by to k\u00a0neu\u010dten\u00ed. Ale to, co se v\u00a0prohl\u00e1\u0161en\u00ed p\u0159edstavuje, nejsou ideologick\u00e9 plky, zakr\u00fdvaj\u00edc\u00ed hladov\u00e9 o\u010di t\u011bch, kdo se hrnou k\u00a0ve\u0159ejn\u00e9 kase. Mo\u017en\u00e1 se jim to nepovede. Mo\u017en\u00e1 se rozh\u00e1daj\u00ed, ostatn\u011b kdekdo na tom bude pracovat. Ale nezapome\u0148me na tu svobodu slova, kter\u00e1 se dnes obejde i bez velk\u00fdch pen\u011bz. Spousta nov\u00fdch p\u0159\u00edle\u017eitost\u00ed m\u00ed\u0159\u00ed dol\u016f a budou \u010dekat, a\u017e se chytnou. Za\u010dnou pr\u016fkopn\u00edci a p\u0159\u00edklady pot\u00e1hnou. Je to jako s\u00a0fazol\u00ed \u2013 jednou ji str\u010d\u00ed\u0161 do zem\u011b, a pak u\u017e se pne sama.<\/p>\n<p style=\"font-weight: 400;\">Velk\u00e1 zm\u011bna to bude, kdy\u017e to jako velkou zm\u011bnu pojmeme. Ta mo\u017enost tu je, ne proto, \u017ee vrchnost je tak osv\u00edcen\u00e1, ale proto\u017ee cel\u00fd sv\u011bt se zm\u011bnil. Tvo\u0159\u00ed jej nov\u00e9 technologie i prohry star\u00fdch idej\u00ed. Byl by opravdu velk\u00fd\u00a0\u00a0h\u0159\u00edch n\u011bco takov\u00e9ho pro\u0161vihnout.<\/p>\n<p><a href=\"https:\/\/vasevec.info\/komentare\/svoboda-projevu-je-nedotknutelna\">Zbyn\u011bk Fiala<\/a><\/p>\n<p><img decoding=\"async\" loading=\"lazy\" class=\"alignnone size-medium wp-image-18520\" src=\"http:\/\/www.infokuryr.cz\/n\/wp-content\/uploads\/2022\/11\/zbynek-fiala-300x208.jpg\" alt=\"\" width=\"300\" height=\"208\" srcset=\"https:\/\/www.infokuryr.cz\/n\/wp-content\/uploads\/2022\/11\/zbynek-fiala-300x208.jpg 300w, https:\/\/www.infokuryr.cz\/n\/wp-content\/uploads\/2022\/11\/zbynek-fiala.jpg 318w\" sizes=\"(max-width: 300px) 100vw, 300px\" \/><\/p>\n<p>&nbsp;<\/p>\n","protected":false},"excerpt":{"rendered":"<p>Z n\u00e1vrhu vl\u00e1dn\u00edho prohl\u00e1\u0161en\u00ed vl\u00e1dy ANO, SPD a Motorist\u016f prosv\u00edt\u00e1 jin\u00e1 budoucnost ne\u017e vz\u00e1jemn\u00e9 ud\u00e1v\u00e1n\u00ed&#8230;<\/p>\n","protected":false},"author":2,"featured_media":33293,"comment_status":"closed","ping_status":"closed","sticky":false,"template":"","format":"standard","meta":[],"categories":[6],"tags":[10027,1503,122,10026],"_links":{"self":[{"href":"https:\/\/www.infokuryr.cz\/n\/wp-json\/wp\/v2\/posts\/91544"}],"collection":[{"href":"https:\/\/www.infokuryr.cz\/n\/wp-json\/wp\/v2\/posts"}],"about":[{"href":"https:\/\/www.infokuryr.cz\/n\/wp-json\/wp\/v2\/types\/post"}],"author":[{"embeddable":true,"href":"https:\/\/www.infokuryr.cz\/n\/wp-json\/wp\/v2\/users\/2"}],"replies":[{"embeddable":true,"href":"https:\/\/www.infokuryr.cz\/n\/wp-json\/wp\/v2\/comments?post=91544"}],"version-history":[{"count":0,"href":"https:\/\/www.infokuryr.cz\/n\/wp-json\/wp\/v2\/posts\/91544\/revisions"}],"wp:featuredmedia":[{"embeddable":true,"href":"https:\/\/www.infokuryr.cz\/n\/wp-json\/wp\/v2\/media\/33293"}],"wp:attachment":[{"href":"https:\/\/www.infokuryr.cz\/n\/wp-json\/wp\/v2\/media?parent=91544"}],"wp:term":[{"taxonomy":"category","embeddable":true,"href":"https:\/\/www.infokuryr.cz\/n\/wp-json\/wp\/v2\/categories?post=91544"},{"taxonomy":"post_tag","embeddable":true,"href":"https:\/\/www.infokuryr.cz\/n\/wp-json\/wp\/v2\/tags?post=91544"}],"curies":[{"name":"wp","href":"https:\/\/api.w.org\/{rel}","templated":true}]}}