{"id":91539,"date":"2025-11-06T00:16:58","date_gmt":"2025-11-05T23:16:58","guid":{"rendered":"https:\/\/www.infokuryr.cz\/n\/?p=91539"},"modified":"2025-11-05T12:59:49","modified_gmt":"2025-11-05T11:59:49","slug":"startuji-dny-otevrenych-dveri-na-ss-nejvetsi-zajem-byva-o-prvni-terminy","status":"publish","type":"post","link":"https:\/\/www.infokuryr.cz\/n\/2025\/11\/06\/startuji-dny-otevrenych-dveri-na-ss-nejvetsi-zajem-byva-o-prvni-terminy\/","title":{"rendered":"Startuj\u00ed dny otev\u0159en\u00fdch dve\u0159\u00ed na S\u0160 \u2013 nejv\u011bt\u0161\u00ed z\u00e1jem b\u00fdv\u00e1 o prvn\u00ed term\u00edny"},"content":{"rendered":"<div id=\"fb-root\"><\/div>\n<p><strong>Z\u00e1jem o dny otev\u0159en\u00fdch dve\u0159\u00ed na st\u0159edn\u00edch \u0161kol\u00e1ch v\u00a0postcovidov\u00fdch letech stoup\u00e1. Obej\u00edt si i v\u00edce ne\u017e t\u0159i \u0161koly nen\u00ed v\u00fdjimkou. Celkov\u00fd dojem z\u00a0prostor, u\u010ditel\u016f a st\u00e1vaj\u00edc\u00edch student\u016f pat\u0159\u00ed ke kl\u00ed\u010dov\u00fdm faktor\u016fm p\u0159i kone\u010dn\u00e9m v\u00fdb\u011bru \u010di prioritizaci \u0161koly u v\u011bt\u0161iny uchaze\u010d\u016f.<\/strong><\/p>\n<p>S\u00edl\u00edc\u00ed n\u00e1v\u0161t\u011bvnost na dnech otev\u0159en\u00fdch dve\u0159\u00ed zaznamenali na Soukrom\u00e9 st\u0159edn\u00ed \u0161kole v\u00fdpo\u010detn\u00ed techniky (SS\u0160VT) u\u017e p\u0159ed dv\u011bma lety. Ne v\u017edy jde ale o pozitivn\u00ed trend. \u201eVelk\u00e9 davy mohou n\u011bkter\u00e9 uchaze\u010de, nebo sp\u00ed\u0161 jejich pragmatick\u00e9 rodi\u010de, odradit. Kdy\u017e vid\u00ed, jak\u00fd je o \u0161kolu z\u00e1jem, zaleknou se siln\u00e9 konkurence a rad\u011bji vol\u00ed ze sv\u00e9ho pohledu \u201av\u011bt\u0161\u00ed jistotu\u2018 n\u011bkde jinde. Moje rada ale zn\u00ed, aby d\u00edt\u011bti v\u011b\u0159ili a studium vyb\u00edrali podle jeho preferenc\u00ed, jen tak bude d\u00edt\u011b motivov\u00e1no vzd\u011bl\u00e1vat se. P\u0159i v\u00fdb\u011bru \u0161koly nem\u00e1 cenu kalkulovat, pak jsme sv\u011bdky i toho, \u017ee i na gymn\u00e1zia se n\u011bkdy dostane d\u00edt\u011b s v\u00fdsledkem, kter\u00fd naopak na b\u011b\u017en\u00e9 pr\u016fmyslovce nesta\u010d\u00ed,\u201c uvedl \u0159editel SS\u0160VT Martin Vodi\u010dka.<\/p>\n<p>P\u0159es 100 tis\u00edc dev\u00e1\u0165\u00e1k\u016f mus\u00ed m\u00edt jasno do 20. \u00fanora, to je term\u00edn pod\u00e1n\u00ed p\u0159ihl\u00e1\u0161ek na st\u0159edn\u00ed \u0161koly. Ka\u017ed\u00fd uchaze\u010d m\u016f\u017ee podat a\u017e t\u0159i p\u0159ihl\u00e1\u0161ky na obory bez talentov\u00e9 zkou\u0161ky a dv\u011b p\u0159ihl\u00e1\u0161ky na obory s\u00a0talentovou zkou\u0161kou, kl\u00ed\u010dov\u00e9 je v\u0161ak z\u00e1vazn\u00e9 po\u0159ad\u00ed \u0161kol \u201eod nejlep\u0161\u00ed po nejhor\u0161\u00ed\u201c. Definitivn\u00ed rozhodnut\u00ed \u010dasto padne a\u017e na dnech otev\u0159en\u00fdch dve\u0159\u00ed.<\/p>\n<p>Ty se konaj\u00ed na v\u011bt\u0161in\u011b st\u0159edn\u00edch \u0161kol od listopadu do \u00fanora, v n\u011bkolika term\u00ednech. \u201eNejvy\u0161\u0161\u00ed z\u00e1jem b\u00fdv\u00e1 hned zkraje \u0161koln\u00edho roku o prvn\u00ed \u010di druh\u00e9 dny otev\u0159en\u00fdch dve\u0159\u00ed. P\u0159\u00edchoz\u00ed jsou na p\u0159edstavitele \u0161koly p\u0159ipraveni, maj\u00ed ot\u00e1zky a po\u017eaduj\u00ed rozs\u00e1hl\u00e9 informace \u2013 o n\u00e1plni studia, odborn\u00fdch mo\u017enostech \u0161koly nebo uplatn\u011bn\u00ed \u017e\u00e1k\u016f. Uchaze\u010di nep\u0159ich\u00e1z\u00ed sami, ale obvykle v doprovodu rodi\u010d\u016f. Je z\u0159ejm\u00e9, \u017ee drtiv\u00e1 v\u011bt\u0161ina rodin pova\u017euje volbu st\u0159edn\u00ed \u0161koly za z\u00e1sadn\u00ed krok, a chce se do n\u011bj aktivn\u011b zapojit, co\u017e je jenom dob\u0159e,\u201c \u0159ekl Miloslav Jane\u010dek, \u0159editel St\u0159edn\u00ed odborn\u00e9 \u0161koly Jarov (SO\u0160J). Ta disponuje kapacitou 1500 \u017e\u00e1k\u016f ve 40 oborech a na dnech otev\u0159en\u00fdch dve\u0159\u00ed v posledn\u00edch letech p\u0159iv\u00edtala v\u017edy p\u0159es sedm set n\u00e1v\u0161t\u011bvn\u00edk\u016f.<\/p>\n<p>Z\u00e1kladn\u00ed informace o \u0161kol\u00e1ch naleznou uchaze\u010di na internetu. Podle Martina Vodi\u010dky ale lid\u00e9 u\u017e tak\u00e9 pochopili, \u017ee p\u0159\u00edmou zku\u0161enost jim webov\u00e9 str\u00e1nky nenahrad\u00ed. A \u017ee digit\u00e1ln\u00ed obraz \u0161koly m\u016f\u017ee b\u00fdt vzd\u00e1len od reality. \u201e\u010casto se setk\u00e1v\u00e1me s\u00a0n\u00e1v\u0161t\u011bvn\u00edky dn\u016f otev\u0159en\u00fdch dve\u0159\u00ed, kte\u0159\u00ed aktu\u00e1ln\u011b chod\u00ed do ni\u017e\u0161\u00edch ro\u010dn\u00edk\u016f, jsou \u00fazce zam\u011b\u0159eni na IT a u\u017e s\u00a0velk\u00fdm p\u0159edstihem si \u0161koly obch\u00e1zej\u00ed a srovn\u00e1vaj\u00ed. To je to nejlep\u0161\u00ed, co m\u016f\u017ee b\u00fdt. Sp\u00ed\u0161 ne\u017e virtu\u00e1ln\u00ed prohl\u00eddky se \u0161koly sna\u017e\u00ed vyj\u00edt uchaze\u010d\u016fm vst\u0159\u00edc a nab\u00edzet v\u00edkendov\u00e9 nebo ve\u010dern\u00ed term\u00edny dn\u016f otev\u0159en\u00fdch dve\u0159\u00ed, co\u017e je sch\u016fdn\u011bj\u0161\u00ed i pro vyt\u00ed\u017een\u00e9 rodi\u010de. Nezn\u00e1m lep\u0161\u00ed formu, jak p\u0159edstavit \u0161kolu ve\u0159ejnosti. Dojem, kter\u00fd si studenti odn\u00e1\u0161ej\u00ed, b\u00fdv\u00e1 v jejich rozhodov\u00e1n\u00ed o \u0161kole kl\u00ed\u010dov\u00fd,\u201c pouk\u00e1zal Martin Vodi\u010dka, na jeho SS\u0160VT se obvykle jednoho term\u00ednu dn\u016f otev\u0159en\u00fdch dve\u0159\u00ed z\u00fa\u010dastn\u00ed kolem stovky uchaze\u010d\u016f plus doprovod.<\/p>\n<p>N\u011bkter\u00e9 \u0161koly maj\u00ed na dny otev\u0159en\u00fdch dve\u0159\u00ed nachyst\u00e1ny poutav\u00e9 workshopy nebo komentovan\u00e9 prohl\u00eddky t\u0159\u00edd. V\u011bt\u0161ina \u0159editel\u016f v p\u0159\u00edpad\u011b pot\u0159eby umo\u017e\u0148uje tak\u00e9 domluvu individu\u00e1ln\u00edho data. \u201eDny otev\u0159en\u00fdch dve\u0159\u00ed u\u017e v\u016fbec nemus\u00ed znamenat hromadnou akci se spoustou lid\u00ed. Pokud se \u0161koly cht\u011bj\u00ed uchaze\u010d\u016fm v\u011bnovat v\u00edc osobn\u011b, pl\u00e1nuj\u00ed doprovodn\u00fd program pro men\u0161\u00ed skupiny nebo maj\u00ed omezen\u00e9 kapacity, vyu\u017e\u00edvaj\u00ed rezerva\u010dn\u00ed syst\u00e9m. Nap\u0159\u00edklad o v\u00edkendu tak m\u016f\u017ee \u0161kola rozprost\u0159\u00edt n\u00e1v\u0161t\u011bvy do cel\u00e9ho dne a zajistit u\u017e\u0161\u00ed kontakt u\u010ditel\u016f s\u00a0uchaze\u010di. D\u00edky rezerva\u010dn\u00edmu syst\u00e9mu prob\u011bhne v\u0161e plynule, ani\u017e by lid\u00e9 st\u00e1li fronty \u010di se ne\u0159\u00edzen\u011b hromadili na \u0161koln\u00edch chodb\u00e1ch, sv\u00e9 vyu\u017eit\u00ed m\u00e1 i p\u0159i sjedn\u00e1v\u00e1n\u00ed individu\u00e1ln\u00edch prohl\u00eddek, konzultac\u00ed, z\u00e1pis\u016f nebo talentov\u00fdch zkou\u0161ek,\u201c p\u0159ibl\u00ed\u017eil Pavel Ivon, st\u0159edo\u0161kolsk\u00fd pedagog a spoluautor rezerva\u010dn\u00edho syst\u00e9mu pro \u0161koly Reservando.<\/p>\n<p>Co ur\u010dit\u011b ud\u011blat na dnech otev\u0159en\u00fdch dve\u0159\u00ed?<\/p>\n<ol>\n<li><strong> NEFORM\u00c1LN\u00cd HOVORY NA CHODB\u00c1CH<\/strong><\/li>\n<\/ol>\n<p>Zku\u0161enosti sou\u010dasn\u00fdch \u010di b\u00fdval\u00fdch student\u016f \u0161koly jsou \u010dasto pro uchaze\u010de nejhodnotn\u011bj\u0161\u00ed referenc\u00ed. \u201eI v\u00a0netradi\u010dn\u00edch hodin\u00e1ch a o v\u00edkendech se dn\u016f otev\u0159en\u00fdch dve\u0159\u00ed \u00fa\u010dastn\u00ed jak u\u010ditelsk\u00fd sbor, tak studenti a leckdy tak\u00e9 absolventi. N\u00e1v\u0161t\u011bvn\u00edci se proto nejv\u00edc dozv\u011bd\u00ed z neform\u00e1ln\u00edch hovor\u016f s nimi. Z\u00e1jemce by se nem\u011bl b\u00e1t p\u0159i prohl\u00eddce \u0161koly polo\u017eit sou\u010dasn\u00e9mu studentovi ot\u00e1zku, jak si ve \u0161kole vede nebo jak\u00e9 maj\u00ed u\u010ditel\u00e9 n\u00e1roky. I t\u00edmto m\u016f\u017ee b\u00fdt jeho n\u00e1zor na \u0161kolu ovlivn\u011bn,\u201c doporu\u010dil \u0159editel Martin Vodi\u010dka.<\/p>\n<ol>\n<li><strong> JD\u011aTE I DO \u00daTROB \u0160KOLY<\/strong><\/li>\n<\/ol>\n<p>P\u0159i prohl\u00eddce budovy je mo\u017en\u00e9 nakouknout t\u0159eba do \u0161aten, j\u00eddelny nebo na soci\u00e1ln\u00ed za\u0159\u00edzen\u00ed. Maxim\u00e1ln\u00ed d\u016fle\u017eitost m\u00e1 v\u0161ak vybaven\u00ed \u0161koly, IT u\u010debny a technologie, kter\u00e9 prov\u00e1zej\u00ed praktickou v\u00fduku a p\u0159\u00edpravu \u017e\u00e1k\u016f na budouc\u00ed povol\u00e1n\u00ed. \u201eNap\u0159\u00edklad stavebn\u00ed a d\u0159eva\u0159sk\u00e9 obory by m\u011bly m\u00edt k dispozici \u0161pi\u010dkov\u011b vybaven\u00e9 d\u00edlny a pro studenty zahradnick\u00fdch obor\u016f je velk\u00fdm p\u0159\u00ednosem vlastn\u00ed \u0161koln\u00ed zahrada s unik\u00e1tn\u00edmi sklen\u00edky a rostlinami,\u201c nast\u00ednil Miloslav Jane\u010dek.<\/p>\n<ol>\n<li><strong> OT\u00c1ZKY NAD R\u00c1MEC V\u00ddUKY<\/strong><\/li>\n<\/ol>\n<p>D\u00e1le uchaze\u010de nej\u010dast\u011bji zaj\u00edmaj\u00ed krit\u00e9ria p\u0159ijet\u00ed, p\u0159\u00edpadn\u011b pravidla odvol\u00e1n\u00ed, \u00fasp\u011bchy student\u016f a absolvent\u016f \u0161koly, nab\u00eddka mimo\u0161koln\u00edch aktivit, mo\u017enosti zahrani\u010dn\u00edch st\u00e1\u017e\u00ed \u010di prosp\u011bchov\u00fdch stipendi\u00ed. \u201eStejn\u011b cenn\u00fdm indik\u00e1torem \u00farovn\u011b \u0161koly, ale v ot\u00e1zk\u00e1ch uchaze\u010d\u016f mo\u017en\u00e1 trochu opom\u00edjen\u00fdm je mno\u017estv\u00ed firemn\u00edch partner\u016f \u0161koly a \u010dlenstv\u00ed v odborn\u00fdch ce\u0161\u00edch a spole\u010denstvech. Seri\u00f3zn\u00ed partne\u0159i se prop\u016fj\u010duj\u00ed ke spolupr\u00e1ci jen s t\u011bmi \u0161kolami, u kter\u00fdch maj\u00ed garantov\u00e1nu odbornou kvalitu v\u00fduky, a tedy i absolvent\u016f,\u201c pouk\u00e1zal \u0159editel SO\u0160J Miloslav Jane\u010dek.<\/p>\n<p>S\u00a0t\u00edm souhlas\u00ed i \u0159editel \u0161koly zam\u011b\u0159en\u00e9 na IT. \u201ePtejte se u\u010ditel\u016f, co se studenti nau\u010d\u00ed, jak\u00e9 p\u0159edm\u011bty maj\u00ed a jak to jde spole\u010dn\u011b s n\u00e1roky modern\u00edho trhu pr\u00e1ce. Jak\u00fd je z\u00e1jem o absolventy \u0161koly? Uplatn\u011bn\u00ed student\u016f a absolvent\u016f je velmi pr\u016fkazn\u00fd faktor kvality \u0161koly, jeliko\u017e firmy u\u017e zkr\u00e1tka v\u011bd\u00ed a maj\u00ed ov\u011b\u0159eno, kde schopn\u00e9 pracovn\u00edky nab\u00edrat,\u201c dodal Martin Vodi\u010dka.<\/p>\n<p>_____________<\/p>\n<p><strong>ST\u0158EDN\u00cd ODBORN\u00c1 \u0160KOLA JAROV, <\/strong><a href=\"http:\/\/www.skolajarov.cz\/\"><strong>www.skolajarov.cz<\/strong><\/a><\/p>\n<p>St\u0159edn\u00ed odborn\u00e1 \u0161kola Jarov spojuje hned n\u011bkolik r\u016fznorod\u00fdch zam\u011b\u0159en\u00ed \u2013 stavebn\u00ed, d\u0159eva\u0159sk\u00e9, zahradnick\u00e9 a sportovn\u00ed. Nab\u00edz\u00ed vzd\u011bl\u00e1v\u00e1n\u00ed ve \u010dty\u0159let\u00fdch studijn\u00edch a t\u0159\u00edlet\u00fdch u\u010debn\u00edch oborech. Studijn\u00ed obory jsou zakon\u010deny maturitou, u\u010debn\u00ed obory v\u00fdu\u010dn\u00edm listem. Na t\u0159\u00edlet\u00e9 u\u010debn\u00ed obory se d\u00e1 nav\u00e1zat v r\u00e1mci dvoulet\u00e9ho denn\u00edho n\u00e1stavbov\u00e9ho studia zakon\u010den\u00e9ho maturitou. \u0160kola z\u00e1rove\u0148 zaji\u0161\u0165uje v\u00fduku v oborech ur\u010den\u00fdch absolvent\u016fm speci\u00e1ln\u00edch z\u00e1kladn\u00edch \u0161kol nebo \u017e\u00e1k\u016fm se specifick\u00fdmi vzd\u011bl\u00e1vac\u00edmi pot\u0159ebami. U\u010debn\u00ed obory: instalat\u00e9r, kamn\u00e1\u0159, klemp\u00ed\u0159, komin\u00edk, mal\u00ed\u0159, pokr\u00fdva\u010d, podlah\u00e1\u0159, sklen\u00e1\u0159, stroj\u00edrensk\u00e9 pr\u00e1ce, tesa\u0159, truhl\u00e1\u0159, zahradn\u00edk, prodava\u010d kv\u011btin, z\u00e1me\u010dn\u00edk, zedn\u00edk. Maturitn\u00ed obory: d\u0159evostavby, management ve sportu, management ve stavebnictv\u00ed, stavebn\u00ed obnova, technick\u00e1 za\u0159\u00edzen\u00ed budov, zahradnictv\u00ed.<\/p>\n<p><strong>SOUKROM\u00c1 ST\u0158EDN\u00cd \u0160KOLA V\u00ddPO\u010cETN\u00cd TECHNIKY, <\/strong><a href=\"http:\/\/www.sssvt.cz\"><strong>www.sssvt.cz<\/strong><\/a><\/p>\n<p>Soukrom\u00e1 st\u0159edn\u00ed \u0161kola v\u00fdpo\u010detn\u00ed techniky (SS\u0160VT) se od sv\u00e9ho zalo\u017een\u00ed v roce 1994 v\u011bnuje tvorb\u011b a v\u00fduce maturitn\u00edch obor\u016f z\u00a0odv\u011btv\u00ed informa\u010dn\u00edch technologi\u00ed. V sou\u010dasn\u00e9 dob\u011b \u0161kola nab\u00edz\u00ed t\u0159i studijn\u00ed specializace: grafick\u00e9 syst\u00e9my a tvorbu webov\u00fdch str\u00e1nek, spr\u00e1vu po\u010d\u00edta\u010dov\u00fdch s\u00edt\u00ed, programov\u00e1n\u00ed a datab\u00e1zov\u00e9 syst\u00e9my. D\u016fraz na praktickou v\u00fduku podtrhuje modern\u00edm vybaven\u00edm a vysok\u00fdm pod\u00edlem fundovan\u00fdch profesion\u00e1l\u016f v\u00a0\u0159ad\u00e1ch u\u010ditel\u016f. SS\u0160VT je \u010dlenem Sdru\u017een\u00ed soukrom\u00fdch \u0161kol \u010cMS. Ka\u017ed\u00fd rok po\u0159\u00e1d\u00e1 sout\u011b\u017e pro \u017e\u00e1ky z\u00e1kladn\u00edch \u0161kol IT-SLOT.<\/p>\n<p><img decoding=\"async\" loading=\"lazy\" class=\"alignnone size-full wp-image-1185\" src=\"http:\/\/www.infokuryr.cz\/n\/wp-content\/uploads\/2021\/04\/kuryr-podpis.png\" alt=\"\" width=\"84\" height=\"24\" \/><\/p>\n<p>&nbsp;<\/p>\n","protected":false},"excerpt":{"rendered":"<p>Z\u00e1jem o dny otev\u0159en\u00fdch dve\u0159\u00ed na st\u0159edn\u00edch \u0161kol\u00e1ch v\u00a0postcovidov\u00fdch letech stoup\u00e1. Obej\u00edt si i v\u00edce&#8230;<\/p>\n","protected":false},"author":2,"featured_media":706,"comment_status":"closed","ping_status":"closed","sticky":false,"template":"","format":"standard","meta":[],"categories":[6],"tags":[1392,293,331],"_links":{"self":[{"href":"https:\/\/www.infokuryr.cz\/n\/wp-json\/wp\/v2\/posts\/91539"}],"collection":[{"href":"https:\/\/www.infokuryr.cz\/n\/wp-json\/wp\/v2\/posts"}],"about":[{"href":"https:\/\/www.infokuryr.cz\/n\/wp-json\/wp\/v2\/types\/post"}],"author":[{"embeddable":true,"href":"https:\/\/www.infokuryr.cz\/n\/wp-json\/wp\/v2\/users\/2"}],"replies":[{"embeddable":true,"href":"https:\/\/www.infokuryr.cz\/n\/wp-json\/wp\/v2\/comments?post=91539"}],"version-history":[{"count":0,"href":"https:\/\/www.infokuryr.cz\/n\/wp-json\/wp\/v2\/posts\/91539\/revisions"}],"wp:featuredmedia":[{"embeddable":true,"href":"https:\/\/www.infokuryr.cz\/n\/wp-json\/wp\/v2\/media\/706"}],"wp:attachment":[{"href":"https:\/\/www.infokuryr.cz\/n\/wp-json\/wp\/v2\/media?parent=91539"}],"wp:term":[{"taxonomy":"category","embeddable":true,"href":"https:\/\/www.infokuryr.cz\/n\/wp-json\/wp\/v2\/categories?post=91539"},{"taxonomy":"post_tag","embeddable":true,"href":"https:\/\/www.infokuryr.cz\/n\/wp-json\/wp\/v2\/tags?post=91539"}],"curies":[{"name":"wp","href":"https:\/\/api.w.org\/{rel}","templated":true}]}}