{"id":91538,"date":"2025-11-06T00:13:13","date_gmt":"2025-11-05T23:13:13","guid":{"rendered":"https:\/\/www.infokuryr.cz\/n\/?p=91538"},"modified":"2025-11-05T12:56:04","modified_gmt":"2025-11-05T11:56:04","slug":"erik-best-kardinal-duka-stredni-evropa-je-nas-domov","status":"publish","type":"post","link":"https:\/\/www.infokuryr.cz\/n\/2025\/11\/06\/erik-best-kardinal-duka-stredni-evropa-je-nas-domov\/","title":{"rendered":"Erik Best: Kardin\u00e1l Duka &#8211; St\u0159edn\u00ed Evropa je n\u00e1\u0161 domov"},"content":{"rendered":"<div id=\"fb-root\"><\/div>\n<p>Kardin\u00e1l Dominik Duka, kter\u00fd v\u010dera zem\u0159el ve v\u011bku 82 let, ve sv\u00fdch projevech na\u00a0<a href=\"https:\/\/www.psazs.cz\/\" target=\"_blank\" rel=\"noopener\">Svatovojt\u011b\u0161sk\u00fdch konferenc\u00edch<\/a>, podporuj\u00edc\u00edch v\u011bt\u0161\u00ed region\u00e1ln\u00ed spolupr\u00e1ci, zd\u016fraz\u0148oval, \u017ee to, co vytv\u00e1\u0159elo st\u0159edn\u00ed Evropu, je\u00a0<a href=\"https:\/\/www.youtube.com\/watch?v=4MyWWfXOwMY&amp;t=186s\" target=\"_blank\" rel=\"noopener\">hlubok\u00fd duchovn\u00ed ponor<\/a>.<\/p>\n<p>Podle jeho slov\u00a0<a href=\"https:\/\/www.youtube.com\/watch?si=-_bKnZvxqsqN0Ajd&amp;t=155&amp;v=P2CwNaEqkng&amp;feature=youtu.be\" target=\"_blank\" rel=\"noopener\">hraje v\u00a0duchu st\u0159edn\u00ed Evropy svoji roli Praha<\/a>\u00a0a\u00a0jedn\u00edm z\u00a0nejsiln\u011bj\u0161\u00edch protagonist\u016f byl tak\u00e9 V\u00e1clav Havel, spoluinspir\u00e1tor Visegr\u00e1dsk\u00e9 \u010dty\u0159ky. Nem\u016f\u017eeme p\u0159esn\u011b ur\u010dit\u00a0<a href=\"https:\/\/www.youtube.com\/watch?si=emSdr5XiNbCCMWbh&amp;t=1016&amp;v=P2CwNaEqkng&amp;feature=youtu.be\" target=\"_blank\" rel=\"noopener\">hranice, kde je a\u00a0kde nen\u00ed st\u0159edn\u00ed Evropa<\/a>, \u0159ekl Duka, ale je to m\u00edsto, kde se c\u00edt\u00edme doma.<\/p>\n<p>Kdy\u017e p\u0159ed des\u00edtkami let p\u0159ist\u00e1l v\u00a0Kol\u00edn\u011b nad R\u00fdnem na zp\u00e1te\u010dn\u00ed cest\u011b ze sv\u00e9 v\u016fbec prvn\u00ed n\u00e1v\u0161t\u011bvy USA, nem\u011bl pocit, \u017ee je doma. Ale kdy\u017e dojel do Mnichova, tak krom\u011b jazyka u\u017e bylo v\u0161echno stejn\u00e9. A\u00a0ve V\u00eddni pochopil, \u017ee ta byla nebo je na\u0161\u00edm hlavn\u00edm m\u011bstem.<\/p>\n<p>Sv\u00e1 slova na konferenci v\u00a0roce 2022 uzav\u0159el Duka t\u00edm, \u017ee st\u0159edn\u00ed Evropa je n\u00e1\u0161 domov: je to n\u00e1\u0161 osud, na\u0161e kultura, m\u00edsto, kde jsou na\u0161e duchovn\u00ed ko\u0159eny a\u00a0kde v\u00edme, co znamen\u00e1 demokracie. Demokracie, dodal, kter\u00e1 mus\u00ed m\u00edt respekt k\u00a0druh\u00e9mu, kter\u00e9 nem\u016f\u017ee chyb\u011bt p\u0159\u00e1telstv\u00ed a\u00a0kter\u00e1 m\u00e1 duchovn\u00ed rozm\u011br.<\/p>\n<p><a href=\"https:\/\/www.fsfinalword.cz\/?page=archive&amp;day=2025-11-05\">Erik Best<\/a><\/p>\n<p><img decoding=\"async\" loading=\"lazy\" class=\"alignnone  wp-image-1179\" src=\"http:\/\/www.infokuryr.cz\/n\/wp-content\/uploads\/2021\/04\/erik-best.jpg\" alt=\"\" width=\"134\" height=\"151\" \/><\/p>\n<p>&nbsp;<\/p>\n","protected":false},"excerpt":{"rendered":"<p>Kardin\u00e1l Dominik Duka, kter\u00fd v\u010dera zem\u0159el ve v\u011bku 82 let, ve sv\u00fdch projevech na\u00a0Svatovojt\u011b\u0161sk\u00fdch konferenc\u00edch,&#8230;<\/p>\n","protected":false},"author":2,"featured_media":6809,"comment_status":"closed","ping_status":"closed","sticky":false,"template":"","format":"standard","meta":[],"categories":[6],"tags":[374,283,1503],"_links":{"self":[{"href":"https:\/\/www.infokuryr.cz\/n\/wp-json\/wp\/v2\/posts\/91538"}],"collection":[{"href":"https:\/\/www.infokuryr.cz\/n\/wp-json\/wp\/v2\/posts"}],"about":[{"href":"https:\/\/www.infokuryr.cz\/n\/wp-json\/wp\/v2\/types\/post"}],"author":[{"embeddable":true,"href":"https:\/\/www.infokuryr.cz\/n\/wp-json\/wp\/v2\/users\/2"}],"replies":[{"embeddable":true,"href":"https:\/\/www.infokuryr.cz\/n\/wp-json\/wp\/v2\/comments?post=91538"}],"version-history":[{"count":0,"href":"https:\/\/www.infokuryr.cz\/n\/wp-json\/wp\/v2\/posts\/91538\/revisions"}],"wp:featuredmedia":[{"embeddable":true,"href":"https:\/\/www.infokuryr.cz\/n\/wp-json\/wp\/v2\/media\/6809"}],"wp:attachment":[{"href":"https:\/\/www.infokuryr.cz\/n\/wp-json\/wp\/v2\/media?parent=91538"}],"wp:term":[{"taxonomy":"category","embeddable":true,"href":"https:\/\/www.infokuryr.cz\/n\/wp-json\/wp\/v2\/categories?post=91538"},{"taxonomy":"post_tag","embeddable":true,"href":"https:\/\/www.infokuryr.cz\/n\/wp-json\/wp\/v2\/tags?post=91538"}],"curies":[{"name":"wp","href":"https:\/\/api.w.org\/{rel}","templated":true}]}}