{"id":91528,"date":"2025-11-06T00:21:05","date_gmt":"2025-11-05T23:21:05","guid":{"rendered":"https:\/\/www.infokuryr.cz\/n\/?p=91528"},"modified":"2025-11-05T12:32:15","modified_gmt":"2025-11-05T11:32:15","slug":"candace-owens-a-norman-finkelstein-neobvykla-aliance-v-izraelsko-palestinskem-konfliktu","status":"publish","type":"post","link":"https:\/\/www.infokuryr.cz\/n\/2025\/11\/06\/candace-owens-a-norman-finkelstein-neobvykla-aliance-v-izraelsko-palestinskem-konfliktu\/","title":{"rendered":"Candace Owens a Norman Finkelstein: Neobvykl\u00e1 aliance v izraelsko-palestinsk\u00e9m konfliktu"},"content":{"rendered":"<div id=\"fb-root\"><\/div>\n<p><span dir=\"auto\">V pozoruhodn\u00e9m rozhovoru se setk\u00e1vaj\u00ed konzervativn\u00ed koment\u00e1torka Candace Owensov\u00e1 a levicov\u011b sm\u00fd\u0161lej\u00edc\u00ed politolog Norman Finkelstein. Spojuje je ostr\u00e1 kritika izraelsk\u00e9 politiky v Gaze a boj proti tomu, co vn\u00edmaj\u00ed jako syst\u00e9m cenzury a finan\u010dn\u00edho vyd\u00edr\u00e1n\u00ed ve Spojen\u00fdch st\u00e1tech. Rozhovor, kter\u00fd se konal v Owensov\u011b po\u0159adu, vykresluje obraz nov\u00e9, meziideologick\u00e9 aliance prosazuj\u00edc\u00ed kontextualizovan\u00fd pohled na bl\u00edzkov\u00fdchodn\u00ed konflikt.<\/span><\/p>\n<figure class=\"wp-block-embed is-type-video is-provider-youtube wp-block-embed-youtube wp-embed-aspect-16-9 wp-has-aspect-ratio\">\n<div class=\"wp-block-embed__wrapper\"><iframe loading=\"lazy\" title=\"Candace Owens x Norman Finkelstein\" src=\"https:\/\/www.youtube.com\/embed\/5g0IC1ZlcIg?feature=oembed\" width=\"800\" height=\"450\" frameborder=\"0\" allowfullscreen=\"allowfullscreen\" data-mce-fragment=\"1\"><\/iframe><\/div>\n<\/figure>\n<h3><strong><span dir=\"auto\">Gaza: \u201eNejv\u011bt\u0161\u00ed koncentra\u010dn\u00ed t\u00e1bor, jak\u00fd kdy existoval\u201c<\/span><\/strong><\/h3>\n<p><span dir=\"auto\">Norman Finkelstein, syn p\u0159e\u017eiv\u0161\u00edch var\u0161avsk\u00e9ho ghetta a koncentra\u010dn\u00edho t\u00e1bora Majdanek, za\u010d\u00edn\u00e1 ponur\u00fdm historick\u00fdm hodnocen\u00edm. Od zalo\u017een\u00ed St\u00e1tu Izrael v roce 1948 a vyhn\u00e1n\u00ed 750 000 Palestinc\u016f \u2013 z nich\u017e p\u0159ibli\u017en\u011b 300 000 hledalo \u00fato\u010di\u0161t\u011b v Gaze \u2013 je toto \u00fazem\u00ed \u201ehumanit\u00e1rn\u00ed katastrofou\u201c. Cituje \u0159adu mezin\u00e1rodn\u00edch zdroj\u016f, kter\u00e9 Gazu v pr\u016fb\u011bhu desetilet\u00ed opakovan\u011b popisovaly jako \u201ekoncentra\u010dn\u00ed t\u00e1bor\u201c.<\/span><\/p>\n<ul>\n<li><span dir=\"auto\">Dokonce i za egyptsk\u00e9 spr\u00e1vy v 50. letech 20. stolet\u00ed jeden z p\u0159edstavitel\u016f OSN popsal Gazu jako \u201eobrovsk\u00fd koncentra\u010dn\u00ed t\u00e1bor\u201c.<\/span><\/li>\n<li><span dir=\"auto\">V roce 1967, bezprost\u0159edn\u011b pot\u00e9, co Izrael p\u0159evzal kontrolu, sen\u00e1tor Al Gore star\u0161\u00ed popsal Gazu americk\u00e9mu Kongresu jako \u201eobrovsk\u00fd koncentra\u010dn\u00ed t\u00e1bor v p\u00edsku\u201c.<\/span><\/li>\n<li><span dir=\"auto\">V roce 2002 izraelsk\u00fd sociolog Baruch Kimmerling nazval Gazu \u201enejv\u011bt\u0161\u00edm koncentra\u010dn\u00edm t\u00e1borem, jak\u00fd kdy existoval\u201c.<\/span><\/li>\n<li><span dir=\"auto\">V roce 2004 popsal \u0161\u00e9f izraelsk\u00e9 N\u00e1rodn\u00ed bezpe\u010dnostn\u00ed rady Giora Eiland Gazu jako \u201eobrovsk\u00fd koncentra\u010dn\u00ed t\u00e1bor\u201c.<\/span><\/li>\n<\/ul>\n<p><span dir=\"auto\">Izraelsk\u00e1 blok\u00e1da od roku 2006 situaci d\u00e1le zhor\u0161ila. Finkelstein tvrd\u00ed, \u017ee Izrael v Gaze zavedl \u201ehumanit\u00e1rn\u00ed minim\u00e1ln\u00ed dietu\u201c, kdy p\u0159esn\u011b vypo\u010d\u00edt\u00e1val p\u0159\u00edjem kalori\u00ed obyvatelstva a povolil pouze tolik j\u00eddla, aby se zabr\u00e1nilo hladov\u011bn\u00ed. \u00dadajn\u011b byly zak\u00e1z\u00e1ny i polo\u017eky jako ku\u0159ata, \u010dokol\u00e1da, bramb\u016frky a sko\u0159ice, aby se \u017eivotn\u00ed podm\u00ednky staly nesnesiteln\u00fdmi.<\/span><\/p>\n<h3><strong><span dir=\"auto\">7. \u0159\u00edjna: Akt zoufalstv\u00ed, nebo teroristick\u00fd \u010din?<\/span><\/strong><\/h3>\n<p><span dir=\"auto\">Finkelstein p\u0159irovn\u00e1v\u00e1 \u00fatok Ham\u00e1su ze 7. \u0159\u00edjna 2023 k historick\u00e9 paralele: povst\u00e1n\u00ed otrok\u016f Nata Turnera v roce 1831. \u201eStejn\u011b jako Nat Turner v\u011bd\u011bli i mlad\u00ed lid\u00e9 v Gaze, \u017ee se narodili do b\u00eddy, \u017ee v n\u00ed budou str\u00e1dat a \u017ee v n\u00ed zem\u0159ou,\u201c uv\u00e1d\u00ed Finkelstein. Tato \u201eobrovsk\u00e1 propast\u201c mezi jejich aspiracemi a skute\u010dn\u00fdm osudem vedla k zoufal\u00e9mu \u010dinu.<\/span><\/p>\n<p><span dir=\"auto\">Finkelstein zd\u016fraz\u0148uje brutalitu \u00fatoku Ham\u00e1su, ale kritizuje medi\u00e1ln\u00ed pokryt\u00ed, kter\u00e9 ignoruje historick\u00fd kontext: \u201eP\u0159edstavte si, \u017ee byste informovali o Natu Turnerovi, ani\u017e byste zm\u00ednili, \u017ee byl otrokem.\u201c Owens dod\u00e1v\u00e1, \u017ee mnoho lid\u00ed \u2013 v\u010detn\u011b n\u00ed samotn\u00e9 \u2013 se za\u010dalo v\u00e1\u017en\u011b zab\u00fdvat histori\u00ed konfliktu a \u201eprobudilo se\u201c a\u017e po 7. \u0159\u00edjnu.<\/span><\/p>\n<p><span dir=\"auto\">Oba tak\u00e9 pochybuj\u00ed o ofici\u00e1ln\u00ed izraelsk\u00e9 verzi zpr\u00e1vy. Owens m\u00e1 podez\u0159en\u00ed, \u017ee premi\u00e9r Netanjahu mohl \u00fatok \u00famysln\u011b dovolit, aby z\u00edskal z\u00e1minku k masivn\u00ed odvet\u011b. Finkelstein poukazuje na izraelskou aroganci: \u201ePro lidi v Izraeli jsou obyvatel\u00e9 Gazy hav\u011b\u0165, odpadky, lidsk\u00e1 \u0161p\u00edna.\u201c Zpravodajsk\u00e1 slu\u017eba proto varov\u00e1n\u00ed z Gazy nebrala v\u00e1\u017en\u011b.<\/span><\/p>\n<h3><strong><span dir=\"auto\">Cenzura a finan\u010dn\u00ed vyd\u00edr\u00e1n\u00ed: \u201eT\u0159\u00edda \u017eidovsk\u00fdch suprematick\u00fdch miliard\u00e1\u0159\u016f\u201c<\/span><\/strong><\/h3>\n<p><span dir=\"auto\">\u00dast\u0159edn\u00edm t\u00e9matem konverzace je obvin\u011bn\u00ed ze systematick\u00e9 cenzury v USA. Owens a Finkelstein popisuj\u00ed \u201e\u017eidovskou rasistickou miliard\u00e1\u0159skou t\u0159\u00eddu\u201c, kter\u00e1 z\u00e1m\u011brn\u011b uplat\u0148uje vliv, aby potla\u010dila kritiku Izraele.<\/span><\/p>\n<p><span dir=\"auto\">Konkr\u00e9tn\u00ed p\u0159\u00edklady, kter\u00e9 jsou zm\u00edn\u011bny:<\/span><\/p>\n<ul>\n<li><span dir=\"auto\">Odvol\u00e1n\u00ed univerzitn\u00edch prezident\u016f Harvardu a Pennu pod tlakem d\u00e1rc\u016f, jako byl Bill Ackman<\/span><\/li>\n<li><span dir=\"auto\">\u00dadajn\u00e1 platba streameru \u201eDestiny\u201c za debatu s Finkelsteinem ze strany \u201eskupiny na podporu Izraele\u201c<\/span><\/li>\n<li><span dir=\"auto\">Pro studenty, kte\u0159\u00ed se \u00fa\u010dastnili propalestinsk\u00fdch protest\u016f, byly vytvo\u0159eny \u010dern\u00e9 listiny, co\u017e vedlo k tomu, \u017ee nena\u0161li zam\u011bstn\u00e1n\u00ed ve velk\u00fdch pr\u00e1vnick\u00fdch firm\u00e1ch.<\/span><\/li>\n<li><span dir=\"auto\">\u201eDoxingov\u00e9 kamiony\u201c proj\u00ed\u017ed\u011bly univerzitn\u00edmi kampusy a vystavovaly fotografie protestuj\u00edc\u00edch student\u016f a tak\u00e9 pokusy o zastra\u0161ov\u00e1n\u00ed v domovech jejich rodi\u010d\u016f.<\/span><\/li>\n<\/ul>\n<p><span dir=\"auto\">Finkelstein vypr\u00e1v\u00ed o sv\u00fdch vlastn\u00edch zku\u0161enostech: Navzdory vzd\u011bl\u00e1n\u00ed v Princetonu mu byla akademick\u00e1 kari\u00e9ra odep\u0159ena. Po st\u00e1l\u00e9m m\u00edst\u011b na DePaul University byl na popud Alana Dershowitze (Harvard) propu\u0161t\u011bn a n\u00e1sledn\u011b zaps\u00e1n na \u010dernou listinu. \u201eNemohl jsem ani dobrovoln\u011b u\u010dit,\u201c \u0159\u00edk\u00e1 Finkelstein.<\/span><\/p>\n<p><span dir=\"auto\">Owensov\u00e1, kter\u00e1 sama za\u017eila masivn\u00ed nep\u0159\u00e1telstv\u00ed pot\u00e9, co zaujala kritick\u00fd postoj k Izraeli, to shrnuje: \u201ePokud berete kr\u00e1lovsk\u00fd \u0161ilink, bojujete kr\u00e1lovskou v\u00e1lku.\u201c Vyz\u00fdv\u00e1 k obch\u00e1zen\u00ed syst\u00e9mu zevnit\u0159 \u2013 nap\u0159\u00edklad dom\u00e1c\u00edm vzd\u011bl\u00e1v\u00e1n\u00edm nebo zakl\u00e1d\u00e1n\u00edm vlastn\u00edch podnik\u016f, kter\u00e9 obch\u00e1zej\u00ed soci\u00e1ln\u00ed ostrakismus.<\/span><\/p>\n<h3><strong><span dir=\"auto\">\u201eHolocaustov\u00fd pr\u016fmysl\u201c a kr\u00e1de\u017ee identity<\/span><\/strong><\/h3>\n<p><span dir=\"auto\">Owens posouv\u00e1 t\u00e9ma \u201eholocaustov\u00e9ho pr\u016fmyslu\u201c \u2013 n\u00e1zev jedn\u00e9 z Finkelsteinov\u00fdch kontroverzn\u00edch knih \u2013 do extr\u00e9mu, kdy\u017e vypr\u00e1v\u00ed p\u0159\u00edb\u011bh Nicholase Grunera, p\u0159e\u017eiv\u0161\u00edho pochodu smrti v Osv\u011btimi, kter\u00fd tvrdil, \u017ee Elie Wiesel ukradl identitu skute\u010dn\u00e9ho p\u0159e\u017eiv\u0161\u00edho. Finkelstein potvrzuje, \u017ee v pov\u00e1le\u010dn\u00e9m obdob\u00ed existovalo obdob\u00ed, kdy \u201ev\u0161ichni tvrdili, \u017ee jsou p\u0159e\u017eiv\u0161\u00edmi holocaustu\u201c, p\u0159esto\u017ee vyhlazovac\u00ed t\u00e1bory ve skute\u010dnosti p\u0159e\u017eilo m\u00e9n\u011b ne\u017e 100 000 \u017did\u016f.<\/span><\/p>\n<p><span dir=\"auto\">Finkelstein v\u0161ak zd\u016fraz\u0148uje historick\u00fd fakt holocaustu a skute\u010dn\u00e9 utrpen\u00ed sv\u00fdch rodi\u010d\u016f. Jeho kritika se zam\u011b\u0159uje na jeho instrumentalizaci: \u201eNacistick\u00fd holocaust byl nejen zneu\u017eit, ale tak\u00e9 pou\u017eit jako zbra\u0148 k ospravedln\u011bn\u00ed nejr\u016fzn\u011bj\u0161\u00edch v\u011bc\u00ed.\u201c Sou\u010dasn\u00e1 situace v Gaze je p\u0159\u00edkladem toho, jak je vzpom\u00ednka na holocaust instrumentalizov\u00e1na k ospravedln\u011bn\u00ed genocidy.<\/span><\/p>\n<h3><strong><span dir=\"auto\">Pochybnosti o obvin\u011bn\u00edch ze zn\u00e1siln\u011bn\u00ed a medi\u00e1ln\u00ed propagand\u011b<\/span><\/strong><\/h3>\n<p><span dir=\"auto\">Finkelsteinovy \u200b\u200bpochybnosti o zpr\u00e1v\u00e1ch o systematick\u00fdch zn\u00e1siln\u011bn\u00edch Ham\u00e1sem ze 7. \u0159\u00edjna jsou obzvl\u00e1\u0161t\u011b kontroverzn\u00ed. Odkazuje na zpr\u00e1vu OSN od Pramily Pattenov\u00e9, kter\u00e1 sice uv\u00e1d\u00ed, \u017ee existuj\u00ed \u201ejasn\u00e9 a p\u0159esv\u011bd\u010div\u00e9 d\u016fkazy\u201c o zn\u00e1siln\u011bn\u00edch, ale z\u00e1rove\u0148 p\u0159ipou\u0161t\u00ed, \u017ee neexistuj\u00ed \u201e\u017e\u00e1dn\u00e9 l\u00e9ka\u0159sk\u00e9 d\u016fkazy\u201c ani \u201e\u017e\u00e1dn\u00e9 forenzn\u00ed d\u016fkazy\u201c.<\/span><\/p>\n<p><span dir=\"auto\">Finkelstein poukazuje na to, \u017ee Patten\u016fv t\u00fdm analyzoval 5 000 fotografi\u00ed a 50 hodin videoz\u00e1znam\u016f \u2013 v\u010detn\u011b bezpe\u010dnostn\u00edch kamer, t\u011blesn\u00fdch kamer a palubn\u00edch kamer \u2013 a nenalezl \u201e\u017e\u00e1dn\u00e9 fotografick\u00e9 ani digit\u00e1ln\u00ed d\u016fkazy sexu\u00e1ln\u00edho n\u00e1sil\u00ed\u201c. Vzhledem k dne\u0161n\u00ed kultu\u0159e mobiln\u00edch telefon\u016f, kde \u201eka\u017ed\u00fd fotografuje v\u0161echno\u201c, je naprost\u00e1 absence vizu\u00e1ln\u00edch d\u016fkaz\u016f zar\u00e1\u017eej\u00edc\u00ed.<\/span><\/p>\n<p><span dir=\"auto\">Finkelstein ozna\u010duje dokument Sheryl Sandbergov\u00e9 \u201eScreams Before Silence\u201c za \u010dirou propagandu. \u201eNeli\u0161\u00ed se od Leni Riefenstahlov\u00e9,\u201c filma\u0159ky, kter\u00e1 oslavovala nacisty. Sandbergov\u00e1, inteligentn\u00ed absolventka Harvardu, si velmi dob\u0159e uv\u011bdomuje, \u017ee neexistuj\u00ed \u017e\u00e1dn\u00e9 d\u016fkazy, ale ob\u011btuje pravdu \u201ev\u011bci\u201c.<\/span><\/p>\n<h3><strong><span dir=\"auto\">V\u00fdzva k dialogu a svobod\u011b projevu<\/span><\/strong><\/h3>\n<p><span dir=\"auto\">Opakuj\u00edc\u00edm se t\u00e9matem je odm\u00edt\u00e1n\u00ed prominentn\u00edch proizraelsk\u00fdch hlas\u016f debatovat s Finkelsteinem. \u201eBen Shapiro, Sam Harris, Bill Maher \u2013 v\u0161ichni \u017e\u00e1dosti odm\u00edtli,\u201c \u0159ekl Finkelstein. \u201eJestli jste o sv\u00e9m p\u0159esv\u011bd\u010den\u00ed tak p\u0159esv\u011bd\u010deni, tak se mnou debatujte. \u010ceho se m\u00e1te b\u00e1t?\u201c<\/span><\/p>\n<p><span dir=\"auto\">Navzdory sv\u00e9mu odli\u0161n\u00e9mu politick\u00e9mu z\u00e1zem\u00ed Owens a Finkelstein zd\u016fraz\u0148uj\u00ed d\u016fle\u017eitost naslouch\u00e1n\u00ed a dialogu. \u201eCharakter je mnohem lep\u0161\u00edm ukazatelem \u010dlov\u011bka ne\u017e jeho ideologie,\u201c \u0159\u00edk\u00e1 Finkelstein s odvol\u00e1n\u00edm na konzervativn\u00edho historika Raula Hilberga, kter\u00fd ho navzdory ideologick\u00fdm rozd\u00edl\u016fm v\u017edy podporoval.<\/span><\/p>\n<h3><strong><span dir=\"auto\">Z\u00e1v\u011br: Nov\u00e1 aliance pro kontextualizovanou pravdu<\/span><\/strong><\/h3>\n<p><span dir=\"auto\">Rozhovor mezi Owensem a Finkelsteinem p\u0159edstavuje pozoruhodn\u00fd v\u00fdvoj v americk\u00e9 debat\u011b o Izraeli a Palestin\u011b. Zde se setk\u00e1vaj\u00ed konzervativn\u00ed \u010derno\u0161sk\u00fd koment\u00e1tor a levicov\u00fd \u017eidovsk\u00fd v\u011bdec, aby kritizovali izraelskou politiku, cenzuru a zneu\u017e\u00edv\u00e1n\u00ed \u017eidovsk\u00e9ho utrpen\u00ed.<\/span><\/p>\n<p><img decoding=\"async\" loading=\"lazy\" class=\"alignnone size-full wp-image-1185\" src=\"http:\/\/www.infokuryr.cz\/n\/wp-content\/uploads\/2021\/04\/kuryr-podpis.png\" alt=\"\" width=\"84\" height=\"24\" \/><\/p>\n<p>&nbsp;<\/p>\n","protected":false},"excerpt":{"rendered":"<p>V pozoruhodn\u00e9m rozhovoru se setk\u00e1vaj\u00ed konzervativn\u00ed koment\u00e1torka Candace Owensov\u00e1 a levicov\u011b sm\u00fd\u0161lej\u00edc\u00ed politolog Norman Finkelstein&#8230;.<\/p>\n","protected":false},"author":2,"featured_media":91529,"comment_status":"closed","ping_status":"closed","sticky":false,"template":"","format":"standard","meta":[],"categories":[7],"tags":[348,178,107,1052],"_links":{"self":[{"href":"https:\/\/www.infokuryr.cz\/n\/wp-json\/wp\/v2\/posts\/91528"}],"collection":[{"href":"https:\/\/www.infokuryr.cz\/n\/wp-json\/wp\/v2\/posts"}],"about":[{"href":"https:\/\/www.infokuryr.cz\/n\/wp-json\/wp\/v2\/types\/post"}],"author":[{"embeddable":true,"href":"https:\/\/www.infokuryr.cz\/n\/wp-json\/wp\/v2\/users\/2"}],"replies":[{"embeddable":true,"href":"https:\/\/www.infokuryr.cz\/n\/wp-json\/wp\/v2\/comments?post=91528"}],"version-history":[{"count":0,"href":"https:\/\/www.infokuryr.cz\/n\/wp-json\/wp\/v2\/posts\/91528\/revisions"}],"wp:featuredmedia":[{"embeddable":true,"href":"https:\/\/www.infokuryr.cz\/n\/wp-json\/wp\/v2\/media\/91529"}],"wp:attachment":[{"href":"https:\/\/www.infokuryr.cz\/n\/wp-json\/wp\/v2\/media?parent=91528"}],"wp:term":[{"taxonomy":"category","embeddable":true,"href":"https:\/\/www.infokuryr.cz\/n\/wp-json\/wp\/v2\/categories?post=91528"},{"taxonomy":"post_tag","embeddable":true,"href":"https:\/\/www.infokuryr.cz\/n\/wp-json\/wp\/v2\/tags?post=91528"}],"curies":[{"name":"wp","href":"https:\/\/api.w.org\/{rel}","templated":true}]}}