{"id":91525,"date":"2025-11-06T00:20:31","date_gmt":"2025-11-05T23:20:31","guid":{"rendered":"https:\/\/www.infokuryr.cz\/n\/?p=91525"},"modified":"2025-11-05T12:28:25","modified_gmt":"2025-11-05T11:28:25","slug":"brandon-smith-snazi-se-demokrate-rozpoutat-obcanskou-valku","status":"publish","type":"post","link":"https:\/\/www.infokuryr.cz\/n\/2025\/11\/06\/brandon-smith-snazi-se-demokrate-rozpoutat-obcanskou-valku\/","title":{"rendered":"Brandon Smith: Sna\u017e\u00ed se demokrat\u00e9 rozpoutat ob\u010danskou v\u00e1lku?"},"content":{"rendered":"<div id=\"fb-root\"><\/div>\n<div class=\"elementor-element elementor-element-1fb4c2c elementor-widget elementor-widget-theme-post-content\" data-id=\"1fb4c2c\" data-element_type=\"widget\" data-widget_type=\"theme-post-content.default\">\n<div class=\"elementor-widget-container\">\n<p><strong><span dir=\"auto\">P\u0159i studiu modern\u00ed historie vnit\u0159n\u00edch konflikt\u016f se nevyhnuteln\u011b setk\u00e1v\u00e1me s v\u00fdpov\u011b\u010fmi lid\u00ed, kte\u0159\u00ed po krizi \u0159\u00edkali: \u201eTohle jsme ne\u010dekali\u2026\u201c nebo \u201eN\u00e1sil\u00ed se objevilo zni\u010dehonic\u2026\u201c Obvykle se jednalo o lidi, kte\u0159\u00ed ned\u00e1vali pozor a p\u0159e\u017eili jen \u010dirou n\u00e1hodou.<\/span><\/strong><\/p>\n<p><span dir=\"auto\">V posledn\u00ed dob\u011b jsem o t\u00e9to dynamice hodn\u011b p\u0159em\u00fd\u0161lel. Vid\u00edm velkou \u010d\u00e1st americk\u00e9 spole\u010dnosti (asi 25 % populace), kter\u00e1 byla radikalizov\u00e1na nebo vymyta mozky nad r\u00e1mec ve\u0161ker\u00e9ho rozumu a n\u00e1pravy. Tito lid\u00e9 (na levici) funguj\u00ed hluboko v ochrann\u00e9 bublin\u011b propagandy a fanatismu; funguj\u00ed v kolektivn\u00edm v\u011bdom\u00ed, kter\u00e9 se neodchyluje od po\u017eadavk\u016f jejich str\u00e1\u017ec\u016f. Nelze s nimi ani argumentovat, ani je uspokojit. Tou\u017e\u00ed po moci a utrpen\u00ed v\u0161ech, kdo se jim stav\u00ed oponovat.<\/span><\/p>\n<p><span dir=\"auto\">Rozd\u00edl mezi ob\u011bma stranami je vid\u011bt okam\u017eit\u011b. Konzervativci jsou tak nez\u00e1visl\u00ed, \u017ee se mezi sebou neust\u00e1le h\u00e1d\u00e1me. M\u016f\u017eeme se shodnout na z\u00e1kladn\u00edch hodnot\u00e1ch (i tehdy se n\u011bkdy neshodneme), ale v ot\u00e1zk\u00e1ch politiky a jedn\u00e1n\u00ed se jen z\u0159\u00eddka shodneme.<\/span><\/p>\n<p><span dir=\"auto\">Pro politickou levici vede jak\u00fdkoli nesouhlas s v\u011bt\u0161inou k okam\u017eit\u00e9mu vylou\u010den\u00ed. Kolektivn\u00ed my\u0161len\u00ed netoleruje \u017e\u00e1dnou individu\u00e1ln\u00ed vzpouru. Pouze str\u00e1\u017eci br\u00e1ny mohou zm\u011bnit my\u0161len\u00ed nebo posl\u00e1n\u00ed mas.<\/span><\/p>\n<p><span dir=\"auto\">Je proto zvl\u00e1\u0161tn\u00ed, \u017ee tato dichotomie vedla konzervativce s jejich hodnotami svobody a nez\u00e1vislosti k usilov\u00e1n\u00ed o \u0159\u00e1d. Levi\u010d\u00e1ci se svou orwellovskou uniformitou my\u0161len\u00ed naopak sna\u017e\u00ed o chaos a dekonstrukci civilizace. Dalo by se myslet, \u017ee by vztah m\u011bl b\u00fdt obr\u00e1cen\u00fd, ale v\u017edycky to tak bylo.<\/span><\/p>\n<p><span dir=\"auto\">P\u0159i pohledu zp\u011bt na ud\u00e1losti bol\u0161evick\u00e9 revoluce a dlouh\u00fd seznam marxistick\u00fdch ot\u0159es\u016f v Evrop\u011b po prvn\u00ed sv\u011btov\u00e9 v\u00e1lce by Evropany v \u017e\u00e1dn\u00e9m p\u0159\u00edpad\u011b nem\u011blo p\u0159ekvapovat, \u017ee by mohly vzniknout vnit\u0159n\u00ed konflikty. Stejn\u011b tak by je nem\u011blo p\u0159ekvapovat, \u017ee se lid\u00e9 \u0159\u00eddili sv\u00fdm p\u0159irozen\u00fdm sklonem sjednocovat se kolem sv\u00e9ho z\u00e1kladn\u00edho d\u011bdictv\u00ed, m\u00edsto aby se pod\u0159\u00eddili kulturn\u00edmu a mor\u00e1ln\u00edmu relativismu radik\u00e1ln\u00ed levice.<\/span><\/p>\n<p><span dir=\"auto\">Fa\u0161ismus byl tak popul\u00e1rn\u00ed pr\u00e1v\u011b proto, \u017ee nab\u00edzel ochranu p\u0159ed chaosem a degenerac\u00ed komunismu. V\u00e1lka a brutalita, kter\u00e1 n\u00e1sledovala, byly vn\u00edm\u00e1ny jako protiv\u00e1ha. Evropan\u00e9 cht\u011bli zajistit, aby komunist\u00e9 u\u017e nikdy nem\u011bli \u0161anci zp\u016fsobit zk\u00e1zu.<\/span><\/p>\n<p><span dir=\"auto\">Aby bylo jasno: Oba syst\u00e9my vl\u00e1dy jsou autorit\u00e1\u0159sk\u00e9 a mohou v\u00e9st k monstr\u00f3zn\u00edm v\u00fdsledk\u016fm, ale z\u00e1liba komunismu v ekonomick\u00e9 sabot\u00e1\u017ei, davov\u00e9m n\u00e1sil\u00ed a politick\u00e9m n\u00e1sil\u00ed je t\u00e9m\u011b\u0159 v\u017edy p\u0159edzv\u011bst\u00ed fa\u0161istick\u00e9 represe. Ve\u0159ejnost nep\u0159ij\u00edm\u00e1 fa\u0161ismus zni\u010dehonic; mus\u00ed b\u00fdt k tomu donucena existen\u010dn\u00ed hrozbou.<\/span><\/p>\n<p><span dir=\"auto\">Ot\u00e1zkou je, zda lze komunistickou subverzi porazit bez \u201eautorit\u00e1\u0159sk\u00fdch\u201c opat\u0159en\u00ed. Je \u00fastavn\u00ed republika vybavena k tomu, aby se s t\u00edmto druhem hrozby vypo\u0159\u00e1dala? Pokud n\u011bkdo ve va\u0161\u00ed spole\u010dnosti vede v\u00e1lku, existuje zp\u016fsob, jak proti n\u011bmu bojovat a z\u016fstat p\u0159itom civilizovan\u00fd? Pravd\u011bpodobn\u011b ne.<\/span><\/p>\n<p><span dir=\"auto\">To, \u010deho jsme dnes sv\u011bdky v USA a Evrop\u011b, je v ka\u017ed\u00e9m ohledu marxisticko-komunistick\u00e9 povst\u00e1n\u00ed. Je t\u011b\u017ek\u00e9 ur\u010dit, ve kter\u00e9 f\u00e1zi t\u00e9to v\u00e1lky se nach\u00e1z\u00edme. D\u00e1vno jsme p\u0159ekro\u010dili f\u00e1zi propagandy a vlivu davov\u00fdch akc\u00ed a vstoupili jsme do sf\u00e9ry politick\u00e9ho n\u00e1sil\u00ed s \u010detn\u00fdmi pokusy o atent\u00e1t a teroristick\u00fdmi \u00fatoky proti civiln\u00edm c\u00edl\u016fm.<\/span><\/p>\n<p><span dir=\"auto\">Str\u00e1\u017eci br\u00e1ny komunistick\u00e9ho hnut\u00ed \u201eprobuzen\u00fdch\u201c jsou evidentn\u011b demokrati\u010dt\u00ed politici a vlivn\u00e9 medi\u00e1ln\u00ed osobnosti. D\u016fsledn\u011b a aktivn\u011b podn\u011bcuj\u00ed masovou hysterii a n\u00e1sil\u00ed. Vyu\u017e\u00edvaj\u00ed m\u00e9dia k ochran\u011b aktivistick\u00fdch skupin, jako je Antifa, t\u00edm, \u017ee p\u0159edst\u00edraj\u00ed, \u017ee takov\u00e9 organizace neexistuj\u00ed. Kdykoli aktivist\u00e9 zp\u016fsob\u00ed \u00fajmu nebo zabij\u00ed lidi, m\u00e9dia a politi\u010dt\u00ed v\u016fdci tyto \u010diny okam\u017eit\u011b obhajuj\u00ed, jako by byly opr\u00e1vn\u011bn\u00e9.<\/span><\/p>\n<p><span dir=\"auto\">Na ot\u00e1zku, pro\u010d pokra\u010duj\u00ed v militantn\u00ed cest\u011b, demokrat\u00e9 odpov\u00eddaj\u00ed, \u017ee Donald Trump je \u201edikt\u00e1tor a fa\u0161ista\u201c. P\u0159esto se zd\u00e1, \u017ee ti sam\u00ed lid\u00e9 nedok\u00e1\u017eou naj\u00edt jedin\u00fd legitimn\u00ed p\u0159\u00edklad toho, JAK se Trump chov\u00e1 jako dikt\u00e1tor.<\/span><\/p>\n<p><span dir=\"auto\">Deportace neleg\u00e1ln\u00edch imigrant\u016f? V\u011bt\u0161ina zem\u00ed sv\u011bta m\u00e1 z\u00e1kladn\u00ed imigra\u010dn\u00ed z\u00e1kony a vym\u00e1h\u00e1 je mnohem p\u0159\u00edsn\u011bji ne\u017e Trumpova administrativa. \u0160krty ve feder\u00e1ln\u00edch programech a zam\u011bstnanc\u00edch? Prezident je v r\u00e1mci sv\u00fdch pravomoc\u00ed pln\u011b zmocn\u011bn omezit pl\u00fdtv\u00e1n\u00ed ve feder\u00e1ln\u00ed vl\u00e1d\u011b. A co nasazen\u00ed N\u00e1rodn\u00ed gardy v americk\u00fdch m\u011bstech? Demokrati\u010dt\u00ed politici v t\u011bchto m\u011bstech podporovali n\u00e1siln\u00e9 aktivisty a pom\u00e1hali naru\u0161ovat pr\u00e1ci Imigra\u010dn\u00ed a celn\u00ed spr\u00e1vy (ICE), \u010d\u00edm\u017e ohro\u017eovali \u017eivoty policist\u016f. Pokud necht\u011bj\u00ed N\u00e1rodn\u00ed gardu ve sv\u00fdch m\u011bstech, m\u011bli by p\u0159estat v\u00e9st v\u00e1lku proti imigra\u010dn\u00edm \u00fa\u0159edn\u00edk\u016fm.<\/span><\/p>\n<p><span dir=\"auto\">Od Trumpovy p\u0159estavby tane\u010dn\u00edho s\u00e1lu B\u00edl\u00e9ho domu a\u017e po nasazen\u00ed americk\u00fdch vojsk proti pa\u0161er\u00e1k\u016fm drog, v\u0161e, co Trump d\u011bl\u00e1, je demokraty ne\u00fam\u011brn\u011b p\u0159ehnan\u011b zveli\u010dov\u00e1no do sc\u00e9n\u00e1\u0159e \u201ekonce demokracie\u201c. Jejich u\u017eite\u010dn\u00ed, idiot\u0161t\u00ed n\u00e1sledovn\u00edci pak tato tvrzen\u00ed berou jako povolen\u00ed k rozdm\u00fdch\u00e1v\u00e1n\u00ed je\u0161t\u011b v\u011bt\u0161\u00edch nepokoj\u016f.<\/span><\/p>\n<p><span dir=\"auto\">Zejm\u00e9na uzav\u0159en\u00ed vl\u00e1dy se st\u00e1v\u00e1 \u00fast\u0159edn\u00edm bodem t\u00e9to agendy. Sen\u00e1t pot\u0159ebuje pouh\u00fdch p\u011bt hlas\u016f demokrat\u016f k restartov\u00e1n\u00ed vl\u00e1dy s rozumn\u00fdm n\u00e1vrhem z\u00e1kona o financov\u00e1n\u00ed, ale demokrat\u00e9 se odm\u00edtaj\u00ed vzpamatovat. Mezit\u00edm obvi\u0148uj\u00ed republik\u00e1ny z d\u016fsledk\u016f uzav\u0159en\u00ed vl\u00e1dy a z\u00e1m\u011brn\u011b se sna\u017e\u00ed vyu\u017e\u00edt t\u011b\u017ekosti ve\u0159ejnosti jako p\u00e1ku proti konzervativc\u016fm.<\/span><\/p>\n<p><span dir=\"auto\">Trump je ji\u017e nyn\u00ed obvi\u0148ov\u00e1n z dlouhodob\u00e9ho zastaven\u00ed EBT. Demokrat\u00e9 sv\u00e9 publikum dob\u0159e znaj\u00ed. V\u011bd\u00ed, \u017ee arm\u00e1da p\u0159\u00edjemc\u016f dar\u016f je n\u00e1ro\u010dn\u00e1, zlomysln\u00e1 a snadno manipulovateln\u00e1.<\/span><\/p>\n<figure class=\"wp-block-embed aligncenter is-type-video is-provider-youtube wp-block-embed-youtube wp-embed-aspect-16-9 wp-has-aspect-ratio\">\n<div class=\"wp-block-embed__wrapper\"><iframe loading=\"lazy\" title=\"Potravinov\u00e9 l\u00edstky jsou ZRU\u0160ENY a Ameri\u010dan\u00e9 PANIKAJ\u00cd\" src=\"https:\/\/www.youtube.com\/embed\/nTjgk02kq-Y?feature=oembed\" width=\"800\" height=\"450\" frameborder=\"0\" allowfullscreen=\"allowfullscreen\" data-mce-fragment=\"1\"><\/iframe><\/div>\n<\/figure>\n<p><span dir=\"auto\">P\u0159ed t\u00edmto v\u00fdsledkem jsem varoval za\u010d\u00e1tkem tohoto m\u011bs\u00edce: Demokrat\u00e9 usilovn\u011b bojuj\u00ed za prodlou\u017een\u00ed uzav\u0159en\u00ed zem\u011b, proto\u017ee to mezi jejich voli\u010di prohlubuje strach. Pokud se v\u0161ak republik\u00e1ni vzdaj\u00ed, demokrat\u00e9 budou opakovan\u011b hr\u00e1t na stejnou hrozbu ob\u010dansk\u00fdch nepokoj\u016f. Vl\u00e1da z\u016fstane pod jejich kontrolou, i kdy\u017e volby prohr\u00e1li.<\/span><\/p>\n<p><span dir=\"auto\">R\u00e9torika demokrat\u016f je je\u0161t\u011b hor\u0161\u00ed ne\u017e obvykle. P\u0159edseda Demokratick\u00e9 strany Ken Martin ned\u00e1vno v televizi MSNBC prohl\u00e1sil:<\/span><\/p>\n<p><strong><span dir=\"auto\">\u201eSou\u010dasn\u00fdm \u00fakolem Demokratick\u00e9 strany je vyhr\u00e1t volby. Na to se zam\u011b\u0159ujeme. Mo\u017en\u00e1 se ale bl\u00ed\u017e\u00edme k okam\u017eiku, kdy budeme skute\u010dn\u011b \u017e\u00edt v diktatu\u0159e a autorit\u00e1\u0159sk\u00fd re\u017eim zcela rozlo\u017e\u00ed \u00fastavu. Pak u\u017e volby nebudou m\u00edt v\u00fdznam a odpor bude vypadat \u00fapln\u011b jinak. A k tomuto okam\u017eiku se mo\u017en\u00e1 bl\u00ed\u017e\u00edme.\u201c<\/span><\/strong><\/p>\n<p><span dir=\"auto\">Sen\u00e1tor Chuck Schumer tak\u00e9 u\u010dinil provokativn\u00ed prohl\u00e1\u0161en\u00ed vyz\u00fdvaj\u00edc\u00ed k \u201eodporu\u201c proti Trumpovi:<\/span><\/p>\n<p><strong><span dir=\"auto\">\u201eTohle je tyranie. Tohle se d\u011bje v diktatur\u00e1ch&#8230; Je mi jedno, jestli jste demokrat, republik\u00e1n, liber\u00e1l, konzervativec nebo um\u00edrn\u011bn\u00fd \u2013 lid\u00e9 by se proti tomu m\u011bli d\u016frazn\u011b postavit&#8230;\u201c<\/span><\/strong><\/p>\n<p><span dir=\"auto\">V podivn\u00e9 a zjevn\u011b provokativn\u00ed diskusi na MSNBC vyslaly Joy Reid a Jasmine Crockett n\u011bkolik sign\u00e1l\u016f levi\u010d\u00e1k\u016fm a sotva skr\u00fdvaly sv\u00e9 \u00famysly:<\/span><\/p>\n<p><strong><span dir=\"auto\">Joy Reid: \u201e\u017dijeme v dob\u011b, kdy jsou p\u0159\u00edznivci hnut\u00ed MAGA ozbrojeni a\u017e po zuby a nebr\u00e1n\u00ed se ni\u010demu. Proto se ka\u017ed\u00fd mus\u00ed chopit zbran\u00ed \u2013 a\u0165 u\u017e hlasem, protestn\u00edmi transparenty nebo \u010d\u00edmkoli jin\u00fdm, co je nezbytn\u00e9 \u2013 proto\u017ee u\u017e nejde jen o politiku, ale o p\u0159e\u017eit\u00ed.\u201c<\/span><\/strong><\/p>\n<p><strong><span dir=\"auto\">Jasmine Crockett: \u201eRozhodn\u011b, Joy. Tohle je v\u00e1lka, ne bitva. Jde o du\u0161i t\u00e9to zem\u011b, o to, zda demokracie p\u0159e\u017eije, nebo bude rozdrcena fa\u0161ismem. A ano, mus\u00edme se vyzbrojit v\u0161\u00edm, co m\u00e1me \u2013 pravdou, volebn\u00ed \u00fa\u010dast\u00ed a hou\u017eevnatost\u00ed. Druh\u00e1 strana n\u00e1m u\u017e d\u00e1vno vyhl\u00e1sila v\u00e1lku.\u201c<\/span><\/strong><\/p>\n<p><span dir=\"auto\">\u0158ada demokrat\u016f na soci\u00e1ln\u00edch s\u00edt\u00edch d\u00e1v\u00e1 jednozna\u010dn\u011b najevo, \u017ee si p\u0159eje smrt konzervativc\u016f a pon\u00ed\u017een\u00ed \u010di eliminaci Trumpov\u00fdch spojenc\u016f. Pokud znovu z\u00edskaj\u00ed v\u011bt\u0161inu ve vl\u00e1d\u011b a chop\u00ed se moci, konzervativci podle nich zaplat\u00ed stra\u0161livou cenu za to, \u017ee se jim odv\u00e1\u017eili postavit.<\/span><\/p>\n<p><span dir=\"auto\">Ale pokud, jak tvrd\u00ed, \u017eijeme ve fa\u0161istick\u00e9m re\u017eimu, jak mohou o\u010dek\u00e1vat n\u00e1vrat k moci? Pokud jsou volby st\u00e1le mo\u017enost\u00ed, pak levice nem\u016f\u017ee br\u00e1t sv\u00e1 tvrzen\u00ed o fa\u0161ismu p\u0159\u00edli\u0161 v\u00e1\u017en\u011b.<\/span><\/p>\n<p><span dir=\"auto\">Dokonal\u00fdm p\u0159\u00edkladem jsou volby starosty New Yorku, kter\u00e9 se odv\u00edjej\u00ed p\u0159esn\u011b tak, jak jsem p\u0159edpov\u00eddal p\u0159ed m\u011bs\u00edci. Zohran Mamdani (socialista\/komunista s bohat\u00fdmi rodi\u010di, kter\u00fd pop\u00edj\u00ed \u0161ampa\u0148sk\u00e9) je v pr\u016fzkumech daleko p\u0159ed v\u0161emi ostatn\u00edmi kandid\u00e1ty. Jak jsem poznamenal na za\u010d\u00e1tku kampan\u011b, Mamdani je p\u0159irozen\u00fdm koncov\u00fdm bodem politick\u00e9 levice \u2013 kombinac\u00ed v\u0161ech skupin, kter\u00e9 nen\u00e1vid\u00ed z\u00e1padn\u00ed civilizaci, soust\u0159ed\u011bn\u00fdch v jedin\u00e9 osob\u011b.<\/span><\/p>\n<p><span dir=\"auto\">Demokrat\u00e9 zdvojn\u00e1sobuj\u00ed \u00fasil\u00ed. Mamdani se o tom hrd\u011b zm\u00ednil ve sv\u00e9m ned\u00e1vn\u00e9m p\u0159edvolebn\u00edm projevu a argumentoval, \u017ee spr\u00e1vnou cestou pro demokraty je slep\u011b j\u00edt vp\u0159ed. Jin\u00fdmi slovy, nem\u011bli by se zab\u00fdvat sv\u00fdm dlouh\u00fdm seznamem ne\u00fasp\u011bch\u016f, ale st\u0159emhlav se vrhnout do radik\u00e1ln\u00edho chaosu.<\/span><\/p>\n<figure class=\"wp-block-embed aligncenter is-type-video is-provider-youtube wp-block-embed-youtube wp-embed-aspect-16-9 wp-has-aspect-ratio\">\n<div class=\"wp-block-embed__wrapper\"><iframe loading=\"lazy\" title=\"Mamdani z\u00edsk\u00e1v\u00e1 podporu od Sanderse a AOC, kdy\u017e v New Yorku za\u010d\u00edn\u00e1 p\u0159ed\u010dasn\u00e9 hlasov\u00e1n\u00ed\" src=\"https:\/\/www.youtube.com\/embed\/8SMcVJ7gklA?feature=oembed\" width=\"800\" height=\"450\" frameborder=\"0\" allowfullscreen=\"allowfullscreen\" data-mce-fragment=\"1\"><\/iframe><\/div>\n<\/figure>\n<p><span dir=\"auto\">V\u00fdznamn\u00ed demokrat\u00e9 jako AOC a Bernie Sanders otev\u0159en\u011b podporuj\u00ed Mamdaniho. A\u0165 se v\u00e1m to l\u00edb\u00ed nebo ne, toto je kurz, kter\u00fdm se jejich strana ub\u00edr\u00e1, co\u017e znamen\u00e1, \u017ee n\u00e1siln\u00fd konflikt je nevyhnuteln\u00fd. Pokud to demokrat\u00e9 mysl\u00ed se svou r\u00e9torikou o \u201epomst\u011b\u201c konzervativc\u016fm, jakmile se vr\u00e1t\u00ed k moci, v\u00e1\u017en\u011b (nen\u00ed d\u016fvod si myslet, \u017ee si d\u011blaj\u00ed legraci), pak pravidla p\u0159e\u017eit\u00ed vel\u00ed, \u017ee levici se u\u017e nikdy nesm\u00ed dovolit dostat k moci.<\/span><\/p>\n<p><span dir=\"auto\">Pokud budou demokrati\u010dt\u00ed v\u016fdci i nad\u00e1le br\u00e1nit deportaci neleg\u00e1ln\u00edch migrant\u016f a vyhro\u017eovat imigra\u010dn\u00edm \u00fa\u0159edn\u00edk\u016fm, Ameri\u010dan\u00e9 budou st\u00e1le v\u00edce podporovat z\u00e1sah N\u00e1rodn\u00ed gardy. Ve\u0159ejnost by dokonce mohla up\u0159ednostnit zat\u010den\u00ed t\u011bchto politik\u016f.<\/span><\/p>\n<p><span dir=\"auto\">Kdy\u017e levi\u010d\u00e1ci volaj\u00ed po masov\u00e9m n\u00e1sil\u00ed kv\u016fli ztr\u00e1t\u011b d\u00e1vek SNAP, mus\u00ed b\u00fdt ti, kdo tuto situaci dodr\u017euj\u00ed, zat\u010deni nebo deportov\u00e1ni. N\u011bkdo m\u016f\u017ee nesouhlasit s \u00fastavnost\u00ed t\u00e9to reakce, ale cesta, kter\u00e1 n\u00e1s sem dovedla, je nepopirateln\u00e1. Levi\u010d\u00e1ci tyto reakce provokuj\u00ed; znemo\u017e\u0148uj\u00ed m\u00edrov\u00e9 \u0159e\u0161en\u00ed.<\/span><\/p>\n<p><span dir=\"auto\">Ve sv\u00e9m chov\u00e1n\u00ed za\u0161li tak daleko, \u017ee si mus\u00edm kl\u00e1st ot\u00e1zku: D\u011blaj\u00ed to \u00famysln\u011b, aby vyvolali ob\u010danskou v\u00e1lku, nebo autorit\u00e1\u0159skou reakci? Opravdu v\u011b\u0159\u00ed, \u017ee mohou vyu\u017e\u00edt n\u00e1rodn\u00ed nestabilitu jako zbra\u0148 k dosa\u017een\u00ed sv\u00fdch c\u00edl\u016f?<\/span><\/p>\n<p><span dir=\"auto\">Moje dlouhodob\u00e1 teorie, u\u017e od doby, kdy Trump kandidoval v roce 2016, je, \u017ee p\u0159edstavuje dokonal\u00e9ho ob\u011btn\u00edho ber\u00e1nka za kolaps USA zp\u016fsoben\u00fd levi\u010d\u00e1ky\/globalisty. Ve skute\u010dnosti u\u017e mnoho let tvrd\u00edm, \u017ee pokud by skute\u010dn\u00ed konzervativci a vlastenci (ne neokonzervativci) n\u011bkdy z\u00edskali legitimn\u00ed vl\u00e1dn\u00ed moc, elity by syst\u00e9m jednodu\u0161e zhroutily a vypadaly by, jako by to byla na\u0161e chyba.<\/span><\/p>\n<p><span dir=\"auto\">Zd\u00e1 se, \u017ee se tento pl\u00e1n odv\u00edj\u00ed. Progresivn\u00ed str\u00e1\u017eci br\u00e1ny vyu\u017e\u00edvaj\u00ed krajn\u011b levicov\u00e9 aktivisty jako potravu pro d\u011bla k vyvol\u00e1n\u00ed krize nebo ob\u010dansk\u00e9 v\u00e1lky.<\/span><\/p>\n<p><span dir=\"auto\">Vzpome\u0148te si na bol\u0161evickou revoluci: Str\u00e1\u017eci br\u00e1ny podn\u00edtili revoluci chud\u00fdch a d\u011blnick\u00e9 t\u0159\u00eddy, p\u0159esto Lenin i Trockij poch\u00e1zeli z bohat\u00fdch rodin vy\u0161\u0161\u00ed st\u0159edn\u00ed t\u0159\u00eddy (jako Mamdani). Sakra, Karl Marx poch\u00e1zel z rodiny vy\u0161\u0161\u00ed st\u0159edn\u00ed t\u0159\u00eddy a o\u017eenil se s bohatou man\u017eelkou. Kdy\u017e ho dostihly dluhy a odm\u00edtnut\u00ed udr\u017eet si st\u00e1l\u00e9 zam\u011bstn\u00e1n\u00ed, \u017eil z pen\u011bz bohat\u00fdch mecen\u00e1\u0161\u016f.<\/span><\/p>\n<p><span dir=\"auto\">Str\u00e1\u017eci levice z\u0159\u00eddka sd\u00edlej\u00ed boje utla\u010dovan\u00fdch d\u011bln\u00edk\u016f, kter\u00e9 \u00fadajn\u011b zastupuj\u00ed, a m\u00edsto toho pou\u017e\u00edvaj\u00ed d\u011blnickou t\u0159\u00eddu a chud\u00e9 pouze jako n\u00e1stroje k z\u00edsk\u00e1n\u00ed moci a zni\u010den\u00ed sv\u00fdch ideologick\u00fdch nep\u0159\u00e1tel.<\/span><\/p>\n<p><span dir=\"auto\">P\u0159esn\u011b to d\u011blaj\u00ed demokrati\u010dt\u00ed v\u016fdci s du\u0161evn\u011b nemocnou ch\u00e1trou, kterou kolem sebe shrom\u00e1\u017edili. Obracej\u00ed tento naivn\u00ed a naru\u0161en\u00fd dav proti srdci zem\u011b v nad\u011bji, \u017ee vyvolaj\u00ed dostate\u010dn\u00fd chaos, aby Trump, konzervativci, nacionalist\u00e9, my v\u0161ichni, byli obvin\u011bni z nekompromisn\u00ed reakce, kter\u00e1 n\u00e1sleduje.<\/span><\/p>\n<p><span dir=\"auto\">Mo\u017en\u00e1 doufaj\u00ed, \u017ee konzervativci bez rozd\u00edlu nasko\u010d\u00ed na rozjet\u00fd vlak totality a nechaj\u00ed n\u00e1s b\u00fdt vyl\u00ed\u010deni jako padou\u0161i. Domn\u00edv\u00e1m se, \u017ee progresivist\u00e9 podce\u0148uj\u00ed odhodl\u00e1n\u00ed pr\u016fm\u011brn\u00e9ho Ameri\u010dana obnovit po\u0159\u00e1dek. Vyl\u00ed\u010den\u00ed se jako ob\u011bti jim tentokr\u00e1t pravd\u011bpodobn\u011b nez\u00edsk\u00e1 mnoho sympati\u00ed ve\u0159ejnosti.<\/span><\/p>\n<p><span dir=\"auto\">Je t\u011b\u017ek\u00e9 \u0159\u00edci, jak\u00fd bude kone\u010dn\u00fd v\u00fdsledek, ale je pro m\u011b t\u011b\u017ek\u00e9 si p\u0159edstavit takov\u00fd, kter\u00fd by nezahrnoval v\u00fdznamn\u00fd konflikt a bohu\u017eel i krveprolit\u00ed. A up\u0159\u00edmn\u011b \u0159e\u010deno, v\u011bt\u0161ina z toho pravd\u011bpodobn\u011b zas\u00e1hne levici. Douf\u00e1m, \u017ee si pro svou vlastn\u00ed sebez\u00e1chovu uv\u011bdom\u00ed, \u017ee jsou jen zneu\u017e\u00edv\u00e1ni k prosazov\u00e1n\u00ed n\u011bjak\u00e9 agendy a \u017ee jejich str\u00e1\u017ec\u016fm je vlastn\u011b jedno, co se s nimi nakonec stane.<\/span><\/p>\n<\/div>\n<\/div>\n<div class=\"elementor-element elementor-element-8c57238 quelle dc-has-condition dc-condition-empty elementor-widget elementor-widget-heading\" data-id=\"8c57238\" data-element_type=\"widget\" data-widget_type=\"heading.default\">\n<div class=\"elementor-widget-container\">\n<h3 class=\"elementor-heading-title elementor-size-default\"><span style=\"font-size: 10pt;\"><a href=\"https:\/\/alt-market.us\/are-democrats-trying-to-start-a-civil-war\/\" target=\"_blank\" rel=\"nofollow noopener\"><span dir=\"auto\">Zdroj<\/span><\/a><\/span><\/h3>\n<p>&nbsp;<\/p>\n<\/div>\n<\/div>\n","protected":false},"excerpt":{"rendered":"<p>P\u0159i studiu modern\u00ed historie vnit\u0159n\u00edch konflikt\u016f se nevyhnuteln\u011b setk\u00e1v\u00e1me s v\u00fdpov\u011b\u010fmi lid\u00ed, kte\u0159\u00ed po krizi&#8230;<\/p>\n","protected":false},"author":2,"featured_media":91526,"comment_status":"closed","ping_status":"closed","sticky":false,"template":"","format":"standard","meta":[],"categories":[7],"tags":[1042,1310,1401,37],"_links":{"self":[{"href":"https:\/\/www.infokuryr.cz\/n\/wp-json\/wp\/v2\/posts\/91525"}],"collection":[{"href":"https:\/\/www.infokuryr.cz\/n\/wp-json\/wp\/v2\/posts"}],"about":[{"href":"https:\/\/www.infokuryr.cz\/n\/wp-json\/wp\/v2\/types\/post"}],"author":[{"embeddable":true,"href":"https:\/\/www.infokuryr.cz\/n\/wp-json\/wp\/v2\/users\/2"}],"replies":[{"embeddable":true,"href":"https:\/\/www.infokuryr.cz\/n\/wp-json\/wp\/v2\/comments?post=91525"}],"version-history":[{"count":1,"href":"https:\/\/www.infokuryr.cz\/n\/wp-json\/wp\/v2\/posts\/91525\/revisions"}],"predecessor-version":[{"id":91527,"href":"https:\/\/www.infokuryr.cz\/n\/wp-json\/wp\/v2\/posts\/91525\/revisions\/91527"}],"wp:featuredmedia":[{"embeddable":true,"href":"https:\/\/www.infokuryr.cz\/n\/wp-json\/wp\/v2\/media\/91526"}],"wp:attachment":[{"href":"https:\/\/www.infokuryr.cz\/n\/wp-json\/wp\/v2\/media?parent=91525"}],"wp:term":[{"taxonomy":"category","embeddable":true,"href":"https:\/\/www.infokuryr.cz\/n\/wp-json\/wp\/v2\/categories?post=91525"},{"taxonomy":"post_tag","embeddable":true,"href":"https:\/\/www.infokuryr.cz\/n\/wp-json\/wp\/v2\/tags?post=91525"}],"curies":[{"name":"wp","href":"https:\/\/api.w.org\/{rel}","templated":true}]}}