{"id":91522,"date":"2025-11-06T00:18:01","date_gmt":"2025-11-05T23:18:01","guid":{"rendered":"https:\/\/www.infokuryr.cz\/n\/?p=91522"},"modified":"2025-11-05T12:23:29","modified_gmt":"2025-11-05T11:23:29","slug":"trump-udajne-planuje-pozemni-jednotky-a-utoky-dronu-proti-kartelum-v-mexiku","status":"publish","type":"post","link":"https:\/\/www.infokuryr.cz\/n\/2025\/11\/06\/trump-udajne-planuje-pozemni-jednotky-a-utoky-dronu-proti-kartelum-v-mexiku\/","title":{"rendered":"Trump \u00fadajn\u011b pl\u00e1nuje pozemn\u00ed jednotky a \u00fatoky dron\u016f proti kartel\u016fm v Mexiku"},"content":{"rendered":"<div id=\"fb-root\"><\/div>\n<div class=\"elementor-element elementor-element-1fb4c2c elementor-widget elementor-widget-theme-post-content\" data-id=\"1fb4c2c\" data-element_type=\"widget\" data-widget_type=\"theme-post-content.default\">\n<div class=\"elementor-widget-container\">\n<p><span dir=\"auto\">USA \u00fadajn\u011b pl\u00e1nuj\u00ed\u00a0<\/span><strong><span dir=\"auto\">vyslat do Mexika voj\u00e1ky a d\u016fstojn\u00edky tajn\u00fdch slu\u017eeb<\/span><\/strong><span dir=\"auto\">\u00a0, aby\u00a0<\/span><strong><span dir=\"auto\">se zam\u011b\u0159ili na drogov\u00e9 kartely , uvedli v pond\u011bl\u00ed\u00a0<\/span><\/strong><em><span dir=\"auto\">televizi NBC News<\/span><\/em><span dir=\"auto\">\u00a0b\u00fdval\u00ed i sou\u010dasn\u00ed ameri\u010dt\u00ed p\u0159edstavitel\u00e9\u00a0.<\/span><\/p>\n<p><span dir=\"auto\">Podle zpr\u00e1vy\u00a0<\/span><strong><span dir=\"auto\">ji\u017e za\u010dal v\u00fdcvik pro takovou misi<\/span><\/strong><span dir=\"auto\">\u00a0, uvedli dva sou\u010dasn\u00ed ameri\u010dt\u00ed p\u0159edstavitel\u00e9, a\u010dkoli nasazen\u00ed v Mexiku\u00a0<\/span><strong><span dir=\"auto\">nen\u00ed na spadnut\u00ed<\/span><\/strong><span dir=\"auto\">\u00a0. Pl\u00e1n p\u0159edpokl\u00e1d\u00e1\u00a0nasazen\u00ed\u00a0<\/span><strong><span dir=\"auto\">americk\u00fdch voj\u00e1k\u016f i person\u00e1lu CIA na m\u00edst\u011b v Mexiku ,\u00a0<\/span><\/strong><strong><span dir=\"auto\">v\u010detn\u011b \u00fatok\u016f dron\u016f proti c\u00edl\u016fm kartel\u016f<\/span><\/strong><span dir=\"auto\">\u00a0. Pokud by byl realizov\u00e1n, znamenalo by to\u00a0<\/span><strong><span dir=\"auto\">v\u00fdznamnou eskalaci<\/span><\/strong><span dir=\"auto\">\u00a0prob\u00edhaj\u00edc\u00ed kampan\u011b prezidenta\u00a0<\/span><strong><span dir=\"auto\">Donalda Trumpa proti latinskoamerick\u00fdm drogov\u00fdm kartel\u016fm<\/span><\/strong><span dir=\"auto\">\u00a0.<\/span><\/p>\n<p><span dir=\"auto\">\u201eTrumpova administrativa je odhodl\u00e1na pou\u017e\u00edt\u00a0<\/span><strong><span dir=\"auto\">multiagenturn\u00ed p\u0159\u00edstup<\/span><\/strong><span dir=\"auto\">\u00a0k boji proti hrozb\u011b kartel\u016f pro americk\u00e9 ob\u010dany,\u201c \u0159ekl televizi NBC vysok\u00fd vl\u00e1dn\u00ed \u00fa\u0159edn\u00edk.<\/span><\/p>\n<p><span dir=\"auto\">Pokud bude mise schv\u00e1lena, vl\u00e1da \u00fadajn\u011b pl\u00e1nuje\u00a0<\/span><strong><span dir=\"auto\">operaci utajit<\/span><\/strong><span dir=\"auto\">\u00a0a\u00a0<\/span><strong><span dir=\"auto\">\u017e\u00e1dn\u00e9 \u00fatoky nezve\u0159ejnit<\/span><\/strong><span dir=\"auto\">\u00a0\u2013 na rozd\u00edl od \u00fatok\u016f na lod\u011b kartel\u016f v Karibiku a Tichomo\u0159\u00ed, kter\u00e9 byly zdokumentov\u00e1ny videoz\u00e1znamy a na kter\u00e9 Trump v minulosti upozor\u0148oval.<\/span><\/p>\n<p><span dir=\"auto\">Pl\u00e1n po\u010d\u00edt\u00e1 s\u00a0<\/span><strong><span dir=\"auto\">\u00fatoky dron\u016f na drogov\u00e9 laborato\u0159e v Mexiku<\/span><\/strong><span dir=\"auto\">\u00a0a tak\u00e9 na\u00a0<\/span><strong><span dir=\"auto\">p\u0159edn\u00ed \u0161\u00e9fy kartel\u016f<\/span><\/strong><span dir=\"auto\">\u00a0, uvedli \u00fa\u0159edn\u00edci pro NBC News. Mise nem\u00e1\u00a0<\/span><strong><span dir=\"auto\">za c\u00edl podkopat mexickou vl\u00e1du<\/span><\/strong><span dir=\"auto\">\u00a0.<\/span><\/p>\n<p><span dir=\"auto\">Nasazen\u00e9 americk\u00e9 jednotky budou sest\u00e1vat p\u0159ev\u00e1\u017en\u011b z \u010dlen\u016f\u00a0<\/span><strong><span dir=\"auto\">Spole\u010dn\u00e9ho velitelstv\u00ed speci\u00e1ln\u00edch operac\u00ed (JSOC)<\/span><\/strong><span dir=\"auto\">\u00a0, kter\u00e9 p\u016fsob\u00ed pod veden\u00edm\u00a0<\/span><strong><span dir=\"auto\">americk\u00fdch zpravodajsk\u00fdch slu\u017eeb<\/span><\/strong><span dir=\"auto\">\u00a0, uvedli dva sou\u010dasn\u00ed p\u0159edstavitel\u00e9. P\u0159edchoz\u00ed americk\u00e9 administrativy vyu\u017e\u00edvaly CIA v operac\u00edch na podporu mexick\u00e9 vl\u00e1dy proti kartel\u016fm, ale\u00a0<\/span><strong><span dir=\"auto\">nikdy se p\u0159\u00edmo vojensky ne\u00fa\u010dastnily<\/span><\/strong><span dir=\"auto\">\u00a0, jak p\u0159edpokl\u00e1d\u00e1 tento pl\u00e1n.<\/span><\/p>\n<p><span dir=\"auto\">CIA\u00a0<\/span><strong><span dir=\"auto\">a B\u00edl\u00fd d\u016fm<\/span><\/strong><span dir=\"auto\">\u00a0zpo\u010d\u00e1tku nereagovaly\u00a0<\/span><strong><span dir=\"auto\">na \u017e\u00e1dosti<\/span><\/strong><span dir=\"auto\">\u00a0o koment\u00e1\u0159\u00a0od\u00a0<\/span><em><span dir=\"auto\">Nadace Daily Caller News .<\/span><\/em><\/p>\n<\/div>\n<\/div>\n<div class=\"elementor-element elementor-element-8c57238 quelle dc-has-condition dc-condition-empty elementor-widget elementor-widget-heading\" data-id=\"8c57238\" data-element_type=\"widget\" data-widget_type=\"heading.default\">\n<div class=\"elementor-widget-container\">\n<h3 class=\"elementor-heading-title elementor-size-default\"><span style=\"font-size: 10pt;\"><a href=\"https:\/\/dailycaller.com\/2025\/11\/03\/trump-reportedly-planning-ground-troops-drone-strikes-on-cartels-in-mexico\/\" target=\"_blank\" rel=\"nofollow noopener\"><span dir=\"auto\">Zdroj<\/span><\/a><\/span><\/h3>\n<p>&nbsp;<\/p>\n<\/div>\n<\/div>\n","protected":false},"excerpt":{"rendered":"<p>USA \u00fadajn\u011b pl\u00e1nuj\u00ed\u00a0vyslat do Mexika voj\u00e1ky a d\u016fstojn\u00edky tajn\u00fdch slu\u017eeb\u00a0, aby\u00a0se zam\u011b\u0159ili na drogov\u00e9 kartely&#8230;<\/p>\n","protected":false},"author":2,"featured_media":91523,"comment_status":"closed","ping_status":"closed","sticky":false,"template":"","format":"standard","meta":[],"categories":[7],"tags":[289,396,452,723],"_links":{"self":[{"href":"https:\/\/www.infokuryr.cz\/n\/wp-json\/wp\/v2\/posts\/91522"}],"collection":[{"href":"https:\/\/www.infokuryr.cz\/n\/wp-json\/wp\/v2\/posts"}],"about":[{"href":"https:\/\/www.infokuryr.cz\/n\/wp-json\/wp\/v2\/types\/post"}],"author":[{"embeddable":true,"href":"https:\/\/www.infokuryr.cz\/n\/wp-json\/wp\/v2\/users\/2"}],"replies":[{"embeddable":true,"href":"https:\/\/www.infokuryr.cz\/n\/wp-json\/wp\/v2\/comments?post=91522"}],"version-history":[{"count":0,"href":"https:\/\/www.infokuryr.cz\/n\/wp-json\/wp\/v2\/posts\/91522\/revisions"}],"wp:featuredmedia":[{"embeddable":true,"href":"https:\/\/www.infokuryr.cz\/n\/wp-json\/wp\/v2\/media\/91523"}],"wp:attachment":[{"href":"https:\/\/www.infokuryr.cz\/n\/wp-json\/wp\/v2\/media?parent=91522"}],"wp:term":[{"taxonomy":"category","embeddable":true,"href":"https:\/\/www.infokuryr.cz\/n\/wp-json\/wp\/v2\/categories?post=91522"},{"taxonomy":"post_tag","embeddable":true,"href":"https:\/\/www.infokuryr.cz\/n\/wp-json\/wp\/v2\/tags?post=91522"}],"curies":[{"name":"wp","href":"https:\/\/api.w.org\/{rel}","templated":true}]}}