{"id":91509,"date":"2025-11-06T00:12:49","date_gmt":"2025-11-05T23:12:49","guid":{"rendered":"https:\/\/www.infokuryr.cz\/n\/?p=91509"},"modified":"2025-11-05T11:58:11","modified_gmt":"2025-11-05T10:58:11","slug":"mir-neni-ani-zadouci-ani-dovoleny","status":"publish","type":"post","link":"https:\/\/www.infokuryr.cz\/n\/2025\/11\/06\/mir-neni-ani-zadouci-ani-dovoleny\/","title":{"rendered":"M\u00edr nen\u00ed ani \u017e\u00e1douc\u00ed, ani dovolen\u00fd"},"content":{"rendered":"<div id=\"fb-root\"><\/div>\n<p class=\"bodytext\"><strong><span dir=\"auto\">Kdy\u017e Prusko v \u00fanoru 1812 uzav\u0159elo s Franci\u00ed obrannou a \u00fato\u010dnou alianci proti Rusku, Carl von Clausewitz rezignoval na svou hodnost. Vstoupil do rusk\u00e9 arm\u00e1dy, aby mohl bojovat proti Napoleonovi jako \u201esvobodn\u00fd Prusko\u201c. Ve sv\u00e9m manifestu z roku 1812 vyj\u00e1d\u0159il, co si mysleli i ostatn\u00ed d\u016fstojn\u00edci, kte\u0159\u00ed jednali podobn\u011b:<\/span><\/strong><\/p>\n<p class=\"bodytext\"><span dir=\"auto\">\u201e\u010clov\u011bk poni\u017euje sebe i n\u00e1rod t\u00edm, \u017ee ze strachu bojuje za vl\u00e1du, kter\u00e1 je na\u0161\u00edm nejhor\u0161\u00edm nep\u0159\u00edtelem, p\u0159ipravila n\u00e1s o na\u0161i velikost a zneu\u017eila n\u00e1s do krajnosti.\u201c<\/span><\/p>\n<p class=\"bodytext\"><span dir=\"auto\">Ve\u010der p\u0159ed V\u00e1noci roku 1812 se v N\u011bmecku roznesla zpr\u00e1va, \u017ee francouzsk\u00e1 arm\u00e1da byla v Rusku zni\u010dena. V zemi se probudila nad\u011bje na osvobozen\u00ed od ciz\u00ed nadvl\u00e1dy.<\/span><\/p>\n<p class=\"bodytext\"><span dir=\"auto\">Poselstv\u00ed Carla von Clausewitze bylo pravdiv\u00e9 tehdy a plat\u00ed i dnes: \u201e\u010clov\u011bk poni\u017euje sebe i n\u00e1rod t\u00edm, \u017ee ze strachu bojuje za vl\u00e1du, kter\u00e1 je na\u0161\u00edm nejhor\u0161\u00edm nep\u0159\u00edtelem, p\u0159ipravila n\u00e1s o na\u0161i velikost a zach\u00e1zela s n\u00e1mi do krajnosti.\u201c<\/span><\/p>\n<p class=\"bodytext\"><span dir=\"auto\">Dnes, kdy\u017e tato feder\u00e1ln\u00ed vl\u00e1da chce z n\u011bjak\u00e9ho absurdn\u00edho d\u016fvodu v\u00e9st v\u00e1lku proti Rusku, kolik N\u011bmc\u016f si mysl\u00edte, \u017ee se dobrovoln\u011b p\u0159ihl\u00e1s\u00ed do v\u00e1lky, v\u00e1lky, kter\u00e1 bude proti nim samotn\u00fdm?<\/span><\/p>\n<h3 class=\"bodytext\"><strong><span dir=\"auto\">Probl\u00e9my na\u0161\u00ed doby<\/span><\/strong><\/h3>\n<p class=\"bodytext\"><span dir=\"auto\">Je to z\u0159ejm\u00e9: Vl\u00e1da se v\u017edy uj\u00edm\u00e1 \u00fa\u0159adu s mand\u00e1tem \u0159e\u0161it probl\u00e9my, kter\u00e9 tr\u00e1p\u00ed lid. Jak\u00fd jin\u00fd d\u016fvod maj\u00ed lid\u00e9 pro vl\u00e1du?<\/span><\/p>\n<p class=\"bodytext\"><span dir=\"auto\">Vl\u00e1dy v\u0161ak tento mand\u00e1t ji\u017e nepln\u00ed. Ot\u00e1zka: T\u0159ese se n\u011bmeck\u00fd lid skute\u010dn\u011b p\u0159ed hrozbou rusk\u00e9 invaze? Takov\u00e9 tvrzen\u00ed samoz\u0159ejm\u011b okam\u017eit\u011b vyvol\u00e1v\u00e1 ot\u00e1zku, pro\u010d by Rusov\u00e9 proboha \u00fato\u010dili na Spolkovou republiku?<\/span><\/p>\n<p class=\"bodytext\"><span dir=\"auto\">V sou\u010dasn\u00e9 dob\u011b neexistuj\u00ed \u017e\u00e1dn\u00e9 n\u00e1znaky ani logick\u00e9 d\u016fvody, kter\u00e9 by nazna\u010dovaly, \u017ee by takov\u00e9 chov\u00e1n\u00ed Rus\u016f bylo pravd\u011bpodobn\u00e9. P\u0159ita\u017een\u00e9 za vlasy d\u016fvody, kter\u00e9 pe\u010dliv\u011b vym\u00fd\u0161lej\u00ed, poch\u00e1zej\u00ed z \u0159\u00ed\u0161e absurdity.<\/span><\/p>\n<p class=\"bodytext\"><span dir=\"auto\">Vl\u00e1da Spolkov\u00e9 republiky N\u011bmecko, spolu s dal\u0161\u00edmi vl\u00e1dami v Evrop\u011b, se stala emocion\u00e1ln\u011b posedlou a zcela odtr\u017eenou od ve\u0161ker\u00e9 reality absurdn\u00ed my\u0161lenkou a v\u011b\u0159\u00ed, \u017ee nen\u00ed cesty zp\u011bt. Popsat tuto \u0161\u00edlenou situaci jako \u201ezvr\u00e1cenou\u201c je hrub\u00e9 podcen\u011bn\u00ed.<\/span><\/p>\n<p class=\"bodytext\"><span dir=\"auto\">Nen\u00ed tedy divu, \u017ee pov\u011bst feder\u00e1ln\u00ed vl\u00e1dy mezi lidmi nen\u00ed p\u0159\u00edli\u0161 vysok\u00e1. Ale takov\u00e1 skute\u010dnost \u00fadajn\u011b v dne\u0161n\u00ed demokracii nem\u00e1 v\u016fbec \u017e\u00e1dn\u00fd vliv. Na lidech nez\u00e1le\u017e\u00ed.<\/span><\/p>\n<p class=\"bodytext\"><span dir=\"auto\">Vznik\u00e1 podez\u0159en\u00ed, \u017ee \u00fadajn\u00e1 hrozba z Ruska je vl\u00e1dou vyu\u017e\u00edv\u00e1na jako odv\u00e1d\u011bc\u00ed taktika k vynucen\u00ed poslu\u0161nosti od vzpurn\u00e9ho a nespokojen\u00e9ho obyvatelstva. P\u0159edev\u0161\u00edm v\u0161ak m\u00e1 \u00fadajn\u00e1 hrozba odv\u00e9st pozornost od skute\u010dnosti, \u017ee m\u00e1me vl\u00e1du, kter\u00e1 nen\u00ed ochotna a naprosto neschopna \u0159e\u0161it skute\u010dn\u00e9 probl\u00e9my.<\/span><\/p>\n<h3 class=\"bodytext\"><strong><span dir=\"auto\">Ukrajin\u011b doch\u00e1zej\u00ed lid\u00e9 ochotn\u00ed zem\u0159\u00edt<\/span><\/strong><\/h3>\n<p class=\"bodytext\"><span dir=\"auto\">M\u00fdtus o hrozb\u011b je tak udr\u017eov\u00e1n. A sou\u010dasn\u00e1 v\u00e1lka na Ukrajin\u011b mus\u00ed pokra\u010dovat. Jinak by se cel\u00e1 \u201elogika\u201c politik\u016f zhroutila. Je v\u0161ak t\u0159eba p\u0159edpokl\u00e1dat, \u017ee tito politici nemaj\u00ed pon\u011bt\u00ed, jak se dnes v\u00e1l\u010d\u00ed.<\/span><\/p>\n<p class=\"bodytext\"><span dir=\"auto\">V\u00e1lka dnes u\u017e nen\u00ed v\u00e1lkou jako za Clausewitze. Dnes jsou voj\u00e1ci na boji\u0161ti loveni drony. Boji\u0161t\u011b je pro p\u0159esilu nep\u0159\u00edtele zcela transparentn\u00ed. Zb\u00fdvaj\u00edc\u00ed elitn\u00ed ukrajin\u0161t\u00ed voj\u00e1ci proto odm\u00edtaj\u00ed b\u00fdt beznad\u011bjn\u011b ob\u011btov\u00e1ni na front\u011b.<\/span><\/p>\n<p class=\"bodytext\"><span dir=\"auto\">Dokonce si m\u016f\u017eete prohl\u00e9dnout ukrajinsk\u00e9 h\u0159bitovy pomoc\u00ed dron\u016f, kde na hrobech vlaj\u00ed nespo\u010detn\u00e9 vlajky. Cel\u00e1 generace ukrajinsk\u00fdch mu\u017e\u016f le\u017e\u00ed poh\u0159bena v p\u016fd\u011b sv\u00e9 vlasti. Padl\u00ed ve v\u00e1lce, kter\u00e1 byla a je naprosto nesmysln\u00e1. Jde p\u0159ece o to, aby se Ukrajina stala neutr\u00e1ln\u00ed, \u017ee? V\u00e1\u017en\u011b, o to jde? Ano, o to jde. Proto zem\u0159ely miliony lid\u00ed.<\/span><\/p>\n<p class=\"bodytext\"><span dir=\"auto\">A te\u010f, kdy\u017e Ukrajin\u011b doch\u00e1zej\u00ed mu\u017ei, cht\u011bj\u00ed, aby zas\u00e1hl Z\u00e1pad. Proto\u017ee v\u00e1lka koneckonc\u016f mus\u00ed pokra\u010dovat. Nem\u016f\u017eeme p\u0159ece p\u0159ipustit, \u017ee dikt\u00e1tor Putin m\u011bl pravdu. A \u017ee my na Z\u00e1pad\u011b se m\u00fdl\u00edme. A \u017ee my na Z\u00e1pad\u011b jsme tuto v\u00e1lku nakonec vyprovokovali.<\/span><\/p>\n<p class=\"bodytext\"><span dir=\"auto\">Kdo na Z\u00e1pad\u011b tohle \u0159ekne otev\u0159en\u011b a up\u0159\u00edmn\u011b? Viktor Orb\u00e1n za svou up\u0159\u00edmnost zaplatil vysokou cenu. M\u011bl u\u017e d\u00e1vno opustit NATO. Proto\u017ee NATO je nejv\u011bt\u0161\u00ed zlo\u010dineck\u00e1 organizace na\u0161\u00ed doby.<\/span><\/p>\n<p class=\"bodytext\"><span dir=\"auto\">Ot\u00e1zka pro mlad\u00e9 mu\u017ee v zem\u00edch NATO je celkem jednoduch\u00e1: Chcete se \u00fa\u010dastnit v\u00e1lek NATO, nebo ne? Pokud ne, pak prost\u011b mus\u00edte odm\u00edtnout vojenskou slu\u017ebu. \u017d\u00e1dn\u00ed voj\u00e1ci, \u017e\u00e1dn\u00e1 v\u00e1lka. To u\u017e se nau\u010dili i Ameri\u010dan\u00e9.<\/span><\/p>\n<h3 class=\"bodytext\"><strong><span dir=\"auto\">Vysoce placen\u00ed voj\u00e1ci budoucnosti<\/span><\/strong><\/h3>\n<p class=\"bodytext\"><span dir=\"auto\">V USA je tak\u00e9 nedostatek voj\u00e1k\u016f. Proto prob\u00edh\u00e1 velk\u00e1 reklamn\u00ed kampa\u0148. Na stadionech se o v\u00edkendech v polo\u010dase na obrazovk\u00e1ch v\u017edy zobrazuje reklama: za podpis smlouvy se nab\u00edz\u00ed 50 000 dolar\u016f. 50 000 dolar\u016f. To je pro mnoho mlad\u00fdch lid\u00ed spousta pen\u011bz. Poku\u0161en\u00ed je siln\u00e9. A pak: Jak\u00e1 je jejich alternativa? Nezam\u011bstnanost? A mo\u017en\u00e1 jim jde jen o to, \u017e\u00edt klidn\u00fd \u017eivot v N\u011bmecku, Belgii nebo It\u00e1lii? Bez rizika smrti.<\/span><\/p>\n<p class=\"bodytext\"><span dir=\"auto\">V Evrop\u011b je st\u00e1le asi 100 000 americk\u00fdch voj\u00e1k\u016f. Donald Trump o tom hovo\u0159il, dokonce pohrozil jejich sta\u017een\u00edm, aby v\u00e1lku v Evrop\u011b prom\u011bnil ve v\u00e1lku evropskou. Hroz\u00ed velk\u00e9 nebezpe\u010d\u00ed, \u017ee pokud se konflikt na Ukrajin\u011b d\u00e1le roz\u0161\u00ed\u0159\u00ed, Ameri\u010dan\u00e9 budou do v\u00e1lky vta\u017eeni je\u0161t\u011b hloub\u011bji. To nen\u00ed v Americe popul\u00e1rn\u00ed. Zda se v\u0161ak skute\u010dn\u00ed vl\u00e1dci USA skute\u010dn\u011b cht\u011bj\u00ed vojensky st\u00e1hnout z Evropy, je velmi pochybn\u00e9, bez ohledu na to, co Donald \u0159\u00edk\u00e1.<\/span><\/p>\n<h3 class=\"bodytext\"><strong><span dir=\"auto\">Hrozba Evropy pro Rusko<\/span><\/strong><\/h3>\n<p class=\"bodytext\"><span dir=\"auto\">Trump se ve\u0159ejn\u011b distancoval od \u00fa\u010dasti ve v\u00e1lce na Ukrajin\u011b. Tvrd\u00ed, \u017ee v\u0161echny americk\u00e9 zbran\u011b, kter\u00e9 by mohly potenci\u00e1ln\u011b zp\u016fsobit \u0161kodu v samotn\u00e9m Rusku, ji\u017e nejsou pod jeho kontrolou. Trump se nyn\u00ed vn\u00edm\u00e1 pouze jako obchodn\u00edk se zbran\u011bmi \u2013 bezohledn\u00fd a chamtiv\u00fd obchodn\u00edk se zbran\u011bmi. Co z\u00e1le\u017e\u00ed na smrti lid\u00ed, kdy\u017e je tu l\u00e1kadlo velk\u00fdch pen\u011bz?<\/span><\/p>\n<p class=\"bodytext\"><span dir=\"auto\">Ale je prost\u011b nemo\u017en\u00e9 vn\u00edmat Ameriku jako odd\u011blenou od NATO. Proto\u017ee NATO bez Ameriky nem\u00e1 smysl. Trumpovo rozhodnut\u00ed je od sam\u00e9ho za\u010d\u00e1tku obrovsk\u00fdm logick\u00fdm rozporem. Tak kter\u00fd z nich je?<\/span><\/p>\n<p class=\"bodytext\"><span dir=\"auto\">Tak\u017ee v sou\u010dasn\u00e9 dob\u011b m\u00e1me nepr\u016fhlednou situaci, kdy Evropan\u00e9 maj\u00ed ve v\u00e1lce pokra\u010dovat za ka\u017edou cenu, i kdy\u017e ji nezvl\u00e1dnou. Jsou j\u00ed prost\u011b zahlceni na mnoho dal\u0161\u00edch let. Po\u0159\u00e1dnou arm\u00e1du nelze vykouzlit ze vzduchu p\u0159es noc. To bude trvat nejm\u00e9n\u011b deset let. Sou\u010dasn\u00e1 n\u011bmeck\u00e1 arm\u00e1da nen\u00ed po\u0159\u00e1dn\u00e1 arm\u00e1da. Ani britsk\u00e1 arm\u00e1da nen\u00ed po\u0159\u00e1dn\u00e1 arm\u00e1da. Nejlep\u0161\u00ed evropskou arm\u00e1dou v NATO je v tuto chv\u00edli pravd\u011bpodobn\u011b polsk\u00e1 arm\u00e1da. A tohle je NATO, kter\u00e9 chce vyhro\u017eovat Rusku?<\/span><\/p>\n<h3 class=\"bodytext\"><strong><span dir=\"auto\">V\u00e1lka je v Americe nejd\u016fle\u017eit\u011bj\u0161\u00edm obchodn\u00edm modelem<\/span><\/strong><\/h3>\n<p class=\"bodytext\"><span dir=\"auto\">V\u00e1lka je v Americe nejd\u016fle\u017eit\u011bj\u0161\u00edm obchodn\u00edm modelem. To je opravdu v\u0161e, co pot\u0159ebujete v\u011bd\u011bt. Bez obchodn\u00edho modelu v\u00e1lky by se americk\u00e1 ekonomika ocitla ve v\u00e1\u017en\u00e9 krizi. Tak\u017ee v Americe zv\u00edt\u011bzily pen\u00edze. Mor\u00e1lka prohr\u00e1la. Amerika a v\u00e1lka vytvo\u0159ily \u010f\u00e1belsk\u00e9 spojenectv\u00ed, kter\u00e9 u\u017e ani Hollywood nedok\u00e1\u017ee p\u0159ikr\u00e1\u0161lit.<\/span><\/p>\n<p class=\"bodytext\"><span dir=\"auto\">St\u00e1le v\u00edce ob\u010dan\u016f v zemi proto vzn\u00e1\u0161\u00ed ot\u00e1zky po\u017eaduj\u00edc\u00ed ospravedln\u011bn\u00ed bilion\u016f dolar\u016f, kter\u00e9 byly nakonec a nad\u00e1le jsou promrh\u00e1ny, p\u0159esto\u017ee tolik probl\u00e9m\u016f v zemi \u010dek\u00e1 na sv\u00e9 \u0159e\u0161en\u00ed. Je skute\u010dn\u011b zvl\u00e1\u0161tn\u00ed, \u017ee na v\u00e1lku se pen\u00edze v\u017edycky najdou. V\u017edycky.<\/span><\/p>\n<p class=\"bodytext\"><span dir=\"auto\">Krom\u011b zbran\u00ed na zemi jsou dnes kl\u00ed\u010dov\u00e9 satelitn\u00ed sledovac\u00ed syst\u00e9my. Musk\u016fv syst\u00e9m Starlink pokr\u00fdv\u00e1 cel\u00fd sv\u011bt a poskytuje z\u00e1kladn\u00ed technologii, kter\u00e1 umo\u017e\u0148uje Ameri\u010dan\u016fm\/Ukrajinc\u016fm p\u0159esn\u011b zas\u00e1hnout c\u00edle i hluboko v Rusku.<\/span><\/p>\n<p class=\"bodytext\"><span dir=\"auto\">Bude se americk\u00e1 vl\u00e1da opravdu moci z dlouhodob\u00e9ho hlediska omlouvat tvrzen\u00edm, \u017ee se do v\u00e1lky na Ukrajin\u011b nezapojuje? Zbyte\u010dn\u00e1 ot\u00e1zka. Stejn\u011b je to jen zd\u00e1n\u00ed. Proto\u017ee kdekoli je na Zemi v\u00e1lka, Ameri\u010dan\u00e9 tam v\u017edycky jsou. V\u017edycky. Spolu se sv\u00fdmi spojenci.<\/span><\/p>\n<p class=\"bodytext\"><span dir=\"auto\">Jsou proto vyz\u00fdv\u00e1ni, aby \u0161li do v\u00e1lky za Ameri\u010dany. Stejn\u011b jako Napoleon kdysi nutil mu\u017ee ze v\u0161ech mo\u017en\u00fdch zem\u00ed, aby se stali voj\u00e1ky, USA hodlaj\u00ed ud\u011blat tot\u00e9\u017e. A proto daly sv\u00e9mu poskokovi Merzovi odpov\u00eddaj\u00edc\u00ed pokyny. Merz nyn\u00ed svou v\u00e1lkou doh\u00e1n\u00ed n\u011bmeckou ve\u0159ejnost k \u0161\u00edlenstv\u00ed.<\/span><\/p>\n<h3 class=\"bodytext\"><strong><span dir=\"auto\">\u017d\u00e1dn\u00e9 NATO bez Ameriky<\/span><\/strong><\/h3>\n<p class=\"bodytext\"><span dir=\"auto\">Opakuji: Amerika se nem\u016f\u017ee st\u00e1hnout z Evropy. Proto\u017ee bez Ameriky nen\u00ed NATO. A bez NATO nen\u00ed v\u00e1lka v Evrop\u011b. A bez v\u00e1lky v Evrop\u011b nen\u00ed prosperuj\u00edc\u00ed americk\u00e1 ekonomika.<\/span><\/p>\n<p class=\"bodytext\"><span dir=\"auto\">Skute\u010dn\u00fdm probl\u00e9mem pro Ameri\u010dany a NATO je, \u017ee nemohou vyhr\u00e1t v\u00e1lku proti Rusku. Navzdory grandi\u00f3zn\u00edm prohl\u00e1\u0161en\u00edm z posledn\u00edch let je situace Ukrajinc\u016f beznad\u011bjn\u00e1. Ale nikdo na Z\u00e1pad\u011b to nechce p\u0159iznat. Necht\u011bj\u00ed a nemohou.<\/span><\/p>\n<p class=\"bodytext\"><span dir=\"auto\">Proto\u017ee pokud Ukrajina prohraje, prohraje i NATO. Prohraje i Amerika. Trump ale symbolizuje triumf, velkolepost, p\u016fvab a pomp\u00e9zn\u00ed iluze. Z tohoto d\u016fvodu u\u017e o v\u00e1lku nem\u00e1 z\u00e1jem. Koneckonc\u016f nechce b\u00fdt vn\u00edm\u00e1n jako pora\u017een\u00fd.<\/span><\/p>\n<p class=\"bodytext\"><span dir=\"auto\">Trump proto zru\u0161il pl\u00e1novanou sch\u016fzku s Putinem v Budape\u0161ti. A pak znovu zm\u011bnil kurz: od m\u00edrov\u00e9 r\u00e9toriky k dal\u0161\u00edm hrozb\u00e1m. Up\u0159\u00edmn\u011b \u0159e\u010deno: Spolupracovali byste s takov\u00fdm partnerem?<\/span><\/p>\n<p class=\"bodytext\"><span dir=\"auto\">Naproti tomu rusk\u00fd postoj byl od za\u010d\u00e1tku konfliktu jasn\u00fd a jednozna\u010dn\u00fd: p\u0159edev\u0161\u00edm \u017e\u00e1dn\u00e9 \u010dlenstv\u00ed Ukrajiny v NATO, pr\u00e1vo Rus\u016f na sebeur\u010den\u00ed na Ukrajin\u011b a odzbrojen\u00ed.<\/span><\/p>\n<p class=\"bodytext\"><span dir=\"auto\">Jak tohle m\u016f\u017ee \u010dlov\u011bk jako Trump nech\u00e1pat? Sta\u010dilo by se v\u017e\u00edt do situace Ruska. Pak by hned pochopil, pro\u010d Rusov\u00e9 trvaj\u00ed na sv\u00fdch pozic\u00edch. Ud\u011blal by tot\u00e9\u017e, kdyby USA \u010delily podobn\u00e9 hrozb\u011b.<\/span><\/p>\n<h3 class=\"bodytext\"><strong><span dir=\"auto\">Mnoho americk\u00fdch v\u00e1lek<\/span><\/strong><\/h3>\n<p class=\"bodytext\"><span dir=\"auto\">Nejen\u017ee se nekon\u00e1 sch\u016fzka mezi Putinem a Trumpem, ale je nyn\u00ed tak\u00e9 z\u0159ejm\u00e9, \u017ee Trump\u016fv partner Izrael nem\u00e1 v \u00famyslu dodr\u017eovat dohody o p\u0159\u00edm\u011b\u0159\u00ed. Nen\u00ed to \u017e\u00e1dn\u00e9 p\u0159ekvapen\u00ed. Izrael nikdy \u017e\u00e1dnou dohodu o p\u0159\u00edm\u011b\u0159\u00ed nedodr\u017eel.<\/span><\/p>\n<p class=\"bodytext\"><span dir=\"auto\">O necel\u00fd rok pozd\u011bji byl Donald Trump odhalen jako to, k\u00fdm v\u017edycky byl: lh\u00e1\u0159 a podvodn\u00edk historick\u00fdch rozm\u011br\u016f.<\/span><\/p>\n<p class=\"bodytext\"><span dir=\"auto\">Trump je moment\u00e1ln\u011b velmi zanepr\u00e1zdn\u011bn sv\u00fdm nov\u00fdm projektem: gigantick\u00fdm tane\u010dn\u00edm s\u00e1lem jako sou\u010d\u00e1st\u00ed B\u00edl\u00e9ho domu. Koneckonc\u016f, vl\u00e1dce Ameriky chce \u017e\u00edt v luxusn\u00ed n\u00e1dhe\u0159e. Mezit\u00edm velk\u00e1 \u010d\u00e1st jeho lid\u00ed chudne a je j\u00edm st\u00e1le v\u00edce znechucena.<\/span><\/p>\n<p class=\"bodytext\"><span dir=\"auto\">Hroz\u00edc\u00ed v\u00e1lka proti Venezuele tak\u00e9 skon\u010d\u00ed chaosem. Jako v\u0161echny americk\u00e9 v\u00e1lky. Mus\u00edte si ale uv\u011bdomit, \u017ee nejde o v\u00edt\u011bzstv\u00ed ve v\u00e1lk\u00e1ch. Jde prost\u011b o v\u00e1lku samotnou. Jak ji\u017e bylo zm\u00edn\u011bno, v\u00e1lka je obchodn\u00ed model. Nejlukrativn\u011bj\u0161\u00ed obchodn\u00ed model Ameriky. \u010c\u00edm v\u00edce v\u00e1lek, t\u00edm l\u00e9pe. \u010c\u00edm d\u00e9le v\u00e1lky trvaj\u00ed, t\u00edm l\u00e9pe. Tak\u017ee za \u017e\u00e1dn\u00fdch okolnost\u00ed nem\u016f\u017ee nastat situace, kdy Amerika nevede ani jednu v\u00e1lku. To se prost\u011b nem\u016f\u017ee st\u00e1t. Ani za Donalda Trumpa.<\/span><\/p>\n<h3 class=\"bodytext\"><strong><span dir=\"auto\">V\u0161echno se dalo p\u0159edv\u00eddat od za\u010d\u00e1tku<\/span><\/strong><\/h3>\n<p class=\"bodytext\"><span dir=\"auto\">Existuje d\u016fvod, pro\u010d se \u0159\u00edk\u00e1: \u201eJak\u00fd p\u00e1n, takov\u00fd \u010dlov\u011bk.\u201c Tak\u017ee na za\u010d\u00e1tku prezidentstv\u00ed Donalda Trumpa n\u00e1m sta\u010dilo pod\u00edvat se jen na spojence, kter\u00e9 kolem sebe shrom\u00e1\u017edil. Byli a jsou bez v\u00fdjimky v\u0161ichni sionist\u00e9, kte\u0159\u00ed podporuj\u00ed St\u00e1t Izrael. A v\u0161ichni jsou to \u201eneokonzervativci\u201c, tedy neokonzervativci, kte\u0159\u00ed v\u0161ichni podporuj\u00ed zahrani\u010dn\u00ed politiku vojensk\u00fdch intervenc\u00ed. Trump jako m\u00edrotvorce? S takov\u00fdmi lidmi? Nemo\u017en\u00e9.<\/span><\/p>\n<p class=\"bodytext\"><span dir=\"auto\">Lid\u00e9 se ale obvykle dr\u017e\u00ed sv\u00fdch sn\u016f a iluz\u00ed. A Trump tyto nekone\u010dn\u00e9 v\u00e1lky b\u011bhem sv\u00e9 volebn\u00ed kampan\u011b tak vehementn\u011b odsuzoval. Sl\u00edbil, \u017ee k ukon\u010den\u00ed konfliktu na Ukrajin\u011b bude pot\u0159ebovat jen jeden den, jen jeden den. Co se s t\u00edm mu\u017eem stalo?<\/span><\/p>\n<p class=\"bodytext\"><span dir=\"auto\">V rozhovoru pro francouzsk\u00fd den\u00edk \u201eLe Figaro\u201c 29. kv\u011btna 2017 v Pa\u0159\u00ed\u017ei Vladimir Putin uvedl n\u00e1sleduj\u00edc\u00ed:<\/span><\/p>\n<p class=\"bodytext\"><span dir=\"auto\">\u201eJednal jsem se t\u0159emi americk\u00fdmi prezidenty. P\u0159ich\u00e1zej\u00ed a odch\u00e1zej\u00ed. Ale politika se nem\u011bn\u00ed. V\u00edte pro\u010d? Kv\u016fli mocn\u00e9 byrokracii. Kdy\u017e jsou lid\u00e9 zvoleni, mohou m\u00edt p\u00e1r n\u00e1pad\u016f. Ale pak se objev\u00ed tihle p\u00e1nov\u00e9 s aktovkami, dob\u0159e oble\u010den\u00ed, v tmav\u00fdch oblec\u00edch, jako je ten m\u016fj, a\u017e na \u010dervenou kravatu, proto\u017ee nos\u00ed \u010dern\u00e9 nebo modr\u00e9 kravaty. Tito p\u00e1nov\u00e9 vysv\u011btluj\u00ed, jak v\u011bci funguj\u00ed. A v\u0161echno se okam\u017eit\u011b zm\u011bn\u00ed. P\u0159esn\u011b to se d\u011bje s ka\u017edou administrativou.\u201c\u00a0<\/span><\/p>\n<p><em><img decoding=\"async\" loading=\"lazy\" src=\"https:\/\/vg05.met.vgwort.de\/na\/035e4561f3174f1c8018d289de22b43d\" alt=\"\" width=\"1\" height=\"1\" \/><span dir=\"auto\">Od <a href=\"https:\/\/www.anderweltonline.com\/klartext\/klartext-20252\/frieden-nicht-erwuenscht-und-nicht-erlaubt\/\">Hanse-J\u00fcrgena Geesea\u00a0<\/a><\/span><\/em><\/p>\n<p>&nbsp;<\/p>\n","protected":false},"excerpt":{"rendered":"<p>Kdy\u017e Prusko v \u00fanoru 1812 uzav\u0159elo s Franci\u00ed obrannou a \u00fato\u010dnou alianci proti Rusku, Carl&#8230;<\/p>\n","protected":false},"author":2,"featured_media":91510,"comment_status":"closed","ping_status":"closed","sticky":false,"template":"","format":"standard","meta":[],"categories":[7],"tags":[1042,565,40],"_links":{"self":[{"href":"https:\/\/www.infokuryr.cz\/n\/wp-json\/wp\/v2\/posts\/91509"}],"collection":[{"href":"https:\/\/www.infokuryr.cz\/n\/wp-json\/wp\/v2\/posts"}],"about":[{"href":"https:\/\/www.infokuryr.cz\/n\/wp-json\/wp\/v2\/types\/post"}],"author":[{"embeddable":true,"href":"https:\/\/www.infokuryr.cz\/n\/wp-json\/wp\/v2\/users\/2"}],"replies":[{"embeddable":true,"href":"https:\/\/www.infokuryr.cz\/n\/wp-json\/wp\/v2\/comments?post=91509"}],"version-history":[{"count":0,"href":"https:\/\/www.infokuryr.cz\/n\/wp-json\/wp\/v2\/posts\/91509\/revisions"}],"wp:featuredmedia":[{"embeddable":true,"href":"https:\/\/www.infokuryr.cz\/n\/wp-json\/wp\/v2\/media\/91510"}],"wp:attachment":[{"href":"https:\/\/www.infokuryr.cz\/n\/wp-json\/wp\/v2\/media?parent=91509"}],"wp:term":[{"taxonomy":"category","embeddable":true,"href":"https:\/\/www.infokuryr.cz\/n\/wp-json\/wp\/v2\/categories?post=91509"},{"taxonomy":"post_tag","embeddable":true,"href":"https:\/\/www.infokuryr.cz\/n\/wp-json\/wp\/v2\/tags?post=91509"}],"curies":[{"name":"wp","href":"https:\/\/api.w.org\/{rel}","templated":true}]}}