{"id":91462,"date":"2025-11-05T04:53:21","date_gmt":"2025-11-05T03:53:21","guid":{"rendered":"https:\/\/www.infokuryr.cz\/n\/?p=91462"},"modified":"2025-11-05T04:53:21","modified_gmt":"2025-11-05T03:53:21","slug":"petr-pokorny-jsou-spoluzodpovedni-pospisil-a-rychetsky-za-masakry-nozem-ve-vlacich","status":"publish","type":"post","link":"https:\/\/www.infokuryr.cz\/n\/2025\/11\/05\/petr-pokorny-jsou-spoluzodpovedni-pospisil-a-rychetsky-za-masakry-nozem-ve-vlacich\/","title":{"rendered":"Petr Pokorn\u00fd: Jsou spoluzodpov\u011bdn\u00ed Posp\u00ed\u0161il a Rychetsk\u00fd za masakry no\u017eem ve vlac\u00edch?"},"content":{"rendered":"<div id=\"fb-root\"><\/div>\n<div class=\"introtext\">\n<h4 class=\"mt--0\">Sobotn\u00ed \u00fato\u010dn\u00edk z vlaku byl britskou prokuraturou obvin\u011bn z 11 pokus\u016f o vra\u017edu a dal\u0161\u00edch zlo\u010din\u016f. Jeden nejstate\u010dn\u011bj\u0161\u00ed, co \u00fato\u010dn\u00edka zadr\u017eel a zabr\u00e1nil nejhor\u0161\u00edmu, je v kritick\u00e9m stavu. Asi se zept\u00e1te, jak souvis\u00ed Posp\u00ed\u0161il, Rychetsk\u00fd a dal\u0161\u00ed \u010dern\u00fd masov\u00fd vrah s no\u017eem.<\/h4>\n<\/div>\n<div class=\"fulltext\">\n<p id=\"article-news-full-9573411\" class=\"mt--0\">Vzpom\u00edn\u00e1te, jak v Brit\u00e1nii b\u00edl\u00ed klekali p\u0159ed \u010dern\u00fdmi?<\/p>\n<p>Zat\u00edmco fotbalist\u00e9 Walesu, jak jsou zvykl\u00ed z ostrovn\u00edch sout\u011b\u017e\u00ed, p\u0159ed v\u00fdkopem poklekli, aby se vymezili a upozornili na p\u0159etrv\u00e1vaj\u00edc\u00ed rasistick\u00e9 projevy ve spole\u010dnosti, \u010ce\u0161i zn\u00e1m\u00e9 gesto, spojovan\u00e9 s iniciativou Black Lives Matter, p\u0159ed kvalifika\u010dn\u00edm utk\u00e1n\u00edm v Cardiffu neud\u011blali.\u00a0Ost\u0159e se vyjad\u0159ovali nap\u0159\u00edklad Tomio Okamura, m\u00edstop\u0159edseda Poslaneck\u00e9 sn\u011bmovny a \u0161\u00e9f hnut\u00ed SPD \u010di V\u00e1clav Klaus mlad\u0161\u00ed, tehdej\u0161\u00ed p\u0159edseda Trikol\u00f3ry.<\/p>\n<p><strong>To se psal rok 2021.\u00a0<\/strong><\/p>\n<p><strong>A p\u0159edev\u0161\u00edm Tomio Okamura za to musel sn\u00e1\u0161et tvrdou a \u0161pinavou kritiku od lid\u00ed jako je Rychetsk\u00fd, Ji\u0159\u00ed Posp\u00ed\u0161il a dal\u0161\u00ed.\u00a0<\/strong>A kdy\u017e Tomio Okamura dokonce za SPD nechal vyv\u011bsit plak\u00e1t, \u017ee se mus\u00edme p\u0159ed zv\u011brstvy \u010dern\u00fdch s no\u017ei br\u00e1nit, vzniklo peklo na zemi a Posp\u00ed\u0161il dokonce dal na Okamuru a SPD trestn\u00ed ozn\u00e1men\u00ed: \u010dern\u00ed maj\u00ed pr\u00e1vo pod\u0159ez\u00e1vat b\u00edl\u00e9 a\u00a0<strong>masov\u00ed vrazi \u010dern\u00e9 pleti z plak\u00e1t\u016f a odsouzen\u00ed maj\u00ed depresi. Psychickou \u00fajmu, tvrd\u00ed Posp\u00ed\u0161il.\u00a0<\/strong><\/p>\n<p>Tak\u017ee kdy\u017e dal\u0161\u00ed \u010dernoch s dlouh\u00fdm no\u017eem pod\u0159\u00edznul sv\u00e9\u00a0 ob\u011bt\u00ed pod ochranou lid\u00ed, jako je Ji\u0159\u00ed Posp\u00ed\u0161il,\u00a0 Rychetsk\u00fd a dal\u0161\u00ed, i oni jsou p\u0159ece spoluvin\u00edci masakru, proto\u017ee\u00a0spole\u010dnost p\u0159esv\u011bd\u010duj\u00ed, \u017ee ten, kdo pod\u0159\u00edzne 11 lid\u00ed je hodn\u00fd mlad\u00fd mu\u017e maj\u00edc\u00ed m\u00edt ochranu, ale ten zlo\u010dinec Tomio Okamura je hanob\u00ed, proto\u017ee vystav\u00ed na V\u00e1clavsk\u00e9m n\u00e1m\u011bst\u00ed o nich protestn\u00ed\u00a0 plak\u00e1t\u00a0a chud\u00e1ci vrazi se pak boj\u00ed. Boj\u00ed se zab\u00edjet, jsou v depres\u00edch a \u017e\u00e1daj\u00ed &#8222;Posp\u00ed\u0161ily&#8220; o pomoc, aby mohli zab\u00edjet d\u00e1l.<\/p>\n<h3><strong>\u017dijeme je\u0161t\u011b v norm\u00e1ln\u00edm sv\u011bt\u011b?\u00a0<\/strong><\/h3>\n<ul>\n<li>Kdy\u017e je \u0161p\u00edna na silnic\u00edch \u010di v les\u00edch, varujeme na plak\u00e1tech, \u017ee \u0161p\u00edna n\u00e1m ni\u010d\u00ed \u017eivot.<\/li>\n<li>Kdy\u017e m\u00e1me strach, \u017ee n\u00e1m budou \u010dern\u00ed vrazi pod\u0159ez\u00e1vat \u017eeny a d\u011bti a varujeme na plak\u00e1tech, m\u00e1me b\u00fdt potrest\u00e1ni my, proto\u017ee \u010dern\u00ed vrazi s dlouh\u00fdmi no\u017ei jsou n\u00e1sledn\u011b \u0161ikanov\u00e1ni a zab\u00edjej\u00ed se strachem,<\/li>\n<\/ul>\n<p>Dokonce Ji\u0159\u00ed Posp\u00ed\u0161il podal na Tomio Okamuru trestn\u00ed ozn\u00e1men\u00ed, \u017ee t\u00edm mnoho \u010dernoch\u016f rasisticky d\u011bs\u00ed, m\u00edsto aby \u017eeny a d\u011bti nechal pod\u0159\u00edznout a teprve potom si st\u011b\u017eoval. A policie a st\u00e1tn\u00ed z\u00e1stupce se k tomuto zv\u011brstvu p\u0159ipojili. P\u0159ece fotbalista hraje fotbal a vrah vra\u017ed\u00ed. \u010cern\u00fd nap\u0159\u00edklad s no\u017ei. A\u00a0<strong>Tomio Okamura je zlo: br\u00e1n\u00ed \u017eeny a hol\u010di\u010dky a zoufal\u00fd vrah pl\u00e1\u010de, \u017ee nesm\u00ed nikoho pod\u0159ez\u00e1vat a t\u00edm mu Okamura p\u016fsob\u00ed trauma.<\/strong><\/p>\n<p>Ji\u0159\u00ed Posp\u00ed\u0161il za to \u017e\u00e1d\u00e1 pro Tomia Okamuru trest a dal na n\u011bj za v\u00fdstrahu na plak\u00e1tu trestn\u00ed ozn\u00e1men\u00ed, proto\u017ee vrah se uvid\u00ed a je vystra\u0161en.<\/p>\n<p>A dal\u0161\u00ed paradox: uka\u017eme si na n\u011bj humorn\u00fdm cit\u00e1tem<br \/>\n<img decoding=\"async\" loading=\"lazy\" class=\"aligncenter\" src=\"https:\/\/www.skrytapravda.cz\/images\/2025\/cit%C3%A1t.webp\" alt=\"cit\u00e1t\" width=\"845\" height=\"170\" \/><\/p>\n<p>Samoz\u0159ejm\u011b Posp\u00ed\u0161il a dal\u0161\u00ed nejsou trestn\u011b pr\u00e1vn\u011b vinni v pomoci masov\u00e9 vra\u017edy nejen 11 ob\u010dan\u016f ve vlaku, ale mor\u00e1ln\u011b ano: \u00famysln\u00e9 \u017ealoby a odsudky t\u011bch, co ve\u0159ejn\u011b ukazuj\u00ed na zlo a dokonce\u00a0 na vra\u017edy v podstat\u011b d\u00e1vaj\u00ed volnou ruku masov\u00fdm vrah\u016fm. Tak\u017ee Ji\u0159\u00ed Posp\u00ed\u0161il, Rychetsk\u00fd a dal\u0161\u00ed jsou mor\u00e1ln\u011b odpov\u011bdni za masakry p\u00e1chan\u00e9 no\u017ei na nevinn\u00fdch ob\u011btech! A b\u00edl\u00ed \u010ce\u0161i masov\u011b nikdy, nikdy no\u017ei nepod\u0159ez\u00e1vali krky! To je jin\u00e1 &#8222;kultura&#8220;! Lze snadno empiricky dok\u00e1zat!<\/p>\n<p><strong>Uv\u011bdomuj\u00ed si to v\u016fbec policajti, st\u00e1tn\u00ed z\u00e1stupci a i soudci v\u010detn\u011b politick\u00e9ho udava\u010de Ji\u0159\u00edho Posp\u00ed\u0161ila, \u017ee jsou mor\u00e1ln\u00ed spolupachatel\u00e9? Je\u0161t\u011b jednou: mor\u00e1ln\u00ed spolupachatel\u00e9!<\/strong><\/p>\n<p><a href=\"https:\/\/www.skrytapravda.cz\/z-domova\/2850-jsou-spoluzodpovedni-pospisil-a-rychetsky-za-masakry-nozem-ve-vlacich\">Petr Pokorn\u00fd<\/a><\/p>\n<p>&nbsp;<\/p>\n<\/div>\n","protected":false},"excerpt":{"rendered":"<p>Sobotn\u00ed \u00fato\u010dn\u00edk z vlaku byl britskou prokuraturou obvin\u011bn z 11 pokus\u016f o vra\u017edu a dal\u0161\u00edch&#8230;<\/p>\n","protected":false},"author":2,"featured_media":91463,"comment_status":"closed","ping_status":"closed","sticky":false,"template":"","format":"standard","meta":[],"categories":[6],"tags":[1503,5566,444,5264],"_links":{"self":[{"href":"https:\/\/www.infokuryr.cz\/n\/wp-json\/wp\/v2\/posts\/91462"}],"collection":[{"href":"https:\/\/www.infokuryr.cz\/n\/wp-json\/wp\/v2\/posts"}],"about":[{"href":"https:\/\/www.infokuryr.cz\/n\/wp-json\/wp\/v2\/types\/post"}],"author":[{"embeddable":true,"href":"https:\/\/www.infokuryr.cz\/n\/wp-json\/wp\/v2\/users\/2"}],"replies":[{"embeddable":true,"href":"https:\/\/www.infokuryr.cz\/n\/wp-json\/wp\/v2\/comments?post=91462"}],"version-history":[{"count":0,"href":"https:\/\/www.infokuryr.cz\/n\/wp-json\/wp\/v2\/posts\/91462\/revisions"}],"wp:featuredmedia":[{"embeddable":true,"href":"https:\/\/www.infokuryr.cz\/n\/wp-json\/wp\/v2\/media\/91463"}],"wp:attachment":[{"href":"https:\/\/www.infokuryr.cz\/n\/wp-json\/wp\/v2\/media?parent=91462"}],"wp:term":[{"taxonomy":"category","embeddable":true,"href":"https:\/\/www.infokuryr.cz\/n\/wp-json\/wp\/v2\/categories?post=91462"},{"taxonomy":"post_tag","embeddable":true,"href":"https:\/\/www.infokuryr.cz\/n\/wp-json\/wp\/v2\/tags?post=91462"}],"curies":[{"name":"wp","href":"https:\/\/api.w.org\/{rel}","templated":true}]}}