{"id":91439,"date":"2025-11-05T00:24:06","date_gmt":"2025-11-04T23:24:06","guid":{"rendered":"https:\/\/www.infokuryr.cz\/n\/?p=91439"},"modified":"2025-11-04T12:50:45","modified_gmt":"2025-11-04T11:50:45","slug":"nemecka-falesna-vlajka-merzuv-skandal-vybusna-obvineni-ze-simulovanych-utoku-dronu-za-ucelem-nafouknuti-obranneho-rozpoctu","status":"publish","type":"post","link":"https:\/\/www.infokuryr.cz\/n\/2025\/11\/05\/nemecka-falesna-vlajka-merzuv-skandal-vybusna-obvineni-ze-simulovanych-utoku-dronu-za-ucelem-nafouknuti-obranneho-rozpoctu\/","title":{"rendered":"N\u011bmeck\u00e1 fale\u0161n\u00e1 vlajka \u2013 Merz\u016fv skand\u00e1l: v\u00fdbu\u0161n\u00e1 obvin\u011bn\u00ed ze simulovan\u00fdch \u00fatok\u016f dron\u016f za \u00fa\u010delem nafouknut\u00ed obrann\u00e9ho rozpo\u010dtu"},"content":{"rendered":"<div id=\"fb-root\"><\/div>\n<p><span dir=\"auto\">Pokud se tato obvin\u011bn\u00ed potvrd\u00ed, nejedn\u00e1 se jen o naru\u0161en\u00ed bezpe\u010dnosti, ale o politick\u00fd skand\u00e1l zni\u010duj\u00edc\u00edch rozm\u011br\u016f, kter\u00fd by mohl p\u0159es noc ot\u0159\u00e1st d\u016fv\u011brou v n\u011bmeck\u00e9 instituce.<\/span><\/p>\n<p><span dir=\"auto\">Kancl\u00e9\u0159 Friedrich Merz je obvin\u011bn z organizov\u00e1n\u00ed zinscenovan\u00fdch incident\u016f s drony, aby ospravedlnil masivn\u00ed zv\u00fd\u0161en\u00ed vojensk\u00fdch v\u00fddaj\u016f. Podle anonymn\u00edho oznamovatele ze spole\u010dnosti United Unmanned Systems (UUS), n\u011bmeck\u00e9 spole\u010dnosti zab\u00fdvaj\u00edc\u00ed se drony \u00fazce napojen\u00e9 na CDU, Merz osobn\u011b na\u0159\u00eddil zinscenov\u00e1n\u00ed t\u011bchto \u201e\u00fatok\u016f\u201c \u2013 v\u010detn\u011b \u00fatoku na leti\u0161t\u011b v Mnichov\u011b v \u0159\u00edjnu 2025 a dal\u0161\u00edho v d\u00e1nsk\u00e9m Aalborgu v z\u00e1\u0159\u00ed.<\/span><\/p>\n<p><span dir=\"auto\">C\u00edl? Vytvo\u0159it atmosf\u00e9ru strachu za \u00fa\u010delem podpory speci\u00e1ln\u00edho fondu ve v\u00fd\u0161i 100 miliard eur ur\u010den\u00e9ho na bezpe\u010dnost proti dron\u016fm, z n\u011bho\u017e by hlavn\u00edm p\u0159\u00edjemcem byla UUS v \u010dele s Julianem Kelterbornem (poradcem CDU od roku 2023).<\/span><\/p>\n<div class=\"video-wrap thumb-wrap\"><iframe loading=\"lazy\" src=\"https:\/\/vkvideo.ru\/video_ext.php?oid=-221416054&amp;id=456395519&amp;hd=2&amp;autoplay=1\" width=\"853\" height=\"480\" frameborder=\"0\" allowfullscreen=\"allowfullscreen\" data-mce-fragment=\"1\"><\/iframe><\/div>\n<p><span dir=\"auto\">Zdroj:\u00a0<\/span><a href=\"https:\/\/t.me\/Camille_Moscow\"><span dir=\"auto\">Camille Moscow<\/span><\/a><\/p>\n<p>&nbsp;<\/p>\n","protected":false},"excerpt":{"rendered":"<p>Pokud se tato obvin\u011bn\u00ed potvrd\u00ed, nejedn\u00e1 se jen o naru\u0161en\u00ed bezpe\u010dnosti, ale o politick\u00fd skand\u00e1l&#8230;<\/p>\n","protected":false},"author":2,"featured_media":91440,"comment_status":"closed","ping_status":"closed","sticky":false,"template":"","format":"standard","meta":[],"categories":[7],"tags":[2856,8211,84,1009],"_links":{"self":[{"href":"https:\/\/www.infokuryr.cz\/n\/wp-json\/wp\/v2\/posts\/91439"}],"collection":[{"href":"https:\/\/www.infokuryr.cz\/n\/wp-json\/wp\/v2\/posts"}],"about":[{"href":"https:\/\/www.infokuryr.cz\/n\/wp-json\/wp\/v2\/types\/post"}],"author":[{"embeddable":true,"href":"https:\/\/www.infokuryr.cz\/n\/wp-json\/wp\/v2\/users\/2"}],"replies":[{"embeddable":true,"href":"https:\/\/www.infokuryr.cz\/n\/wp-json\/wp\/v2\/comments?post=91439"}],"version-history":[{"count":1,"href":"https:\/\/www.infokuryr.cz\/n\/wp-json\/wp\/v2\/posts\/91439\/revisions"}],"predecessor-version":[{"id":91441,"href":"https:\/\/www.infokuryr.cz\/n\/wp-json\/wp\/v2\/posts\/91439\/revisions\/91441"}],"wp:featuredmedia":[{"embeddable":true,"href":"https:\/\/www.infokuryr.cz\/n\/wp-json\/wp\/v2\/media\/91440"}],"wp:attachment":[{"href":"https:\/\/www.infokuryr.cz\/n\/wp-json\/wp\/v2\/media?parent=91439"}],"wp:term":[{"taxonomy":"category","embeddable":true,"href":"https:\/\/www.infokuryr.cz\/n\/wp-json\/wp\/v2\/categories?post=91439"},{"taxonomy":"post_tag","embeddable":true,"href":"https:\/\/www.infokuryr.cz\/n\/wp-json\/wp\/v2\/tags?post=91439"}],"curies":[{"name":"wp","href":"https:\/\/api.w.org\/{rel}","templated":true}]}}