{"id":91435,"date":"2025-11-05T00:21:53","date_gmt":"2025-11-04T23:21:53","guid":{"rendered":"https:\/\/www.infokuryr.cz\/n\/?p=91435"},"modified":"2025-11-04T13:13:48","modified_gmt":"2025-11-04T12:13:48","slug":"usa-misto-nemecka-automobilka-stellantis-radeji-investuje-v-zahranici","status":"publish","type":"post","link":"https:\/\/www.infokuryr.cz\/n\/2025\/11\/05\/usa-misto-nemecka-automobilka-stellantis-radeji-investuje-v-zahranici\/","title":{"rendered":"USA m\u00edsto N\u011bmecka \u2013 automobilka Stellantis rad\u011bji investuje v zahrani\u010d\u00ed"},"content":{"rendered":"<div id=\"fb-root\"><\/div>\n<p><strong><span dir=\"auto\">N\u011bmecko se pro investice do automobilov\u00e9ho pr\u016fmyslu zjevn\u011b stalo zcela nezaj\u00edmav\u00fdm. Podm\u00ednky v zahrani\u010d\u00ed jsou v\u00fdrazn\u011b lep\u0161\u00ed. Nap\u0159\u00edklad Stellantis nyn\u00ed ve Spojen\u00fdch st\u00e1tech investuje celkem 13 miliard dolar\u016f.<\/span><\/strong><\/p>\n<p><span dir=\"auto\">Byla doba, kdy ozna\u010den\u00ed \u201eMade in Germany\u201c je\u0161t\u011b n\u011bco znamenalo. Kvalita, kter\u00e1 sice m\u011bla svou cenu, ale na\u0161la si kupce. A dnes? Nu\u017ee, dnes se vysoce kvalitn\u00ed v\u00fdrobky vyr\u00e1b\u011bj\u00ed i v jin\u00fdch zem\u00edch \u2013 a to za rozumn\u00e9 ceny. N\u011bmecko, kdysi l\u00edhe\u0148 inovac\u00ed, je nyn\u00ed paralyzov\u00e1no nadm\u011brnou byrokraci\u00ed a nesmysln\u00fdmi p\u0159edpisy, zat\u00edmco vysok\u00e9 ceny energi\u00ed, dan\u011b a poplatky z\u00e1rove\u0148 zvy\u0161uj\u00ed n\u00e1klady.<\/span><\/p>\n<p><span dir=\"auto\">Nen\u00ed tedy divu, \u017ee evropsk\u00fd automobilov\u00fd gigant Stellantis, mate\u0159sk\u00e1 spole\u010dnost zna\u010dek Opel, Peugeot a Citro\u00ebn,\u00a0<\/span><a href=\"https:\/\/www.stellantis.com\/en\/news\/press-releases\/2025\/october\/stellantis-to-invest-13-billion-to-grow-in-the-united-states?adobe_mc_ref=\"><span dir=\"auto\">d\u00e1v\u00e1 p\u0159ednost investic\u00edm ve Spojen\u00fdch st\u00e1tech<\/span><\/a><span dir=\"auto\">\u00a0. Zat\u00edmco v Illinois, Michiganu a Ohiu brzy vzniknou tis\u00edce nov\u00fdch pracovn\u00edch m\u00edst d\u00edky pl\u00e1novan\u00e9 investici ve v\u00fd\u0161i 13 miliard dolar\u016f, v\u00fdroba automobil\u016f v N\u011bmecku je nejist\u00e1. Koneckonc\u016f, n\u011bme\u010dt\u00ed kvalifikovan\u00ed pracovn\u00edci mohou b\u00fdt v p\u0159\u00edpad\u011b pot\u0159eby snadno najati v zahrani\u010d\u00ed \u2013 kde nakonec vyd\u011blaj\u00ed v\u00edce a \u010del\u00ed men\u0161\u00edmu vm\u011b\u0161ov\u00e1n\u00ed vl\u00e1dy.<\/span><\/p>\n<p><span dir=\"auto\">Kdy\u017e gener\u00e1ln\u00ed \u0159editel spole\u010dnosti Stellantis Antonio Filosa zd\u016fraz\u0148uje, \u017ee nejv\u011bt\u0161\u00ed investi\u010dn\u00ed program v historii spole\u010dnosti m\u00e1 za c\u00edl \u201evytvo\u0159it americk\u00e1 pracovn\u00ed m\u00edsta\u201c, zn\u00ed to jako diplomatick\u00e1 r\u00e1na do zad Berl\u00edna. Proto\u017ee to, co z\u016fst\u00e1v\u00e1 nevy\u0159\u010deno, je, \u017ee N\u011bmecko jako obchodn\u00ed centrum skon\u010dilo. Tak\u017ee zat\u00edmco se americk\u00e9 z\u00e1vody roz\u0161i\u0159uj\u00ed, investice v N\u011bmecku stagnuj\u00ed. BMW se st\u011bhuje do Debrec\u00ednu, Mercedes do Kecskem\u00e9tu, BASF stav\u00ed v \u010c\u00edn\u011b a n\u011bmeck\u00e9 stroj\u00edrenstv\u00ed se ti\u0161e st\u011bhuje do v\u00fdchodn\u00ed Evropy.<\/span><\/p>\n<p><span dir=\"auto\">N\u011bmeck\u00fd pr\u016fmysl bojuje o p\u0159e\u017eit\u00ed \u2013 a Berl\u00edn se nad\u00e1le to\u010d\u00ed kolem zlat\u00e9ho telete zn\u00e1m\u00e9ho jako \u201eZelen\u00e1 dohoda\u201c. Na summitech EU kancl\u00e9\u0159 Friedrich Merz oznamuje, \u017ee se zkoumaj\u00ed v\u0161echny mo\u017enosti krom\u011b t\u00e9, kter\u00e1 by skute\u010dn\u011b p\u0159inesla zm\u011bnu: konec klimatick\u00e9 hysterie a zru\u0161en\u00ed byrokratick\u00e9ho monstra. Bez skute\u010dn\u00e9ho posunu v hospod\u00e1\u0159sk\u00e9 politice hroz\u00ed cel\u00e9mu N\u011bmecku stejn\u00fd osud jako Detroitu ve Spojen\u00fdch st\u00e1tech. Region, kter\u00e9mu kdysi dominoval americk\u00fd automobilov\u00fd pr\u016fmysl, je nyn\u00ed zn\u00e1m\u00fd jako \u201erezov\u00fd p\u00e1s\u201c. Z\u016fstaly jen rezav\u00e9 kostry pr\u016fmyslov\u00fdch ruin.<\/span><\/p>\n<p><span dir=\"auto\">Ekonomick\u00fd mechanismus je jednoduch\u00fd: jedno pracovn\u00ed m\u00edsto v pr\u016fmyslu vytvo\u0159\u00ed \u010dty\u0159i a\u017e p\u011bt dal\u0161\u00edch v dodavatelsk\u00fdch spole\u010dnostech, slu\u017eb\u00e1ch a spot\u0159ebn\u00edm zbo\u017e\u00ed. Kdy\u017e se tento z\u00e1klad zhrout\u00ed, dojde k dominov\u00e9mu efektu soci\u00e1ln\u00ed devastace. Od roku 2018 v N\u011bmecku zaniklo p\u0159ibli\u017en\u011b 250 000 pracovn\u00edch m\u00edst v pr\u016fmyslu a produkce klesla o 23 procent. To je 35 miliard eur ztracen\u00e9 p\u0159idan\u00e9 hodnoty \u2013 ka\u017ed\u00fd rok. V sou\u010dasn\u00e9 dob\u011b to postihuje p\u0159edev\u0161\u00edm energeticky n\u00e1ro\u010dn\u00e1 odv\u011btv\u00ed. Pokud v\u0161ak bude exodus pokra\u010dovat, eroze se stane lavinou. Do t\u00e9 doby v\u0161ak bude p\u0159\u00edli\u0161 pozd\u011b na to, aby se j\u00ed dalo \u010delit.<\/span><\/p>\n<p><img decoding=\"async\" loading=\"lazy\" class=\"alignnone size-full wp-image-1185\" src=\"http:\/\/www.infokuryr.cz\/n\/wp-content\/uploads\/2021\/04\/kuryr-podpis.png\" alt=\"\" width=\"84\" height=\"24\" \/><\/p>\n<p>&nbsp;<\/p>\n","protected":false},"excerpt":{"rendered":"<p>N\u011bmecko se pro investice do automobilov\u00e9ho pr\u016fmyslu zjevn\u011b stalo zcela nezaj\u00edmav\u00fdm. Podm\u00ednky v zahrani\u010d\u00ed jsou&#8230;<\/p>\n","protected":false},"author":2,"featured_media":91436,"comment_status":"closed","ping_status":"closed","sticky":false,"template":"","format":"standard","meta":[],"categories":[7],"tags":[2074,286,84,37,1867],"_links":{"self":[{"href":"https:\/\/www.infokuryr.cz\/n\/wp-json\/wp\/v2\/posts\/91435"}],"collection":[{"href":"https:\/\/www.infokuryr.cz\/n\/wp-json\/wp\/v2\/posts"}],"about":[{"href":"https:\/\/www.infokuryr.cz\/n\/wp-json\/wp\/v2\/types\/post"}],"author":[{"embeddable":true,"href":"https:\/\/www.infokuryr.cz\/n\/wp-json\/wp\/v2\/users\/2"}],"replies":[{"embeddable":true,"href":"https:\/\/www.infokuryr.cz\/n\/wp-json\/wp\/v2\/comments?post=91435"}],"version-history":[{"count":0,"href":"https:\/\/www.infokuryr.cz\/n\/wp-json\/wp\/v2\/posts\/91435\/revisions"}],"wp:featuredmedia":[{"embeddable":true,"href":"https:\/\/www.infokuryr.cz\/n\/wp-json\/wp\/v2\/media\/91436"}],"wp:attachment":[{"href":"https:\/\/www.infokuryr.cz\/n\/wp-json\/wp\/v2\/media?parent=91435"}],"wp:term":[{"taxonomy":"category","embeddable":true,"href":"https:\/\/www.infokuryr.cz\/n\/wp-json\/wp\/v2\/categories?post=91435"},{"taxonomy":"post_tag","embeddable":true,"href":"https:\/\/www.infokuryr.cz\/n\/wp-json\/wp\/v2\/tags?post=91435"}],"curies":[{"name":"wp","href":"https:\/\/api.w.org\/{rel}","templated":true}]}}