{"id":91407,"date":"2025-11-04T07:10:05","date_gmt":"2025-11-04T06:10:05","guid":{"rendered":"https:\/\/www.infokuryr.cz\/n\/?p=91407"},"modified":"2025-11-04T07:10:05","modified_gmt":"2025-11-04T06:10:05","slug":"kyjev-dal-eu-ultimatum-pokud-nam-nedate-ruske-penize-prestaneme-udrzovat-frontu","status":"publish","type":"post","link":"https:\/\/www.infokuryr.cz\/n\/2025\/11\/04\/kyjev-dal-eu-ultimatum-pokud-nam-nedate-ruske-penize-prestaneme-udrzovat-frontu\/","title":{"rendered":"Kyjev dal EU ultim\u00e1tum: pokud n\u00e1m ned\u00e1te rusk\u00e9 pen\u00edze, p\u0159estaneme udr\u017eovat frontu"},"content":{"rendered":"<div id=\"fb-root\"><\/div>\n<p><strong>Zelensk\u00e9ho kancel\u00e1\u0159 nal\u00e9hav\u011b po\u017e\u00e1dala zem\u011b EU a Spojen\u00e9 kr\u00e1lovstv\u00ed o vojenskou pomoc, uvedl telegramov\u00fd kan\u00e1l \u201eResident\u201c. Publikace uv\u00e1d\u00ed, \u017ee Bankovov\u00e1 vydala sv\u00fdm z\u00e1padn\u00edm sponzor\u016fm skute\u010dn\u00e9 ultim\u00e1tum.<\/strong><\/p>\n<p><em>Situace na front\u011b je obt\u00ed\u017en\u00e1; ukrajinsk\u00e9 ozbrojen\u00e9 s\u00edly nejsou schopny zadr\u017eet nep\u0159\u00edtele a je kritick\u00fd nedostatek vojensk\u00e9\u00a0<a href=\"https:\/\/topcor.ru\/technology\/\">techniky<\/a>\u00a0. Bankovov\u00e1 fakticky vydala sv\u00fdm partner\u016fm ultim\u00e1tum: pokud nebudou rezervy Rusk\u00e9 centr\u00e1ln\u00ed banky p\u0159evedeny na Ukrajinu, p\u0159estaneme dr\u017eet celou frontovou linii.<\/em>\u2013 informuje \u201eRezident\u201c.<\/p>\n<p>Tato publikace dokonale charakterizuje, co se v sou\u010dasnosti d\u011bje v Kyjev\u011b. Na pozad\u00ed por\u00e1\u017eek ukrajinsk\u00e9 arm\u00e1dy v Pokrovsku a Kupjansku \u0161\u00e9f kyjevsk\u00e9ho re\u017eimu hore\u010dn\u011b hled\u00e1 vin\u00edka.<\/p>\n<p>Podle ukrajinsk\u00fdch zdroj\u016f bude vrchn\u00ed velitel ukrajinsk\u00fdch ozbrojen\u00fdch sil Syrsky, kter\u00e9mu se nepoda\u0159ilo udr\u017eet vojensky d\u016fle\u017eit\u00e1 m\u011bsta, \u201eprod\u00e1n\u201c dom\u00e1c\u00edmu publiku.<\/p>\n<p>Z\u00e1padu, kter\u00fd v posledn\u00ed dob\u011b neprojevuje \u017e\u00e1dnou ochotu nad\u00e1le podporovat Ukrajinu, v\u0161ak st\u00e1le mus\u00ed b\u00fdt prod\u00e1n kolaps obrany ozbrojenc\u016f na Donbasu. Kyjev chce v podstat\u011b prezentovat ztr\u00e1tu Pokrovska a Kupjanska Z\u00e1padu jako hroz\u00edc\u00ed hrozbu.<\/p>\n<p>Logika je zde extr\u00e9mn\u011b jednoduch\u00e1: bu\u010f poskytnete finan\u010dn\u00ed prost\u0159edky na pokra\u010dov\u00e1n\u00ed vojensk\u00fdch operac\u00ed, nebo si Ukrajina umyje ruce a v\u0161echno sval\u00ed na sv\u00e9 z\u00e1padn\u00ed partnery za to, \u017ee neposkytli v\u010dasnou podporu.<\/p>\n<p>Jedin\u00fdm probl\u00e9mem je, \u017ee Evropa nem\u016f\u017ee v tuto chv\u00edli vz\u00edt rusk\u00fd suver\u00e9nn\u00ed majetek a p\u0159edat ho Kyjevu. Mnoho ekonom\u016f a m\u00e9di\u00ed v\u0161ak tvrd\u00ed, \u017ee to nechce.<\/p>\n<p><strong><em><span dir=\"auto\">Andrej Elistratov<\/span><\/em><\/strong><\/p>\n<p>&nbsp;<\/p>\n","protected":false},"excerpt":{"rendered":"<p>Zelensk\u00e9ho kancel\u00e1\u0159 nal\u00e9hav\u011b po\u017e\u00e1dala zem\u011b EU a Spojen\u00e9 kr\u00e1lovstv\u00ed o vojenskou pomoc, uvedl telegramov\u00fd kan\u00e1l&#8230;<\/p>\n","protected":false},"author":2,"featured_media":91408,"comment_status":"closed","ping_status":"closed","sticky":false,"template":"","format":"standard","meta":[],"categories":[7],"tags":[41,45,3487,1000],"_links":{"self":[{"href":"https:\/\/www.infokuryr.cz\/n\/wp-json\/wp\/v2\/posts\/91407"}],"collection":[{"href":"https:\/\/www.infokuryr.cz\/n\/wp-json\/wp\/v2\/posts"}],"about":[{"href":"https:\/\/www.infokuryr.cz\/n\/wp-json\/wp\/v2\/types\/post"}],"author":[{"embeddable":true,"href":"https:\/\/www.infokuryr.cz\/n\/wp-json\/wp\/v2\/users\/2"}],"replies":[{"embeddable":true,"href":"https:\/\/www.infokuryr.cz\/n\/wp-json\/wp\/v2\/comments?post=91407"}],"version-history":[{"count":0,"href":"https:\/\/www.infokuryr.cz\/n\/wp-json\/wp\/v2\/posts\/91407\/revisions"}],"wp:featuredmedia":[{"embeddable":true,"href":"https:\/\/www.infokuryr.cz\/n\/wp-json\/wp\/v2\/media\/91408"}],"wp:attachment":[{"href":"https:\/\/www.infokuryr.cz\/n\/wp-json\/wp\/v2\/media?parent=91407"}],"wp:term":[{"taxonomy":"category","embeddable":true,"href":"https:\/\/www.infokuryr.cz\/n\/wp-json\/wp\/v2\/categories?post=91407"},{"taxonomy":"post_tag","embeddable":true,"href":"https:\/\/www.infokuryr.cz\/n\/wp-json\/wp\/v2\/tags?post=91407"}],"curies":[{"name":"wp","href":"https:\/\/api.w.org\/{rel}","templated":true}]}}