{"id":91378,"date":"2025-11-04T05:00:32","date_gmt":"2025-11-04T04:00:32","guid":{"rendered":"https:\/\/www.infokuryr.cz\/n\/?p=91378"},"modified":"2025-11-04T05:00:32","modified_gmt":"2025-11-04T04:00:32","slug":"lukasenko-ztrapnil-celou-eu-kdyz-odhalil-ze-na-zapade-oslavovany-a-udajny-belorusky-opozicni-aktivista-roman-protasevic-je-agentem","status":"publish","type":"post","link":"https:\/\/www.infokuryr.cz\/n\/2025\/11\/04\/lukasenko-ztrapnil-celou-eu-kdyz-odhalil-ze-na-zapade-oslavovany-a-udajny-belorusky-opozicni-aktivista-roman-protasevic-je-agentem\/","title":{"rendered":"Luka\u0161enko ztrapnil celou EU, kdy\u017e odhalil, \u017ee na Z\u00e1pad\u011b oslavovan\u00fd a \u00fadajn\u00fd b\u011blorusk\u00fd opozi\u010dn\u00ed aktivista Roman Protasevi\u010d je agentem&#8230;"},"content":{"rendered":"<div id=\"fb-root\"><\/div>\n<h4>Luka\u0161enko ztrapnil celou EU, kdy\u017e odhalil, \u017ee na Z\u00e1pad\u011b oslavovan\u00fd a \u00fadajn\u00fd b\u011blorusk\u00fd opozi\u010dn\u00ed aktivista Roman Protasevi\u010d je agentem b\u011blorusk\u00e9 KGB a kolektivn\u00ed Z\u00e1pad ho v kv\u011btnu 2021 ob\u011btoval, aby z\u00edskal z\u00e1minku na uvalen\u00ed sankc\u00ed proti B\u011blorusku! \u0160okuj\u00edc\u00ed odhalen\u00ed ot\u0159\u00e1slo i Kyjevem, proto\u017ee Protasevi\u010d z\u0159ejm\u011b infiltroval Azov!<\/h4>\n<p>Mo\u017en\u00e1 si pamatujete na informace o Romanu Protasevi\u010di, o b\u011blorusk\u00e9m aktivistovi a zakladateli telegramov\u00e9ho kan\u00e1lu NEXTA, kter\u00fd byl v kv\u011btnu 2021 zadr\u017een na leti\u0161ti v Minsku pot\u00e9, co letadlo Ryan Air bylo nuceno nam\u00edsto ve Vilniusu p\u0159ist\u00e1t v Minsku.\u00a0<strong>B\u011blorusk\u00fd prezident Alexander Luka\u0161enko toti\u017e minul\u00fd p\u00e1tek odhalil, \u017ee Protasevi\u010d je spolupracovn\u00edkem b\u011blorusk\u00e9 rozv\u011bdky KGB.<\/strong><\/p>\n<p>Protasevi\u010d se tehdy v kv\u011btnu 2021 vracel z \u0158ecka ze sch\u016fzky s oper\u00e1tory b\u011blorusk\u00e9 KGB, kte\u0159\u00ed ho vyt\u011b\u017eili a z\u00edskali od n\u011bj informace o b\u011blorusk\u00e9 opozici v cizin\u011b a sou\u010dasn\u011b dostal od KGB nov\u00e9 noty a nov\u00e9 \u00fakoly. Nasedl na letadlo a p\u0159es Vilnius se m\u011bl vr\u00e1tit do Var\u0161avy. Jen\u017ee, tam nedolet\u011bl. T\u011bsn\u011b p\u0159ed vstupem letadla Ryan Air do vzdu\u0161n\u00e9ho prostoru nad Litvou dostali piloti letadla informaci, \u017ee na palub\u011b je bomba, a \u017ee letadlo mus\u00ed p\u0159ist\u00e1t na nejbli\u017e\u0161\u00edm leti\u0161ti.<\/p>\n<p>&nbsp;<\/p>\n<div id=\"rumble_v6yzw44\">\n<div id=\"vid_v6yzw44\" class=\"rumble_v6yzw44-Rumble-cls\" tabindex=\"-1\">\n<div><div class='videoWrapper'>\r\n\t            <iframe src='https:\/\/rumble.com\/embed\/pj.v6yzw44\/' frameborder='0' allowfullscreen><\/iframe>\r\n\t        <\/div><\/div>\n<\/div>\n<\/div>\n<p>&nbsp;<\/p>\n<p>Nejbli\u017e\u0161\u00edm leti\u0161t\u011bm byl Vilnius, se kter\u00fdm piloti letadla komunikovali p\u0159i opou\u0161t\u011bn\u00ed vzdu\u0161n\u00e9ho prostoru B\u011bloruska, ale leti\u0161t\u011b ve Vilniusu podle informac\u00ed odm\u00edtlo letadlo p\u0159ijmout a doporu\u010dilo jim p\u0159ist\u00e1t ve vzd\u00e1len\u00e9m Minsku. Z\u00e1padn\u00ed m\u00e9dia tehdy tvrdila, \u017ee letadlo p\u0159inutila zm\u011bnit sm\u011br b\u011blorusk\u00e1 st\u00edha\u010dka, ale Alexander Luka\u0161enko to ost\u0159e pop\u0159el.<\/p>\n<p>Naopak minul\u00fd p\u00e1tek prohl\u00e1sil, \u017ee letadlo Ryan Air se nepochopiteln\u011b s \u00fadajnou bombou na palub\u011b obr\u00e1tilo a po\u017e\u00e1dalo o p\u0159ist\u00e1n\u00ed v Minsku kv\u016fli v\u00fdbu\u0161nin\u011b na palub\u011b.\u00a0<strong>V Minsku podle Luka\u0161enka dispe\u010de\u0159i nech\u00e1pali, pro\u010d piloti \u017e\u00e1daj\u00ed o p\u0159ist\u00e1n\u00ed v Minsku, kdy\u017e letadlo je vzdu\u0161nou \u010darou jen n\u011bkolik minut od Vilniusu?<\/strong>\u00a0Jak se uk\u00e1zalo, jednalo se o operac\u00ed z\u00e1padn\u00edch slu\u017eeb s c\u00edlem\u00a0<strong>\u201c<em>ob\u011btovat<\/em>\u201c<\/strong>\u00a0slavn\u00e9ho opozi\u010dn\u00edka, nechat ho zatknout po p\u0159ist\u00e1n\u00ed v Minsku, a v odvet\u011b za jeho zat\u010den\u00ed pot\u00e9 uvalit sankce na B\u011blorusko, co\u017e bylo c\u00edlem t\u00e9to z\u00e1padn\u00ed provokace.<\/p>\n<h3>Opozi\u010dn\u00ed hrdina se p\u0159iznal, \u017ee pracuje pro b\u011bloruskou rozv\u011bdku<\/h3>\n<p>Podle Luka\u0161enka nebylo mo\u017en\u00e9 ud\u011blat nic jin\u00e9ho, ne\u017e Protasevi\u010de zatknout, aby nedo\u0161lo k prozrazen\u00ed, \u017ee pracuje pro b\u011bloruskou KGB, co\u017e okam\u017eit\u011b Z\u00e1pad vyu\u017eil a uvalil sankce na B\u011blorusko, v\u010detn\u011b st\u00e1tn\u00ed leteck\u00e9 spole\u010dnosti Belavia. \u017de n\u011bco nen\u00ed s Protasevi\u010dem v po\u0159\u00e1dku, to potvrzovaly ty fotografie s t\u00edm jeho \u00fa\u0161klebkem, jako kdyby si neuv\u011bdomoval, \u017ee ho re\u017eim zav\u0159e na hodn\u011b dlouho.<\/p>\n<p>U\u017e tehdy to bylo velice podez\u0159el\u00e9.\u00a0Dne 3. kv\u011btna 2023 odsoudil Minsk\u00fd krajsk\u00fd soud Protasevi\u010de k osmi let\u016fm v\u011bzen\u00ed za rozvracen\u00ed republiky a pr\u00e1ci pro ciz\u00ed mocnost. Dne 16. kv\u011btna, po pouh\u00fdch dvou t\u00fddnech, mu ale Luka\u0161enko ud\u011blil milost. Nikdo tehdy nech\u00e1pal, co to m\u00e1 znamenat, proto\u017ee EU \u017e\u00e1dn\u00e9 sankce za jeho propu\u0161t\u011bn\u00ed nezru\u0161ila. Nyn\u00ed je to u\u017e ale jasn\u00e9. Jednalo se o kryc\u00ed sc\u00e9n\u00e1\u0159.<\/p>\n<figure id=\"attachment_65225\" class=\"wp-caption aligncenter\" style=\"width: 704px;\"><a href=\"https:\/\/aeronet.news\/wp-content\/uploads\/ProtasevichArrestedDemo.jpg\"><img decoding=\"async\" loading=\"lazy\" class=\"wp-image-65225 \" src=\"https:\/\/aeronet.news\/wp-content\/uploads\/ProtasevichArrestedDemo-1024x745.jpg\" sizes=\"(max-width: 700px) 100vw, 700px\" srcset=\"https:\/\/aeronet.news\/wp-content\/uploads\/ProtasevichArrestedDemo-1024x745.jpg 1024w, https:\/\/aeronet.news\/wp-content\/uploads\/ProtasevichArrestedDemo-300x218.jpg 300w, https:\/\/aeronet.news\/wp-content\/uploads\/ProtasevichArrestedDemo-768x559.jpg 768w, https:\/\/aeronet.news\/wp-content\/uploads\/ProtasevichArrestedDemo-700x509.jpg 700w, https:\/\/aeronet.news\/wp-content\/uploads\/ProtasevichArrestedDemo-491x357.jpg 491w, https:\/\/aeronet.news\/wp-content\/uploads\/ProtasevichArrestedDemo-664x483.jpg 664w, https:\/\/aeronet.news\/wp-content\/uploads\/ProtasevichArrestedDemo-198x143.jpg 198w, https:\/\/aeronet.news\/wp-content\/uploads\/ProtasevichArrestedDemo.jpg 1280w\" alt=\"\" width=\"704\" height=\"512\" \/><\/a><figcaption class=\"wp-caption-text\">Agent Protasevi\u010d b\u011bhem zat\u010den\u00ed p\u0159i jedn\u00e9 demonstraci<\/figcaption><\/figure>\n<p>B\u00fdval\u00fd aktivista a spoluzakladatel opozi\u010dn\u00edho b\u011blorusk\u00e9ho telegramov\u00e9ho kan\u00e1lu Nexta Roman Protasevi\u010d po Luka\u0161enkovo v\u00fdroc\u00edch potvrdil, \u017ee je skute\u010dn\u011b d\u016fstojn\u00edkem b\u011blorusk\u00e9 rozv\u011bdky KGB. Uvedl to v koment\u00e1\u0159i pro ruskou tiskovou agenturu TASS a b\u011blorusk\u00fd den\u00edk Zerkalo. Protasevi\u010d potvrdil slova b\u011blorusk\u00e9ho prezidenta Alexandra Luka\u0161enka. Odm\u00edtl v\u0161ak poskytnout dal\u0161\u00ed koment\u00e1\u0159.\u00a0<strong>\u201e<em>Moje odpov\u011b\u010f bude stru\u010dn\u00e1: ano, mohu tuto informaci potvrdit, ale to je v\u0161e, co k tomu zat\u00edm mohu \u0159\u00edci,<\/em>\u201c<\/strong>\u00a0uvedl\u00a0<strong>[<a href=\"https:\/\/href.li\/?https:\/\/komersant.ua\/en\/eksopozytsioner-roman-protasevych-pidtverdyv-shcho-pratsiuie-na-bilorusku-rozvidku\/\" target=\"_blank\" rel=\"nofollow noopener\">1<\/a>]<\/strong>\u00a0pro TASS.<\/p>\n<h3>Ukrajinsk\u00fd \u201cM\u00edrotvorec\u201d u\u017e za\u0159adil Protasevi\u010de na seznam nep\u0159\u00e1tel Ukrajiny<\/h3>\n<p>Ukrajinsk\u00e1 webov\u00e1 str\u00e1nka M\u00edrotvorec ji\u017e za\u0159adila Protasevi\u010de na sv\u016fj \u010dern\u00fd seznam jako spolupracovn\u00edka b\u011blorusk\u00fdch tajn\u00fdch slu\u017eeb, a to p\u0159edev\u0161\u00edm v reakci na zd\u011b\u0161en\u00ed, \u017ee n\u011bkdo takov\u00fd v minulosti slou\u017eil v pluku Azov. Protasevi\u010d se toti\u017e v roce 2017 na n\u011bjak\u00fd \u010das v minulosti p\u0159ipojil k v\u00fdcviku v t\u00e1bo\u0159e Azovu na Ukrajin\u011b, z t\u00e9 doby existuje \u0159ada jeho fotografi\u00ed, ale ukrajinsk\u00e1 rozv\u011bdka te\u010f nev\u00ed, jestli u\u017e v t\u00e9 dob\u011b byl Protasevi\u010d agentem b\u011blorusk\u00e9 KGB, nebo se j\u00edm stal a\u017e potom pozd\u011bji.<\/p>\n<p>Jeho spojen\u00ed s ruskou p\u0159\u00edtelkyn\u00ed nazna\u010duje, \u017ee \u0161lo o p\u0159ipraven\u00fd zpravodajsk\u00fd p\u00e1r tzv.\u00a0<em>partnersk\u00fdch rozv\u011bd\u010d\u00edk\u016f<\/em>, podobn\u011b p\u0159ipravovala v\u00fdzv\u011bdn\u00e9 p\u00e1ry i vojensk\u00e1 rozv\u011bdka \u010cSLA p\u0159ed rokem 1989, kdy dvojice milenc\u016f m\u00e1 mnohem lep\u0161\u00ed kryt\u00ed ne\u017e jednotlivec. T\u00edm za\u010d\u00ednaj\u00ed do sebe zapadat v\u0161echny ty informace, kter\u00e9 v roce 2021 okolo postavy Protasevi\u010de ned\u00e1valy moc velk\u00fd smysl. O dva roky pozd\u011bji v \u010dervnu 2023 toti\u017e p\u0159inesl TASS podrobnosti o p\u0159ekvapiv\u00e9 milosti pro Protasevi\u010de i jeho p\u0159\u00edtelkyni.<\/p>\n<figure id=\"attachment_65226\" class=\"wp-caption aligncenter\" style=\"width: 727px;\"><a href=\"https:\/\/aeronet.news\/wp-content\/uploads\/ProtasevichMirotvorec2.jpg\"><img decoding=\"async\" loading=\"lazy\" class=\"wp-image-65226 \" src=\"https:\/\/aeronet.news\/wp-content\/uploads\/ProtasevichMirotvorec2-1024x494.jpg\" sizes=\"(max-width: 700px) 100vw, 700px\" srcset=\"https:\/\/aeronet.news\/wp-content\/uploads\/ProtasevichMirotvorec2-1024x494.jpg 1024w, https:\/\/aeronet.news\/wp-content\/uploads\/ProtasevichMirotvorec2-300x145.jpg 300w, https:\/\/aeronet.news\/wp-content\/uploads\/ProtasevichMirotvorec2-768x370.jpg 768w, https:\/\/aeronet.news\/wp-content\/uploads\/ProtasevichMirotvorec2-700x337.jpg 700w, https:\/\/aeronet.news\/wp-content\/uploads\/ProtasevichMirotvorec2-741x357.jpg 741w, https:\/\/aeronet.news\/wp-content\/uploads\/ProtasevichMirotvorec2-1002x483.jpg 1002w, https:\/\/aeronet.news\/wp-content\/uploads\/ProtasevichMirotvorec2.jpg 1280w\" alt=\"\" width=\"727\" height=\"350\" \/><\/a><figcaption class=\"wp-caption-text\">Profil Protasevi\u010de na ukrajinsk\u00e9m webu M\u00edrotvorec<\/figcaption><\/figure>\n<p>Luka\u0161enko tehdy k milostem prohl\u00e1sil, \u017ee Roman Protasevi\u010d, zakladatel telegramov\u00e9ho kan\u00e1lu, kter\u00fd B\u011blorusko ozna\u010dilo za extremistick\u00fd, si zaslou\u017e\u00ed milost, proto\u017ee dodr\u017eel sv\u00e9 slovo a p\u0159iznal, \u017ee to, co ud\u011blal, bylo \u0161patn\u00e9. \u201e<em>Ten mu\u017e splnil v\u0161e, co sl\u00edbil. Ne proto, aby se vyhnul v\u011bzen\u00ed. Uzn\u00e1val, \u017ee ud\u011blal chybu.<\/em><\/p>\n<p><em>Nebyl v prvn\u00ed linii. Nikoho nezabil<\/em>,\u201c \u0159ekl Luka\u0161enko novin\u00e1\u0159\u016fm, kdy\u017e se ho ptali na d\u016fvody, pro\u010d omilostnil Protasevi\u010de a ruskou ob\u010danku Sofii Sapegu, informovala agentura BelTA.\u00a0<strong>Ne\u0159ekl jim ale, \u017ee Protasevi\u010d byl v roce 2017 jako dvaadvacetilet\u00fd ve v\u00fdcvikov\u00e9m t\u00e1bo\u0159e Azovu na Ukrajin\u011b [<a href=\"https:\/\/aeronet.news\/sakal-z-minsku-roman-protasevic-jako-bojovnik-ukrajinskeho-praporu-azov-ktery-se-dostal-az-na-titulni-stranku-jejich-casopisu-od-roku-2017-mel-zakladnu-v-ceske-republice-pod-dozorem-ceskych-cuckaru\/\">2<\/a>]<\/strong>. Prezident Luka\u0161enko uvedl, \u017ee Protasevi\u010d, jako jeden ze zakladatel\u016f telegramov\u00e9ho kan\u00e1lu Nexta, dostal ur\u010dit\u00e9 podm\u00ednky a splnil je.<\/p>\n<h3>Z\u00e1pad ob\u011btoval v letadle Protasevi\u010de bez mrknut\u00ed oka<\/h3>\n<p>Luka\u0161enko uvedl, \u017ee situace se Sapegovou byla odli\u0161n\u00e1 a \u017ee B\u011blorusko cht\u011blo p\u0159ed soudem vydat ruskou ob\u010danku rusk\u00fdm org\u00e1n\u016fm \u010dinn\u00fdm v trestn\u00edm \u0159\u00edzen\u00ed, ale proces trval p\u0159\u00edli\u0161 dlouho. \u201e<em>Ano, je vinn\u00e1, ale nen\u00ed to na\u0161e ob\u010danka. M\u00e1me dost sv\u00fdch vlastn\u00edch probl\u00e9m\u016f. P\u016fl roku se t\u00edm zab\u00fdvali, ale nepoda\u0159ilo se jim to stihnout,\u00a0<\/em><em>a za ruskou byrokracii nem\u016f\u017eeme<\/em>,\u201c \u0159ekl.<\/p>\n<p>\u201e<em>Bylo by mor\u00e1ln\u011b spr\u00e1vn\u00e9, kdyby se zamilovala do mu\u017ee, kter\u00fd byl pot\u00e9 omilostn\u011bn a propu\u0161t\u011bn, ale ona musela sv\u016fj trest odpykat?<\/em>\u201c Podle Luka\u0161enka bylo p\u0159i p\u0159\u00edjezdu guvern\u00e9ra Primorsk\u00e9ho kraje Olega Kozhemyaka do B\u011bloruska rozhodnuto, \u017ee Sapega bude propu\u0161t\u011bna, aby se mohla vr\u00e1tit do sv\u00e9 vlasti. Tohle v\u0161echno \u0159ekl Luka\u0161enko v roce 2023. No, a te\u010f v listopadu 2025 to odhalil, \u017ee v tom bylo n\u011bco \u00fapln\u011b jin\u00e9ho. Protasevi\u010d je agentem KGB a jeho p\u0159\u00edtelkyn\u011b podle v\u0161eho tak\u00e9 ur\u010dit\u011b nebude kucha\u0159ka nebo \u0161vadlena.<\/p>\n<figure id=\"attachment_65229\" class=\"wp-caption aligncenter\" style=\"width: 876px;\"><a href=\"https:\/\/aeronet.news\/wp-content\/uploads\/SofiaSapega.jpg\"><img decoding=\"async\" loading=\"lazy\" class=\"wp-image-65229 \" src=\"https:\/\/aeronet.news\/wp-content\/uploads\/SofiaSapega.jpg\" sizes=\"(max-width: 1280px) 100vw, 1280px\" srcset=\"https:\/\/aeronet.news\/wp-content\/uploads\/SofiaSapega.jpg 1280w, https:\/\/aeronet.news\/wp-content\/uploads\/SofiaSapega-300x200.jpg 300w, https:\/\/aeronet.news\/wp-content\/uploads\/SofiaSapega-768x512.jpg 768w, https:\/\/aeronet.news\/wp-content\/uploads\/SofiaSapega-1024x682.jpg 1024w, https:\/\/aeronet.news\/wp-content\/uploads\/SofiaSapega-700x466.jpg 700w, https:\/\/aeronet.news\/wp-content\/uploads\/SofiaSapega-536x357.jpg 536w, https:\/\/aeronet.news\/wp-content\/uploads\/SofiaSapega-725x483.jpg 725w\" alt=\"\" width=\"876\" height=\"583\" \/><\/a><figcaption class=\"wp-caption-text\">Sofia Sapega \u2013 Protasevi\u010dova rusk\u00e1 p\u0159\u00edtelkyn\u011b<\/figcaption><\/figure>\n<p>Pro rekapitulaci si jen p\u0159ipomeneme fakta:\u00a0<strong>Protasevi\u010d byl zadr\u017een v Minsku spolu s ruskou ob\u010dankou Sofi\u00ed Sapegovou dne 23. kv\u011btna 2021 pot\u00e9, co let spole\u010dnosti Ryanair z At\u00e9n do Vilniusu byl nucen nouzov\u011b p\u0159ist\u00e1t na mezin\u00e1rodn\u00edm leti\u0161ti v Minsku<\/strong>\u00a0kv\u016fli hl\u00e1\u0161en\u00e9 bombov\u00e9 hrozb\u011b. Oba byli mimo jin\u00e9 obvin\u011bni z organizov\u00e1n\u00ed \u010dinnost\u00ed poru\u0161uj\u00edc\u00edch ve\u0159ejn\u00fd po\u0159\u00e1dek a podn\u011bcov\u00e1n\u00ed soci\u00e1ln\u00ed nen\u00e1visti.<\/p>\n<p>Minsk\u00fd region\u00e1ln\u00ed soud odsoudil 3. kv\u011btna 2023 Protasevi\u010de k osmi let\u016fm v\u011bzen\u00ed v koloni\u00edch s maxim\u00e1ln\u00ed ostrahou. 16. kv\u011btna bylo ozn\u00e1meno, \u017ee Luka\u0161enko mu ud\u011blil milost. Sapega byla v kv\u011btnu 2022 odsouzena k \u0161esti let\u016fm v\u011bzen\u00ed. Podala \u017e\u00e1dost o milost, kter\u00e1 byla nakonec zam\u00edtnuta. B\u011bloru\u0161t\u00ed prokur\u00e1to\u0159i pozd\u011bji vyhov\u011bli jej\u00ed \u017e\u00e1dosti o p\u0159evoz do Ruska, kde si m\u00e1 trest odpykat. Jen\u017ee 7. \u010dervna 2023 bylo ozn\u00e1meno, \u017ee Luka\u0161enko Sapegu rovn\u011b\u017e omilostnil.<\/p>\n<h3>Kdo pod\u00e1 ruku z\u00e1padn\u00ed bestii v komplotech proti slovansk\u00fdm n\u00e1rod\u016fm, dopadne h\u016f\u0159 ne\u017e Protasevi\u010d<\/h3>\n<p>Jeho p\u0159\u00edtelkyn\u011b podle rusk\u00fdch telegramov\u00fdch kan\u00e1l\u016f je podle v\u0161eho spolupracovnic\u00ed rusk\u00e9 zahrani\u010dn\u00ed rozv\u011bdky SVR, nebo\u0165 b\u011blorusk\u00e1 KGB a rusk\u00e1 SVR pr\u00fd vytv\u00e1\u0159ej\u00ed tzv.\u00a0<strong><em>p\u00e1rov\u00e9 operace<\/em><\/strong>\u00a0do kryc\u00edch opera\u010dn\u00edch aktivit na Z\u00e1pad\u011b. Sapega toti\u017e nebyla v Rusku nikdy zah\u00e1jena, ani vy\u0161et\u0159ov\u00e1na, co\u017e by samoz\u0159ejm\u011b byla, kdy\u017e se na Z\u00e1pad\u011b pohybovala mezi emigranty z B\u011bloruska a Ruska.<\/p>\n<figure id=\"attachment_46876\" class=\"wp-caption aligncenter\" style=\"width: 889px;\"><a href=\"https:\/\/aeronet.news\/wp-content\/uploads\/ProtasevicAzov.jpg\"><img decoding=\"async\" loading=\"lazy\" class=\"wp-image-46876 \" src=\"https:\/\/aeronet.news\/wp-content\/uploads\/ProtasevicAzov.jpg\" sizes=\"(max-width: 900px) 100vw, 900px\" srcset=\"https:\/\/aeronet.news\/wp-content\/uploads\/ProtasevicAzov.jpg 900w, https:\/\/aeronet.news\/wp-content\/uploads\/ProtasevicAzov-300x185.jpg 300w, https:\/\/aeronet.news\/wp-content\/uploads\/ProtasevicAzov-768x474.jpg 768w, https:\/\/aeronet.news\/wp-content\/uploads\/ProtasevicAzov-700x432.jpg 700w, https:\/\/aeronet.news\/wp-content\/uploads\/ProtasevicAzov-578x357.jpg 578w, https:\/\/aeronet.news\/wp-content\/uploads\/ProtasevicAzov-782x483.jpg 782w\" alt=\"\" width=\"889\" height=\"549\" \/><\/a><figcaption class=\"wp-caption-text\">Roman Protasevi\u010d (uprost\u0159ed) ve v\u00fdcvikov\u00e9m t\u00e1bo\u0159e Azov na Ukrajin\u011b<\/figcaption><\/figure>\n<p>Je prakticky jist\u00e9, \u017ee mlad\u00fd Protasevi\u010d z rodiny politick\u00e9ho d\u016fstojn\u00edka b\u011blorusk\u00e9 arm\u00e1dy a profesorky matematiky na vysok\u00e9 \u0161kole\u00a0<strong>[<a href=\"https:\/\/aeronet.news\/unikatni-video-zachycuje-16-leteho-romana-protasevice-jak-oznamuje-zpretrhani-vztahu-s-rodici-a-prechod-do-ilegality-matka-pri-jeho-odchodu-klecela-na-podlaze-a-prosila-aby-neodchazel-z-domu\/\">3<\/a>]<\/strong>\u00a0byl pro pr\u00e1ci v KGB vytipov\u00e1n u\u017e dlouho p\u0159edt\u00edm, ne\u017e se o n\u011bj za\u010dala zaj\u00edmat z\u00e1padn\u00ed m\u00e9dia.\u00a0<strong>Ale co je naprosto\u00a0d\u011bsiv\u00e9 memento, to je zp\u016fsob, jak s n\u00edm z\u00e1padn\u00ed partne\u0159i zametli a bez mrknut\u00ed oka ho ob\u011btovali, aby n\u00e1sledn\u011b za jeho zat\u010den\u00ed v odvet\u011b mohli na B\u011blorusko uvalit sankce.<\/strong>\u00a0Prost\u011b mou\u0159en\u00edn poslou\u017eil, a mou\u0159en\u00edn m\u016f\u017ee zem\u0159\u00edt. P\u0159esn\u011b takto to funguje.<\/p>\n<h3>Ob\u011btovali ho jako psa, aby z\u00edskali z\u00e1minku pro uvalen\u00ed sankc\u00ed na B\u011blorusko<\/h3>\n<p>Pokud by Protasevi\u010d nem\u011bl to \u0161t\u011bst\u00ed, \u017ee byl agentem KGB, tak by milost ani omylem nedostal a v b\u011blorusk\u00e9m l\u00e1gru z\u0159ejm\u011b nep\u0159e\u017eil. Jeho z\u00e1padn\u00ed partne\u0159i, bestie z Bruselu a z Lond\u00fdna, kte\u0159\u00ed nen\u00e1vid\u00ed slovanskou rasu, co\u017e je o nich zn\u00e1m\u00e9, ho prost\u011b nejen ob\u011btovali a posadili do letadla, do kter\u00e9ho potom zavolali, \u017ee je v n\u011bm bomba a na\u0159\u00eddili Vilniusu, aby letadlo nep\u0159ijal a p\u0159esm\u011broval ho do Minsku, aby tam byl zat\u010den, ale oni museli v\u011bd\u011bt, \u017ee dostane nejt\u011b\u017e\u0161\u00ed l\u00e1gr, kter\u00fd z\u0159ejm\u011b nep\u0159e\u017eije.<\/p>\n<figure id=\"attachment_46797\" class=\"wp-caption aligncenter\" style=\"width: 714px;\"><a href=\"https:\/\/aeronet.news\/wp-content\/uploads\/Roman-Protasevich_Minsk.jpg\"><img decoding=\"async\" loading=\"lazy\" class=\"wp-image-46797 \" src=\"https:\/\/aeronet.news\/wp-content\/uploads\/Roman-Protasevich_Minsk-1024x576.jpg\" sizes=\"(max-width: 700px) 100vw, 700px\" srcset=\"https:\/\/aeronet.news\/wp-content\/uploads\/Roman-Protasevich_Minsk-1024x576.jpg 1024w, https:\/\/aeronet.news\/wp-content\/uploads\/Roman-Protasevich_Minsk-300x169.jpg 300w, https:\/\/aeronet.news\/wp-content\/uploads\/Roman-Protasevich_Minsk-768x432.jpg 768w, https:\/\/aeronet.news\/wp-content\/uploads\/Roman-Protasevich_Minsk-700x394.jpg 700w, https:\/\/aeronet.news\/wp-content\/uploads\/Roman-Protasevich_Minsk-635x357.jpg 635w, https:\/\/aeronet.news\/wp-content\/uploads\/Roman-Protasevich_Minsk-859x483.jpg 859w, https:\/\/aeronet.news\/wp-content\/uploads\/Roman-Protasevich_Minsk.jpg 1280w\" alt=\"\" width=\"714\" height=\"402\" \/><\/a><figcaption class=\"wp-caption-text\">Protasevi\u010d u soudu v roce 2023 s \u00fasm\u011bvem<\/figcaption><\/figure>\n<p>A oni to cht\u011bli, aby nep\u0159e\u017eil, proto\u017ee potom by mohli proti B\u011blorusku uvalit je\u0161t\u011b drakoni\u010dt\u011bj\u0161\u00ed sankce. Tohle je varov\u00e1n\u00ed pro v\u0161echny, \u017ee kdokoliv za\u010dne spolupracovat se z\u00e1padn\u00ed besti\u00ed, tak prost\u011b ta bestie ho v lep\u0161\u00edm p\u0159\u00edpad\u011b jen zneu\u017eije, ale v hor\u0161\u00edm p\u0159\u00edpad\u011b mu p\u0159ivod\u00ed smrt.<\/p>\n<p>Na tohle by m\u011bli pamatovat idioti z kon\u010dic\u00ed Fialovy vl\u00e1dy.\u00a0<strong>Partne\u0159i z Lond\u00fdna je 4 roky nav\u00e1d\u011bli k podpo\u0159e a financov\u00e1n\u00ed ukrajinsk\u00e9ho terorismu (<em>dod\u00e1vky raket, dron\u016f a plastick\u00fdch trhavin Semtex<\/em>) proti civiln\u00edm c\u00edl\u016fm v Rusku<\/strong>, ale tito partne\u0159i jednoho dne je mohou ob\u011btovat stejn\u011b, jako v roce 2021 ob\u011btovali v letadle Protasevi\u010de a \u00fa\u010delov\u011b ho tak vydali b\u011blorusk\u00fdm org\u00e1n\u016fm. \u00dapln\u011b stejn\u011b a bez mrknut\u00ed oka. A to nen\u00ed stra\u0161en\u00ed, to je d\u011bsiv\u00e1 realita!<\/p>\n<p><a href=\"https:\/\/aeronet.news\/lukasenko-ztrapnil-celou-eu-kdyz-odhalil-ze-na-zapade-oslavovany-a-udajny-belorusky-opozicni-aktivista-roman-protasevic-je-agentem-beloruske-kgb-a-kolektivni-zapad-ho-v-kvetnu-2021-obetoval\/\">-VK-<\/a><\/p>\n<p>&nbsp;<\/p>\n","protected":false},"excerpt":{"rendered":"<p>Luka\u0161enko ztrapnil celou EU, kdy\u017e odhalil, \u017ee na Z\u00e1pad\u011b oslavovan\u00fd a \u00fadajn\u00fd b\u011blorusk\u00fd opozi\u010dn\u00ed aktivista&#8230;<\/p>\n","protected":false},"author":2,"featured_media":91379,"comment_status":"closed","ping_status":"closed","sticky":false,"template":"","format":"standard","meta":[],"categories":[6],"tags":[562,1042,149,1508,4894,365],"_links":{"self":[{"href":"https:\/\/www.infokuryr.cz\/n\/wp-json\/wp\/v2\/posts\/91378"}],"collection":[{"href":"https:\/\/www.infokuryr.cz\/n\/wp-json\/wp\/v2\/posts"}],"about":[{"href":"https:\/\/www.infokuryr.cz\/n\/wp-json\/wp\/v2\/types\/post"}],"author":[{"embeddable":true,"href":"https:\/\/www.infokuryr.cz\/n\/wp-json\/wp\/v2\/users\/2"}],"replies":[{"embeddable":true,"href":"https:\/\/www.infokuryr.cz\/n\/wp-json\/wp\/v2\/comments?post=91378"}],"version-history":[{"count":0,"href":"https:\/\/www.infokuryr.cz\/n\/wp-json\/wp\/v2\/posts\/91378\/revisions"}],"wp:featuredmedia":[{"embeddable":true,"href":"https:\/\/www.infokuryr.cz\/n\/wp-json\/wp\/v2\/media\/91379"}],"wp:attachment":[{"href":"https:\/\/www.infokuryr.cz\/n\/wp-json\/wp\/v2\/media?parent=91378"}],"wp:term":[{"taxonomy":"category","embeddable":true,"href":"https:\/\/www.infokuryr.cz\/n\/wp-json\/wp\/v2\/categories?post=91378"},{"taxonomy":"post_tag","embeddable":true,"href":"https:\/\/www.infokuryr.cz\/n\/wp-json\/wp\/v2\/tags?post=91378"}],"curies":[{"name":"wp","href":"https:\/\/api.w.org\/{rel}","templated":true}]}}