{"id":91354,"date":"2025-11-04T00:29:39","date_gmt":"2025-11-03T23:29:39","guid":{"rendered":"https:\/\/www.infokuryr.cz\/n\/?p=91354"},"modified":"2025-11-03T18:52:31","modified_gmt":"2025-11-03T17:52:31","slug":"erik-best-rychetskeho-volba-na-premiera","status":"publish","type":"post","link":"https:\/\/www.infokuryr.cz\/n\/2025\/11\/04\/erik-best-rychetskeho-volba-na-premiera\/","title":{"rendered":"Erik Best: Rychetsk\u00e9ho volba na premi\u00e9ra"},"content":{"rendered":"<div id=\"fb-root\"><\/div>\n<p>B\u00fdval\u00fd p\u0159edseda \u00dastavn\u00edho soudu \u010cR Pavel Rychetsk\u00fd, dlouholet\u00fd d\u016fv\u011brn\u00edk Milo\u0161e Zemana, ne\u017e se b\u011bhem jeho druh\u00e9ho prezidentsk\u00e9ho obdob\u00ed rozkmot\u0159ili, te\u010f pos\u00edl\u00e1 rady Zemanovu n\u00e1stupci Petru Pavlovi.<\/p>\n<p>Rychetsk\u00e9ho hlavn\u00ed argumentace je, jak v\u010dera vysv\u011btlil v\u00a0<a href=\"https:\/\/www.ceskatelevize.cz\/porady\/1126672097-otazky-vaclava-moravce\/225411030511102\/\" target=\"_blank\" rel=\"noopener\">\u010cesk\u00e9 televizi<\/a>, \u017ee Pavel je p\u00e1nem situace, dokud nejmenuje p\u0159edsedu vl\u00e1dy, pot\u00e9 mus\u00ed prezident premi\u00e9rovy nominace do vl\u00e1dy p\u0159ijmout.<\/p>\n<p>Kdyby byl prezidentem on, jak \u0159ekl Rychetsk\u00fd,\u00a0asi by Andreje Babi\u0161e premi\u00e9rem v\u016fbec nejmenoval, \u010d\u00edm\u017e by se vyhnul probl\u00e9mu s\u00a0Filipem Turkem coby ministrem zahrani\u010d\u00ed. Stejn\u011b jako lobbista obrann\u00e9ho pr\u016fmyslu\u00a0<a href=\"https:\/\/www.novinky.cz\/clanek\/volby-do-poslanecke-snemovny-kolar-skladani-vlady-se-muze-vyvinout-prekvapivym-zpusobem-40542525\" target=\"_blank\" rel=\"noopener\">Petr Kol\u00e1\u0159<\/a>\u00a0p\u0159ed n\u00edm, i\u00a0Rychetsk\u00fd uvedl, \u017ee by nep\u0159edj\u00edmal, jak se situace nakonec vyvine.<\/p>\n<p>Prezident m\u016f\u017ee, jak zd\u016fraznil, jmenovat dv\u011b vl\u00e1dy, kter\u00e9 nedostanou d\u016fv\u011bru. Pokud prezident Pavel hled\u00e1 zp\u016fsob, jak d\u00e1t prvn\u00ed \u0161anci na sestavn\u00ed vl\u00e1dy sv\u00e9mu\u00a0<a href=\"https:\/\/www.fsfinalword.cz\/?page=archive&amp;show=1&amp;day=2025-4-7\" target=\"_blank\" rel=\"noopener\">favoritovi<\/a>, p\u0159edsedovi hnut\u00ed STAN V\u00edtu Raku\u0161anovi, Rychetsk\u00fd mu nyn\u00ed poskytl pom\u011brn\u011b jasn\u00fd n\u00e1vod.<\/p>\n<p><a href=\"https:\/\/www.fsfinalword.cz\/?page=archive&amp;day=2025-11-03&amp;utm_source=utm_source%3Dnewsletter&amp;utm_medium=utm_medium%3De-mail&amp;utm_campaign=utm_campaign%3Dfinal_word_3.11.2025\">Erik Best<\/a><\/p>\n<p><img decoding=\"async\" loading=\"lazy\" class=\"alignnone  wp-image-1179\" src=\"http:\/\/www.infokuryr.cz\/n\/wp-content\/uploads\/2021\/04\/erik-best.jpg\" alt=\"\" width=\"105\" height=\"118\" \/><\/p>\n","protected":false},"excerpt":{"rendered":"<p>B\u00fdval\u00fd p\u0159edseda \u00dastavn\u00edho soudu \u010cR Pavel Rychetsk\u00fd, dlouholet\u00fd d\u016fv\u011brn\u00edk Milo\u0161e Zemana, ne\u017e se b\u011bhem jeho&#8230;<\/p>\n","protected":false},"author":2,"featured_media":1949,"comment_status":"closed","ping_status":"closed","sticky":false,"template":"","format":"standard","meta":[],"categories":[6],"tags":[1503,621,444,99],"_links":{"self":[{"href":"https:\/\/www.infokuryr.cz\/n\/wp-json\/wp\/v2\/posts\/91354"}],"collection":[{"href":"https:\/\/www.infokuryr.cz\/n\/wp-json\/wp\/v2\/posts"}],"about":[{"href":"https:\/\/www.infokuryr.cz\/n\/wp-json\/wp\/v2\/types\/post"}],"author":[{"embeddable":true,"href":"https:\/\/www.infokuryr.cz\/n\/wp-json\/wp\/v2\/users\/2"}],"replies":[{"embeddable":true,"href":"https:\/\/www.infokuryr.cz\/n\/wp-json\/wp\/v2\/comments?post=91354"}],"version-history":[{"count":0,"href":"https:\/\/www.infokuryr.cz\/n\/wp-json\/wp\/v2\/posts\/91354\/revisions"}],"wp:featuredmedia":[{"embeddable":true,"href":"https:\/\/www.infokuryr.cz\/n\/wp-json\/wp\/v2\/media\/1949"}],"wp:attachment":[{"href":"https:\/\/www.infokuryr.cz\/n\/wp-json\/wp\/v2\/media?parent=91354"}],"wp:term":[{"taxonomy":"category","embeddable":true,"href":"https:\/\/www.infokuryr.cz\/n\/wp-json\/wp\/v2\/categories?post=91354"},{"taxonomy":"post_tag","embeddable":true,"href":"https:\/\/www.infokuryr.cz\/n\/wp-json\/wp\/v2\/tags?post=91354"}],"curies":[{"name":"wp","href":"https:\/\/api.w.org\/{rel}","templated":true}]}}