{"id":91345,"date":"2025-11-04T00:22:51","date_gmt":"2025-11-03T23:22:51","guid":{"rendered":"https:\/\/www.infokuryr.cz\/n\/?p=91345"},"modified":"2025-11-03T12:04:48","modified_gmt":"2025-11-03T11:04:48","slug":"podporujeme-deklarace-proti-sjezdu-sudetonemcu-v-brne","status":"publish","type":"post","link":"https:\/\/www.infokuryr.cz\/n\/2025\/11\/04\/podporujeme-deklarace-proti-sjezdu-sudetonemcu-v-brne\/","title":{"rendered":"Podporujeme: Deklarace proti sjezdu Sudeton\u011bmc\u016f v Brn\u011b"},"content":{"rendered":"<div id=\"fb-root\"><\/div>\n<p>Dne 25. 10. 2025 se v Praze a v Brn\u011b konala shrom\u00e1\u017ed\u011bn\u00ed proti sjezdu sude\u0165\u00e1k\u016f v \u010cR. Tato shrom\u00e1\u017ed\u011bn\u00ed po\u0159\u00e1dal Klub \u010desk\u00e9ho pohrani\u010d\u00ed a na tom pra\u017esk\u00e9m vystoupil se sv\u00fdm projevem i n\u00e1\u0161 \u010dlen\u00a0<a href=\"https:\/\/narodnidemokracie.cz\/ing-miroslav-kelnar-nebudeme-mlcet-ke-sjezdu-sudetaku-v-cr\/\">Miroslav Kelnar<\/a>. Byla zde p\u0159ijata tato deklarace:<\/p>\n<p>My, poz\u016fstal\u00ed po ob\u011btech \u0159\u00e1d\u011bn\u00ed tzv. Sudeton\u011bmc\u016f, poz\u016fstal\u00ed Kruhu vyhnan\u00fdch z \u010deskoslovensk\u00e9ho pohrani\u010d\u00ed v letech 1938-1945, p\u0159\u00edslu\u0161n\u00edci vlasteneck\u00fdch organizac\u00ed \u010ceskoslovensk\u00e9 obce legion\u00e1\u0159sk\u00e9, \u010cesk\u00e9ho svazu bojovn\u00edk\u016f za svobodu, \u010cesk\u00e9ho svazu protifa\u0161istick\u00fdch bojovn\u00edk\u016f, Vlasteneck\u00e9ho svazu antifa\u0161ist\u016f, Sdru\u017een\u00ed Osvobozen\u00fdch politick\u00fdch v\u011bz\u0148\u016f, Klubu \u010desk\u00e9ho pohrani\u010d\u00ed, V\u00fdboru n\u00e1rodn\u00ed kultury, a dal\u0161\u00edch organizac\u00ed a hnut\u00ed,<\/p>\n<h4><strong>Za prvn\u00ed,<\/strong><\/h4>\n<p class=\"\">\u017e\u00e1d\u00e1me Magistr\u00e1t m\u011bsta Brna, aby zastavil ve\u0161ker\u00e9 kroky k uspo\u0159\u00e1d\u00e1n\u00ed sjezdu tzv. Sudeton\u011bmc\u016f, naz\u00fdvan\u00fdch t\u00e9\u017e landsmany a n\u011bkter\u00fdmi politiky nepravdiv\u011b \u201ena\u0161imi krajany\u201c.<\/p>\n<h4><strong>Za druh\u00e9,<\/strong><\/h4>\n<p class=\"\">podle n\u00e1s, ob\u010dan\u016f po\u0161kozen\u00fdch tzv. Sudeton\u011bmci na rodin\u00e1ch, na \u017eivotech na\u0161ich bl\u00edzk\u00fdch a dal\u0161\u00edch \u010deskoslovensk\u00fdch ob\u010dan\u016f, na lidsk\u00e9 d\u016fstojnosti i na majetc\u00edch uloupen\u00fdch \u010di zni\u010den\u00fdch v letech z\u00e1boru \u010deskoslovensk\u00e9ho pohrani\u010d\u00ed, tito p\u0159\u00edslu\u0161n\u00edci tzv. Landsmanschaft\u016f, se nikdy neomluvili na\u0161im po\u0161kozen\u00fdm za utrpen\u00ed, vra\u017edy a loupe\u017ee sp\u00e1chan\u00e9 jejich ordnery a freikorpsy na \u010cechoslov\u00e1c\u00edch v letech 1938-1945. Nikdy neprojevili sebemen\u0161\u00ed empatii pro po\u0161kozen\u00e9 \u010cechoslov\u00e1ky, nikdy neuznali besti\u00e1ln\u00ed vyhn\u00e1n\u00ed 350 tis\u00edc \u010cechoslov\u00e1k\u016f z pohrani\u010d\u00ed \u010cSR po mnichovsk\u00e9 zrad\u011b a d\u00e1le z vnitrozem\u00ed Drahansk\u00e9 vyso\u010diny, Svitavska, Jihlavska, Neveklovska, Sedl\u010danska a Berounska v letech 1940-1944. Tud\u00ed\u017e nemaj\u00ed ani st\u00e1topr\u00e1vn\u00ed ani mor\u00e1ln\u00ed pr\u00e1vo sj\u00ed\u017ed\u011bt se v zemi, kterou ni\u010dili a okupovali v r\u00e1mci \u201eT\u0159et\u00ed \u0159\u00ed\u0161e\u201c v letech ohro\u017een\u00ed \u010cSR od 30. \u0159\u00edjna 1938 do \u0159\u00edjna 1945, jak to stanovil prezident \u010cSR Edvard Bene\u0161 ve vyhl\u00e1\u0161en\u00ed v\u00e1le\u010dn\u00e9ho stavu s N\u011bmeckem a Ma\u010farskem.<\/p>\n<h4><strong>Za t\u0159et\u00ed,<\/strong><\/h4>\n<p class=\"\">\u010dinnost Landsmannschaft\u016f je v rozporu jak s konstatov\u00e1n\u00edmi Norimbersk\u00e9ho soudu o zlo\u010dinn\u00e9 \u00faloze tzv. Sudeton\u011bmc\u016f na rozvr\u00e1cen\u00ed a zni\u010den\u00ed \u010cSR, tak s pr\u00e1vn\u00edm po\u0159\u00e1dkem \u010cSR a jej\u00edho n\u00e1stupn\u00edka \u010cR, jeho\u017e sou\u010d\u00e1st\u00ed jsou prezidentsk\u00e9 dekrety, kter\u00e9 landsman\u00e9 nez\u00e1konn\u011b neust\u00e1le napadaj\u00ed. Na \u00fazem\u00ed \u010cR nelze tuto proti\u00fastavn\u00ed a mezin\u00e1rodn\u011b protipr\u00e1vn\u00ed \u010dinnost trp\u011bt.<\/p>\n<p class=\"\">\u017d\u00e1d\u00e1me parlament a vl\u00e1du \u010cR, aby k tomu zaujali p\u0159\u00edslu\u0161n\u00e9 kroky.<\/p>\n<p class=\"\">Za jmenovan\u00e9 vlasteneck\u00e9 organizace.<\/p>\n<p><em>Brno a Praha dne 25. 10. 2025<\/em><\/p>\n<p><img decoding=\"async\" loading=\"lazy\" class=\"alignnone size-full wp-image-678\" src=\"http:\/\/www.infokuryr.cz\/n\/wp-content\/uploads\/2021\/04\/narodni_demokracie_logo.jpg\" alt=\"\" width=\"300\" height=\"85\" \/><\/p>\n<p>&nbsp;<\/p>\n","protected":false},"excerpt":{"rendered":"<p>Dne 25. 10. 2025 se v Praze a v Brn\u011b konala shrom\u00e1\u017ed\u011bn\u00ed proti sjezdu sude\u0165\u00e1k\u016f&#8230;<\/p>\n","protected":false},"author":2,"featured_media":91346,"comment_status":"closed","ping_status":"closed","sticky":false,"template":"","format":"standard","meta":[],"categories":[6],"tags":[1168,2886,7378],"_links":{"self":[{"href":"https:\/\/www.infokuryr.cz\/n\/wp-json\/wp\/v2\/posts\/91345"}],"collection":[{"href":"https:\/\/www.infokuryr.cz\/n\/wp-json\/wp\/v2\/posts"}],"about":[{"href":"https:\/\/www.infokuryr.cz\/n\/wp-json\/wp\/v2\/types\/post"}],"author":[{"embeddable":true,"href":"https:\/\/www.infokuryr.cz\/n\/wp-json\/wp\/v2\/users\/2"}],"replies":[{"embeddable":true,"href":"https:\/\/www.infokuryr.cz\/n\/wp-json\/wp\/v2\/comments?post=91345"}],"version-history":[{"count":0,"href":"https:\/\/www.infokuryr.cz\/n\/wp-json\/wp\/v2\/posts\/91345\/revisions"}],"wp:featuredmedia":[{"embeddable":true,"href":"https:\/\/www.infokuryr.cz\/n\/wp-json\/wp\/v2\/media\/91346"}],"wp:attachment":[{"href":"https:\/\/www.infokuryr.cz\/n\/wp-json\/wp\/v2\/media?parent=91345"}],"wp:term":[{"taxonomy":"category","embeddable":true,"href":"https:\/\/www.infokuryr.cz\/n\/wp-json\/wp\/v2\/categories?post=91345"},{"taxonomy":"post_tag","embeddable":true,"href":"https:\/\/www.infokuryr.cz\/n\/wp-json\/wp\/v2\/tags?post=91345"}],"curies":[{"name":"wp","href":"https:\/\/api.w.org\/{rel}","templated":true}]}}