{"id":91344,"date":"2025-11-04T00:19:41","date_gmt":"2025-11-03T23:19:41","guid":{"rendered":"https:\/\/www.infokuryr.cz\/n\/?p=91344"},"modified":"2025-11-03T11:27:55","modified_gmt":"2025-11-03T10:27:55","slug":"honeni-na-magistrale-policajtka-jde-konecne-k-soudu","status":"publish","type":"post","link":"https:\/\/www.infokuryr.cz\/n\/2025\/11\/04\/honeni-na-magistrale-policajtka-jde-konecne-k-soudu\/","title":{"rendered":"Hon\u011bn\u00ed na magistr\u00e1le: Policajtka jde kone\u010dn\u011b k soudu"},"content":{"rendered":"<div id=\"fb-root\"><\/div>\n<p>Vypad\u00e1 to, \u017ee bylo prolomeno d\u00e9le ne\u017e rok trvaj\u00edc\u00ed ml\u010den\u00ed ohledn\u011b spektakul\u00e1rn\u00ed nehody, p\u0159i kter\u00e9 p\u0159i\u0161la b\u011bhem policejn\u00edho vysokorychlostn\u00edho pron\u00e1sledov\u00e1n\u00ed o \u017eivot spolujezdkyn\u011b ve vozidle n\u00e1hodn\u00e9ho \u0159idi\u010de.<\/p>\n<p>Tento \u010dl\u00e1nek navazuje p\u0159edchoz\u00ed \u010dl\u00e1nek, kde jsem upozornil na podivn\u00e9 ticho, kter\u00e9 pron\u00e1sleduje dopravn\u00ed nehodu, kter\u00e1 se stala 13. 9. 2024 v Praze. \u0158idi\u010d policejn\u00edho vozidla zp\u016fsobil velmi z\u00e1va\u017enou dopravn\u00ed nehodu, p\u0159i kter\u00e9 zem\u0159el \u010dlov\u011bk. Stalo se tak b\u011bhem toho, \u010demu \u0159\u00edk\u00e1me policejn\u00ed hon\u011bn\u00ed, tedy vysokorychlostn\u00edho pron\u00e1sledov\u00e1n\u00ed jin\u00e9ho vozidla. Konkr\u00e9\u00edtn\u011b, policejn\u00ed vozidlo vjelo vysokou rychlost\u00ed do k\u0159i\u017eovatky, a\u010dkoli mu na semaforu sv\u00edtila \u010derven\u00e1. O s\u00edle n\u00e1razu vypov\u00edd\u00e1 velk\u00e1 m\u00edra deformace obou vozidel a to, \u017ee vozidlo Opel po\u0161kozen\u00fdch bylo n\u00e1razem vr\u017eeno na chodn\u00edk a p\u0159evr\u00e1ceno na bok. To v\u0161e ukazuje, \u017ee rychlost policejn\u00edho vozidla \u0160koda Scala musela v\u00fdrazn\u011b p\u0159ekra\u010dovat povolen\u00fdch 50 km\/h.<\/p>\n<p>Policie a m\u00e9dia p\u0159estala velmi z\u00e1hy o cel\u00e9 v\u011bci informovat. Obvykl\u00e1 lh\u016fta na pro\u0161et\u0159en\u00ed podobn\u00e9 v\u011bci a pod\u00e1n\u00ed \u017ealoby st\u00e1tn\u00edm z\u00e1stupcem b\u00fdv\u00e1 v podobn\u00fdch v\u011bcech zhruba \u0161est a\u017e dev\u011bt m\u011bs\u00edc\u016f.<\/p>\n<p>\u010cl\u00e1nek byl ve\u0159ejnou \u010d\u00e1st\u00ed m\u00fdch aktivit, ta neve\u0159ejn\u00e1 spo\u010d\u00edvala v p\u0159esv\u011bd\u010dov\u00e1n\u00ed n\u011bkter\u00fdch sp\u0159\u00e1telen\u00fdch novin\u00e1\u0159\u016f z \u201etradi\u010dn\u00edch\u201c m\u00e9di\u00ed, aby se o celou v\u011bc za\u010dali zaj\u00edmat a zeptali se policie, GIBS a st\u00e1tn\u00edho zastupitelstv\u00ed, zda je\u0161t\u011b hodlaj\u00ed postihovat vin\u00edky smrteln\u00fdch dopravn\u00edch nehod, nebo zda se to zase n\u011bjak sm\u00e1zne.<\/p>\n<p>Do cel\u00e9 v\u011bci se vlo\u017eila tak\u00e9 obecn\u011b prosp\u011b\u0161n\u00e1 spole\u010dnost\u00a0<a href=\"https:\/\/www.kverulant.org\/\">Kverulant<\/a>\u00a0veden\u00e1 panem Razimou, kter\u00e1 se na stav cel\u00e9 v\u011bci dotazovala Policie \u010cR a\u00a0<a href=\"https:\/\/www.kverulant.org\/article\/pred-rokem-policejni-vuz-usmrtil-mladou-divku-pri-pronasledovani-tuningovych-aut-tragedie-dosud-neni-vysetrena\/\">zve\u0159ejnila obs\u00e1hlou rekapitulaci cel\u00e9 kauzy<\/a><\/p>\n<p>Bu\u010f je to shoda n\u00e1hod, nebo to pomohlo, kdo v\u00ed, ka\u017edop\u00e1dn\u011b nyn\u00ed, po v\u00edce ne\u017e 13 m\u011bs\u00edc\u00edch, jsme se 15. \u0159\u00edjna do\u010dkali kr\u00e1tk\u00e9 zpr\u00e1vy v tiskov\u00e9mu servisu \u010cTK, \u017ee v z\u00e1\u0159\u00ed byla pod\u00e1na ob\u017ealoba. Tuto zpr\u00e1vu\u00a0<a href=\"https:\/\/www.idnes.cz\/praha\/zpravy\/policistka-obzaloba-smrtelna-nehoda-policejni-vuz.A251015_150845_praha-zpravy_tmps\">p\u0159evzala nemnoh\u00e1 m\u00e9dia<\/a>. Informovalo o tom m\u011bstsk\u00e9 st\u00e1tn\u00ed zastupitelstv\u00ed v Praze. \u0158idi\u010dku policejn\u00edho vozidla \u017ealobce vin\u00ed z trestn\u00fdch \u010din\u016f usmrcen\u00ed z nedbalosti, t\u011b\u017ek\u00e9 ubl\u00ed\u017een\u00ed na zdrav\u00ed z nedbalosti a ubl\u00ed\u017een\u00ed na zdrav\u00ed z nedbalosti.<\/p>\n<p>Z nedlouh\u00e9 zpr\u00e1vy lze vysledovat ur\u010dit\u00fd, jak se nyn\u00ed modern\u011b \u0159\u00edk\u00e1, narativ. Policistka podle st\u00e1tn\u00edho z\u00e1stupce pron\u00e1sledovala se zapnut\u00fdm maj\u00e1kem rychle jedouc\u00ed auta. P\u0159ekro\u010dila povolenou rychlost a vjela na \u010dervenou do k\u0159i\u017eovatky. Pak ji\u017e nebyla schopn\u00e1 zabr\u00e1nit st\u0159etu s\u00a0jin\u00fdm vozem, kter\u00fd do k\u0159i\u017eovatky vjel na \u017elutou.<\/p>\n<p>Podle p\u016fvodn\u00edho vyj\u00e1d\u0159en\u00ed policejn\u00ed v\u0161ak vozidlo nepron\u00e1sledovalo podez\u0159el\u00e9ho z p\u0159estupku, deklarovan\u00fdm \u00fa\u010delem policejn\u00edho hon\u011bn\u00ed bylo proveden\u00ed silni\u010dn\u00ed kontroly. Rovn\u011b\u017e vyj\u00e1d\u0159en\u00ed o j\u00edzd\u011b vozidla s po\u0161kozen\u00fdmi na \u017elut\u00fd sign\u00e1l je nov\u00e9 a \u00fa\u010del takov\u00e9 argumentace asi nen\u00ed zapot\u0159eb\u00ed obs\u00e1hle rozv\u00e1d\u011bt.<\/p>\n<p>Lze tak\u00e9 vysledovat, \u017ee n\u011bkdo ovliv\u0148uje m\u00e9dia. Nap\u0159\u00edklad Luka\u010dovi\u010dovo prolhan\u00e9 m\u00e9dium Novinky.cz nejprve uve\u0159ejnilo tento \u010dl\u00e1nek pod titulkem Policistka z\u00a0Prahy p\u016fjde za smrtelnou nehodu p\u0159ed\u00a0soud. Odtud ji pod t\u00edmto titulkem\u00a0<a href=\"https:\/\/www.prahanadlani.cz\/amp-clanek-zprava\/1472142-policistka-z%C2%A0prahy-pujde-za-smrtelnou-nehodu-pred%C2%A0soud.html\">p\u0159evzala dal\u0161\u00ed m\u00e9dia<\/a>. Pozd\u011bji bylo nutn\u00e9 titulek zm\u011bnit na \u201ePolicistka v Praze pron\u00e1sledovala tuningov\u00e9 auto a zp\u016fsobila smrtelnou nehodu. P\u016fjde p\u0159ed soud\u201c a velmi brzy pot\u00e9 na kone\u010dn\u00e9 a zna\u010dn\u011b kostrbat\u00e9\u00a0<a href=\"https:\/\/www.novinky.cz\/clanek\/krimi-policistka-z-prahy-pujde-za-smrtelnou-nehodu-pred-soud-40545164\">\u201eS maj\u00e1ky policistka v\u00a0Praze pron\u00e1sledovala tuningov\u00e9 auto a\u00a0zp\u016fsobila smrtelnou nehodu. P\u016fjde p\u0159ed soud\u201c<\/a>. Asi n\u011bkdo zvedl telefon a zavolal do Luka\u010dovi\u010dova Rud\u00e9ho pr\u00e1va, \u017ee tam mus\u00ed st\u00e1t \u201es maj\u00e1ky\u201c.<\/p>\n<p>A\u0165 vytv\u00e1\u0159ej\u00ed narativy jak cht\u011bj\u00ed. Ve\u0159ejn\u00fd z\u00e1jem cel\u00e9 v\u011bci rozhodn\u011b neu\u0161kodil a \u0159idi\u010dka policejn\u00edho vozidla stane p\u0159ed soudem, kde se bude muset ze sv\u00e9ho zcela bezhlav\u00e9ho a nebezpe\u010dn\u00e9ho po\u010d\u00edn\u00e1n\u00ed zpov\u00eddat.<\/p>\n<p>Mysl\u00edm, \u017ee to je spr\u00e1vn\u011b. Nechci sd\u00edlet silnici s asoci\u00e1ly a psychopaty, kte\u0159\u00ed vjedou na pln\u00fd plyn na \u010dervenou do k\u0159i\u017eovatky. \u017de takov\u00ed slou\u017e\u00ed pracuj\u00ed u policie, d\u011bl\u00e1 celou v\u011bc je\u0161t\u011b hor\u0161\u00ed.<\/p>\n<p>Nelze si nepov\u0161imnout, \u017ee ve\u0161ker\u00e1 dosavadn\u00ed medi\u00e1ln\u00ed komunikace ve v\u011bci poch\u00e1z\u00ed od st\u00e1tn\u00edho zastupitelstv\u00ed. Policie se neobt\u011b\u017eovala sebereflex\u00ed v \u017e\u00e1dn\u00e9m sm\u011bru. Nedo\u010dkali jsme se \u017e\u00e1dn\u00e9ho vyj\u00e1d\u0159en\u00ed, zda se usmrcen\u00ed jin\u00fdch \u00fa\u010dastn\u00edk\u016f silni\u010dn\u00edho provozu p\u0159i policejn\u00edm hon\u011bn\u00ed st\u00e1v\u00e1 novou normou, na kterou se mus\u00edme my oby\u010dejn\u00ed civiln\u00ed \u00fa\u010dastn\u00edci silni\u010dn\u00edho provozu zvyknout, nebo zda veden\u00ed Policie \u010cR hodl\u00e1 n\u011bjak metodicky \u010di disciplin\u00e1rn\u011b p\u016fsobit na sv\u00e9 p\u0159\u00edslu\u0161n\u00edky, aby se takov\u00e9 v\u011bci u\u017e nikdy nestaly. Z pozice ob\u010dana je pak zat\u011b\u017eko rozli\u0161it, zda v\u011bt\u0161\u00ed riziko p\u0159edstavuj\u00ed pachatel\u00e9 trestn\u00e9 \u010dinnosti, nebo ti, kte\u0159\u00ed n\u00e1s p\u0159ed nimi maj\u00ed chr\u00e1nit.<\/p>\n<p>Tento z\u00e1v\u011bre\u010dn\u00fd odstavec je ur\u010den t\u011bm f\u00edzl\u016fm, kte\u0159\u00ed se nechali p\u0159esv\u011bd\u010dit, \u017ee \u201esbor\u201c to n\u011bjak za\u0159\u00edd\u00ed, a\u017e se dostanou do pr\u016fseru tak, \u017ee nep\u016fjdou k soudu a nep\u016fjdou do basy. Nap\u00ed\u0161u to te\u010f tak, aby tomu porozum\u011blo i stupidn\u00ed hovado s taktick\u00fdm plnovousem, co z\u00edskalo maturitu v \u201eza\u0159\u00edzen\u00ed ministerstva vnitra\u201c, snad \u010dten\u00e1\u0159i prominou.<\/p>\n<p>Nebu\u010fte hloup\u00ed, p\u0159\u00edpadn\u011b nebu\u010fte je\u0161t\u011b hloup\u011bj\u0161\u00ed, ne\u017e jste. Oni sice maj\u00ed n\u011bjak\u00e9 mo\u017enosti, ale jakmile to za\u010dn\u011b \u201esmrd\u011bt\u201c, tak od v\u00e1s daj\u00ed ruce pry\u010d na prvn\u00ed dobrou. Nechaj\u00ed v\u00e1s v tom, stejn\u011b jako tuhle f\u00edzlovku. Za\u010dne jim to smrd\u011bt, kdy\u017e se o to ve\u0159ejnost zaj\u00edm\u00e1. F\u00edzlovka si bude muset nyn\u00ed sama sehnat advok\u00e1ta, ano, toho sam\u00e9ho advok\u00e1ta, co jimi tak opovrhujete, a u soudu si bude posyp\u00e1vat hlavu popelem, \u017ee se chovala jako blb\u00e1 kr\u00e1va a zabila mlad\u00e9ho \u010dlov\u011bka, co\u017e bude slovo od slova pravda. Dostane podm\u00ednku, co\u017e mi za n\u011bco podobn\u00e9ho p\u0159ipad\u00e1 m\u00e1lo, ale u\u017e to tak b\u00fdv\u00e1. Va\u0161e kolegyn\u011b bude m\u00edt dopolicajtov\u00e1no. Do sv\u00e9 smrti bude muset \u017e\u00edt s t\u00edm, \u017ee zabila \u010dlov\u011bka a zabila ho pro n\u011bjak\u00e9 debiln\u00ed \u010d\u00e1rky v \u00fachyln\u00e9m \u010d\u00e1rkov\u00e9m syst\u00e9mu sv\u00fdch pupkat\u00fdch nad\u0159\u00edzen\u00fdch. Mysl\u00edte, \u017ee tohle stoj\u00ed za to?<\/p>\n<p><span style=\"font-size: 10pt;\"><a href=\"https:\/\/dfens-cz.com\/honeni-na-magistrale-policajtka-jde-konecne-k-soudu\/\">D-FENS<\/a><\/span><\/p>\n<p>&nbsp;<\/p>\n","protected":false},"excerpt":{"rendered":"<p>Vypad\u00e1 to, \u017ee bylo prolomeno d\u00e9le ne\u017e rok trvaj\u00edc\u00ed ml\u010den\u00ed ohledn\u011b spektakul\u00e1rn\u00ed nehody, p\u0159i kter\u00e9&#8230;<\/p>\n","protected":false},"author":2,"featured_media":24220,"comment_status":"closed","ping_status":"closed","sticky":false,"template":"","format":"standard","meta":[],"categories":[6],"tags":[4137,1503,5289,324],"_links":{"self":[{"href":"https:\/\/www.infokuryr.cz\/n\/wp-json\/wp\/v2\/posts\/91344"}],"collection":[{"href":"https:\/\/www.infokuryr.cz\/n\/wp-json\/wp\/v2\/posts"}],"about":[{"href":"https:\/\/www.infokuryr.cz\/n\/wp-json\/wp\/v2\/types\/post"}],"author":[{"embeddable":true,"href":"https:\/\/www.infokuryr.cz\/n\/wp-json\/wp\/v2\/users\/2"}],"replies":[{"embeddable":true,"href":"https:\/\/www.infokuryr.cz\/n\/wp-json\/wp\/v2\/comments?post=91344"}],"version-history":[{"count":0,"href":"https:\/\/www.infokuryr.cz\/n\/wp-json\/wp\/v2\/posts\/91344\/revisions"}],"wp:featuredmedia":[{"embeddable":true,"href":"https:\/\/www.infokuryr.cz\/n\/wp-json\/wp\/v2\/media\/24220"}],"wp:attachment":[{"href":"https:\/\/www.infokuryr.cz\/n\/wp-json\/wp\/v2\/media?parent=91344"}],"wp:term":[{"taxonomy":"category","embeddable":true,"href":"https:\/\/www.infokuryr.cz\/n\/wp-json\/wp\/v2\/categories?post=91344"},{"taxonomy":"post_tag","embeddable":true,"href":"https:\/\/www.infokuryr.cz\/n\/wp-json\/wp\/v2\/tags?post=91344"}],"curies":[{"name":"wp","href":"https:\/\/api.w.org\/{rel}","templated":true}]}}