{"id":91341,"date":"2025-11-04T00:16:10","date_gmt":"2025-11-03T23:16:10","guid":{"rendered":"https:\/\/www.infokuryr.cz\/n\/?p=91341"},"modified":"2025-11-03T11:25:01","modified_gmt":"2025-11-03T10:25:01","slug":"jsme-zdeseni-jak-myrka-nemcova-hlasi-po-masakru-ve-vlaku-11-podriznutych-britsky-kral-karel-iii","status":"publish","type":"post","link":"https:\/\/www.infokuryr.cz\/n\/2025\/11\/04\/jsme-zdeseni-jak-myrka-nemcova-hlasi-po-masakru-ve-vlaku-11-podriznutych-britsky-kral-karel-iii\/","title":{"rendered":"Jsme zd\u011b\u0161eni jak &#8222;Myrka N\u011bmcov\u00e1&#8220;, hl\u00e1s\u00ed po masakru ve vlaku 11 pod\u0159\u00edznut\u00fdch britsk\u00fd kr\u00e1l Karel III."},"content":{"rendered":"<div id=\"fb-root\"><\/div>\n<div class=\"introtext\">\n<h4>Co na to udava\u010d Posp\u00ed\u0161il a st\u00e1tn\u00ed z\u00e1stupce, kte\u0159\u00ed tvrd\u00ed, \u017ee upozorn\u011bn\u00ed na masakry \u010dernochama \u010di migranty je rasismus? A ti vrazi jsou pak v depresi? Britov\u00e9 u\u017e p\u0159ed \u010dernochy nepoklek\u00e1vaj\u00ed?<\/h4>\n<\/div>\n<div class=\"fulltext\">\n<p>Jo pardon, oni u\u017e se v NO GO z\u00f3n\u00e1ch v Brit\u00e1nii narodili, tak\u017ee jsou to vlastn\u011b Britov\u00e9, tak\u017ee u\u017e vra\u017ed\u00ed Britov\u00e9&#8230;<\/p>\n<h2 class=\"live-post__title\">Kr\u00e1l Karel III je\u201ezd\u011b\u0161en a \u0161okov\u00e1n\u201c \u00fatokem no\u017eem<\/h2>\n<div class=\"articleBodyText section\">\n<div class=\"component article-body-text\" data-test=\"article-body-text\">\n<p>Ve zpr\u00e1v\u011b zve\u0159ejn\u011bn\u00e9 Buckinghamsk\u00fdm pal\u00e1cem \u0159ekl: \u201eMoje \u017eena a j\u00e1 jsme byli opravdu zd\u011b\u0161eni a \u0161okov\u00e1ni, kdy\u017e jsme sly\u0161eli o hrozn\u00e9m \u00fatoku no\u017eem, kter\u00fd se odehr\u00e1l v\u010dera ve\u010der na palub\u011b vlaku v Cambridgeshire. Na\u0161e nejhlub\u0161\u00ed sympatie a my\u0161lenky jsou se v\u0161emi posti\u017een\u00fdmi a jejich bl\u00edzk\u00fdmi.<\/p>\n<p>I sen\u00e1torka &#8222;Myrka&#8220; je zd\u011b\u0161ena a \u0161okov\u00e1na, \u017ee se to pobodan\u00fdm nel\u00edb\u00ed. I TOP 09 Posp\u00ed\u0161il je zd\u011b\u0161en a \u0161okov\u00e1n, \u017ee se to pod\u0159ezan\u00fdm b\u00edl\u00edm ve vlaku nel\u00edb\u00ed.\u00a0 V\u017edy\u0165 pod\u0159ez\u00e1vat b\u00edl\u00e9 je z\u00e1bava a Posp\u00ed\u0161il se st\u00e1tn\u00edm z\u00e1stupce a polici\u00ed z toho maj\u00ed legraci.<\/p>\n<p>Jo pardnon, to nen\u00ed teroristick\u00fd \u010din, pod\u0159\u00edznout ve vlaku deset lid\u00ed neb\u00edl\u00edm &#8222;Britem&#8220;. Jasn\u011b, je to Brit a jenom &#8222;Okamurov\u00e9 &#8211; n\u00e1ckov\u00e9 a rasisti&#8220; by tyto \u010dern\u00e9 Brity nazvali migranty.<\/p>\n<h3 class=\"live-post__title\">Policie odhalila etnika podez\u0159el\u00fdch<\/h3>\n<div class=\"articleBodyText section\">\n<div class=\"component article-body-text\" data-test=\"article-body-text\">\n<p>Policie odhalila etnika podez\u0159el\u00fdch z \u00fatoku na vlak.<\/p>\n<p>P\u0159i projevu na tiskov\u00e9 konferenci p\u0159ed sc\u00e9nou Superintendant John Loveless z britsk\u00e9 dopravn\u00ed policie identifikoval podez\u0159el\u00e9 jako 32let\u00e9ho mu\u017ee, \u010derno\u0161sk\u00e9ho britsk\u00e9ho st\u00e1tn\u00edho p\u0159\u00edslu\u0161n\u00edka a 35let\u00e9ho mu\u017ee, britsk\u00e9ho st\u00e1tn\u00edho p\u0159\u00edslu\u0161n\u00edka karibsk\u00e9ho p\u016fvodu.\u00a0<strong><em>(Druh\u00fd byl propu\u0161t\u011bn, obvin\u011bn\u00fd je pouze &#8222;\u010dernoch Brit&#8220;, kter\u00fd je Brit, proto\u017ee se migrant\u016fm narodil na britsk\u00e9 p\u016fd\u011b. a proto to ani terorismus a rasismus nebude)<\/em><\/strong><\/p>\n<p>A lidi u\u017e t\u011bch manipul\u00e1torsk\u00fdch \u0161mejd\u016f maj\u00ed pln\u00e9 zuby: serv\u00edtky si neberou! U\u017e ani p\u0159ed kr\u00e1lem a kr\u00e1lovnou!<\/p>\n<h4>Zde p\u0159\u00edm\u00fd p\u0159eklad z plaformy &#8222;X&#8220;<\/h4>\n<p><img decoding=\"async\" loading=\"lazy\" class=\"aligncenter\" src=\"https:\/\/www.skrytapravda.cz\/images\/blogy\/2951\/2025\/11listopad\/kral_brit_b2e54.webp\" alt=\"kral brit b2e54\" width=\"585\" height=\"1006\" \/><\/p>\n<p>Tak\u017ee rasismus nen\u00ed to, kdy\u017e migranti s no\u017ei pod\u0159ez\u00e1vaj\u00ed b\u00edl\u00e9 Evropany. Rasismus nast\u00e1v\u00e1 v okam\u017eiku, kdy na to SPD a dal\u0161\u00ed v N\u011bmecku, Francii \u010di Brit\u00e1nii upozorn\u00ed a SPD uk\u00e1\u017ee na plak\u00e1tu viz \u00favodn\u00ed kol\u00e1\u017e. Tvrd\u00ed to nejen Rychetsk\u00fd, ale i politick\u00fd policista a politick\u00fd st\u00e1tn\u00ed z\u00e1stupce. Specializovan\u00e9 jednotky k tomu ur\u010den\u00e9.\u00a0<strong>Hol\u010di\u010dky se maj\u00ed nechat zn\u00e1silnit, maj\u00ed se nechat up\u00e1lit, lid\u00e9 se maj\u00ed nechat pod\u0159ez\u00e1vat a kdy\u017e p\u0159e\u017eij\u00ed, mohou si st\u011b\u017eovat.\u00a0<\/strong>Protesty p\u0159edem jsou ozna\u010deny jako rasismus, proto\u017ee vrazi s no\u017ei z toho maj\u00ed du\u0161evn\u00ed deprese a trauma a st\u011b\u017euj\u00ed si k soudu.<\/p>\n<p>M\u011bjme ohledy na vrahy a migranty, to je n\u00e1\u0161 \u00fakol. Na\u0161e d\u011bti, hol\u010di\u010dky a man\u017eelky nem\u00e1me pr\u00e1vo chr\u00e1nit ani upozorn\u011bn\u00edm na plak\u00e1tech. Hlavn\u011b nep\u0159iv\u00e9st vrahy a n\u00e1siln\u00edky do depres\u00ed,\u00a0to je n\u00e1\u0161 \u00fakol. To Tomio Okamuro nech\u00e1pete? Do v\u011bzen\u00ed s v\u00e1mi a \u017e\u00e1dn\u00e1 imunita!<\/p>\n<p><strong>P.S.<\/strong> U\u017e ch\u00e1pete, pro\u010d Nigel Farage a jeho\u00a0Reform UK drt\u00ed p\u016fvodn\u00ed politick\u00e9 strany a p\u0159ipravuje se na drtiv\u00e9 v\u00edt\u011bzstv\u00ed v britsk\u00fdch volb\u00e1ch?<\/p>\n<p><a href=\"https:\/\/www.skrytapravda.cz\/ze-zahranici\/2848-jsme-zdeseni-jak-myrka-nemcova-hlasi-po-masakru-ve-vlaku-11-podriznutych-britsky-kral-karel-iii\">Petr Pokorn\u00fd<\/a><\/p>\n<p>&nbsp;<\/p>\n<\/div>\n<\/div>\n<\/div>\n<\/div>\n<\/div>\n","protected":false},"excerpt":{"rendered":"<p>Co na to udava\u010d Posp\u00ed\u0161il a st\u00e1tn\u00ed z\u00e1stupce, kte\u0159\u00ed tvrd\u00ed, \u017ee upozorn\u011bn\u00ed na masakry \u010dernochama&#8230;<\/p>\n","protected":false},"author":2,"featured_media":91342,"comment_status":"closed","ping_status":"closed","sticky":false,"template":"","format":"standard","meta":[],"categories":[6],"tags":[61,1503,864,5566,9178],"_links":{"self":[{"href":"https:\/\/www.infokuryr.cz\/n\/wp-json\/wp\/v2\/posts\/91341"}],"collection":[{"href":"https:\/\/www.infokuryr.cz\/n\/wp-json\/wp\/v2\/posts"}],"about":[{"href":"https:\/\/www.infokuryr.cz\/n\/wp-json\/wp\/v2\/types\/post"}],"author":[{"embeddable":true,"href":"https:\/\/www.infokuryr.cz\/n\/wp-json\/wp\/v2\/users\/2"}],"replies":[{"embeddable":true,"href":"https:\/\/www.infokuryr.cz\/n\/wp-json\/wp\/v2\/comments?post=91341"}],"version-history":[{"count":1,"href":"https:\/\/www.infokuryr.cz\/n\/wp-json\/wp\/v2\/posts\/91341\/revisions"}],"predecessor-version":[{"id":91343,"href":"https:\/\/www.infokuryr.cz\/n\/wp-json\/wp\/v2\/posts\/91341\/revisions\/91343"}],"wp:featuredmedia":[{"embeddable":true,"href":"https:\/\/www.infokuryr.cz\/n\/wp-json\/wp\/v2\/media\/91342"}],"wp:attachment":[{"href":"https:\/\/www.infokuryr.cz\/n\/wp-json\/wp\/v2\/media?parent=91341"}],"wp:term":[{"taxonomy":"category","embeddable":true,"href":"https:\/\/www.infokuryr.cz\/n\/wp-json\/wp\/v2\/categories?post=91341"},{"taxonomy":"post_tag","embeddable":true,"href":"https:\/\/www.infokuryr.cz\/n\/wp-json\/wp\/v2\/tags?post=91341"}],"curies":[{"name":"wp","href":"https:\/\/api.w.org\/{rel}","templated":true}]}}