{"id":91250,"date":"2025-11-03T00:13:24","date_gmt":"2025-11-02T23:13:24","guid":{"rendered":"https:\/\/www.infokuryr.cz\/n\/?p=91250"},"modified":"2025-11-02T15:32:50","modified_gmt":"2025-11-02T14:32:50","slug":"ukrajinska-vlajka-na-ceskem-narodnim-muzeu-po-stopach-masmedialnich-smejdu-ukazka-jak-vznika-propaganda-na-novinkach-na-idnes-cz","status":"publish","type":"post","link":"https:\/\/www.infokuryr.cz\/n\/2025\/11\/03\/ukrajinska-vlajka-na-ceskem-narodnim-muzeu-po-stopach-masmedialnich-smejdu-ukazka-jak-vznika-propaganda-na-novinkach-na-idnes-cz\/","title":{"rendered":"Ukrajinsk\u00e1 vlajka na \u010desk\u00e9m N\u00e1rodn\u00edm muzeu: po stop\u00e1ch masmedi\u00e1ln\u00edch \u0161mejd\u016f. Uk\u00e1zka, jak vznik\u00e1 propaganda na Novink\u00e1ch, na iDNES.cz"},"content":{"rendered":"<div id=\"fb-root\"><\/div>\n<div class=\"introtext\">\n<h4>Mnoz\u00ed z v\u00e1s u\u017e poznali, jak informovali o pln\u00e9m V\u00e1clavsk\u00e9m n\u00e1m\u011bst\u00ed proti rabov\u00e1n\u00ed na\u0161\u00ed zem\u011b a mor\u00e1ln\u00ed stoce. \u017de men\u0161\u00ed des\u00edtky tis\u00edc znamen\u00e1 100 000 ob\u010dan\u016f bez deseti, dvaceti tis\u00edc. A co se d\u011blo tento t\u00fdden je abnorm\u00e1ln\u00ed hn\u016fj.<\/h4>\n<\/div>\n<div class=\"fulltext\">\n<p>\u00a0V \u00favodn\u00edm foto se Sommerovou je porovn\u00e1n\u00ed. H\u00e1dejte, kter\u00e9 bylo pro masm\u00e9dia d\u016fle\u017eit\u011bj\u0161\u00ed a o kter\u00e9m se v\u00edce informovalo? Asi v\u011bt\u0161ina uhodne spr\u00e1vn\u011b: o t\u011bch 50 &#8211; 75 proukrajsk\u00fdch provokat\u00e9rech. T\u011bch, co v\u0159\u00edskaj\u00ed, \u017ee donut\u00ed nov\u011b zvolenou vl\u00e1du vypadnout, proto\u017ee oni jsou vyvolen\u00ed zde vl\u00e1dnou a n\u00e1rod \u010cech\u016f, Moravan\u016f a Slezan\u016f m\u00e1 dr\u017eet dr\u017eky. (To nejsou m\u00e1 slova, ale slova mor\u00e1ln\u00edch sloup\u016f od Raku\u0161ana a policejn\u00edho prezidenta.)<\/p>\n<h3>V\u00e1\u017een\u00ed \u010ce\u0161i, Moravan\u00e9 a Slezan\u00e9, v\u00e1\u017een\u00ed \u010dten\u00e1\u0159i<\/h3>\n<p>jak velk\u00fd dav n\u00e1rodu vyhro\u017euje vid\u00edte v\u0161ichni na \u00favodn\u00edm foto. Jak drze tato banda kolaborant\u016f vyd\u00edr\u00e1 \u010deskou zem. Zlo\u010dinci, kv\u016fli kter\u00fdm nejsou v nemocnic\u00edch l\u00e9ky, nejsou byty, p\u0159ib\u00fdvaj\u00ed loupe\u017en\u00e9 a n\u00e1siln\u00e9 \u00fatoky a spole\u010dnost \u017eije ve strachu. Ale poj\u010fme po stop\u00e1ch d\u00e1l. Tento dav podporuj\u00ed v\u0161echna masm\u00e9dia proti\u010desk\u00e1 jako t\u0159eba ve\u0159ejnopr\u00e1vn\u00ed \u010ct s V\u00e1clavem Moravcem, kter\u00fd tomu d\u011bl\u00e1 reklamu tak\u00e9 a je na n\u011bj pod\u00e1na st\u00ed\u017enost.<\/p>\n<p>U \u010desk\u00e9ho N\u00e1rodn\u00edho muzea se se\u0161li skute\u010dn\u00ed\u00a0<strong>\u010cE\u0160T\u00cd\u00a0 vlastenci<\/strong>, hl\u00e1s\u00ed Novinky.cz.<\/p>\n<p>Proto\u017ee by tomu nikdo z norm\u00e1ln\u00edch lid\u00ed nev\u011b\u0159il, zde je screen jako kol\u00e1\u017e s dopln\u011bn\u00edm titulk\u016f.\u00a0<strong>Je\u0161t\u011b jednou: \u010cE\u0160T\u00cd VLASTENCI\u00a0v\u010detn\u011b Olgy Sommerov\u00e9!<\/strong><\/p>\n<p><img decoding=\"async\" loading=\"lazy\" class=\"aligncenter\" src=\"https:\/\/www.skrytapravda.cz\/images\/blogy\/805\/2025\/media_zlo%C4%8Diny\/vlastenci_kolaboranti_68a1f.webp\" alt=\"vlastenci kolaboranti 68a1f\" width=\"988\" height=\"566\" \/><\/p>\n<p>Tak\u017ee cca pades\u00e1t, ale budi\u017e, dle Novinek, \u010cesk\u00e9 televize a dal\u0161\u00edch expert\u016f tam byl velk\u00fd dav a\u017e 100 lid\u00ed. To v\u0161ak nen\u00ed d\u016fle\u017eit\u00e9. Porovnejte si to pros\u00edm s reakc\u00ed lid\u00ed u JUDr Jind\u0159icha Rajchla, nyn\u011bj\u0161\u00edho \u010desk\u00e9ho poslance. Ten rozd\u00edl ohlas\u016f je do o\u010d\u00ed bij\u00edc\u00ed.<\/p>\n<p><img decoding=\"async\" loading=\"lazy\" class=\"aligncenter\" src=\"https:\/\/www.skrytapravda.cz\/images\/blogy\/805\/2025\/11listopad\/ohlas_rajchl_ukr_vlajka_8ae70.webp\" alt=\"ohlas rajchl ukr vlajka 8ae70\" width=\"625\" height=\"627\" \/><\/p>\n<p>P\u00e1r libtard\u00edch, vlastizr\u00e1dn\u00fdch dareb\u00e1k\u016f asi nam\u00edtne, \u017ee ten ohlas je na internetu a nelze porovnat, proto\u017ee sta\u010d\u00ed odkliknout. A v re\u00e1lu je v\u017edy m\u00e9n\u011b lid\u00ed. A tak uk\u00e1\u017ei d\u016fkazy jasn\u011b dokazateln\u00e9, empirick\u00e9. Za prv\u00e9 vid\u00edte naho\u0159e pln\u00e9 V\u00e1clavsk\u00e9 n\u00e1m\u011bst\u00ed lid\u00ed s \u010desk\u00fdmi vlajkami v\u016f\u010di p\u00e1r vlastizr\u00e1dc\u016fm, kte\u0159\u00ed si \u0159\u00edkaj\u00ed &#8222;skute\u010dn\u00ed \u010de\u0161t\u00ed vlastenci&#8220; s ukrajinsk\u00fdmi vlajkami, ale poj\u010fme se pod\u00edvat do l\u016fna proti\u010desk\u00fdch \u0161mejd\u016f &#8211; Novinek. I tam je ohlas\u016f mraky. Taky jdou do tis\u00edc\u016f. Co si to ale rozkliknout, jak reaguj\u00ed? A najednou v\u016fle n\u00e1roda ukazuje to sam\u00e9, co u Jind\u0159icha Rajchla. Pouze na kolaborantsk\u00e9, ukrajinsk\u00e9 p\u016fd\u011b &#8211; Novin\u00e1ch.<\/p>\n<p>Op\u011bt d\u016fkaz<\/p>\n<p><img decoding=\"async\" loading=\"lazy\" class=\"aligncenter\" src=\"https:\/\/www.skrytapravda.cz\/images\/blogy\/805\/2025\/11listopad\/ohlas_novinky_89744.webp\" alt=\"ohlas novinky 89744\" width=\"679\" height=\"399\" \/><\/p>\n<p>A proto\u017ee si na Novink\u00e1ch dovolil n\u011bkdo drze nesouhlasit s kolaboranty u \u010desk\u00e9ho N\u00e1rodn\u00edho muzea a dokonce to &#8222;drze&#8220; vid\u00ed jinak, Novinky nelenily a toho hloup\u00e9ho, primitivn\u00edho dezol\u00e1tn\u00edho chcim\u00edra pou\u010dily.<\/p>\n<p>I zde ale doporu\u010duji pod\u00edvat se, jak lid\u00e9 reagovali. Vlastn\u011b\u00a0i na dal\u0161\u00edho podporovatele ne\u010desk\u00e9 vlajky na \u010desk\u00e9m N\u00e1rodn\u00edm muzeu.<\/p>\n<p><img decoding=\"async\" loading=\"lazy\" class=\"aligncenter\" src=\"https:\/\/www.skrytapravda.cz\/images\/blogy\/805\/2025\/11listopad\/novinky_placou_e79cc.webp\" alt=\"novinky placou e79cc\" width=\"679\" height=\"658\" \/><\/p>\n<p>Je to dal\u0161\u00ed d\u00edl do mozaiky \u0161p\u00edny masmedi\u00e1ln\u00edch sd\u011blovac\u00edch prost\u0159edk\u016f. Pro\u010d si toho v\u011bt\u0161ina lid\u00ed dlouh\u00e1 l\u00e9ta nev\u0161\u00edmala a nechala ze sebe ud\u011blat hlup\u00e1ky, lze jen spekulovat. \u017de pro ty dareb\u00e1ky v \u010dele s \u010cernochovou letopo\u010det za\u010d\u00edn\u00e1 v roce 2022, \u017ee Poro\u0161enko bombardoval civiln\u00ed m\u011bsta, kter\u00e1 si dovolila b\u00fdt n\u00e1rodnostn\u011b rusk\u00e1 a tak tam mluvili rusky, je pr\u00fd ned\u016fle\u017eit\u011bj\u0161\u00ed. Prost\u011b v roce 2022 Rusko napadlo Ukrajinu (co\u017e pop\u0159\u00edt nelze), ale \u017ee to bylo z dvou d\u016fvod\u016f &#8211; ochrany civiln\u00edch ob\u010dan\u016f, kte\u0159\u00ed se hl\u00e1sili k Ukrajin\u011b jako st\u00e1tu, ale srdcem k Rusku, proto\u017ee to jsou p\u016fvodem Rusov\u00e9 a p\u0159ibl\u00ed\u017een\u00edm NATO na rusk\u00e9 hranice zv\u011bt\u0161it p\u0159edpol\u00ed vzd\u00e1lenosti dost\u0159elu na Moskvu a Petrohrad, proto\u017ee napaden\u00edm NATO vyhro\u017eovalo. Mimochodem i\u00a0na\u0161e poslankyn\u011b\u00a0Lang\u0161\u00e1dlov\u00e1 cht\u011bla n\u011bkdy v roce 2017 poslat jadernou bombu na Moskvu, o politikovi ODS \u0158eporyjci Novotn\u00e9m ani nemluv\u011b.<\/p>\n<p>Snad u\u017e se nyn\u00ed lid\u00e9 probouz\u00ed jako p\u0159i n\u00e1rodn\u00edm obrozen\u00ed a pochop\u00ed, kdo je zlo\u010dinec a gauner a kdo poctiv\u00fd \u010dlov\u011bk, maj\u00edc\u00ed r\u00e1d svou vlast.<\/p>\n<p><strong><em>Navazuj\u00edc\u00ed na<\/em><\/strong><\/p>\n<p><a href=\"https:\/\/www.infokuryr.cz\/n\/2025\/10\/31\/petr-pokorny-mohutny-dav-27-lidi-pochoduje-svrhnout-vladu-s-spd-a-vyhlasit-rakusana-premierem-v-cele-stit-telefundraisingistr-tony-pasmo\/\">Mohutn\u00fd dav 27 lid\u00ed pochoduje svrhnout vl\u00e1du s SPD a vyhl\u00e1sit Raku\u0161ana premi\u00e9rem. V \u010dele \u0160t\u00edt telefundraisingistr Tony P\u00e1\u0161mo!<\/a><\/p>\n<\/div>\n<p><a href=\"https:\/\/www.skrytapravda.cz\/z-domova\/2847-ukrajinska-vlajka-na-ceskem-narodnim-muzeu-po-stopach-masmedialnich-smejdu-ukazka-jak-vznika-propaganda-na-novinkach-na-idnes-cz\">Petr Pokorn\u00fd<\/a><\/p>\n<p>&nbsp;<\/p>\n","protected":false},"excerpt":{"rendered":"<p>Mnoz\u00ed z v\u00e1s u\u017e poznali, jak informovali o pln\u00e9m V\u00e1clavsk\u00e9m n\u00e1m\u011bst\u00ed proti rabov\u00e1n\u00ed na\u0161\u00ed zem\u011b&#8230;<\/p>\n","protected":false},"author":2,"featured_media":91251,"comment_status":"closed","ping_status":"closed","sticky":false,"template":"","format":"standard","meta":[],"categories":[6],"tags":[1042,158,3402,1051,10010],"_links":{"self":[{"href":"https:\/\/www.infokuryr.cz\/n\/wp-json\/wp\/v2\/posts\/91250"}],"collection":[{"href":"https:\/\/www.infokuryr.cz\/n\/wp-json\/wp\/v2\/posts"}],"about":[{"href":"https:\/\/www.infokuryr.cz\/n\/wp-json\/wp\/v2\/types\/post"}],"author":[{"embeddable":true,"href":"https:\/\/www.infokuryr.cz\/n\/wp-json\/wp\/v2\/users\/2"}],"replies":[{"embeddable":true,"href":"https:\/\/www.infokuryr.cz\/n\/wp-json\/wp\/v2\/comments?post=91250"}],"version-history":[{"count":1,"href":"https:\/\/www.infokuryr.cz\/n\/wp-json\/wp\/v2\/posts\/91250\/revisions"}],"predecessor-version":[{"id":91252,"href":"https:\/\/www.infokuryr.cz\/n\/wp-json\/wp\/v2\/posts\/91250\/revisions\/91252"}],"wp:featuredmedia":[{"embeddable":true,"href":"https:\/\/www.infokuryr.cz\/n\/wp-json\/wp\/v2\/media\/91251"}],"wp:attachment":[{"href":"https:\/\/www.infokuryr.cz\/n\/wp-json\/wp\/v2\/media?parent=91250"}],"wp:term":[{"taxonomy":"category","embeddable":true,"href":"https:\/\/www.infokuryr.cz\/n\/wp-json\/wp\/v2\/categories?post=91250"},{"taxonomy":"post_tag","embeddable":true,"href":"https:\/\/www.infokuryr.cz\/n\/wp-json\/wp\/v2\/tags?post=91250"}],"curies":[{"name":"wp","href":"https:\/\/api.w.org\/{rel}","templated":true}]}}