{"id":91243,"date":"2025-11-03T00:21:25","date_gmt":"2025-11-02T23:21:25","guid":{"rendered":"https:\/\/www.infokuryr.cz\/n\/?p=91243"},"modified":"2025-11-02T15:47:00","modified_gmt":"2025-11-02T14:47:00","slug":"takhle-stranicky-kartel-ohrozuje-budoucnost-nemecka","status":"publish","type":"post","link":"https:\/\/www.infokuryr.cz\/n\/2025\/11\/03\/takhle-stranicky-kartel-ohrozuje-budoucnost-nemecka\/","title":{"rendered":"Takhle stranick\u00fd kartel ohro\u017euje budoucnost N\u011bmecka"},"content":{"rendered":"<div id=\"fb-root\"><\/div>\n<p><strong><span dir=\"auto\">N\u011bmeck\u00e1 ekonomika se neposouv\u00e1 vp\u0159ed; ve skute\u010dnosti se st\u00e1le v\u00edce propad\u00e1 do \u00fapadku. V klimatick\u00e9m a sank\u010dn\u00edm \u0161\u00edlenstv\u00ed je budoucnost zem\u011b v s\u00e1zce. A kdo za to m\u016f\u017ee? CDU\/CSU, SPD, Zelen\u00ed a FDP.<\/span><\/strong><\/p>\n<p><span dir=\"auto\">Pohled na\u00a0<\/span><a href=\"https:\/\/www.destatis.de\/DE\/Presse\/Pressemitteilungen\/2025\/10\/PD25_388_811.html\"><span dir=\"auto\">\u00fadaje o\u010di\u0161t\u011bn\u00e9 o ceny od Feder\u00e1ln\u00edho statistick\u00e9ho \u00fa\u0159adu<\/span><\/a><span dir=\"auto\"> sta\u010d\u00ed k ilustraci zoufal\u00e9 situace N\u011bmecka. Po propadu zp\u016fsoben\u00e9m hospod\u00e1\u0159skou a finan\u010dn\u00ed kriz\u00ed v letech 2008\/2009 se ekonomika zotavovala a\u017e do roku 2019. Pot\u00e9 p\u0159i\u0161el propad zp\u016fsoben\u00fd COVID-19 v d\u016fsledku nesmysln\u00e9 politiky lockdownu. A\u010dkoli pot\u00e9 do\u0161lo ke kr\u00e1tk\u00e9mu o\u017eiven\u00ed, od t\u00e9 doby prakticky k \u017e\u00e1dn\u00e9mu r\u016fstu. Naopak \u2013 navzdory ji\u017e tak zav\u00e1d\u011bj\u00edc\u00edm m\u00edr\u00e1m inflace \u2013 ekonomika pomalu, ale jist\u011b kles\u00e1.<\/span><\/p>\n<figure class=\"wp-block-image size-full\"><img decoding=\"async\" loading=\"lazy\" class=\"wp-image-156771 aligncenter\" src=\"https:\/\/report24.news\/wp-content\/uploads\/2025\/11\/bip-index-quartal.png\" sizes=\"(max-width: 2048px) 100vw, 2048px\" srcset=\"https:\/\/report24.news\/wp-content\/uploads\/2025\/11\/bip-index-quartal.png 2048w, https:\/\/report24.news\/wp-content\/uploads\/2025\/11\/bip-index-quartal-768x432.png 768w, https:\/\/report24.news\/wp-content\/uploads\/2025\/11\/bip-index-quartal-1536x864.png 1536w, https:\/\/report24.news\/wp-content\/uploads\/2025\/11\/bip-index-quartal-150x85.png 150w, https:\/\/report24.news\/wp-content\/uploads\/2025\/11\/bip-index-quartal-1920x1080.png 1920w, https:\/\/report24.news\/wp-content\/uploads\/2025\/11\/bip-index-quartal-600x338.png 600w\" alt=\"\" width=\"775\" height=\"436\" \/><figcaption class=\"wp-element-caption\"><em><span dir=\"auto\">Grafika:\u00a0<\/span><a href=\"https:\/\/www.destatis.de\/DE\/Presse\/Pressemitteilungen\/2025\/10\/PD25_388_811.html\"><span dir=\"auto\">Destatis<\/span><\/a><\/em><\/figcaption><\/figure>\n<p><span dir=\"auto\">Ale m\u00edsto toho, aby se vl\u00e1da pustila do struktur\u00e1ln\u00edch reforem, se v rozporu se zdrav\u00fdm rozumem (jmenovit\u011b s t\u00edm, \u017ee vl\u00e1dn\u00ed finan\u010dn\u00ed injekce jsou na otev\u0159en\u00fdch trz\u00edch ne\u00fa\u010dinn\u00e9) spol\u00e9h\u00e1 na keynesi\u00e1nsk\u00e1 opat\u0159en\u00ed. Toto zadlu\u017een\u00ed (kl\u00ed\u010dov\u00e9 slovo: \u201especi\u00e1ln\u00ed fondy\u201c) v kone\u010dn\u00e9m d\u016fsledku ekonomice neprosp\u00edv\u00e1 ni\u010demu jin\u00e9mu ne\u017e je\u0161t\u011b v\u011bt\u0161\u00ed da\u0148ov\u00e9 z\u00e1t\u011b\u017ei, proto\u017ee vl\u00e1da mus\u00ed tyto dluhy n\u011bjak spl\u00e1cet. Co v\u0161ak n\u011bmeck\u00e1 ekonomika skute\u010dn\u011b pot\u0159ebuje \u2013 toti\u017e cenov\u011b dostupnou a spolehlivou energii, m\u00e9n\u011b byrokracie a sn\u00ed\u017een\u00ed dan\u00ed a poplatk\u016f \u2013 politiky u moci nenapad\u00e1.<\/span><\/p>\n<p><span dir=\"auto\">Je\u0161t\u011b d\u016fle\u017eit\u011bj\u0161\u00ed je ot\u00e1zka, jak Merz, Klingbeil a spol. hodlaj\u00ed zajistit sv\u00e9 rostouc\u00ed nad\u0161en\u00ed pro v\u00e1lku v re\u00e1ln\u00e9 ekonomice. S prob\u00edhaj\u00edc\u00ed deindustrializac\u00ed ztr\u00e1c\u00ed n\u011bmeck\u00fd zbrojn\u00ed pr\u016fmysl tak\u00e9 sv\u00e9 dodavatelsk\u00e9 \u0159et\u011bzce. Bude ocel pro tanky, d\u011blost\u0159electvo a podobn\u011b v budoucnu mo\u017en\u00e1 dod\u00e1v\u00e1na z \u010c\u00edny? Ale ne, na to pl\u00e1nuj\u00ed vyr\u00e1b\u011bt \u201ezelenou\u201c ocel s vod\u00edkem. \u0160koda, \u017ee je to v\u00fdrazn\u011b dra\u017e\u0161\u00ed ne\u017e konven\u010dn\u011b vyr\u00e1b\u011bn\u00e1 ocel.<\/span><\/p>\n<p><span dir=\"auto\">\u010c\u00edm d\u00e9le tato hospod\u00e1\u0159sko-politick\u00e1 trag\u00e9die trv\u00e1, t\u00edm v\u00edce se n\u011bmeck\u00e1 pr\u016fmyslov\u00e1 z\u00e1kladna eroduje. Pokud se z\u00e1rove\u0148 rozroste st\u00e1tn\u00ed apar\u00e1t \u2013 v sou\u010dasnosti zam\u011bstn\u00e1v\u00e1\u00a0<\/span><a href=\"https:\/\/www.investmentweek.com\/fast-100-000-neue-staatsbedienstete-wie-der-offentliche-dienst-immer-weiter-wachst\/\"><span dir=\"auto\">p\u0159ibli\u017en\u011b 5,4 milionu lid\u00ed<\/span><\/a><span dir=\"auto\">\u00a0\u2013 vznikne dramatick\u00e1 nerovnov\u00e1ha. Proto\u017ee tito lid\u00e9 (v\u010detn\u011b jejich d\u016fchod\u016f) mus\u00ed b\u00fdt nakonec placeni z dan\u00ed soukrom\u00e9ho sektoru. To nem\u016f\u017ee pokra\u010dovat donekone\u010dna.<\/span><\/p>\n<p><span dir=\"auto\">Zat\u00edmco se n\u011bmeck\u00e1 vl\u00e1da slovn\u011b sna\u017e\u00ed prosadit my\u0161lenku bezprost\u0159edn\u00edho ekonomick\u00e9ho vzestupu, skute\u010dn\u00e1 data a ukazatele to nepodporuj\u00ed. Naopak: St\u00e1le v\u00edce firem chce uzav\u0159\u00edt sv\u00e9 provozy nebo outsourcovat pr\u00e1ci v zahrani\u010d\u00ed, proto\u017ee celkov\u00e9 podm\u00ednky v N\u011bmecku jednodu\u0161e ni\u010d\u00ed jakoukoli mezin\u00e1rodn\u00ed konkurenceschopnost. Dalo by se tak\u00e9 \u0159\u00edci, \u017ee je prost\u011b nemo\u017en\u00e9 \u0159\u00eddit zemi s vl\u00e1dnouc\u00edmi stranami posledn\u00edch let (CDU\/CSU, SPD, Zelen\u00ed a FDP). Klimatick\u00e1 a sank\u010dn\u00ed m\u00e1nie tohoto stranick\u00e9ho kartelu ni\u010d\u00ed ekonomick\u00e9 z\u00e1klady zem\u011b, kter\u00e1 byla kdysi oslavov\u00e1na jako \u201emotor Evropy\u201c a \u201emistr sv\u011bta v exportu\u201c.<\/span><\/p>\n<p><img decoding=\"async\" loading=\"lazy\" class=\"alignnone size-full wp-image-1185\" src=\"http:\/\/www.infokuryr.cz\/n\/wp-content\/uploads\/2021\/04\/kuryr-podpis.png\" alt=\"\" width=\"84\" height=\"24\" \/><\/p>\n<p>&nbsp;<\/p>\n","protected":false},"excerpt":{"rendered":"<p>N\u011bmeck\u00e1 ekonomika se neposouv\u00e1 vp\u0159ed; ve skute\u010dnosti se st\u00e1le v\u00edce propad\u00e1 do \u00fapadku. V klimatick\u00e9m&#8230;<\/p>\n","protected":false},"author":2,"featured_media":91244,"comment_status":"closed","ping_status":"closed","sticky":false,"template":"","format":"standard","meta":[],"categories":[7],"tags":[59,371,84],"_links":{"self":[{"href":"https:\/\/www.infokuryr.cz\/n\/wp-json\/wp\/v2\/posts\/91243"}],"collection":[{"href":"https:\/\/www.infokuryr.cz\/n\/wp-json\/wp\/v2\/posts"}],"about":[{"href":"https:\/\/www.infokuryr.cz\/n\/wp-json\/wp\/v2\/types\/post"}],"author":[{"embeddable":true,"href":"https:\/\/www.infokuryr.cz\/n\/wp-json\/wp\/v2\/users\/2"}],"replies":[{"embeddable":true,"href":"https:\/\/www.infokuryr.cz\/n\/wp-json\/wp\/v2\/comments?post=91243"}],"version-history":[{"count":0,"href":"https:\/\/www.infokuryr.cz\/n\/wp-json\/wp\/v2\/posts\/91243\/revisions"}],"wp:featuredmedia":[{"embeddable":true,"href":"https:\/\/www.infokuryr.cz\/n\/wp-json\/wp\/v2\/media\/91244"}],"wp:attachment":[{"href":"https:\/\/www.infokuryr.cz\/n\/wp-json\/wp\/v2\/media?parent=91243"}],"wp:term":[{"taxonomy":"category","embeddable":true,"href":"https:\/\/www.infokuryr.cz\/n\/wp-json\/wp\/v2\/categories?post=91243"},{"taxonomy":"post_tag","embeddable":true,"href":"https:\/\/www.infokuryr.cz\/n\/wp-json\/wp\/v2\/tags?post=91243"}],"curies":[{"name":"wp","href":"https:\/\/api.w.org\/{rel}","templated":true}]}}