{"id":91231,"date":"2025-11-03T00:16:18","date_gmt":"2025-11-02T23:16:18","guid":{"rendered":"https:\/\/www.infokuryr.cz\/n\/?p=91231"},"modified":"2025-11-02T15:02:44","modified_gmt":"2025-11-02T14:02:44","slug":"black-lives-matter-je-opet-podezrela-z-podvodu-s-dary-probiha-vysetrovani","status":"publish","type":"post","link":"https:\/\/www.infokuryr.cz\/n\/2025\/11\/03\/black-lives-matter-je-opet-podezrela-z-podvodu-s-dary-probiha-vysetrovani\/","title":{"rendered":"Black Lives Matter je op\u011bt podez\u0159el\u00e1 z podvodu s dary \u2013 prob\u00edh\u00e1 vy\u0161et\u0159ov\u00e1n\u00ed"},"content":{"rendered":"<div id=\"fb-root\"><\/div>\n<p><strong><span dir=\"auto\">Marxistick\u00e1 a rasistick\u00e1 organizace Black Lives Matter je vy\u0161et\u0159ov\u00e1na americk\u00fdmi feder\u00e1ln\u00edmi \u00fa\u0159ady kv\u016fli \u00fadajn\u00e9mu podvodu p\u0159i z\u00edsk\u00e1v\u00e1n\u00ed finan\u010dn\u00edch prost\u0159edk\u016f. Pat\u0159\u00ed sem domovn\u00ed prohl\u00eddky a p\u0159edvol\u00e1n\u00ed. Levice nejen naru\u0161uje spole\u010dnost, ale zd\u00e1 se, \u017ee s podvody a zpronev\u011brou jde je\u0161t\u011b d\u00e1l. Obzvl\u00e1\u0161t\u011b v\u00fdbu\u0161nou skute\u010dnost\u00ed je, \u017ee vy\u0161et\u0159ov\u00e1n\u00ed za\u010dalo v levicov\u011b orientovan\u00e9 Kalifornii za prezidentstv\u00ed Joea Bidena.<\/span><\/strong><\/p>\n<p><span dir=\"auto\">Od smrti George Floyda v roce 2020 se s\u00ed\u0165 levicov\u00e9ho afroamerick\u00e9ho hnut\u00ed Black Lives Matter (BLM) roz\u0161\u00ed\u0159ila po cel\u00fdch Spojen\u00fdch st\u00e1tech. To samoz\u0159ejm\u011b podporovala levicov\u011b orientovan\u00e1 mainstreamov\u00e1 m\u00e9dia v zemi, kter\u00e1 se sna\u017eila z\u00edskat mor\u00e1ln\u00ed v\u00fdhodu. V hnut\u00ed v\u0161ak ji\u017e n\u011bjakou dobu panuj\u00ed nepokoje. Ji\u017e v roce 2022\u00a0<\/span><a href=\"https:\/\/report24.news\/undurchsichtige-finanzen-fuehrungschaos-selbstbedienungsladen-black-lives-matter\/\"><span dir=\"auto\">se uk\u00e1zalo<\/span><\/a><span dir=\"auto\"> , \u017ee existuj\u00ed nepr\u016fhledn\u00e9 finan\u010dn\u00ed struktury a \u017ee velk\u00e9 \u010d\u00e1stky pen\u011bz vedly k sobeck\u00e9 mentalit\u011b mezi veden\u00edm.<\/span><\/p>\n<figure class=\"wp-block-embed is-type-rich is-provider-twitter wp-block-embed-twitter\">\n<div class=\"wp-block-embed__wrapper\">\n<div class=\"twitter-tweet twitter-tweet-rendered\"><iframe id=\"twitter-widget-0\" class=\"\" title=\"X P\u0159\u00edsp\u011bvek\" src=\"https:\/\/platform.twitter.com\/embed\/Tweet.html?dnt=true&amp;embedId=twitter-widget-0&amp;features=eyJ0ZndfdGltZWxpbmVfbGlzdCI6eyJidWNrZXQiOltdLCJ2ZXJzaW9uIjpudWxsfSwidGZ3X2ZvbGxvd2VyX2NvdW50X3N1bnNldCI6eyJidWNrZXQiOnRydWUsInZlcnNpb24iOm51bGx9LCJ0ZndfdHdlZXRfZWRpdF9iYWNrZW5kIjp7ImJ1Y2tldCI6Im9uIiwidmVyc2lvbiI6bnVsbH0sInRmd19yZWZzcmNfc2Vzc2lvbiI6eyJidWNrZXQiOiJvbiIsInZlcnNpb24iOm51bGx9LCJ0ZndfZm9zbnJfc29mdF9pbnRlcnZlbnRpb25zX2VuYWJsZWQiOnsiYnVja2V0Ijoib24iLCJ2ZXJzaW9uIjpudWxsfSwidGZ3X21peGVkX21lZGlhXzE1ODk3Ijp7ImJ1Y2tldCI6InRyZWF0bWVudCIsInZlcnNpb24iOm51bGx9LCJ0ZndfZXhwZXJpbWVudHNfY29va2llX2V4cGlyYXRpb24iOnsiYnVja2V0IjoxMjA5NjAwLCJ2ZXJzaW9uIjpudWxsfSwidGZ3X3Nob3dfYmlyZHdhdGNoX3Bpdm90c19lbmFibGVkIjp7ImJ1Y2tldCI6Im9uIiwidmVyc2lvbiI6bnVsbH0sInRmd19kdXBsaWNhdGVfc2NyaWJlc190b19zZXR0aW5ncyI6eyJidWNrZXQiOiJvbiIsInZlcnNpb24iOm51bGx9LCJ0ZndfdXNlX3Byb2ZpbGVfaW1hZ2Vfc2hhcGVfZW5hYmxlZCI6eyJidWNrZXQiOiJvbiIsInZlcnNpb24iOm51bGx9LCJ0ZndfdmlkZW9faGxzX2R5bmFtaWNfbWFuaWZlc3RzXzE1MDgyIjp7ImJ1Y2tldCI6InRydWVfYml0cmF0ZSIsInZlcnNpb24iOm51bGx9LCJ0ZndfbGVnYWN5X3RpbWVsaW5lX3N1bnNldCI6eyJidWNrZXQiOnRydWUsInZlcnNpb24iOm51bGx9LCJ0ZndfdHdlZXRfZWRpdF9mcm9udGVuZCI6eyJidWNrZXQiOiJvbiIsInZlcnNpb24iOm51bGx9fQ%3D%3D&amp;frame=false&amp;hideCard=false&amp;hideThread=false&amp;id=1984013673917219240&amp;lang=cs&amp;origin=https%3A%2F%2Freport24.news%2Fblack-lives-matter-wieder-unter-spendenbetrugsverdacht-ermittlungen-laufen%2F&amp;sessionId=ffdc245ce04c8b0787aba5e11b4fa752126ea88c&amp;theme=light&amp;widgetsVersion=2615f7e52b7e0%3A1702314776716&amp;width=550px\" frameborder=\"0\" scrolling=\"no\" allowfullscreen=\"allowfullscreen\" data-tweet-id=\"1984013673917219240\" data-mce-fragment=\"1\"><\/iframe><\/div>\n<\/div>\n<\/figure>\n<p><span dir=\"auto\">Zakladatelka sama je tak\u00e9\u00a0<\/span><a href=\"https:\/\/report24.news\/black-lives-matter-gruenderin-soll-spendenmillionen-verschleudert-haben\/\"><span dir=\"auto\">\u00fadajn\u011b<\/span><\/a><span dir=\"auto\">\u00a0promrhala miliony dar\u016f. Vy\u0161et\u0159ov\u00e1n\u00ed nyn\u00ed vstupuje do nov\u00e9 f\u00e1ze.\u00a0<\/span><a href=\"https:\/\/www.pbs.org\/newshour\/nation\/justice-department-investigating-fraud-allegations-against-black-lives-matter-leaders-ap-sources-say\"><span dir=\"auto\">Podle agentury Associated Press<\/span><\/a><span dir=\"auto\">\u00a0je nadace Black Lives Matter Global Network Foundation (BLMGNF) ter\u010dem americk\u00e9ho st\u00e1tn\u00edho z\u00e1stupce pro centr\u00e1ln\u00ed okres Kalifornie. Feder\u00e1ln\u00ed \u00fa\u0159edn\u00edci \u00fadajn\u011b v posledn\u00edch t\u00fddnech vydali proti organizaci a p\u0159idru\u017een\u00fdm skupin\u00e1m domovn\u00ed prohl\u00eddky a p\u0159edvol\u00e1n\u00ed.\u00a0<\/span><strong><span dir=\"auto\">Samotn\u00e9 vy\u0161et\u0159ov\u00e1n\u00ed bylo \u00fadajn\u011b zah\u00e1jeno za Bidenovy administrativy, ale nyn\u00ed nabralo nov\u00fd sp\u00e1d za prezidenta Trumpa.<\/span><\/strong><\/p>\n<p><span dir=\"auto\">Vy\u0161et\u0159ov\u00e1n\u00ed se z\u0159ejm\u011b zam\u011b\u0159uje na podez\u0159en\u00ed, \u017ee miliony dolar\u016f z dar\u016f p\u0159ijat\u00fdch po smrti George Floyda v roce 2020 \u2013 p\u0159es 90 milion\u016f dolar\u016f \u2013 byly pou\u017eity pochybn\u00fdm zp\u016fsobem. Kritici organizaci dlouhodob\u011b obvi\u0148uj\u00ed z nedostate\u010dn\u00e9 transparentnosti, pokud jde o pou\u017e\u00edv\u00e1n\u00ed t\u011bchto finan\u010dn\u00edch prost\u0159edk\u016f. Mor\u00e1ln\u00ed zd\u00e1n\u00ed organizace se definitivn\u011b rozpadlo, kdy\u017e v roce 2022 vy\u0161lo najevo, \u017ee p\u0159edstavitel\u00e9 BLM pou\u017eili dary na n\u00e1kup s\u00eddla v Los Angeles za 6 milion\u016f dolar\u016f. M\u00edsto \u201espravedlnosti\u201c a \u201esolidarity\u201c se objevilo \u0161ampa\u0148sk\u00e9 a designov\u00e9 kuchyn\u011b.<\/span><\/p>\n<figure class=\"wp-block-embed is-type-rich is-provider-twitter wp-block-embed-twitter\">\n<div class=\"wp-block-embed__wrapper\">\n<div class=\"twitter-tweet twitter-tweet-rendered\"><iframe id=\"twitter-widget-1\" class=\"\" title=\"X P\u0159\u00edsp\u011bvek\" src=\"https:\/\/platform.twitter.com\/embed\/Tweet.html?dnt=true&amp;embedId=twitter-widget-1&amp;features=eyJ0ZndfdGltZWxpbmVfbGlzdCI6eyJidWNrZXQiOltdLCJ2ZXJzaW9uIjpudWxsfSwidGZ3X2ZvbGxvd2VyX2NvdW50X3N1bnNldCI6eyJidWNrZXQiOnRydWUsInZlcnNpb24iOm51bGx9LCJ0ZndfdHdlZXRfZWRpdF9iYWNrZW5kIjp7ImJ1Y2tldCI6Im9uIiwidmVyc2lvbiI6bnVsbH0sInRmd19yZWZzcmNfc2Vzc2lvbiI6eyJidWNrZXQiOiJvbiIsInZlcnNpb24iOm51bGx9LCJ0ZndfZm9zbnJfc29mdF9pbnRlcnZlbnRpb25zX2VuYWJsZWQiOnsiYnVja2V0Ijoib24iLCJ2ZXJzaW9uIjpudWxsfSwidGZ3X21peGVkX21lZGlhXzE1ODk3Ijp7ImJ1Y2tldCI6InRyZWF0bWVudCIsInZlcnNpb24iOm51bGx9LCJ0ZndfZXhwZXJpbWVudHNfY29va2llX2V4cGlyYXRpb24iOnsiYnVja2V0IjoxMjA5NjAwLCJ2ZXJzaW9uIjpudWxsfSwidGZ3X3Nob3dfYmlyZHdhdGNoX3Bpdm90c19lbmFibGVkIjp7ImJ1Y2tldCI6Im9uIiwidmVyc2lvbiI6bnVsbH0sInRmd19kdXBsaWNhdGVfc2NyaWJlc190b19zZXR0aW5ncyI6eyJidWNrZXQiOiJvbiIsInZlcnNpb24iOm51bGx9LCJ0ZndfdXNlX3Byb2ZpbGVfaW1hZ2Vfc2hhcGVfZW5hYmxlZCI6eyJidWNrZXQiOiJvbiIsInZlcnNpb24iOm51bGx9LCJ0ZndfdmlkZW9faGxzX2R5bmFtaWNfbWFuaWZlc3RzXzE1MDgyIjp7ImJ1Y2tldCI6InRydWVfYml0cmF0ZSIsInZlcnNpb24iOm51bGx9LCJ0ZndfbGVnYWN5X3RpbWVsaW5lX3N1bnNldCI6eyJidWNrZXQiOnRydWUsInZlcnNpb24iOm51bGx9LCJ0ZndfdHdlZXRfZWRpdF9mcm9udGVuZCI6eyJidWNrZXQiOiJvbiIsInZlcnNpb24iOm51bGx9fQ%3D%3D&amp;frame=false&amp;hideCard=false&amp;hideThread=false&amp;id=1899610419553321026&amp;lang=cs&amp;origin=https%3A%2F%2Freport24.news%2Fblack-lives-matter-wieder-unter-spendenbetrugsverdacht-ermittlungen-laufen%2F&amp;sessionId=ffdc245ce04c8b0787aba5e11b4fa752126ea88c&amp;theme=light&amp;widgetsVersion=2615f7e52b7e0%3A1702314776716&amp;width=550px\" frameborder=\"0\" scrolling=\"no\" allowfullscreen=\"allowfullscreen\" data-tweet-id=\"1899610419553321026\" data-mce-fragment=\"1\"><\/iframe><\/div>\n<\/div>\n<\/figure>\n<p><span dir=\"auto\">Hnut\u00ed, kter\u00e9 kdysi zapalovalo cel\u00e1 centra m\u011bst, nyn\u00ed nechce m\u00edt nic spole\u010dn\u00e9ho se sv\u00fdmi vlastn\u00edmi ide\u00e1ly. Je\u0161t\u011b v roce 2020 se na sv\u00fdch webov\u00fdch str\u00e1nk\u00e1ch chlubilo\u00a0<\/span><a href=\"https:\/\/straymonds.org\/twelfth-sunday-in-ordinary-time-6\/\"><span dir=\"auto\">\u201e<\/span><\/a><span dir=\"auto\">\u00a0zni\u010den\u00edm nukle\u00e1rn\u00ed rodinn\u00e9 struktury z\u00e1padn\u00edho typu\u201c \u2013 prohl\u00e1\u0161en\u00edm, kter\u00e9 odhalilo ideologick\u00fd z\u00e1klad hnut\u00ed. C\u00edlem nebyla rovnost, ale sp\u00ed\u0161e demont\u00e1\u017e t\u011bch soci\u00e1ln\u00edch struktur, kter\u00e9 v prvn\u00ed \u0159ad\u011b umo\u017e\u0148uj\u00ed stabilitu a soudr\u017enost. Tato pas\u00e1\u017e byla pozd\u011bji ti\u0161e smaz\u00e1na, kdy\u017e se uk\u00e1zalo, \u017ee podpora ve\u0159ejnosti se rozpad\u00e1.<\/span><\/p>\n<p><span dir=\"auto\">Ko\u0159eny tohoto hnut\u00ed v\u0161ak zjevn\u011b sahaj\u00ed hloub\u011bji \u2013 a jsou temn\u011bj\u0161\u00ed.\u00a0<\/span><strong><span dir=\"auto\">Novin\u00e1\u0159 Mike Gonzalez z Washington Examiner\u00a0<\/span><a href=\"https:\/\/www.washingtonexaminer.com\/in_focus\/3858140\/venezuala-supporting-us-left-wing-groups-antifa\/\"><span dir=\"auto\">zdokumentoval<\/span><\/a><span dir=\"auto\">\u00a0, \u017ee intelektu\u00e1ln\u00ed DNA hnut\u00ed Black Lives Matter sah\u00e1 a\u017e do Venezuely na po\u010d\u00e1tku 21. stolet\u00ed, kdy levicov\u00e9 k\u00e1dry experimentovaly s metodami psychologick\u00e9 v\u00e1lky ve prosp\u011bch chavismu.<\/span><\/strong><span dir=\"auto\">\u00a0C\u00edl: zas\u00edt nepokoje v z\u00e1padn\u00edch demokraci\u00edch, zni\u010dit d\u016fv\u011bru v instituce a p\u0159i\u017eivit soci\u00e1ln\u00ed rozd\u011blen\u00ed prost\u0159ednictv\u00edm mor\u00e1ln\u011b nabit\u00fdch kampan\u00ed.<\/span><\/p>\n<p><img decoding=\"async\" loading=\"lazy\" class=\"alignnone size-full wp-image-1185\" src=\"http:\/\/www.infokuryr.cz\/n\/wp-content\/uploads\/2021\/04\/kuryr-podpis.png\" alt=\"\" width=\"84\" height=\"24\" \/><\/p>\n<p>&nbsp;<\/p>\n","protected":false},"excerpt":{"rendered":"<p>Marxistick\u00e1 a rasistick\u00e1 organizace Black Lives Matter je vy\u0161et\u0159ov\u00e1na americk\u00fdmi feder\u00e1ln\u00edmi \u00fa\u0159ady kv\u016fli \u00fadajn\u00e9mu podvodu&#8230;<\/p>\n","protected":false},"author":2,"featured_media":91232,"comment_status":"closed","ping_status":"closed","sticky":false,"template":"","format":"standard","meta":[],"categories":[7],"tags":[373,160,2135,1398],"_links":{"self":[{"href":"https:\/\/www.infokuryr.cz\/n\/wp-json\/wp\/v2\/posts\/91231"}],"collection":[{"href":"https:\/\/www.infokuryr.cz\/n\/wp-json\/wp\/v2\/posts"}],"about":[{"href":"https:\/\/www.infokuryr.cz\/n\/wp-json\/wp\/v2\/types\/post"}],"author":[{"embeddable":true,"href":"https:\/\/www.infokuryr.cz\/n\/wp-json\/wp\/v2\/users\/2"}],"replies":[{"embeddable":true,"href":"https:\/\/www.infokuryr.cz\/n\/wp-json\/wp\/v2\/comments?post=91231"}],"version-history":[{"count":0,"href":"https:\/\/www.infokuryr.cz\/n\/wp-json\/wp\/v2\/posts\/91231\/revisions"}],"wp:featuredmedia":[{"embeddable":true,"href":"https:\/\/www.infokuryr.cz\/n\/wp-json\/wp\/v2\/media\/91232"}],"wp:attachment":[{"href":"https:\/\/www.infokuryr.cz\/n\/wp-json\/wp\/v2\/media?parent=91231"}],"wp:term":[{"taxonomy":"category","embeddable":true,"href":"https:\/\/www.infokuryr.cz\/n\/wp-json\/wp\/v2\/categories?post=91231"},{"taxonomy":"post_tag","embeddable":true,"href":"https:\/\/www.infokuryr.cz\/n\/wp-json\/wp\/v2\/tags?post=91231"}],"curies":[{"name":"wp","href":"https:\/\/api.w.org\/{rel}","templated":true}]}}