{"id":91229,"date":"2025-11-03T00:15:37","date_gmt":"2025-11-02T23:15:37","guid":{"rendered":"https:\/\/www.infokuryr.cz\/n\/?p=91229"},"modified":"2025-11-02T15:00:51","modified_gmt":"2025-11-02T14:00:51","slug":"rakousko-desitky-planovanych-streleb-ve-skolach-byly-tajne-ututlany","status":"publish","type":"post","link":"https:\/\/www.infokuryr.cz\/n\/2025\/11\/03\/rakousko-desitky-planovanych-streleb-ve-skolach-byly-tajne-ututlany\/","title":{"rendered":"Rakousko: Des\u00edtky pl\u00e1novan\u00fdch st\u0159eleb ve \u0161kol\u00e1ch byly tajn\u011b ututl\u00e1ny"},"content":{"rendered":"<div id=\"fb-root\"><\/div>\n<p><strong><span dir=\"auto\">Zpr\u00e1va v den\u00edku Heute, zalo\u017een\u00e1 na publikaci ministerstva vnitra, jasn\u011b uv\u00e1d\u00ed: Zem\u011b se jen t\u011bsn\u011b vyhnula \u010detn\u00fdm st\u0159elb\u00e1m ve \u0161kol\u00e1ch d\u00edky \u010dir\u00e9mu \u0161t\u011bst\u00ed a profesion\u00e1ln\u00edmu policejn\u00edmu z\u00e1sahu. Vysv\u011btlen\u00ed zn\u00ed pon\u011bkud slo\u017eit\u011b: O bombov\u00fdch hrozb\u00e1ch a st\u0159elb\u00e1ch ve \u0161kol\u00e1ch se ve\u0159ejn\u011b nediskutuje, aby se nepodporovali napodobovatel\u00e9. Nyn\u00ed se o nich v\u0161ak ve\u0159ejn\u011b diskutuje. Titulek \u201eJdu na st\u0159eleck\u00e9 \u0159\u00e1d\u011bn\u00ed\u201c jasn\u011b nazna\u010duje, \u017ee se zde hraje i probl\u00e9m s imigrac\u00ed.<\/span><\/strong><\/p>\n<p><span dir=\"auto\">P\u0159esto\u017ee jsou rakousk\u00e9 bulv\u00e1rn\u00ed noviny Heute pova\u017eov\u00e1ny za loaj\u00e1ln\u00ed vl\u00e1d\u011b a \u0161t\u011bd\u0159e financovan\u00e9 z ve\u0159ejn\u00fdch prost\u0159edk\u016f, jejich\u00a0<\/span><a href=\"https:\/\/www.heute.at\/s\/ich-mach-amoklauf-wega-stoppt-messer-schueler-120141115\" target=\"_blank\" rel=\"noreferrer noopener\"><span dir=\"auto\">\u010dl\u00e1nek z 1. listopadu 2025<\/span><\/a><span dir=\"auto\"> si zaslou\u017e\u00ed novin\u00e1\u0159skou \u00factu. Auto\u0159i si sice netroufaj\u00ed p\u0159\u00edmo se zab\u00fdvat probl\u00e9my, ale publikace nab\u00edz\u00ed hlubok\u00fd vhled do nebezpe\u010dn\u00fdch situac\u00ed a jejich z\u00e1kladn\u00edch p\u0159\u00ed\u010din.<\/span><\/p>\n<p><span dir=\"auto\">U\u017e samotn\u00fd n\u00e1zev \u201eNov\u00e1 \u0161okuj\u00edc\u00ed odhalen\u00ed \u2013 Jdu na \u0159\u00e1d\u011bn\u00ed \u2013 WEGA zastavila studenta s no\u017eem\u201c prozrazuje, \u017ee pachatel\u00e9 maj\u00ed migra\u010dn\u00ed z\u00e1zem\u00ed. To sotva pot\u0159ebuje dal\u0161\u00edho zd\u016fraz\u0148ov\u00e1n\u00ed. To, \u017ee n\u00e1sil\u00ed s no\u017eem t\u00e9m\u011b\u0159 v\u017edy zahrnuje migra\u010dn\u00ed z\u00e1zem\u00ed, je n\u011bco, co \u201eRaku\u0161an\u00e9 od p\u0159\u00edrody\u201c ji\u017e v\u011bd\u00ed. To zahrnuje i ka\u017edodenn\u00ed n\u00e1r\u016fst znechucen\u00ed v\u016f\u010di novin\u00e1\u0159\u016fm, kte\u0159\u00ed se soustavn\u011b vyh\u00fdbaj\u00ed informov\u00e1n\u00ed o cel\u00e9 pravd\u011b.<\/span><\/p>\n<h3 id=\"h-dreissig-amokdrohungen-gegen-schulen-pro-jahr\" class=\"wp-block-heading\"><span dir=\"auto\">T\u0159icet v\u00fdhr\u016f\u017eek st\u0159elbou ve \u0161kol\u00e1ch ro\u010dn\u011b<\/span><\/h3>\n<p><span dir=\"auto\">Co dal\u0161\u00edho se ze zpr\u00e1vy m\u016f\u017eeme dozv\u011bd\u011bt? V Rakousku v sou\u010dasnosti doch\u00e1z\u00ed k a\u017e t\u0159iceti hrozb\u00e1m st\u0159elby ve \u0161kol\u00e1ch ro\u010dn\u011b. Tyto hrozby analyzuje specializovan\u00fd t\u00fdm v r\u00e1mci policejn\u00edch sbor\u016f, aby zjistil, jak v\u00e1\u017en\u00e1 je situace \u2013 nebo zda si n\u011bkdo jen \u201ed\u011bl\u00e1 legraci\u201c. N\u00ed\u017ee uveden\u00fd sn\u00edmek obrazovky m\u00e1 za c\u00edl zdokumentovat jeden z t\u011bchto ne\u0161kodn\u011bj\u0161\u00edch p\u0159\u00edpad\u016f, kdy student usiloval o uzn\u00e1n\u00ed. C\u00edtil se vylou\u010den\u00fd ze sv\u00e9 skupiny p\u0159\u00e1tel. Vyhro\u017eov\u00e1n\u00ed st\u0159elbou ve \u0161kol\u00e1ch je v takov\u00fdch dob\u00e1ch pon\u011bkud \u0161patn\u00fd vtip.<\/span><\/p>\n<p><img decoding=\"async\" loading=\"lazy\" class=\"aligncenter\" src=\"https:\/\/report24.news\/wp-content\/uploads\/2025\/11\/image.png\" width=\"445\" height=\"438\" \/><\/p>\n<div id=\"repor-03d4c841df6b04bd5474726c479f7446\" class=\"repor-03d4c841df6b04bd5474726c479f7446 repor-inhalt2_mob\">\n<div id=\"repor-53643568\" class=\"repor-inhalt2_mob repor-target\" data-repor-trackid=\"9821\" data-repor-trackbid=\"1\">\n<div data-type=\"_mgwidget\" data-widget-id=\"1337402\" data-src-id=\"${PUBLISHER_ID}\" data-uid=\"14a00\">\n<div id=\"mgw1337402_14a00\">\n<div class=\"mgbox\">\n<div id=\"08c62849-b7f4-11f0-a716-c4cbe1e8e652\" class=\"mgline teaser-24419505 type-w\" data-i=\"gEeKlTF1EQ1ASZwGNEYyrZT8L4cJgw1gJb4gI77RMz7eQnuLqAJMmLat22dy_iXJ9KaLlb9BkbJ-8nXI7tvr49_dMOlmEanBDN4xUEuYZpRSXtZv4lEv77Uy6FiN7Rk1\" data-observing-start=\"1762091939956\" data-observing-time=\"1089\" data-showed=\"1\">\n<div class=\"image-with-text\">\n<div class=\"text-elements\">\n<div class=\"text_on_hover\">\n<div class=\"mctitle\" style=\"text-align: center;\"><span dir=\"auto\">\u0158editelstv\u00ed st\u00e1tn\u00ed policie zve\u0159ejnilo tento sn\u00edmek obrazovky podez\u0159el\u00e9ho chatu.<\/span><\/div>\n<\/div>\n<\/div>\n<\/div>\n<\/div>\n<\/div>\n<\/div>\n<\/div>\n<\/div>\n<\/div>\n<p><span dir=\"auto\">\u010cl\u00e1nek v Heute popisuje p\u0159\u00edpad, kdy policie jednaj\u00edc\u00ed na z\u00e1klad\u011b tipu zastavila studenta cestou do \u0161koly, kter\u00fd nesl dva no\u017ee. M\u011bl napsan\u00e9 konkr\u00e9tn\u00ed pl\u00e1ny na vra\u017edu a oslavoval americk\u00e9 \u0161koln\u00ed st\u0159elce. Jeho matka u\u017e o\u010dek\u00e1vala, \u017ee jej\u00ed syn sp\u00e1ch\u00e1 vra\u017edu. Je citov\u00e1na, jak \u0159\u00edk\u00e1: \u201eUd\u011blal to te\u010f?\u201c Takov\u00e9 dialogy s matkou v\u0161ak tak\u00e9 umo\u017e\u0148uj\u00ed dalekos\u00e1hl\u00e9 z\u00e1v\u011bry. Co jsou to za lidi, kte\u0159\u00ed ne\u010dinn\u011b p\u0159ihl\u00ed\u017eej\u00ed, dokud jejich syn neuskute\u010dn\u00ed hrozbu vra\u017edou?<\/span><\/p>\n<p><span dir=\"auto\">Viz tak\u00e9 n\u00e1\u0161 rozhovor s profesorem Hartlebem, autorem aktu\u00e1ln\u00ed knihy \u201eTeenage Terrorists\u201c (Mlad\u00ed terorist\u00e9).<\/span><\/p>\n<div class=\"video-wrapper\"><iframe loading=\"lazy\" title=\"P\u0159ehr\u00e1va\u010d videa na YouTube\" src=\"https:\/\/www.youtube.com\/embed\/aVYd6eUJ2ss?si=1qbfALeollN_N5Qp\" width=\"560\" height=\"315\" frameborder=\"0\" allowfullscreen=\"allowfullscreen\" data-mce-fragment=\"1\"><\/iframe><\/div>\n<p><span dir=\"auto\">Z\u00e1kladem pro tuto zpr\u00e1vu byla\u00a0<\/span><a href=\"https:\/\/www.bmi.gv.at\/magazinfiles\/2025\/09_10\/01_amokdrohungen_2.pdf\" target=\"_blank\" rel=\"noreferrer noopener\"><span dir=\"auto\">tato zpr\u00e1va v \u010dasopise<\/span><\/a><span dir=\"auto\">\u00a0\u201ePublic Security 9\/10 2025\u201c<\/span><\/p>\n<p><span dir=\"auto\">Z pohledu ve\u0159ejnosti je argument, \u017ee policie z\u00e1m\u011brn\u011b nehl\u00e1s\u00ed p\u0159ibli\u017en\u011b 30 \u00fadajn\u00fdch incident\u016f ro\u010dn\u011b \u2013 a pot\u00e9 o nich poskytuje velmi ve\u0159ejn\u011b dostupn\u00e9 informace \u2013 podivn\u00fd. Argumentem je, \u017ee nechce podporovat dal\u0161\u00ed zlo\u010diny. Toto tvrzen\u00ed zazn\u011blo ji\u017e po st\u0159elb\u011b v Grazu, kter\u00e1 si vy\u017e\u00e1dala \u017eivoty 10 mlad\u00fdch lid\u00ed a u\u010ditel\u016f. Proto dodnes nebyly skutkov\u00e9 okolnosti p\u0159\u00edpadu pln\u011b objasn\u011bny.<\/span><\/p>\n<p><span dir=\"auto\">Takto kontrolovan\u00e9 ve\u0159ejn\u00e9 m\u00edn\u011bn\u00ed je nehodn\u00e9 demokracie. Anonymn\u00ed byrokrat\u00e9, placen\u00ed z ve\u0159ejn\u00fdch pen\u011bz, za zav\u0159en\u00fdmi dve\u0159mi rozhoduj\u00ed o tom, kolik pravdy lze od ve\u0159ejnosti o\u010dek\u00e1vat, \u017ee p\u0159ijme. Pokud by se tato hrozba \u0159e\u0161ila otev\u0159en\u011b, mo\u017en\u00e1 by se dalo p\u0159edej\u00edt mnohem v\u00edce zlo\u010din\u016fm. Zaprv\u00e9 proto, \u017ee by se t\u00edm zv\u00fd\u0161ilo pov\u011bdom\u00ed o kritick\u00fdch prohl\u00e1\u0161en\u00edch. Zadruh\u00e9 proto, \u017ee by se t\u00edm mohla minimalizovat \u0161ikana. To si ale v sou\u010dasn\u00e9 dob\u011b nep\u0159ejete. Za tuto informa\u010dn\u00ed politiku je v\u00fdhradn\u011b zodpov\u011bdn\u00e1 \u00d6VP (Rakousk\u00e1 lidov\u00e1 strana), kter\u00e1 ministerstvo vnitra t\u00e9m\u011b\u0159 nep\u0159etr\u017eit\u011b po cel\u00e1 desetilet\u00ed ovl\u00e1d\u00e1.<\/span><\/p>\n<p><span dir=\"auto\">Podle policejn\u00edho \u010dasopisu je 90 procent masov\u00fdch st\u0159eleb ozn\u00e1meno p\u0159edem. Pokud by byla ve\u0159ejnost informov\u00e1na o t\u00e9to skute\u010dnosti a student\u016fm by bylo \u0159e\u010deno, \u017ee n\u011bkter\u00e9 \u201evtipy\u201c nakonec nemus\u00ed b\u00fdt tak vtipn\u00e9, bylo by toho u\u017eite\u010dn\u011bj\u0161\u00ed a ud\u011blalo by se v\u00edce pro prevenci \u2013 ne\u017e vid\u011bt smutn\u00e9 v\u00fdrazy politik\u016f p\u0159edst\u00edraj\u00edc\u00edch z\u00e1rmutek po smrti d\u011bt\u00ed.<\/span><\/p>\n<p><img decoding=\"async\" loading=\"lazy\" class=\"alignnone size-full wp-image-1185\" src=\"http:\/\/www.infokuryr.cz\/n\/wp-content\/uploads\/2021\/04\/kuryr-podpis.png\" alt=\"\" width=\"84\" height=\"24\" \/><\/p>\n<p>&nbsp;<\/p>\n","protected":false},"excerpt":{"rendered":"<p>Zpr\u00e1va v den\u00edku Heute, zalo\u017een\u00e1 na publikaci ministerstva vnitra, jasn\u011b uv\u00e1d\u00ed: Zem\u011b se jen t\u011bsn\u011b&#8230;<\/p>\n","protected":false},"author":2,"featured_media":91230,"comment_status":"closed","ping_status":"closed","sticky":false,"template":"","format":"standard","meta":[],"categories":[7],"tags":[245,120,1392,320,1863],"_links":{"self":[{"href":"https:\/\/www.infokuryr.cz\/n\/wp-json\/wp\/v2\/posts\/91229"}],"collection":[{"href":"https:\/\/www.infokuryr.cz\/n\/wp-json\/wp\/v2\/posts"}],"about":[{"href":"https:\/\/www.infokuryr.cz\/n\/wp-json\/wp\/v2\/types\/post"}],"author":[{"embeddable":true,"href":"https:\/\/www.infokuryr.cz\/n\/wp-json\/wp\/v2\/users\/2"}],"replies":[{"embeddable":true,"href":"https:\/\/www.infokuryr.cz\/n\/wp-json\/wp\/v2\/comments?post=91229"}],"version-history":[{"count":0,"href":"https:\/\/www.infokuryr.cz\/n\/wp-json\/wp\/v2\/posts\/91229\/revisions"}],"wp:featuredmedia":[{"embeddable":true,"href":"https:\/\/www.infokuryr.cz\/n\/wp-json\/wp\/v2\/media\/91230"}],"wp:attachment":[{"href":"https:\/\/www.infokuryr.cz\/n\/wp-json\/wp\/v2\/media?parent=91229"}],"wp:term":[{"taxonomy":"category","embeddable":true,"href":"https:\/\/www.infokuryr.cz\/n\/wp-json\/wp\/v2\/categories?post=91229"},{"taxonomy":"post_tag","embeddable":true,"href":"https:\/\/www.infokuryr.cz\/n\/wp-json\/wp\/v2\/tags?post=91229"}],"curies":[{"name":"wp","href":"https:\/\/api.w.org\/{rel}","templated":true}]}}