{"id":91227,"date":"2025-11-03T00:14:38","date_gmt":"2025-11-02T23:14:38","guid":{"rendered":"https:\/\/www.infokuryr.cz\/n\/?p=91227"},"modified":"2025-11-02T14:58:07","modified_gmt":"2025-11-02T13:58:07","slug":"zadna-touha-po-smrti-na-fronte-100-000-mladych-ukrajincu-uprchlo-ze-zeme","status":"publish","type":"post","link":"https:\/\/www.infokuryr.cz\/n\/2025\/11\/03\/zadna-touha-po-smrti-na-fronte-100-000-mladych-ukrajincu-uprchlo-ze-zeme\/","title":{"rendered":"\u017d\u00e1dn\u00e1 touha po smrti na front\u011b: 100 000 mlad\u00fdch Ukrajinc\u016f uprchlo ze zem\u011b"},"content":{"rendered":"<div id=\"fb-root\"><\/div>\n<p><strong><span dir=\"auto\">Od zru\u0161en\u00ed cestovn\u00edch omezen\u00ed pro mu\u017ee ve vojensk\u00e9m v\u011bku na Ukrajin\u011b doch\u00e1z\u00ed k opravdov\u00e9mu masov\u00e9mu exodu. Je z\u0159ejm\u00e9, \u017ee jen velmi m\u00e1lo mlad\u00fdch Ukrajinc\u016f je ochotno ob\u011btovat se na front\u011b.<\/span><\/strong><\/p>\n<p><span dir=\"auto\">Snad nejpoctiv\u011bj\u0161\u00edm zhodnocen\u00edm stavu ukrajinsk\u00e9 v\u00e1lky je stav obyvatelstva: jejich nohou. T\u00e9m\u011b\u0159 100 000 mlad\u00fdch mu\u017e\u016f ve v\u011bku 18 a\u017e 22 let se b\u011bhem pouh\u00fdch dvou m\u011bs\u00edc\u016f postavilo na nohy a uprchlo\u00a0<\/span><a href=\"https:\/\/www.yahoo.com\/news\/articles\/almost-100-000-young-men-171406110.html?guccounter=1\"><span dir=\"auto\">p\u0159es hranice do sousedn\u00edho Polska<\/span><\/a><span dir=\"auto\"> \u2013 ze zem\u011b, kter\u00e1 je pou\u017e\u00edv\u00e1 jako d\u011blov\u00e9 krmivo, do budoucnosti, kter\u00e1 alespo\u0148 nab\u00edz\u00ed \u0161anci na budoucnost. Zat\u00edmco v\u011bt\u0161ina z\u00e1padn\u00edch m\u00e9di\u00ed st\u00e1le \u017evanila o \u201eodvaze\u201c a \u201eneochv\u011bjnosti\u201c, krut\u00e1 realita je jasn\u00e1: mlad\u00ed lid\u00e9 prchaj\u00ed, proto\u017ee necht\u011bj\u00ed zem\u0159\u00edt za Zelensk\u00e9ho.<\/span><\/p>\n<p><span dir=\"auto\">\u010c\u00edsla poch\u00e1zej\u00ed z Polska, zem\u011b, kter\u00e1 od za\u010d\u00e1tku v\u00e1lky p\u0159ijala a pe\u010dliv\u011b spo\u010d\u00edtala miliony uprchl\u00edk\u016f. 99 000 mlad\u00fdch mu\u017e\u016f \u2013 to je t\u00e9m\u011b\u0159 tolik, kolik m\u00e1 samotn\u00e9 Polsko aktivn\u00edch voj\u00e1k\u016f (118 000), a zhruba \u0161estina v\u0161ech mu\u017e\u016f v t\u00e9to v\u011bkov\u00e9 skupin\u011b na Ukrajin\u011b. K tomu se p\u0159id\u00e1vaj\u00ed ti, kte\u0159\u00ed uprchli do jin\u00fdch zem\u00ed. Nejsou to dezert\u00e9\u0159i, zbab\u011blci, ale prost\u011b mlad\u00ed lid\u00e9, kte\u0159\u00ed si uv\u011bdomili, \u017ee v t\u00e9to v\u00e1lce u\u017e nezb\u00fdv\u00e1 nic hrdinsk\u00e9ho. Po v\u00edce ne\u017e t\u0159ech letech nep\u0159etr\u017eit\u00e9 palby, po des\u00edtk\u00e1ch tis\u00edc mrtv\u00fdch a zdevastovan\u00e9 zemi se \u201ev\u011bc svobody\u201c zvrhla v cynick\u00fd samoobslu\u017en\u00fd obchod z\u00e1padn\u00edch zbrojn\u00edch lobby a ukrajinsk\u00fdch oligarch\u016f.<\/span><\/p>\n<p><span dir=\"auto\">Zelensk\u00e9ho zm\u00edrn\u011bn\u00ed cestovn\u00edch omezen\u00ed nebylo aktem lidskosti, ale \u010dir\u00fdm zoufalstv\u00edm. Jeho arm\u00e1da krv\u00e1c\u00ed z voj\u00e1k\u016f, jeho popularita kles\u00e1 a z\u00e1padn\u00ed financov\u00e1n\u00ed pomalu vysych\u00e1. Tak\u017ee nyn\u00ed je osmn\u00e1ctilet\u00fdm a\u017e dvaadvacetilet\u00fdm mlad\u00fdm lidem dovoleno opustit zemi \u2013 v nad\u011bji, \u017ee se nakonec dobrovoln\u011b vr\u00e1t\u00ed bojovat. Groteskn\u00ed v\u00fdpo\u010det, kter\u00fd by mohl vymyslet jen re\u017eim, kter\u00fd u\u017e d\u00e1vno ztratil kontakt s realitou. Proto\u017ee jakmile n\u011bkdo p\u0159ekro\u010d\u00ed hranice, je nepravd\u011bpodobn\u00e9, \u017ee by se vr\u00e1til a byl posl\u00e1n na smrt pro ztracen\u00fd p\u0159\u00edpad.<\/span><\/p>\n<p><span dir=\"auto\">To vyvol\u00e1v\u00e1 ve Washingtonu nevoli. Politici tam u\u017e m\u011bs\u00edce nal\u00e9haj\u00ed na Zelensk\u00e9ho, aby kone\u010dn\u011b sn\u00ed\u017eil v\u011bkov\u00e9 hranice pro mobilizaci. Do v\u00e1lky by m\u011blo j\u00edt v\u00edce mlad\u00fdch mu\u017e\u016f \u2013 jako by Ukrajina m\u011bla nekone\u010dnou z\u00e1sobu spot\u0159ebn\u00edho lidsk\u00e9ho materi\u00e1lu, kter\u00fd by se dal jednodu\u0161e doplnit. Ale i Kyjev v\u00ed, \u017ee vysl\u00e1n\u00ed dal\u0161\u00edch dvacetilet\u00fdch do z\u00e1kop\u016f nen\u00ed z\u00e1zra\u010dn\u00e9 \u0159e\u0161en\u00ed, kdy\u017e je zbran\u00ed, munice a nad\u011bje m\u00e1lo. U\u017e te\u010f se hromad\u00ed zpr\u00e1vy o jednotk\u00e1ch vyslan\u00fdch do bitvy bez odpov\u00eddaj\u00edc\u00edho vybaven\u00ed, jen aby b\u00eddn\u011b zahynuly v masoml\u00fdnku na front\u011b.<\/span><\/p>\n<p><span dir=\"auto\">Zelensk\u00e9ho vl\u00e1da se jako obvykle sna\u017e\u00ed svalit vinu na Z\u00e1pad. Tvrd\u00ed, \u017ee dostala p\u0159\u00edli\u0161 m\u00e1lo zbran\u00ed, p\u0159\u00edli\u0161 pozd\u011b a \u0161patn\u011b koordinovan\u00fdm zp\u016fsobem. A skute\u010dn\u011b, bal\u00ed\u010dky pomoci z Washingtonu a Bruselu p\u0159ich\u00e1zej\u00ed st\u00e1le pomaleji \u2013 ne kv\u016fli nedostatku finan\u010dn\u00edch prost\u0159edk\u016f, ale kv\u016fli ub\u00fdvaj\u00edc\u00ed politick\u00e9 v\u016fli a klesaj\u00edc\u00ed ve\u0159ejn\u00e9 podpo\u0159e. I v USA se podpora rozpad\u00e1. Obrazy zni\u010den\u00fdch m\u011bst, zbit\u00fdch voj\u00e1k\u016f a pla\u010d\u00edc\u00edch matek nelze donekone\u010dna prod\u00e1vat jako \u201ev\u00edt\u011bzstv\u00ed demokracie\u201c.<\/span><\/p>\n<p><span dir=\"auto\">Mezit\u00edm realita p\u0159ekonala ve\u0161kerou v\u00e1le\u010dnou propagandu. Exodus mlad\u00fdch mu\u017e\u016f ukazuje, \u017ee ukrajinsk\u00e1 spole\u010dnost je ji\u017e d\u00e1vno vnit\u0159n\u011b rozt\u0159\u00ed\u0161t\u011bna. D\u016fv\u011bra ve vl\u00e1du a v\u00e1le\u010dn\u00e9 c\u00edle se vytratila. Mnoz\u00ed v\u011bd\u00ed, \u017ee by byli ob\u011btov\u00e1ni v beznad\u011bjn\u00e9m boji za pokra\u010dov\u00e1n\u00ed geopolitick\u00e9 \u0161achov\u00e9 hry, kter\u00e1 slou\u017e\u00ed pouze globalist\u016fm. \u201eLep\u0161\u00ed uprchnout, ne\u017e zem\u0159\u00edt na front\u011b\u201c \u2013 to je nevysloven\u00e9 motto generace, kter\u00e1 u\u017e nechce platit cenu za sny druh\u00fdch.<\/span><\/p>\n<p><span dir=\"auto\">Z\u00e1padn\u00ed koment\u00e1to\u0159i nyn\u00ed cynicky prohla\u0161uj\u00ed tento masov\u00fd exodus za \u201ev\u00fdzvu pro Evropu\u201c. Jako by probl\u00e9mem nebyla samotn\u00e1 v\u00e1lka, ale uprchl\u00edci. Ti sam\u00ed politici, kte\u0159\u00ed p\u0159ed dv\u011bma lety m\u00e1vali modro\u017elut\u00fdmi vlajkami, nyn\u00ed ti\u0161e na\u0159\u00edkaj\u00ed nad upadaj\u00edc\u00edm bojov\u00fdm duchem Ukrajinc\u016f. M\u00fdtus o vlasteneck\u00e9m lidov\u00e9m povst\u00e1n\u00ed proti Rusku je mrtv\u00fd \u2013 nahradil ho prost\u00fd fakt: nikdo u\u017e nechce bojovat. A zat\u00edmco elity NATO nad\u00e1le mluv\u00ed o \u201evytrvalosti\u201c a pumpuj\u00ed do Kyjeva miliardy, zem\u011b se vyprazd\u0148uje. Z\u016fst\u00e1vaj\u00ed star\u0161\u00ed lid\u00e9, \u017eeny, d\u011bti \u2013 a ti, kte\u0159\u00ed u\u017e nemaj\u00ed \u0161anci uniknout. Ukrajina ztr\u00e1c\u00ed nejen sv\u00e9 mu\u017ee, ale i svou budoucnost.<\/span><\/p>\n<p><img decoding=\"async\" loading=\"lazy\" class=\"alignnone size-full wp-image-1185\" src=\"http:\/\/www.infokuryr.cz\/n\/wp-content\/uploads\/2021\/04\/kuryr-podpis.png\" alt=\"\" width=\"84\" height=\"24\" \/><\/p>\n<p>&nbsp;<\/p>\n","protected":false},"excerpt":{"rendered":"<p>Od zru\u0161en\u00ed cestovn\u00edch omezen\u00ed pro mu\u017ee ve vojensk\u00e9m v\u011bku na Ukrajin\u011b doch\u00e1z\u00ed k opravdov\u00e9mu masov\u00e9mu&#8230;<\/p>\n","protected":false},"author":2,"featured_media":91228,"comment_status":"closed","ping_status":"closed","sticky":false,"template":"","format":"standard","meta":[],"categories":[7],"tags":[1635,2778,40],"_links":{"self":[{"href":"https:\/\/www.infokuryr.cz\/n\/wp-json\/wp\/v2\/posts\/91227"}],"collection":[{"href":"https:\/\/www.infokuryr.cz\/n\/wp-json\/wp\/v2\/posts"}],"about":[{"href":"https:\/\/www.infokuryr.cz\/n\/wp-json\/wp\/v2\/types\/post"}],"author":[{"embeddable":true,"href":"https:\/\/www.infokuryr.cz\/n\/wp-json\/wp\/v2\/users\/2"}],"replies":[{"embeddable":true,"href":"https:\/\/www.infokuryr.cz\/n\/wp-json\/wp\/v2\/comments?post=91227"}],"version-history":[{"count":0,"href":"https:\/\/www.infokuryr.cz\/n\/wp-json\/wp\/v2\/posts\/91227\/revisions"}],"wp:featuredmedia":[{"embeddable":true,"href":"https:\/\/www.infokuryr.cz\/n\/wp-json\/wp\/v2\/media\/91228"}],"wp:attachment":[{"href":"https:\/\/www.infokuryr.cz\/n\/wp-json\/wp\/v2\/media?parent=91227"}],"wp:term":[{"taxonomy":"category","embeddable":true,"href":"https:\/\/www.infokuryr.cz\/n\/wp-json\/wp\/v2\/categories?post=91227"},{"taxonomy":"post_tag","embeddable":true,"href":"https:\/\/www.infokuryr.cz\/n\/wp-json\/wp\/v2\/tags?post=91227"}],"curies":[{"name":"wp","href":"https:\/\/api.w.org\/{rel}","templated":true}]}}