{"id":91197,"date":"2025-11-02T00:35:14","date_gmt":"2025-11-01T23:35:14","guid":{"rendered":"https:\/\/www.infokuryr.cz\/n\/?p=91197"},"modified":"2025-11-01T17:47:53","modified_gmt":"2025-11-01T16:47:53","slug":"glamour-ocenuje-devet-muzu-cenou-zena-roku","status":"publish","type":"post","link":"https:\/\/www.infokuryr.cz\/n\/2025\/11\/02\/glamour-ocenuje-devet-muzu-cenou-zena-roku\/","title":{"rendered":"\u201eGlamour\u201c oce\u0148uje dev\u011bt mu\u017e\u016f cenou \u201e\u017dena roku\u201c"},"content":{"rendered":"<div id=\"fb-root\"><\/div>\n<p><strong><span dir=\"auto\">Skute\u010dnost, \u017ee \u010dasopis Glamour ud\u011blil cenu \u201e\u017dena roku\u201c dev\u00edti mu\u017e\u016fm, kte\u0159\u00ed se vyd\u00e1vali za \u017eeny, ukazuje, jak nemocn\u00e1 a zvr\u00e1cen\u00e1 je na\u0161e doba. O kolik v\u00edce opovr\u017een\u00ed m\u016f\u017eeme \u017een\u00e1m projevovat?<\/span><\/strong><\/p>\n<p><span dir=\"auto\">\u010casopis Glamour b\u00fdval leskl\u00fdm \u010dasopisem pro \u017eeny, zam\u011b\u0159en\u00fdm na m\u00f3du, kr\u00e1su a sebev\u011bdom\u00ed. P\u0159esto\u017ee v minulosti existovaly kontroverze ohledn\u011b ide\u00e1l\u016f kr\u00e1sy, kter\u00e9 propagoval, st\u00e1le se jednalo o \u010dasopis pro \u017eeny. A dnes? Zd\u00e1 se, \u017ee dnes m\u00e1 trans ideologie p\u0159ednost. Na leto\u0161n\u00edch cen\u00e1ch \u201e\u017deny roku\u201c \u010dasopis neoce\u0148oval \u017eeny, kter\u00e9 vynikaj\u00ed sv\u00fdmi \u00fasp\u011bchy, odvahou nebo inteligenc\u00ed,\u00a0<\/span><a href=\"https:\/\/www.dailymail.co.uk\/lifestyle\/article-15245489\/JK-Rowling-leads-backlash-against-Glamour-magazine-nine-trans-activists-including-one-called-Suffragettes-white-supremacists-named-Women-Year.html\"><span dir=\"auto\">ale dev\u011bt takzvan\u00fdch trans aktivist\u016f<\/span><\/a><span dir=\"auto\"> \u2013 tedy mu\u017e\u016f, kte\u0159\u00ed za\u017e\u00edvaj\u00ed genderovou dysforii a identifikuj\u00ed se jako \u017eeny.<\/span><\/p>\n<p><span dir=\"auto\">J. K. Rowlingov\u00e1, autorka \u201eHarryho Pottera\u201c a po l\u00e9ta ter\u010d dav\u016f identit\u00e1rn\u00ed politiky, reagovala v\u00fdsti\u017en\u00fdm post\u0159ehem:\u00a0<\/span><strong><span dir=\"auto\">\u201eVyr\u016fstala jsem v dob\u011b, kdy velk\u00e9 \u017eensk\u00e9 \u010dasopisy d\u00edvk\u00e1m \u0159\u00edkaly, \u017ee mus\u00ed b\u00fdt \u0161t\u00edhlej\u0161\u00ed a hez\u010d\u00ed. Te\u010f velk\u00e9 \u017eensk\u00e9 \u010dasopisy d\u00edvk\u00e1m \u0159\u00edkaj\u00ed, \u017ee mu\u017ei jsou lep\u0161\u00ed \u017eeny, ne\u017e jsou ony.\u201c<\/span><\/strong><span dir=\"auto\">\u00a0Je t\u011b\u017ek\u00e9 si p\u0159edstavit v\u00fdsti\u017en\u011bj\u0161\u00ed popis zvr\u00e1cen\u00e9ho sm\u011bru, kter\u00fdm se feminismus ub\u00edral.<\/span><\/p>\n<figure class=\"wp-block-embed is-type-rich is-provider-twitter wp-block-embed-twitter\">\n<div class=\"wp-block-embed__wrapper\">\n<div class=\"twitter-tweet twitter-tweet-rendered\"><iframe id=\"twitter-widget-0\" class=\"\" title=\"X P\u0159\u00edsp\u011bvek\" src=\"https:\/\/platform.twitter.com\/embed\/Tweet.html?dnt=true&amp;embedId=twitter-widget-0&amp;features=eyJ0ZndfdGltZWxpbmVfbGlzdCI6eyJidWNrZXQiOltdLCJ2ZXJzaW9uIjpudWxsfSwidGZ3X2ZvbGxvd2VyX2NvdW50X3N1bnNldCI6eyJidWNrZXQiOnRydWUsInZlcnNpb24iOm51bGx9LCJ0ZndfdHdlZXRfZWRpdF9iYWNrZW5kIjp7ImJ1Y2tldCI6Im9uIiwidmVyc2lvbiI6bnVsbH0sInRmd19yZWZzcmNfc2Vzc2lvbiI6eyJidWNrZXQiOiJvbiIsInZlcnNpb24iOm51bGx9LCJ0ZndfZm9zbnJfc29mdF9pbnRlcnZlbnRpb25zX2VuYWJsZWQiOnsiYnVja2V0Ijoib24iLCJ2ZXJzaW9uIjpudWxsfSwidGZ3X21peGVkX21lZGlhXzE1ODk3Ijp7ImJ1Y2tldCI6InRyZWF0bWVudCIsInZlcnNpb24iOm51bGx9LCJ0ZndfZXhwZXJpbWVudHNfY29va2llX2V4cGlyYXRpb24iOnsiYnVja2V0IjoxMjA5NjAwLCJ2ZXJzaW9uIjpudWxsfSwidGZ3X3Nob3dfYmlyZHdhdGNoX3Bpdm90c19lbmFibGVkIjp7ImJ1Y2tldCI6Im9uIiwidmVyc2lvbiI6bnVsbH0sInRmd19kdXBsaWNhdGVfc2NyaWJlc190b19zZXR0aW5ncyI6eyJidWNrZXQiOiJvbiIsInZlcnNpb24iOm51bGx9LCJ0ZndfdXNlX3Byb2ZpbGVfaW1hZ2Vfc2hhcGVfZW5hYmxlZCI6eyJidWNrZXQiOiJvbiIsInZlcnNpb24iOm51bGx9LCJ0ZndfdmlkZW9faGxzX2R5bmFtaWNfbWFuaWZlc3RzXzE1MDgyIjp7ImJ1Y2tldCI6InRydWVfYml0cmF0ZSIsInZlcnNpb24iOm51bGx9LCJ0ZndfbGVnYWN5X3RpbWVsaW5lX3N1bnNldCI6eyJidWNrZXQiOnRydWUsInZlcnNpb24iOm51bGx9LCJ0ZndfdHdlZXRfZWRpdF9mcm9udGVuZCI6eyJidWNrZXQiOiJvbiIsInZlcnNpb24iOm51bGx9fQ%3D%3D&amp;frame=false&amp;hideCard=false&amp;hideThread=false&amp;id=1983848989213553091&amp;lang=cs&amp;origin=https%3A%2F%2Freport24.news%2Fglamour-ehrt-neun-maenner-mit-dem-women-of-the-year-award%2F&amp;sessionId=4e52946d76ef6e9c9542c8b0e226a71c6fdf7f69&amp;theme=light&amp;widgetsVersion=2615f7e52b7e0%3A1702314776716&amp;width=550px\" frameborder=\"0\" scrolling=\"no\" allowfullscreen=\"allowfullscreen\" data-tweet-id=\"1983848989213553091\" data-mce-fragment=\"1\"><\/iframe><\/div>\n<\/div>\n<\/figure>\n<h3 id=\"h-hass-und-hetze-gegen-frauen\" class=\"wp-block-heading\"><span dir=\"auto\">Nen\u00e1vist a podn\u011bcov\u00e1n\u00ed v\u016f\u010di \u017een\u00e1m<\/span><\/h3>\n<p><span dir=\"auto\">Mezi nov\u00fdmi \u201e\u017denami roku\u201c je Munroe Bergdorf \u2013 mu\u017e, kter\u00fd upoutal pozornost nejen svou prom\u011bnou, ale p\u0159edev\u0161\u00edm sv\u00fdmi radik\u00e1ln\u00edmi n\u00e1zory. Kdysi prohl\u00e1sil, \u017ee \u201ev\u0161ichni b\u00edl\u00ed lid\u00e9 jsou rasist\u00e9\u201c a sufra\u017eetky (aktivistky za pr\u00e1va \u017een z po\u010d\u00e1tku 20. stolet\u00ed, kter\u00e9 bojovaly za volebn\u00ed pr\u00e1vo \u017een) ozna\u010dil za \u201eb\u00edl\u00e9 rasistky\u201c. A\u010dkoli byl za to v roce 2017 vyhozen z L&#8217;Or\u00e9al, v dob\u011b probuzen\u00ed takov\u00e1 prohl\u00e1\u0161en\u00ed zjevn\u011b ji\u017e nejsou stigmatem, ale sp\u00ed\u0161e kari\u00e9rn\u00edm impulsem. Dnes je Bergdorf redaktorem britsk\u00e9ho Vogue, velvyslancem p\u0159i OSN a p\u0159edn\u00ed osobnost\u00ed hnut\u00ed za pr\u00e1va transsexu\u00e1l\u016f.<\/span><\/p>\n<p><span dir=\"auto\">Na ob\u00e1lce \u010dasopisu Glamour p\u00f3zuje v\u0161ech dev\u011bt \u201eocen\u011bn\u00fdch\u201c v tri\u010dk\u00e1ch s n\u00e1pisem \u201eProtect the Dolls\u00a0<\/span><strong><span dir=\"auto\">\u201c. \u201eDolls\u201c je term\u00edn pou\u017e\u00edvan\u00fd v trans komunit\u011b k ozna\u010den\u00ed mu\u017e\u016f, kte\u0159\u00ed se identifikuj\u00ed jako \u017eeny.<\/span><\/strong><span dir=\"auto\">\u00a0Glamour hrd\u011b prohl\u00e1sil sv\u016fj z\u00e1m\u011br oslavit \u201enejpr\u016flomov\u011bj\u0161\u00ed hlasy trans komunity\u201c \u2013 skupiny lid\u00ed, kte\u0159\u00ed p\u0159edstavuj\u00ed v\u00fdrazn\u011b m\u00e9n\u011b ne\u017e 1 procento populace, na rozd\u00edl od \u017eensk\u00e9 v\u011bt\u0161iny.<\/span><\/p>\n<p><span dir=\"auto\">Dal\u0161\u00ed z mu\u017e\u016f ocen\u011bn\u00fdch \u010dasopisem Glamour, Dani St. James, ve sv\u00e9m d\u011bkovn\u00e9m projevu po\u017eadoval: \u201eZapla\u0165te loutky. Zam\u011bstnejte loutky. Sundejte loutky ze sv\u00fdch n\u00e1st\u011bnek a dejte n\u00e1s p\u0159ed a za kameru.\u201c Je\u0161t\u011b v\u00edce sebepropagace a po\u017eadavk\u016f na pozornost.\u00a0<\/span><strong><span dir=\"auto\">Bergdorf, kter\u00fd se na jevi\u0161ti prezentoval jako antifa\u0161istick\u00fd \u0161ampion, pateticky prohl\u00e1sil, \u017ee \u201efa\u0161ismus ovl\u00e1d\u00e1 sv\u011bt\u201c a \u017ee je t\u0159eba proti n\u011bmu bojovat.<\/span><\/strong><span dir=\"auto\"> Proti komu p\u0159esn\u011b, z\u016fstalo nejasn\u00e9 \u2013 pravd\u011bpodobn\u011b proti t\u011bm, kte\u0159\u00ed se odv\u00e1\u017e\u00ed uznat biologickou realitu, \u017ee biologicky skute\u010dn\u011b existuj\u00ed pouze mu\u017e a \u017eena.<\/span><\/p>\n<h3 id=\"h-go-woke-go-broke\" class=\"wp-block-heading\"><span dir=\"auto\">Probudit se a zruinovat se?<\/span><\/h3>\n<p><span dir=\"auto\">Toto slavnostn\u00ed p\u0159ed\u00e1v\u00e1n\u00ed cen nen\u00ed feministick\u00fdm prohl\u00e1\u0161en\u00edm, ale groteskn\u00edm pomn\u00edkem zkreslen\u00e9mu duchu doby. Kdy\u017e \u017eensk\u00fd \u010dasopis prohl\u00e1s\u00ed mu\u017ee \u201e\u017denami roku\u201c, nejen\u017ee se otev\u0159en\u011b stav\u00ed proti vlastn\u00edmu j\u00e1dru \u010dten\u00e1\u0159sk\u00e9ho publika, ale tak\u00e9 ur\u00e1\u017e\u00ed \u017eeny obecn\u011b.\u00a0<\/span><strong><span dir=\"auto\">I nyn\u00ed \u017eeny bojuj\u00ed, nap\u0159\u00edklad ve sportu, proti p\u0159evzet\u00ed moci takzvan\u00fdmi \u201etransgender\u201c jedinci, kte\u0159\u00ed maj\u00ed d\u00edky sv\u00e9 mu\u017esk\u00e9 fyziologii zna\u010dn\u00e9 v\u00fdhody.<\/span><\/strong><span dir=\"auto\">\u00a0A i p\u0159es (ji\u017e tak nesmysln\u00e9) genderov\u00e9 kv\u00f3ty jsou takov\u00ed genderov\u011b matouc\u00ed mu\u017ei po\u010d\u00edt\u00e1ni jako \u017eeny a je jim dost\u00e1v\u00e1no p\u0159ednostn\u00ed zach\u00e1zen\u00ed.<\/span><\/p>\n<p><span dir=\"auto\">Stane se \u010dasopis Glamour ve sv\u011btle tohoto transgenderov\u00e9ho \u0161\u00edlenstv\u00ed dal\u0161\u00edm p\u0159\u00edkladem trendu \u201eprobu\u010f se, zruinuj\u201c? Koneckonc\u016f, jak m\u016f\u017ee \u017eensk\u00fd \u010dasopis projevit v\u011bt\u0161\u00ed opovr\u017een\u00ed v\u016f\u010di \u017een\u00e1m ne\u017e t\u00edm, \u017ee skupin\u011b genderov\u011b zmaten\u00fdch mu\u017e\u016f ud\u011bl\u00ed titul \u201e\u017dena roku\u201c, nebo co?<\/span><\/p>\n<p><img decoding=\"async\" loading=\"lazy\" class=\"alignnone size-full wp-image-1185\" src=\"http:\/\/www.infokuryr.cz\/n\/wp-content\/uploads\/2021\/04\/kuryr-podpis.png\" alt=\"\" width=\"84\" height=\"24\" \/><\/p>\n<p>&nbsp;<\/p>\n","protected":false},"excerpt":{"rendered":"<p>Skute\u010dnost, \u017ee \u010dasopis Glamour ud\u011blil cenu \u201e\u017dena roku\u201c dev\u00edti mu\u017e\u016fm, kte\u0159\u00ed se vyd\u00e1vali za \u017eeny,&#8230;<\/p>\n","protected":false},"author":2,"featured_media":91198,"comment_status":"closed","ping_status":"closed","sticky":false,"template":"","format":"standard","meta":[],"categories":[7],"tags":[4779,206,4617,1804,1214],"_links":{"self":[{"href":"https:\/\/www.infokuryr.cz\/n\/wp-json\/wp\/v2\/posts\/91197"}],"collection":[{"href":"https:\/\/www.infokuryr.cz\/n\/wp-json\/wp\/v2\/posts"}],"about":[{"href":"https:\/\/www.infokuryr.cz\/n\/wp-json\/wp\/v2\/types\/post"}],"author":[{"embeddable":true,"href":"https:\/\/www.infokuryr.cz\/n\/wp-json\/wp\/v2\/users\/2"}],"replies":[{"embeddable":true,"href":"https:\/\/www.infokuryr.cz\/n\/wp-json\/wp\/v2\/comments?post=91197"}],"version-history":[{"count":0,"href":"https:\/\/www.infokuryr.cz\/n\/wp-json\/wp\/v2\/posts\/91197\/revisions"}],"wp:featuredmedia":[{"embeddable":true,"href":"https:\/\/www.infokuryr.cz\/n\/wp-json\/wp\/v2\/media\/91198"}],"wp:attachment":[{"href":"https:\/\/www.infokuryr.cz\/n\/wp-json\/wp\/v2\/media?parent=91197"}],"wp:term":[{"taxonomy":"category","embeddable":true,"href":"https:\/\/www.infokuryr.cz\/n\/wp-json\/wp\/v2\/categories?post=91197"},{"taxonomy":"post_tag","embeddable":true,"href":"https:\/\/www.infokuryr.cz\/n\/wp-json\/wp\/v2\/tags?post=91197"}],"curies":[{"name":"wp","href":"https:\/\/api.w.org\/{rel}","templated":true}]}}