{"id":91194,"date":"2025-11-02T00:33:52","date_gmt":"2025-11-01T23:33:52","guid":{"rendered":"https:\/\/www.infokuryr.cz\/n\/?p=91194"},"modified":"2025-11-01T17:43:06","modified_gmt":"2025-11-01T16:43:06","slug":"miroslav-petr-mili-krajane","status":"publish","type":"post","link":"https:\/\/www.infokuryr.cz\/n\/2025\/11\/02\/miroslav-petr-mili-krajane\/","title":{"rendered":"Miroslav Petr: Mil\u00ed krajan\u00e9!"},"content":{"rendered":"<div id=\"fb-root\"><\/div>\n<p>Jak\u00e1si n\u011bmeck\u00e1, pardon, brn\u011bnsk\u00e1 organizace pozvala na p\u0159\u00ed\u0161t\u00ed rok sudeton\u011bmeck\u00e9 krajansk\u00e9 sdru\u017een\u00ed-SDL, aby si \/!!\/ v Brn\u011b uspo\u0159\u00e1dali sjezd r\u016fzn\u00fdch potomk\u016f \/!\/ vys\u00eddlen\u00fdch po v\u00e1lce, samoz\u0159ejm\u011b pr\u00e1vem. M\u011blo tehdy j\u00edt o vyhlazen\u00ed cel\u00e9ho \u010desk\u00e9ho n\u00e1roda a Slovan\u016f. A tuto vete\u0161 tu m\u00e1me hostit?!? Vlastizr\u00e1dci, pozvali byste si do sv\u00e9ho domu vrahy sv\u00fdch prarodi\u010d\u016f? Jste v\u016fbec norm\u00e1ln\u00ed? Nen\u00ed na \u010dase tyto spolky a organizace ihned zru\u0161it a soudit dle trestn\u00e9 \u010dinnosti? Zn\u00e1te poh\u00e1dku Jen dva prst\u00ed\u010dky? Vzpom\u00edn\u00e1te, jak sal\u00e1movkou si buz&#8230; pardon, gayov\u00e9 prosadili nap\u0159ed pr\u00e1va dvojic a \u010d\u00edm to dnes kon\u010d\u00ed? LGBT, gender, 99 pohlav\u00ed, trans, nebin\u00e1rn\u00ed asexu\u00e1l&#8230;<\/p>\n<p>Um\u011bl\u00e1 inteligence: Ve \u0161kole uvid\u011bla \u017e\u00e1ka se zbran\u00ed v ruce. Policie ho spoutala a prohledala, ale u sebe m\u011bl jen s\u00e1\u010dek s krekry. Splete-li se takto AI p\u0159i operaci, pak b\u016fh s n\u00e1mi. I j\u00e1 m\u00e1m dv\u011b zku\u0161enosti s AI. V prvn\u00edm p\u0159\u00edpad\u011b nerozum\u011bla jednoduch\u00e9 ot\u00e1zce. V druh\u00e9m p\u0159\u00edpad\u011b mi e-shop napsal, \u017ee zbo\u017e\u00ed nen\u00ed na sklad\u011b, p\u0159esto mi inteligence opakovala, \u017ee zbo\u017e\u00ed u\u017e je na sklad\u011b.<\/p>\n<p>Dle Ml\u00e1dka &#8222;nemo\u017en\u00fd lajd\u00e1k&#8220;, pardon, p\u0159est\u00e1rl\u00fd veter\u00e1n Benda je proti referendu. Referendum je nezbytn\u00e1 sou\u010d\u00e1st skute\u010dn\u00e9 demokracie. T\u00edm dok\u00e1zal tento darmo\u0161lap, \u017ee nen\u00e1vid\u00ed demokracii a \u017ee je dikt\u00e1tor. Demokracie = vl\u00e1da lidu!<\/p>\n<p>23. \u0159\u00edjna v \u0160anghaji vypukl v elektroaut\u011b po\u017e\u00e1r a\u017e do v\u00fd\u0161e asi p\u011bti metr\u016f. Dvojice jako z\u00e1zrakem sta\u010dila vysko\u010dit z jedouc\u00edho auta. B\u011bhem 15 sekund bylo cel\u00e9 auto v plamenech. Auto st\u00e1lo v korun\u00e1ch t\u00e9m\u011b\u0159 dva miliony . Poji\u0161\u0165ovny nepochybn\u011b odm\u00edtaj\u00ed pojistit jak\u00e9koli elektroauto p\u0159ed po\u017e\u00e1rem \/tak jako lod\u011b je odm\u00edtaj\u00ed p\u0159ev\u00e1\u017eet\/. V opa\u010dn\u00e9m p\u0159\u00edpad\u011b by brzo zkrachovaly.<\/p>\n<p>V Anglii u\u017e slav\u00ed m\u00edsto v\u00e1noc &#8222;zimn\u00ed sv\u00e1tky&#8220;. O n\u011bco pozd\u011bji slav\u00ed slim\u00e1ci ramad\u00e1n. Tohle \u010dek\u00e1 celou Evropu. Pokud m\u00e1te sv\u00e9 d\u011bti r\u00e1di, m\u011bli byste j\u00edt do ulic.<\/p>\n<p>Muslimov\u00e9 v Evrop\u011b \u0159\u00edkaj\u00ed: &#8222;\u0161pinav\u00ed k\u0159es\u0165an\u00e9 mus\u00ed zm\u011bnit n\u00e1bo\u017eenstv\u00ed. Nemuslimov\u00e9 maj\u00ed men\u0161\u00ed hodnotu ne\u017e p\u00e1r bot.&#8220;<\/p>\n<p>Muslimsk\u00e9 gangy v Brit\u00e1nii zn\u00e1sil\u0148uj\u00ed d\u011bti, proto\u017ee jsou b\u00edl\u00e9. To nen\u00ed rasismus?<\/p>\n<p>Ultralevicov\u00ed &#8222;experti na mezin\u00e1rodn\u00ed pr\u00e1vo&#8220; cht\u011bj\u00ed d\u00e1t Merkelovou k soudu za to, \u017ee dovolila p\u0159\u00edli\u0161 m\u00e1lo emigrant\u016fm vstup do N\u011bmecka.<\/p>\n<p>Dal\u0161\u00ed pandemi\u00ed m\u00e1 b\u00fdt pta\u010d\u00ed ch\u0159ipka. M\u00e1te u\u017e p\u0159ipraven\u00e9 n\u00e1hubky? Virus bude \u0159\u00e1dit i ve voln\u00e9 p\u0159\u00edrod\u011b, kde budete sami a hlavn\u011b se probud\u00ed po dev\u00e1t\u00e9 ve\u010der. Vzpom\u00edn\u00e1te?<\/p>\n<p>T\u00e9m\u011b\u0159 tis\u00edc spole\u010dnost\u00ed v cel\u00e9m sv\u011bt\u011b odstupuje od klimaalarmismu, proto\u017ee to ch\u00e1pou jako podvod a kv\u016fli tomu se jim sni\u017euj\u00ed zisky.<\/p>\n<p>Mimo\u0159\u00e1dn\u00fd hurik\u00e1n na Jamajce nen\u00ed n\u00e1hoda. HAARP pln\u00ed sv\u00e9 \u00fakoly. P\u0159ed dv\u011bma roky byl zni\u010den jamajsk\u00fd ostrov Maui a v lednu \u010d\u00e1st Los Angeles. M\u00edsto v\u011bt\u0161iny zni\u010den\u00fdch rodinn\u00fdch domk\u016f tam stav\u00ed bytov\u00e9 domy s v\u00edce lidmi na mal\u00e9 plo\u0161e- patn\u00e1ctiminutov\u00e9 m\u011bsto podle vzoru Agenda 2030. \u00dadajn\u011b se n\u011bco podobn\u00e9ho pl\u00e1nuje i na okraji Prahy, aby si toho nikdo nev\u0161imnul.<\/p>\n<p>&#8222;Mohutn\u00fd dav&#8220;-pouh\u00fdch 27, slovy dvacet sedm demonstrant\u016f pochodovalo na pra\u017esk\u00fd Hrad. Cht\u011bj\u00ed odvolat T. Okamuru. Srovnejte si to s &#8222;hlou\u010dkem&#8220; asi 70 000 demonstrant\u016f na V\u00e1clav\u00e1ku s Rajchlem proti koalici Spolu.<\/p>\n<p>V USA v sout\u011b\u017ei &#8222;\u017dena roku&#8220; \/obdoba Miss\/ je v\u0161ech dev\u011bt finalist\u016f p\u016fvodn\u011b mu\u017e\u016f. Sledovat je\u0161t\u011b dnes tuto sout\u011b\u017e je pro zvrhl\u00edky a pacienty Chocholou\u0161ka. P\u0159es Trump\u016fv z\u00e1kaz gender a trans podporuj\u00ed tyto akce jen americk\u00e9 loutky, pardon, Demokrat\u00e9. Ml\u00e1dek kdysi n\u011bco \u0159\u00edkal o tom, \u017ee man\u017eelka je o\u0161kliv\u00fd chlap.<\/p>\n<p>Loty\u0161sko jako prvn\u00ed v EU odstupuj\u00ed od Istanbulsk\u00e9 dohody, kter\u00e1 m\u00e1 chr\u00e1nit \u017eeny p\u0159ed n\u00e1sil\u00edm. V Praze proti tomu protestovalo pouh\u00fdch p\u011bt tis\u00edc lid\u00ed. Kolik za to dostali zaplaceno? N\u011bkter\u00e9 politick\u00e9 strany v Evrop\u011b tuto \u00famluvu kritizovali kv\u016fli genderismu a soci\u00e1ln\u00edm expert\u016fm, proto\u017ee du\u0161evn\u011b a fyzicky mrza\u010d\u00ed d\u011bti.<\/p>\n<p>Muslim bodal vidli\u010dkou pasa\u017e\u00e9ry v letadle. U\u017e brzo to bude u n\u00e1s d\u00edky kmotrovu podpisu.<\/p>\n<p>Francouzsk\u00e9 restaurace nab\u00edzej\u00ed jen halal hov\u011bz\u00ed a kon\u010d\u00ed s prodejem alkoholu. Tak\u017ee si mus\u00edme odvykat po ob\u011bd\u011b pivo, kter\u00e9 podporuje tr\u00e1ven\u00ed?<\/p>\n<p>Pozor, nejde i vtip! Vochom\u016frka, pardon, Satan: &#8222;V\u011b\u0159\u00edm, \u017ee si Babi\u0161 nech\u00e1 od Pir\u00e1t\u016f poradit, m\u00e1me zku\u0161en\u00e9 politiky i matadory&#8220;. Jak dopadl Iv\u00e1nek s internetem a bytovou af\u00e9rou? Vzpom\u00edn\u00e1te na Iv\u00e1nka z Mraz\u00edka?: &#8222;Kdy\u017e na sebe pohl\u00e9dnu, mus\u00edm j\u00e1 se pochv\u00e1lit.&#8220;<\/p>\n<p>\u0160v\u00e9dsk\u00e1 politi\u010dka v\u00edtala s nad\u0161en\u00edm \u010dernochy. Za to j\u00ed &#8222;z l\u00e1sky&#8220; usekli hlavu. Komu nen\u00ed rady&#8230;Kdo chce kam&#8230;Co na to Kmotr?<\/p>\n<p>H\u00e9\u00e9\u00e9re\u010dka soudru\u017eka Va\u0161\u00e1ryov\u00e1 prohl\u00e1sila, \u017ee &#8222;v\u0161echny \u010cechy by m\u011bli pov\u011bsit!&#8220; Nedopou\u0161t\u00ed se t\u00edm trestn\u00e9ho \u010dinu podn\u011bcov\u00e1n\u00ed nen\u00e1visti k jin\u00e9mu n\u00e1rodu?<\/p>\n<p>Zelen\u00ed a elektroauta: N\u00e1klady na elektroauta jsou mnohem vy\u0161\u0161\u00ed a pro p\u0159\u00edrodu je v\u00fdroba bateri\u00ed \u0161kodliv\u011bj\u0161\u00ed ne\u017e se uv\u00e1d\u00ed. Jedna jedin\u00e1 baterie vy\u017eaduje 15 tun lithiov\u00e9 rudy, 5 tun kobaltov\u00fdch miner\u00e1l\u016f, 3 tuny niklov\u00e9 rudy, 12 tun m\u011bd\u011bn\u00e9 rudy. 250 tun zeminy mus\u00ed b\u00fdt p\u0159em\u00edst\u011bno, aby se z\u00edskalo mal\u00e9 mno\u017estv\u00ed t\u011bchto kov\u016f. Ka\u017ed\u00e1 baterie vy\u017eaduje des\u00edtky kilogram\u016f hlin\u00edku, oceli a grafitu. Ob\u0159\u00ed stroje pou\u017e\u00edvan\u00e9 p\u0159i t\u00e9to t\u011b\u017eb\u011b sp\u00e1l\u00ed stovky galon\u016f nafty ka\u017ed\u00fdch 12 hodin. Toto &#8222;bezemisn\u00ed&#8220; auto vyroben\u00e9 z materi\u00e1l\u016f v\u011bt\u0161inou z \u010c\u00edny \u010di Afriky, \u010dasto t\u011b\u017een\u00fdch d\u011btskou prac\u00ed. Baterie v cen\u011b 5 000-20 000 dolar\u016f vydr\u017e\u00ed asi 10 let. Co na to Zelen\u00ed ochr\u00e1nci p\u0159\u00edrody?<\/p>\n<p>E. Musk: &#8222;Ka\u017ed\u00fd, kdo se oh\u00e1n\u00ed v USA jinou vlajkou ne\u017e americkou, by m\u011bl dostat jednosm\u011brnou letenku do sv\u00e9 obl\u00edben\u00e9 zem\u011b.&#8220; Nem\u011bli by hadi dostat letenku do Sudet ke sv\u00fdm krajan\u016fm? Nem\u011bli by v\u0161ichni ostatn\u00ed z b\u00fdval\u00e9 vl\u00e1dy a hlavn\u011b Kmotr a Nutela dostat letenku na Ukrajinu?<\/p>\n<p>P\u00e1r bl\u00e1zn\u016f vyv\u011bsilo ukrajinskou vlajku p\u0159ed Muzeem. Pro\u010d se tam neodst\u011bhuj\u00ed a nejdou pom\u00e1hat ve v\u00e1lce, pardon, v lok\u00e1ln\u00edm konfliktu na Ukrajin\u011b? Kdyby to mysleli v\u00e1\u017en\u011b, pak se okam\u017eit\u011b seberou a jdou v\u00e1l\u010dit na Ukrajinu.<\/p>\n<p>V\u00edte, \u017ee otec herce Vetch\u00e9ho byl vy\u0161et\u0159ovatel STB?<\/p>\n<p>Kon\u010d\u00edc\u00ed vl\u00e1da jsou skute\u010dn\u00ed papal\u00e1\u0161i. Je\u0161t\u011b t\u0159i m\u011bs\u00edce dostanou slu\u017eebn\u00ed auto dokonce s \u0159idi\u010dem. Nav\u00edc celkem p\u011bt m\u011bs\u00ed\u010dn\u00edch plat\u016f. Nen\u00ed to m\u00e1lo, Ivane Pavlovi\u010di? D\u00e1 v\u00e1m takov\u00e9 benefity v\u00e1\u0161 \u0161\u00e9f, kdy\u017e u n\u011bj skon\u010d\u00edte? Podle z\u00e1kona jde o \u010dinnost na dobu ur\u010ditou, jak\u00fd je tedy logick\u00fd d\u016fvod takov\u00e9ho zv\u00fdhod\u0148ov\u00e1n\u00ed? Ani KS\u010c ve sv\u00e9 dob\u011b v parlamentu nem\u011bla takov\u00e1 privilegia. M\u00e1m-li smlouvu na dobu ur\u010ditou, tak si p\u0159edem se\u017eenu novou pr\u00e1ci. Jak prost\u00e9 Whatsone.<\/p>\n<p>Soudru\u017eka Dr\u00e1bov\u00e1 \u017eila s partnerkou, V\u00e9na spal s Ji\u0159inou. To jsou ale paradoxy, pane Van\u011bk&#8230;<\/p>\n<p><a href=\"https:\/\/www.czechfreepress.cz\/dalsi-blogy\/mili-krajane.html\">Miroslav Petr<\/a><\/p>\n<p>&nbsp;<\/p>\n","protected":false},"excerpt":{"rendered":"<p>Jak\u00e1si n\u011bmeck\u00e1, pardon, brn\u011bnsk\u00e1 organizace pozvala na p\u0159\u00ed\u0161t\u00ed rok sudeton\u011bmeck\u00e9 krajansk\u00e9 sdru\u017een\u00ed-SDL, aby si \/!!\/&#8230;<\/p>\n","protected":false},"author":2,"featured_media":3480,"comment_status":"closed","ping_status":"closed","sticky":false,"template":"","format":"standard","meta":[],"categories":[6],"tags":[1503,122,4694,7378],"_links":{"self":[{"href":"https:\/\/www.infokuryr.cz\/n\/wp-json\/wp\/v2\/posts\/91194"}],"collection":[{"href":"https:\/\/www.infokuryr.cz\/n\/wp-json\/wp\/v2\/posts"}],"about":[{"href":"https:\/\/www.infokuryr.cz\/n\/wp-json\/wp\/v2\/types\/post"}],"author":[{"embeddable":true,"href":"https:\/\/www.infokuryr.cz\/n\/wp-json\/wp\/v2\/users\/2"}],"replies":[{"embeddable":true,"href":"https:\/\/www.infokuryr.cz\/n\/wp-json\/wp\/v2\/comments?post=91194"}],"version-history":[{"count":0,"href":"https:\/\/www.infokuryr.cz\/n\/wp-json\/wp\/v2\/posts\/91194\/revisions"}],"wp:featuredmedia":[{"embeddable":true,"href":"https:\/\/www.infokuryr.cz\/n\/wp-json\/wp\/v2\/media\/3480"}],"wp:attachment":[{"href":"https:\/\/www.infokuryr.cz\/n\/wp-json\/wp\/v2\/media?parent=91194"}],"wp:term":[{"taxonomy":"category","embeddable":true,"href":"https:\/\/www.infokuryr.cz\/n\/wp-json\/wp\/v2\/categories?post=91194"},{"taxonomy":"post_tag","embeddable":true,"href":"https:\/\/www.infokuryr.cz\/n\/wp-json\/wp\/v2\/tags?post=91194"}],"curies":[{"name":"wp","href":"https:\/\/api.w.org\/{rel}","templated":true}]}}