{"id":91190,"date":"2025-11-02T00:32:11","date_gmt":"2025-11-01T23:32:11","guid":{"rendered":"https:\/\/www.infokuryr.cz\/n\/?p=91190"},"modified":"2025-11-01T17:39:33","modified_gmt":"2025-11-01T16:39:33","slug":"mlceni-ohledne-smrti-zoldaka-na-ukrajine-londynsky-neprijemny-pripad-jordana-chadwicka","status":"publish","type":"post","link":"https:\/\/www.infokuryr.cz\/n\/2025\/11\/02\/mlceni-ohledne-smrti-zoldaka-na-ukrajine-londynsky-neprijemny-pripad-jordana-chadwicka\/","title":{"rendered":"Ml\u010den\u00ed ohledn\u011b smrti \u017eold\u00e1ka na Ukrajin\u011b: Lond\u00fdnsk\u00fd nep\u0159\u00edjemn\u00fd p\u0159\u00edpad Jordana Chadwicka"},"content":{"rendered":"<div id=\"fb-root\"><\/div>\n<p><strong><span dir=\"auto\">B\u00fdval\u00fd britsk\u00fd voj\u00e1k jde bojovat do v\u00e1lky na Ukrajinu. O n\u011bkolik m\u011bs\u00edc\u016f pozd\u011bji je nalezen mrtv\u00fd v n\u00e1dr\u017ei \u2013 sv\u00e1zan\u00fd, zlikvidovan\u00fd a zjevn\u011b jeho vlastn\u00edmi lidmi. Smrt Jordana Chadwicka odhaluje, co se skute\u010dn\u011b d\u011bje za lesklou PR fas\u00e1dou takzvan\u00e9 Mezin\u00e1rodn\u00ed legie: vnit\u0159n\u00ed n\u00e1sil\u00ed, nedostatek discipl\u00edny a ma\u0159en\u00ed vy\u0161et\u0159ov\u00e1n\u00ed, kter\u00e9 vyvol\u00e1v\u00e1 v\u00e1\u017en\u00e9 ot\u00e1zky.<\/span><\/strong><\/p>\n<p><span dir=\"auto\">Jednat\u0159icetilet\u00fd Chadwick nebyl \u017e\u00e1dn\u00fd nezku\u0161en\u00fd dobrodruh. Jako b\u00fdval\u00fd p\u0159\u00edslu\u0161n\u00edk Skotsk\u00e9 gardy st\u00e1l na str\u00e1\u017ei p\u0159ed Buckinghamsk\u00fdm pal\u00e1cem \u2013 britsk\u00fd establishment je s takov\u00fdmi biografiemi docela dob\u0159e obezn\u00e1men. Na konci roku 2022 se dobrovoln\u011b p\u0159ihl\u00e1sil do Mezin\u00e1rodn\u00ed legie, jednotky z\u00e1padn\u00edch dobrovoln\u00edk\u016f, kterou prezident Zelenskyj prezentoval jako symbol glob\u00e1ln\u00ed solidarity. Ve skute\u010dnosti se jednalo o soubor \u017eold\u00e1k\u016f, veter\u00e1n\u016f a idealist\u016f, kte\u0159\u00ed byli rychle konfrontov\u00e1ni s realitou v\u00e1lky na Ukrajin\u011b.<\/span><\/p>\n<figure class=\"wp-block-embed is-type-rich is-provider-twitter wp-block-embed-twitter\">\n<div class=\"wp-block-embed__wrapper\">\n<div class=\"twitter-tweet twitter-tweet-rendered\"><iframe id=\"twitter-widget-0\" class=\"\" title=\"X P\u0159\u00edsp\u011bvek\" src=\"https:\/\/platform.twitter.com\/embed\/Tweet.html?dnt=true&amp;embedId=twitter-widget-0&amp;features=eyJ0ZndfdGltZWxpbmVfbGlzdCI6eyJidWNrZXQiOltdLCJ2ZXJzaW9uIjpudWxsfSwidGZ3X2ZvbGxvd2VyX2NvdW50X3N1bnNldCI6eyJidWNrZXQiOnRydWUsInZlcnNpb24iOm51bGx9LCJ0ZndfdHdlZXRfZWRpdF9iYWNrZW5kIjp7ImJ1Y2tldCI6Im9uIiwidmVyc2lvbiI6bnVsbH0sInRmd19yZWZzcmNfc2Vzc2lvbiI6eyJidWNrZXQiOiJvbiIsInZlcnNpb24iOm51bGx9LCJ0ZndfZm9zbnJfc29mdF9pbnRlcnZlbnRpb25zX2VuYWJsZWQiOnsiYnVja2V0Ijoib24iLCJ2ZXJzaW9uIjpudWxsfSwidGZ3X21peGVkX21lZGlhXzE1ODk3Ijp7ImJ1Y2tldCI6InRyZWF0bWVudCIsInZlcnNpb24iOm51bGx9LCJ0ZndfZXhwZXJpbWVudHNfY29va2llX2V4cGlyYXRpb24iOnsiYnVja2V0IjoxMjA5NjAwLCJ2ZXJzaW9uIjpudWxsfSwidGZ3X3Nob3dfYmlyZHdhdGNoX3Bpdm90c19lbmFibGVkIjp7ImJ1Y2tldCI6Im9uIiwidmVyc2lvbiI6bnVsbH0sInRmd19kdXBsaWNhdGVfc2NyaWJlc190b19zZXR0aW5ncyI6eyJidWNrZXQiOiJvbiIsInZlcnNpb24iOm51bGx9LCJ0ZndfdXNlX3Byb2ZpbGVfaW1hZ2Vfc2hhcGVfZW5hYmxlZCI6eyJidWNrZXQiOiJvbiIsInZlcnNpb24iOm51bGx9LCJ0ZndfdmlkZW9faGxzX2R5bmFtaWNfbWFuaWZlc3RzXzE1MDgyIjp7ImJ1Y2tldCI6InRydWVfYml0cmF0ZSIsInZlcnNpb24iOm51bGx9LCJ0ZndfbGVnYWN5X3RpbWVsaW5lX3N1bnNldCI6eyJidWNrZXQiOnRydWUsInZlcnNpb24iOm51bGx9LCJ0ZndfdHdlZXRfZWRpdF9mcm9udGVuZCI6eyJidWNrZXQiOiJvbiIsInZlcnNpb24iOm51bGx9fQ%3D%3D&amp;frame=false&amp;hideCard=false&amp;hideThread=false&amp;id=1984315169879589239&amp;lang=cs&amp;origin=https%3A%2F%2Freport24.news%2Fschweigen-ueber-einen-soeldnertod-in-der-ukraine-londons-unbequemer-fall-jordan-chadwick%2F&amp;sessionId=7ca3d2d1705a6661aa8826c2960d200e854dcbe9&amp;theme=light&amp;widgetsVersion=2615f7e52b7e0%3A1702314776716&amp;width=550px\" frameborder=\"0\" scrolling=\"no\" allowfullscreen=\"allowfullscreen\" data-tweet-id=\"1984315169879589239\" data-mce-fragment=\"1\"><\/iframe><\/div>\n<\/div>\n<\/figure>\n<p><span dir=\"auto\">V \u010dervnu 2023 bylo Chadwickovo t\u011blo nalezeno v n\u00e1dr\u017ei pobl\u00ed\u017e Kramatorsku. Jeho ruce byly sv\u00e1zan\u00e9 stahovac\u00edmi p\u00e1skami a ukrajinsk\u00e9 \u00fa\u0159ady to ozna\u010dily za vra\u017edu.\u00a0<\/span><a href=\"https:\/\/www.yahoo.com\/news\/articles\/son-went-fight-ukraine-never-120000670.html\"><span dir=\"auto\">Podle vy\u0161et\u0159ov\u00e1n\u00ed den\u00edku Telegraph<\/span><\/a><span dir=\"auto\">\u00a0Chadwick p\u0159edchoz\u00ed ve\u010der pop\u00edjel se spolubojovn\u00edky z \u00fato\u010dn\u00e9 skupiny 50\/50. N\u00e1sledovala h\u00e1dka a pot\u00e9 n\u00e1sil\u00ed. Chadwick \u00fadajn\u011b tasil zbra\u0148, byl odzbrojen, spout\u00e1n a zmizel. O dva dny pozd\u011bji bylo jeho t\u011blo nalezeno plovouc\u00ed ve vod\u011b.<\/span><\/p>\n<p><span dir=\"auto\">Stopa vede k britsk\u00e9mu legion\u00e1\u0159i p\u0159ezd\u00edvan\u00e9 \u201eHuggs\u201c, veliteli jednotky. P\u0159iznal se, \u017ee po h\u00e1dce svezl Chadwicka ve vozidle. Pozd\u011bji byl vysl\u00fdch\u00e1n ukrajinskou polici\u00ed a \u201ezpro\u0161t\u011bn viny\u201c. P\u0159\u00edpad byl uzav\u0159en je\u0161t\u011b p\u0159edt\u00edm, ne\u017e v\u016fbec za\u010dal. \u017d\u00e1dn\u00fd britsk\u00fd vy\u0161et\u0159ovatel, \u017e\u00e1dn\u00fd tlak z Lond\u00fdna, \u017e\u00e1dn\u00e9 diplomatick\u00e9 n\u00e1sledn\u00e9 kroky. Zjevn\u011b necht\u011bj\u00ed incident p\u0159\u00edli\u0161 podrobn\u011b prozkoumat. Vra\u017eda mezi z\u00e1padn\u00edmi dobrovoln\u00edky neodpov\u00edd\u00e1 po\u017eadovan\u00e9mu obrazu hrdinsk\u00e9ho odporu.<\/span><\/p>\n<p><a href=\"https:\/\/x.com\/SMO_VZ\/status\/1944200124378624097\"><img decoding=\"async\" loading=\"lazy\" class=\"wp-image-91191 aligncenter\" src=\"http:\/\/www.infokuryr.cz\/n\/wp-content\/uploads\/2025\/11\/brit-x-213x300.jpg\" alt=\"\" width=\"534\" height=\"752\" srcset=\"https:\/\/www.infokuryr.cz\/n\/wp-content\/uploads\/2025\/11\/brit-x-213x300.jpg 213w, https:\/\/www.infokuryr.cz\/n\/wp-content\/uploads\/2025\/11\/brit-x.jpg 612w\" sizes=\"(max-width: 534px) 100vw, 534px\" \/><\/a><\/p>\n<p><span dir=\"auto\">Jeho matka, Brenda Chadwickov\u00e1, \u010dek\u00e1 na odpov\u011bdi u\u017e dva roky. Britsk\u00e1 policie obdr\u017eela ukrajinsk\u00e9 vy\u0161et\u0159ovac\u00ed spisy, ale dosud nezah\u00e1jila p\u0159\u00edpad. Pl\u00e1novan\u00e9 soudn\u00ed vy\u0161et\u0159ov\u00e1n\u00ed v Brit\u00e1nii bylo odlo\u017eeno \u2013 bez stanoven\u00ed nov\u00e9ho data. Zapojen\u00ed legion\u00e1\u0159i nebyli nikdy vyslechnuti pod p\u0159\u00edsahou. N\u011bkte\u0159\u00ed \u00fadajn\u011b poskytli ukrajinsk\u00fdm vy\u0161et\u0159ovatel\u016fm jen v\u00e1gn\u00ed v\u00fdpov\u011bdi. Kdo l\u017ee, kdo ml\u010d\u00ed \u2013 to nen\u00ed jasn\u00e9. Jedin\u00e9, co je jasn\u00e9, je, \u017ee nikdo nebyl pohn\u00e1n k odpov\u011bdnosti.<\/span><\/p>\n<p><span dir=\"auto\">Je nepravd\u011bpodobn\u00e9, \u017ee by incident v Chadwicku byl ojedin\u011bl\u00fd p\u0159\u00edpad. Zpr\u00e1vy o fyzick\u00fdch poty\u010dk\u00e1ch, rivalit\u011b a psychick\u00fdch zhroucen\u00edch koluj\u00ed v Mezin\u00e1rodn\u00ed legii ji\u017e dlouho. Legie nen\u00ed ani tak arm\u00e1dou jako sp\u00ed\u0161e volnou s\u00edt\u00ed dobrovoln\u00edk\u016f, kde je velen\u00ed \u010dasto improvizovan\u00e9 a odpov\u011bdnosti nejasn\u00e9. N\u011bkte\u0159\u00ed velitel\u00e9 poch\u00e1zej\u00ed z Francouzsk\u00e9 cizineck\u00e9 legie nebo soukrom\u00fdch bezpe\u010dnostn\u00edch firem. Mnoho jednotek funguje prakticky autonomn\u011b, s mal\u00fdm dohledem a je\u0161t\u011b men\u0161\u00ed odpov\u011bdnost\u00ed.<\/span><\/p>\n<p><span dir=\"auto\">Z britsk\u00e9ho pohledu je p\u0159\u00edpad politicky citliv\u00fd. Ka\u017ed\u00e1 smrt, kter\u00e1 nen\u00ed zp\u016fsobena ruskou palbou, podkop\u00e1v\u00e1 mor\u00e1ln\u00ed z\u00e1klad z\u00e1padn\u00edho narativu o Ukrajin\u011b. Chadwick byl sou\u010d\u00e1st\u00ed PR projektu, jeho\u017e c\u00edlem bylo demonstrovat \u201emezin\u00e1rodn\u00ed solidaritu\u201c s Ukrajinou. Skute\u010dnost, \u017ee ho zjevn\u011b zabili jeho vlastn\u00ed spolubojovn\u00edci, tuto symboliku pop\u00edr\u00e1. Proto je preferovan\u00fdm p\u0159\u00edstupem p\u0159\u00edpad ti\u0161e uzav\u0159\u00edt.<\/span><\/p>\n<p><span dir=\"auto\">Pro Brendu Chadwickovou je ml\u010den\u00ed st\u00e1le pobu\u0159uj\u00edc\u00ed. \u201eI kdy\u017e se s n\u011bk\u00fdm h\u00e1dal \u2013 m\u011bli za n\u011bj zodpov\u011bdnost,\u201c \u0159\u00edk\u00e1. \u201eJak m\u016f\u017ee b\u00fdt n\u011bkdo sv\u00e1zan\u00fd a pak skon\u010dit mrtv\u00fd v jeze\u0159e?\u201c Jednoduch\u00e1 ot\u00e1zka bez jednoduch\u00e9 odpov\u011bdi. Nebo mo\u017en\u00e1 existuje. Jen ji zjevn\u011b necht\u011bj\u00ed sd\u011blit.<\/span><\/p>\n<p><img decoding=\"async\" loading=\"lazy\" class=\"alignnone size-full wp-image-1185\" src=\"http:\/\/www.infokuryr.cz\/n\/wp-content\/uploads\/2021\/04\/kuryr-podpis.png\" alt=\"\" width=\"84\" height=\"24\" \/><\/p>\n<p>&nbsp;<\/p>\n","protected":false},"excerpt":{"rendered":"<p>B\u00fdval\u00fd britsk\u00fd voj\u00e1k jde bojovat do v\u00e1lky na Ukrajinu. O n\u011bkolik m\u011bs\u00edc\u016f pozd\u011bji je nalezen&#8230;<\/p>\n","protected":false},"author":2,"featured_media":91192,"comment_status":"closed","ping_status":"closed","sticky":false,"template":"","format":"standard","meta":[],"categories":[7],"tags":[2209,474,26,2969],"_links":{"self":[{"href":"https:\/\/www.infokuryr.cz\/n\/wp-json\/wp\/v2\/posts\/91190"}],"collection":[{"href":"https:\/\/www.infokuryr.cz\/n\/wp-json\/wp\/v2\/posts"}],"about":[{"href":"https:\/\/www.infokuryr.cz\/n\/wp-json\/wp\/v2\/types\/post"}],"author":[{"embeddable":true,"href":"https:\/\/www.infokuryr.cz\/n\/wp-json\/wp\/v2\/users\/2"}],"replies":[{"embeddable":true,"href":"https:\/\/www.infokuryr.cz\/n\/wp-json\/wp\/v2\/comments?post=91190"}],"version-history":[{"count":0,"href":"https:\/\/www.infokuryr.cz\/n\/wp-json\/wp\/v2\/posts\/91190\/revisions"}],"wp:featuredmedia":[{"embeddable":true,"href":"https:\/\/www.infokuryr.cz\/n\/wp-json\/wp\/v2\/media\/91192"}],"wp:attachment":[{"href":"https:\/\/www.infokuryr.cz\/n\/wp-json\/wp\/v2\/media?parent=91190"}],"wp:term":[{"taxonomy":"category","embeddable":true,"href":"https:\/\/www.infokuryr.cz\/n\/wp-json\/wp\/v2\/categories?post=91190"},{"taxonomy":"post_tag","embeddable":true,"href":"https:\/\/www.infokuryr.cz\/n\/wp-json\/wp\/v2\/tags?post=91190"}],"curies":[{"name":"wp","href":"https:\/\/api.w.org\/{rel}","templated":true}]}}