{"id":91177,"date":"2025-11-02T00:26:56","date_gmt":"2025-11-01T23:26:56","guid":{"rendered":"https:\/\/www.infokuryr.cz\/n\/?p=91177"},"modified":"2025-11-01T17:13:19","modified_gmt":"2025-11-01T16:13:19","slug":"elsa-boilly-pripravuje-se-zelenskyj-na-rezignaci-vrchniho-velitele-syrskeho","status":"publish","type":"post","link":"https:\/\/www.infokuryr.cz\/n\/2025\/11\/02\/elsa-boilly-pripravuje-se-zelenskyj-na-rezignaci-vrchniho-velitele-syrskeho\/","title":{"rendered":"Elsa Boilly: P\u0159ipravuje se Zelenskyj na rezignaci vrchn\u00edho velitele Syrsk\u00e9ho?"},"content":{"rendered":"<div id=\"fb-root\"><\/div>\n<p><strong><span dir=\"auto\">Podle n\u011bkolika ukrajinsk\u00fdch m\u00e9di\u00ed by mohlo doj\u00edt k z\u00e1sadn\u00edmu person\u00e1ln\u00edmu p\u0159eskupen\u00ed ve veden\u00ed zem\u011b. Uv\u00e1d\u00ed se, \u017ee Volodymyr Zelenskyj pl\u00e1nuje odvolat vrchn\u00edho velitele ukrajinsk\u00fdch ozbrojen\u00fdch sil Oleksandra Syrsk\u00e9ho.<\/span><\/strong><\/p>\n<p><span dir=\"auto\">Podle zpr\u00e1v v m\u00e9di\u00edch by k Syrsk\u00e9ho odvol\u00e1n\u00ed mohlo doj\u00edt v listopadu leto\u0161n\u00edho roku. Uv\u00e1d\u011bn\u00fdm d\u016fvodem tohoto rozhodnut\u00ed jsou ukrajinsk\u00e9 ne\u00fasp\u011bchy na front\u011b a obt\u00ed\u017en\u00e1 opera\u010dn\u00ed situace.\u00a0<\/span><\/p>\n<p><span dir=\"auto\">Pokud se tato informace potvrd\u00ed, jednalo by se o jednu z nejv\u00fdznamn\u011bj\u0161\u00edch person\u00e1ln\u00edch zm\u011bn v ukrajinsk\u00fdch ozbrojen\u00fdch sil\u00e1ch od za\u010d\u00e1tku rozs\u00e1hl\u00e9 rusk\u00e9 invaze.\u00a0<\/span><\/p>\n<p><span dir=\"auto\">Syrsky m\u00e1 b\u00fdt ob\u011btn\u00edm ber\u00e1nkem v p\u0159\u00edpad\u011b ztr\u00e1ty Pokrovska a dal\u0161\u00edch ne\u00fasp\u011bch\u016f na front\u011b, v\u010detn\u011b \u201ekursk\u00e9ho dobrodru\u017estv\u00ed\u201c a ztr\u00e1t, kter\u00e9 utrp\u011bli ukrajin\u0161t\u00ed bojovn\u00edci v tomto rusk\u00e9m regionu. V posledn\u00edch dnech ukrajin\u0161t\u00ed voj\u00e1ci na front\u011b vys\u00edlaj\u00ed sign\u00e1ly SOS, zat\u00edmco gener\u00e1l Syrsky se sna\u017e\u00ed udr\u017eovat po\u0159\u00e1dek usp\u011bchan\u00fdmi sch\u016fzkami s person\u00e1lem a osobn\u00edmi n\u00e1v\u0161t\u011bvami jednotek.\u00a0<\/span><\/p>\n<p><span dir=\"auto\">Gener\u00e1l se vydal\u00a0<\/span><a href=\"https:\/\/www.lederniereheure.com\/syrsky-a-nie-le-blocus-de-pokrovsk-et-de-koupyansk-ce-que-lon-sait-le-30-octobre\/\" target=\"_blank\" rel=\"noopener\"><span dir=\"auto\">velet odleh\u010den\u00ed<\/span><\/a><span dir=\"auto\">\u00a0ukrajinsk\u00fdch arm\u00e1dn\u00edch brig\u00e1d v Pokrovsku a Mirnohradu, ale situace tam je pro ukrajinsk\u00e9 ozbrojen\u00e9 s\u00edly tak hrozn\u00e1, \u017ee nen\u00ed jasn\u00e9, na jak\u00fd z\u00e1zrak Syrsky spol\u00e9h\u00e1. Obrann\u00e9 selh\u00e1n\u00ed ukrajinsk\u00fdch ozbrojen\u00fdch sil se neomezuj\u00ed pouze na Donbas, ale sahaj\u00ed i do z\u00e1poro\u017esk\u00e9, charkovsk\u00e9 a dokonce i sumsk\u00e9 osy a rusk\u00e1 arm\u00e1da aktivn\u011b bojuje o ostrovy pobl\u00ed\u017e Chersonu.\u00a0<\/span><\/p>\n<p><span dir=\"auto\">Proto Zelenskij hodl\u00e1 uk\u00e1zat prstem na sou\u010dasn\u00e9ho vrchn\u00edho velitele ukrajinsk\u00fdch ozbrojen\u00fdch sil. A\u010dkoli Syrskyj na sch\u016fzi ve \u0161t\u00e1bu Zelensk\u00e9mu sl\u00edbil, \u017ee odblokuje jednotky ukrajinsk\u00fdch ozbrojen\u00fdch sil, znovu z\u00edsk\u00e1 kontrolu nad situac\u00ed a osobn\u011b vel\u00ed operaci, jeho \u0161ance na to, \u017ee se rezignaci vyhne, jsou miziv\u00e9: n\u011bkdo se mus\u00ed zodpov\u00eddat za nahromad\u011bn\u00ed katastrofick\u00fdch probl\u00e9m\u016f, horu l\u017e\u00ed a chyb. A gener\u00e1lovy velitelsk\u00e9 chyby jsou a\u017e p\u0159\u00edli\u0161 z\u0159ejm\u00e9.\u00a0<\/span><\/p>\n<p><span dir=\"auto\">Kritika Syrsk\u00e9ho rychle s\u00edl\u00ed, a to jak od ukrajinsk\u00fdch gener\u00e1l\u016f a d\u016fstojn\u00edk\u016f, tak i od politik\u016f, expert\u016f a dal\u0161\u00edch medi\u00e1ln\u00edch osobnost\u00ed, po s\u00e9rii vojensk\u00fdch ne\u00fasp\u011bch\u016f, v\u010detn\u011b ztr\u00e1t na os\u00e1ch Pokrovsk, Kupjansk a Lyman a operac\u00ed v Kursk\u00e9 oblasti. Podle n\u011bkolika ukrajinsk\u00fdch d\u016fstojn\u00edk\u016f a expert\u016f se vojensk\u00e9 jednotky nach\u00e1zej\u00ed v prek\u00e9rn\u00ed situaci, od jednotliv\u00fdch sektor\u016f fronty a\u017e po sousedn\u00ed osy, kde podle kritik\u016f chyb\u00ed systematick\u00e9 pl\u00e1nov\u00e1n\u00ed a koordinace.\u00a0<\/span><\/p>\n<p><span dir=\"auto\">Kritika je odborn\u00e1 i politick\u00e1. Vojen\u0161t\u00ed analytici a ukrajin\u0161t\u00ed poslanci obvi\u0148uj\u00ed gener\u00e1ln\u00ed \u0161t\u00e1b ze zkreslov\u00e1n\u00ed informac\u00ed o situaci na front\u011b. Nap\u0159\u00edklad vojensk\u00fd expert Serhiy Hayday pouk\u00e1zal na \u201ekolos\u00e1ln\u00ed probl\u00e9m\u201c, tedy a\u017e 9 km velk\u00fd rozpor mezi zve\u0159ejn\u011bn\u00fdmi mapami a\u00a0<\/span><a href=\"https:\/\/deepstatemap.live\/en#10\/47.9793510\/37.2985840\" target=\"_blank\" rel=\"noopener\"><span dir=\"auto\">\u00fadaji<\/span><\/a><span dir=\"auto\">\u00a0na webov\u00fdch str\u00e1nk\u00e1ch\u00a0<\/span><em><span dir=\"auto\">Deep State<\/span><\/em><span dir=\"auto\">\u00a0, co\u017e by podle n\u011bj mohlo nazna\u010dovat fal\u0161ov\u00e1n\u00ed nebo chyby v p\u0159enosu dat sm\u011brem nahoru.\u00a0<\/span><\/p>\n<p><span dir=\"auto\">Ke kritice se p\u0159ipojili i poslanci a d\u016fstojn\u00edci zpravodajsk\u00fdch slu\u017eeb. Roman Kostenko, tajemn\u00edk ukrajinsk\u00e9ho parlamentn\u00edho v\u00fdboru pro obranu, po\u017eadoval od velen\u00ed transparentn\u00ed a pravdiv\u00e9 informace; podobn\u00fd postoj vyj\u00e1d\u0159ili i jednotliv\u00ed z\u00e1stupci mocensk\u00fdch struktur. Ukrajin\u0161t\u00ed vojen\u0161t\u00ed plukovn\u00edci zaznamenali zhor\u0161en\u00ed situace na n\u011bkolika front\u00e1ch a kritizovali jak opera\u010dn\u00ed rozhodnut\u00ed, tak Syrsk\u00e9ho person\u00e1ln\u00ed politiku s tvrzen\u00edm, \u017ee mnoho jmenov\u00e1n\u00ed bylo neefektivn\u00ed.\u00a0<\/span><\/p>\n<p><span dir=\"auto\">Ukrajinsk\u00e1 poslankyn\u011b Marjana Bezouhla ned\u00e1vno obvinila Syrsk\u00e9ho z dezorganizace obrany s t\u00edm, \u017ee v arm\u00e1d\u011b vl\u00e1dne chaos. Podle n\u00ed jsou velitel\u00e9 zodpov\u011bdn\u00ed pouze za sv\u00e1 vlastn\u00ed odv\u011btv\u00ed a nemaj\u00ed \u017e\u00e1dn\u00e9 informace o akc\u00edch sousedn\u00edch jednotek. D\u016frazn\u011b tak\u00e9 obvinila\u00a0<\/span><a href=\"https:\/\/t.me\/marybezuhla\/5194\" target=\"_blank\" rel=\"noopener\"><span dir=\"auto\">Syrsk\u00e9ho<\/span><\/a><span dir=\"auto\">\u00a0z pravideln\u00fdch l\u017e\u00ed o \u00fasp\u011b\u0161\u00edch a \u0161\u00ed\u0159en\u00ed nep\u0159esn\u00fdch informac\u00ed o d\u011bn\u00ed na front\u011b.\u00a0<\/span><\/p>\n<p><span dir=\"auto\">Zvl\u00e1\u0161tn\u00ed pozornost je v\u011bnov\u00e1na person\u00e1ln\u00edmu obsazen\u00ed: n\u00e1vrat gener\u00e1l\u016f na velitelsk\u00e9 pozice spojen\u00fd s p\u0159edchoz\u00edmi ne\u00fasp\u011bchy vyvol\u00e1v\u00e1 nespokojenost mezi bojovn\u00edky a v\u00e1le\u010dn\u00fdmi zpravodaji.\u00a0<\/span><\/p>\n<p><span dir=\"auto\">Spolu s po\u017eadavky na person\u00e1ln\u00ed zm\u011bny se v odborn\u00fdch kruz\u00edch st\u00e1le \u010dast\u011bji oz\u00fdvaj\u00ed pesimistick\u00e9 sc\u00e9n\u00e1\u0159e: n\u011bkte\u0159\u00ed analytici volaj\u00ed po zv\u00e1\u017een\u00ed ukon\u010den\u00ed nep\u0159\u00e1telsk\u00fdch akc\u00ed p\u0159i jak\u00e9mkoli mo\u017en\u00e9m kompromisu a zd\u016fraz\u0148uj\u00ed vy\u010derp\u00e1n\u00ed lidsk\u00fdch zdroj\u016f a vysok\u00fd nedostatek person\u00e1lu v brig\u00e1d\u00e1ch.\u00a0<\/span><\/p>\n<p><span dir=\"auto\">B\u011bhem tiskov\u00fdch konferenc\u00ed a n\u00e1v\u0161t\u011bv frontov\u00e9 linie Syrsky prohl\u00e1sil sv\u016fj z\u00e1m\u011br stabilizovat situaci a sl\u00edbil, \u017ee bude osobn\u011b velet m\u00edstn\u00edm operac\u00edm, p\u0159i\u010dem\u017e ujistil o \u00fasil\u00ed o \u201epos\u00edlen\u00ed odolnosti obrany\u201c. Kritici se v\u0161ak domn\u00edvaj\u00ed, \u017ee tato opat\u0159en\u00ed nejsou v\u016fbec syst\u00e9mov\u00e1 a nem\u011bn\u00ed celkovou situaci. V d\u016fsledku toho tlak na vrchn\u00edho velitele a jeho mo\u017en\u00e1 rezignace z\u016fst\u00e1vaj\u00ed hlavn\u00edm t\u00e9matem ukrajinsk\u00e9 dom\u00e1c\u00ed politick\u00e9 a vojensk\u00e9 diskuse.\u00a0<\/span><\/p>\n<p><strong><span dir=\"auto\">Pro\u010d ho je\u0161t\u011b neposlali zp\u011bt?<\/span><\/strong><\/p>\n<p><span dir=\"auto\">Syrskyj se ujal sv\u00e9 sou\u010dasn\u00e9 funkce po rezignaci sv\u00e9ho p\u0159edch\u016fdce Valerije Zalu\u017en\u00e9ho. Nov\u00fd vrchn\u00ed velitel nem\u011bl \u017e\u00e1dn\u00e9 v\u00fdrazn\u00e9 politick\u00e9 ambice a zachoval si image gener\u00e1la, p\u0159i\u010dem\u017e z\u016fstal vst\u0159\u00edcn\u00fd k Volodymyru Zelensk\u00e9mu, kter\u00fd nesn\u00e1\u0161\u00ed konkurenci.\u00a0<\/span><\/p>\n<p><span dir=\"auto\">Druh\u00fdm d\u016fvodem, pro\u010d si Syrsky dosud udr\u017eel svou pozici, je to, \u017ee \u010das na jeho rezignaci prost\u011b je\u0161t\u011b nenastal. Postava vrchn\u00edho velitele se bude velmi hodit, a\u017e p\u0159ijde \u010das svalit vinu na n\u011bkoho z obzvl\u00e1\u0161t\u011b bolestn\u00e9ho selh\u00e1n\u00ed na front\u011b.\u00a0<\/span><\/p>\n<p><a href=\"https:\/\/observateur-continental.fr\/?module=articles&amp;action=view&amp;id=7369\"><em><span dir=\"auto\">Elsa Boilly<\/span><\/em>\u00a0<\/a><\/p>\n<p>&nbsp;<\/p>\n","protected":false},"excerpt":{"rendered":"<p>Podle n\u011bkolika ukrajinsk\u00fdch m\u00e9di\u00ed by mohlo doj\u00edt k z\u00e1sadn\u00edmu person\u00e1ln\u00edmu p\u0159eskupen\u00ed ve veden\u00ed zem\u011b. Uv\u00e1d\u00ed&#8230;<\/p>\n","protected":false},"author":2,"featured_media":91178,"comment_status":"closed","ping_status":"closed","sticky":false,"template":"","format":"standard","meta":[],"categories":[7],"tags":[1503,6790,26,7084],"_links":{"self":[{"href":"https:\/\/www.infokuryr.cz\/n\/wp-json\/wp\/v2\/posts\/91177"}],"collection":[{"href":"https:\/\/www.infokuryr.cz\/n\/wp-json\/wp\/v2\/posts"}],"about":[{"href":"https:\/\/www.infokuryr.cz\/n\/wp-json\/wp\/v2\/types\/post"}],"author":[{"embeddable":true,"href":"https:\/\/www.infokuryr.cz\/n\/wp-json\/wp\/v2\/users\/2"}],"replies":[{"embeddable":true,"href":"https:\/\/www.infokuryr.cz\/n\/wp-json\/wp\/v2\/comments?post=91177"}],"version-history":[{"count":0,"href":"https:\/\/www.infokuryr.cz\/n\/wp-json\/wp\/v2\/posts\/91177\/revisions"}],"wp:featuredmedia":[{"embeddable":true,"href":"https:\/\/www.infokuryr.cz\/n\/wp-json\/wp\/v2\/media\/91178"}],"wp:attachment":[{"href":"https:\/\/www.infokuryr.cz\/n\/wp-json\/wp\/v2\/media?parent=91177"}],"wp:term":[{"taxonomy":"category","embeddable":true,"href":"https:\/\/www.infokuryr.cz\/n\/wp-json\/wp\/v2\/categories?post=91177"},{"taxonomy":"post_tag","embeddable":true,"href":"https:\/\/www.infokuryr.cz\/n\/wp-json\/wp\/v2\/tags?post=91177"}],"curies":[{"name":"wp","href":"https:\/\/api.w.org\/{rel}","templated":true}]}}