{"id":91174,"date":"2025-11-02T00:25:33","date_gmt":"2025-11-01T23:25:33","guid":{"rendered":"https:\/\/www.infokuryr.cz\/n\/?p=91174"},"modified":"2025-11-01T10:52:12","modified_gmt":"2025-11-01T09:52:12","slug":"jak-jsem-hajloval","status":"publish","type":"post","link":"https:\/\/www.infokuryr.cz\/n\/2025\/11\/02\/jak-jsem-hajloval\/","title":{"rendered":"Jak jsem hajloval"},"content":{"rendered":"<div id=\"fb-root\"><\/div>\n<p><strong>Pokra\u010duj\u00edc\u00ed komplot novin\u00e1\u0159sk\u00e9 soudru\u017eky Zd\u00ed\u0161i, kter\u00e1 m\u00e1 v\u00a0mozku asi 2 neurony p\u0159i\u010dem\u017e jeden je na neomarxistick\u00e9 \u0161m\u00e9\u010dko a druh\u00fd n\u00e1hradn\u00ed, mn\u011b prost\u011b ned\u00e1 sp\u00e1t. J\u00e1 mus\u00edm prov\u00e9st sv\u016fj coming out!<\/strong><span id=\"more-38081\"><\/span><\/p>\n<p>Asi p\u0159ed t\u0159iceti lety jsem si zahajloval. To se tehdy je\u0161t\u011b sm\u011blo. Pro neomarxisty podot\u00fdk\u00e1m, \u017ee na jin\u00fdch m\u00edstech na\u0161\u00ed planety maj\u00ed i kuriozitu \u2013\u00a0<a href=\"https:\/\/www.youtube.com\/watch?v=NIBinR2bJA0\">nacistickou hospodu<\/a>. V\u00a0hospod\u011b obsluhuje pingl v\u00a0par\u00e1dn\u00ed nacistick\u00e9 uniform\u011b ov\u011bn\u010den\u00fd \u017eelezn\u00fdm k\u0159\u00ed\u017eem (<em>Eisernes Kreuz<\/em>) a kdy\u017e mu zaplat\u00edte, tak v\u00e1m zasalutuje a mo\u017en\u00e1 i zahajluje. St\u011bny jsou pokryty nacistick\u00fdmi artefakty \u2013 star\u00fdmi uko\u0159ist\u011bn\u00fdmi zbran\u011bmi, uniformami, vojensk\u00fdmi standardami, fotografiemi. Maj\u00ed tam pr\u00fd levn\u00e9 dobr\u00e9 pivo a m\u016f\u017eete si tam d\u00e1t steak ala Goebbels nebo Blitzkrieg burger. Obchodn\u00ed brand jako prase.<\/p>\n<p>D\u0159\u00edve ne\u017e se rozep\u00ed\u0161u o sv\u00e9m slavn\u00e9m hajlov\u00e1n\u00ed, r\u00e1d bych u\u010dinil ve\u0159ejn\u00fdm sv\u016fj vztah k\u00a0nacistick\u00e9 ideologii a zasadil ho do kontextu dne\u0161n\u00ed doby. Soudruh Hitler byl zr\u016fda \u2013 o tom nen\u00ed sporu. A kdy\u017e sleduji dne\u0161n\u00ed politick\u00e9 man\u00fdry a kouk\u00e1m v\u00a0m\u00e9di\u00edch v\u00a0jednom kuse nap\u0159\u00edklad na soudruha H\u0159iba, nemohu se ubr\u00e1nit dojmu, \u017ee n\u011bkter\u00e9 psychologick\u00e9 rysy, kter\u00e9 umo\u017e\u0148ovaly Hitlerovy jeho zv\u011brstva, p\u0159e\u017e\u00edvaj\u00ed i v modern\u00ed politice. Jedin\u00fdm rozd\u00edlem jsou r\u00e1mcov\u00e9 podm\u00ednky, za kter\u00fdch tito dva soudruzi provozovali, resp. provozuj\u00ed svoji politickou kari\u00e9ru. Snad jedin\u00e9, v\u00a0\u010dem se soudruh Hitler od soudruha H\u0159iba li\u0161il, je m\u00edra zbab\u011blosti, kter\u00e1 je u H\u0159iba signifikantn\u011b vy\u0161\u0161\u00ed, a a\u010dkoli se m\u016f\u017ee zd\u00e1t, \u017ee je to pozitivn\u00ed vlastnost, tak nen\u00ed.<\/p>\n<p>Existuje naopak obrovsk\u00e1 porce mor\u00e1ln\u011b-voln\u00edch vlastnost\u00ed a osobnostn\u00edch charakteristik, ve kter\u00fdch se soudruh Hitler a soudruh pir\u00e1t H\u0159ib v\u00fdrazn\u011b podobaj\u00ed. Pro p\u0159edstavu lze ob\u011b osoby srovnat v\u00a0z\u00e1kladn\u00edch rozm\u011brech charakteristiky osobnosti dle platn\u00e9 metodiky (metodika dle Carr et al., 1979: Hitler \u2013 Studies of personality and politics). Inu, posu\u010fte sami:<\/p>\n<table width=\"612\">\n<tbody>\n<tr>\n<td colspan=\"3\" width=\"614\"><strong>Najd\u011bte 10 rozd\u00edl\u016f<\/strong><\/td>\n<\/tr>\n<tr>\n<td width=\"94\"><\/td>\n<td width=\"246\"><a href=\"https:\/\/dfens-cz.com\/wp-content\/uploads\/2025\/10\/AH.jpg\"><img decoding=\"async\" loading=\"lazy\" class=\"size-full wp-image-38082 aligncenter\" src=\"https:\/\/dfens-cz.com\/wp-content\/uploads\/2025\/10\/AH.jpg\" alt=\"\" width=\"178\" height=\"238\" \/><\/a>&nbsp;<\/p>\n<p>Adolf Hitler<\/td>\n<td width=\"274\"><a href=\"https:\/\/dfens-cz.com\/wp-content\/uploads\/2025\/10\/ZH.jpg\"><img decoding=\"async\" loading=\"lazy\" class=\"size-full wp-image-38083 aligncenter\" src=\"https:\/\/dfens-cz.com\/wp-content\/uploads\/2025\/10\/ZH.jpg\" alt=\"\" width=\"165\" height=\"238\" \/><\/a>&nbsp;<\/p>\n<p>Zden\u011bk H\u0159ib<\/td>\n<\/tr>\n<tr>\n<td width=\"94\">Osobnost<\/td>\n<td width=\"246\">Narcisticko-paranoidn\u00ed osobnost se sadomasochistick\u00fdmi prvky<\/td>\n<td width=\"274\">Patologick\u00fd narcisismus s\u00a0histr\u00f3nsk\u00fdmi prvky<\/td>\n<\/tr>\n<tr>\n<td colspan=\"3\" width=\"614\">Shoda: 80 %<\/td>\n<\/tr>\n<tr>\n<td width=\"94\">Dominance<\/td>\n<td width=\"246\">Extr\u00e9mn\u00ed odvaha, mal\u00e1 averze k\u00a0riziku, v\u00edra ve vlastn\u00ed s\u00edlu, nez\u00e1vislost, antisoci\u00e1ln\u00ed chov\u00e1n\u00ed, zam\u011b\u0159en\u00fd na v\u016fdcovstv\u00ed n\u00e1roda<\/td>\n<td width=\"274\">Antisoci\u00e1ln\u00ed chov\u00e1n\u00ed inhibovan\u00e9 sr\u00e1\u010dstv\u00edm (viz<a href=\"https:\/\/www.idnes.cz\/zpravy\/domaci\/zdenek-hrib-odmena-stret-zajmu-pre-holding-prestupek.A251026_213128_domaci_vals\">\u00a0kauza kr\u00e1de\u017ee pen\u011bz z PREH<\/a>), zam\u011b\u0159eno na bezz\u00e1sluhovou extrakci majetku<\/td>\n<\/tr>\n<tr>\n<td colspan=\"3\" width=\"614\">Shoda: 20 %<\/td>\n<\/tr>\n<tr>\n<td width=\"94\">Motivace<\/td>\n<td width=\"246\">Pot\u0159eba absolutn\u00ed kontroly, sebepotvrzen\u00ed a o\u010di\u0161t\u011bn\u00ed \u201esv\u011bta od slabosti\u201c<\/td>\n<td width=\"274\">Pot\u0159eba absolutn\u00ed kontroly, sebepotvrzen\u00ed a o\u010di\u0161t\u011bn\u00ed \u201esv\u011bta od kapitalist\u016f, b\u011bloch\u016f, dezol\u00e1t\u016f a majitel\u016f byt\u016f\u201c<\/td>\n<\/tr>\n<tr>\n<td colspan=\"3\" width=\"614\">Shoda: 100 %<\/td>\n<\/tr>\n<tr>\n<td width=\"94\">Afektivita<\/td>\n<td width=\"246\">Potla\u010den\u00fd hn\u011bv, n\u00edzk\u00e1 tolerance frustrace, nedostatek empatie, absence pocit\u016f viny<\/td>\n<td width=\"274\">Potla\u010den\u00fd hn\u011bv, n\u00edzk\u00e1 tolerance frustrace, nedostatek empatie, absence pocit\u016f viny, teatr\u00e1ln\u00ed \u201ehistri\u00f3nsk\u00fd\u201c aktivismus<\/td>\n<\/tr>\n<tr>\n<td colspan=\"3\" width=\"614\">Shoda 100 %<\/td>\n<\/tr>\n<tr>\n<td width=\"94\">Kompulzivn\u00ed rysy<\/td>\n<td width=\"246\">Perfekcionismus, discipl\u00edna, ritu\u00e1ln\u00ed \u010distota, askeze, racion\u00e1ln\u00ed maskov\u00e1n\u00ed emoc\u00ed<\/td>\n<td width=\"274\">Hedonismus, nepo\u0159\u00e1dnost, hlad po pen\u011bz\u00edch a z\u00e1\u017eitc\u00edch, lhan\u00ed a hran\u00e1 bohorovnost \u2014 typick\u00fd \u00fanik p\u0159ed pr\u00e1zdnotou.<\/td>\n<\/tr>\n<tr>\n<td colspan=\"3\" width=\"614\">Shoda 0 %: aspo\u0148 v discipl\u00edn\u011b se star\u00fd totalitarismus li\u0161il od nov\u00e9ho mor\u00e1ln\u00edho exhibicionismu.<\/td>\n<\/tr>\n<tr>\n<td width=\"94\">Sebepojet\u00ed<\/td>\n<td width=\"246\">Mesi\u00e1\u0161sk\u00fd blud, identifikace s\u00a0n\u00e1rodem a jeho pot\u0159ebami, \u201evyvolenost\u201c, majitel mravn\u00edho diskurzu a jedin\u00e9 pravdy<\/td>\n<td width=\"274\">Mesi\u00e1\u0161sk\u00fd blud, identifikace se zamindr\u00e1kovanou spole\u010denskou men\u0161inou, \u201evyvolenost\u201c, lep\u0161o\u010dlov\u011b\u010denstv\u00ed, majitel mravn\u00edho diskurzu a jedin\u00e9 pravdy<\/td>\n<\/tr>\n<tr>\n<td colspan=\"3\" width=\"614\">Shoda: 100 %<\/td>\n<\/tr>\n<tr>\n<td width=\"94\">Politick\u00fd n\u00e1zor<\/td>\n<td width=\"246\">Nacismus<\/td>\n<td width=\"274\">Progresivn\u011b-postmodern\u00ed neomarxismus<\/td>\n<\/tr>\n<tr>\n<td colspan=\"3\" width=\"614\">Shoda: 100 % \u2013 H\u0159ib\u016fv neomarxismus by m\u011bl b\u00fdt mimo z\u00e1kon podobn\u011b jako nacismus<\/td>\n<\/tr>\n<tr>\n<td width=\"94\">Politick\u00e9 charisma<\/td>\n<td width=\"246\">Emo\u010dn\u00ed infek\u010dnost, schopnost probudit nejhor\u0161\u00ed lidsk\u00e9 pudy (z\u00e1vist, nen\u00e1vist, hrabivost, destrukce)<\/td>\n<td width=\"274\">Emo\u010dn\u00ed infek\u010dnost, schopnost probudit nejhor\u0161\u00ed lidsk\u00e9 pudy (z\u00e1vist, nen\u00e1vist, hrabivost, destrukce)<\/td>\n<\/tr>\n<tr>\n<td colspan=\"3\" width=\"614\">Shoda 100 % \u2013 Zde je d\u016fvod za\u0159azen\u00ed Pir\u00e1t\u016f na seznam extr\u00e9mistick\u00fdch hnut\u00ed.<\/td>\n<\/tr>\n<\/tbody>\n<\/table>\n<p>Osobn\u011b jsem napo\u010d\u00edtal p\u0159ibli\u017en\u00fd 66% osobnostn\u00ed a politick\u00fd p\u0159ekryv soudruha Hitlera se soudruhem H\u0159ibem, p\u0159i\u010dem\u017e soudruh H\u0159ib m\u00e1 v\u00a0n\u011bkter\u00fdch ukazatel\u00edch hor\u0161\u00ed sk\u00f3re ne\u017e Hitler. O Hitlerovi je zn\u00e1m\u00e9, \u017ee byl po\u0159\u00e1dkumilovn\u00fd, zakl\u00e1dal si na ritu\u00e1lech (proto hajlov\u00e1n\u00ed apod.), kde\u017eto H\u0159ib je v\u00a0tomto sm\u011bru \u201elidov\u011bj\u0161\u00ed\u201c, nem\u00e1 vy\u0161\u0161\u00ed c\u00edle, ba\u017e\u00ed po pen\u011bz\u00edch a moci, aby mohl dominovat nad nep\u0159\u00e1teli, sed\u011bt v\u00a0k\u0159esle top-man, \u0161ikanovat lidi pro svoji malou zvr\u00e1cenou psychopatickou pot\u011bchu (viz cyklopruhy) a m\u00edt se z\u00a0toho dob\u0159e.<\/p>\n<p>Ostatn\u011b dob\u0159e je to vid\u011bt i z\u00a0Hitlerovy a H\u0159ibovy fyziognomie. Kdy\u017e se pod\u00edv\u00e1te na fotografie Hitlera a H\u0159iba, tak m\u011b p\u0159ipad\u00e1 n\u00e1sleduj\u00edc\u00ed: Hitler vypad\u00e1 na sn\u00edmku strojen\u011b, rozhodn\u011b mu z\u00e1le\u017e\u00ed na tom, jak vypad\u00e1 a je vid\u011bt ta vnit\u0159n\u00ed tenze, kdy\u017e je focen. Z\u00a0fotografie H\u0159iba p\u0159\u00edmo kape antisoci\u00e1ln\u00ed chov\u00e1n\u00ed. P\u0159edev\u0161\u00edm to pozn\u00e1te, jak se fyziognomicky, vyzna\u010duje uh\u00fdbav\u00fdm pohledem a strojen\u00fdm asymetrick\u00fdm \u201ek\u0159iv\u00fdm \u00fasm\u011bvem\u201c, \u00fasm\u011bvem patologick\u00e9ho lh\u00e1\u0159e, kter\u00fd p\u0159\u00edmo \u0159\u00edk\u00e1: \u201eVy m\u011b m\u016f\u017eete\u2026.\u201c. Je to prost\u011b debil.<\/p>\n<p>P\u0159esto \u2013 je H\u0159ib stejn\u011b potenci\u00e1ln\u011b nebezpe\u010dn\u00fd jako Hitler? Zde m\u016f\u017eeme pouze spekulovat a jednozna\u010dn\u011b hned odpov\u011bd\u011bt negativn\u011b. Kdyby byl H\u0159ib zasazen do kontextu prvn\u00ed poloviny 20. stolet\u00ed, a byl u toho, jak se rozv\u00edjely nov\u00e9 ideologie, t\u00e9m\u011b\u0159 jist\u011b by nacistou byl, pokud by si nejezdil pro rozumy do Moskvy k\u00a0soudruhu Stalinovi. Nicm\u00e9n\u011b na post Reichsf\u00fchrera by to ur\u010dit\u011b nedot\u00e1hl. Sp\u00ed\u0161 by se z\u00a0n\u011bj byl n\u011bkdo jako Emanuel Moravec, mo\u017en\u00e1 ani to ne. A t\u00edm stejn\u00fdm typem je vlastn\u011b i dnes. Po\u0159\u00e1d mele o evropsk\u00fdch hodnot\u00e1ch, o tom, jak je t\u0159eba plnit gr\u00fdnd\u00fdl, jak je t\u0159eba zavrhnout veto a zbavovat se vlastn\u00ed suverenity. L\u017ee jak kdy\u017e tiskne a stra\u0161\u00ed. Za humnama \u010d\u00edh\u00e1 Rus\u00e1k, bububu, a proto musej\u00ed b\u00fdt v\u0161ichni eurosoudruzi v\u00a0Eurosojuzu zcela jednotn\u00ed, jin\u00fd n\u00e1zor se nep\u0159ipou\u0161t\u00ed. Ostatn\u011b\u00a0<a href=\"https:\/\/www.youtube.com\/watch?v=51xDcTQikyc\">pus\u0165te si projev soudruha Emanuela Moravce<\/a>\u00a0a srovnejte to se soudruhem H\u0159ibem. Materi\u00e1ln\u011b jsou tyto n\u00e1zory shodn\u00e9 ze 100 %.<\/p>\n<p>Dal\u0161\u00ed skute\u010dnost, kter\u00e1 sv\u011bd\u010d\u00ed o tom, \u017ee politika Pir\u00e1t\u016f m\u00e1 kontinuitu s\u00a0n\u011bmeck\u00fdm nacistick\u00fdm re\u017eimem je obdiv k\u00a0ukrajinsk\u00fdm banderovc\u016fm. Banderovci, jak zn\u00e1mo, byli a jsou zavil\u00fdmi p\u0159\u00edznivci nacist\u016f a dokonce je v\u00a0brutalit\u011b a p\u0159\u00edstupu i v\u00a0mnoh\u00e9m p\u0159ed\u010dili. Vzpome\u0148me si na\u00a0<a href=\"https:\/\/dfens-cz.com\/pravda-o-soucasne-ukrajine\/\">masakry Voly\u0148sk\u00fdch \u010cech\u016f a Pol\u00e1k\u016f \u2013 na\u0161ich p\u0159edk\u016f<\/a>. Mysl\u00edte se, \u017ee se ta pokryteck\u00e1 svin\u011b H\u0159ib za to styd\u00ed? P\u0159ipad\u00e1 mi, \u017ee nestyd\u00ed, dokonce banderovsk\u00fd nacismus drze propaguje. Nevzpom\u00edn\u00e1m si na to, \u017ee by H\u0159ib protestoval proti n\u00e1zv\u016fm ulic jako St\u011bpana Bandery nebo Romana Suchevy\u010de. Kdo je spojencem ukrajinsk\u00fdch pohlav\u00e1r\u016f, je samoz\u0159ejm\u011b automatick\u00fdm, implicitn\u00edm a do\u017eivotn\u00edm spojencem nacismu, to je jedin\u00e9, co z\u00a0toho logicky vypl\u00fdv\u00e1. T\u011bmto banderovc\u016fm na\u0161e sou\u010dasn\u00e1 kon\u010d\u00edc\u00ed vl\u00e1da v\u011bnovala z\u00a0na\u0161ich dan\u00ed a dluh\u016f okolo 200 miliard korun za nad\u0161en\u00e9ho potlesku soudruha H\u0159iba. A tahle verbe\u017e m\u00e1 je\u0161t\u011b tolik drzosti n\u011bkoho n\u00e1lepkovat?<\/p>\n<p>A t\u00edm srovn\u00e1n\u00ed dne\u0161n\u00ed doby s\u00a0nacismem zdaleka nekon\u010d\u00ed. Aby H\u0159ib mohl d\u011blat, co aktu\u00e1ln\u011b d\u011bl\u00e1, pot\u0159ebuje sv\u016fj zmanipulovan\u00fd dav. A ten ka\u017ed\u00fdm rokem houstne. Je podporov\u00e1n (stejn\u011b jako kdysi u Hitlera) frustrovan\u00fdmi l\u016fzry, v\u00a0tuto chv\u00edli dominantn\u011b z\u017een\u0161til\u00fdmi nebin\u00e1rn\u00edmi idioty bez koul\u00ed, kter\u00fdch je v\u00a0Praze velk\u00e1 hromada a bydl\u00ed u maminky. P\u0159edstavte si, pokud m\u016f\u017eete, kdybyste jste byl v\u00a0roce 1928 mlad\u00fdm \u0159\u00ed\u0161sk\u00fdm nezam\u011bstnan\u00fdm v Berl\u00edn\u011b, co jste tehdy mohl d\u011blat? No\u2026 soci\u00e1ln\u00ed d\u00e1vky nebyly zdaleka tak dostupn\u00e9, jak jsou dnes, a tak jste \u0161el do SA. Dostal jste hn\u011bdou ko\u0161ili, pravidelnou g\u00e1\u017ei, b\u00edl\u00e9 podkolenky zadarmo a bejkovec na komou\u0161e a obu\u0161ek, p\u00e1r zmanipulovan\u00fdch blbc\u016f pod sv\u00e9 velen\u00ed, a poslali v\u00e1s vytv\u00e1\u0159et soci\u00e1ln\u00ed dialog. Tehdy na to Hitlerovi p\u0159isp\u00edvali \u017eidov\u0161t\u00ed pr\u016fmysln\u00edci a taky ultrakonzervativn\u00ed kruhy z\u00a0USA v\u010detn\u011b p\u0159edk\u016f pozd\u011bj\u0161\u00edho prezidentsk\u00e9ho klanu Bush\u016f, kte\u0159\u00ed se b\u00e1li toho, co vzniklo v\u00a0tehdej\u0161\u00edm n\u00e1stupci carsk\u00e9ho Ruska.<\/p>\n<p>A jakpak je to dnes, po 100 letech? P\u0159edstavte si, \u017ee jste p\u0159\u00edslu\u0161n\u00edk generace Z, m\u00e1te ru\u010di\u010dky od pr\u00e1ce a vystudoval jste n\u011bjak\u00fd \u00fapln\u011b zbyte\u010dn\u00fd obor, nap\u0159\u00edklad soci\u00e1ln\u00ed antropologii nebo environmentalistiku. Soci\u00e1ln\u00ed d\u00e1vky jsou v\u00e1m m\u00e1lo, proto\u017ee jste p\u0159ece studoval, tak v\u00e1\u0161 plat by m\u011bl b\u00fdt aspo\u0148 \u0161estim\u00edstn\u00fd. To se ov\u0161em z pochopiteln\u00fdch d\u016fvod\u016f ned\u011bje, proto jste frustrov\u00e1n, proto\u017ee o po\u0159\u00e1dn\u00fd d\u017eob nezavad\u00edte. A tak co jdete d\u011blat? Jdete d\u011blat do neziskovky. H\u0159ib sice nem\u00e1 \u017e\u00e1dn\u00e9 neziskovky pod palcem, ale rozhoduje o dotac\u00edch. Od dob soudruha Hitlera se nadn\u00e1rodn\u00ed oligarchie a \u017eidov\u0161t\u00ed pr\u016fmysln\u00edci pou\u010dili, tak\u017ee dnes neziskovky a neomarxistick\u00e1 politick\u00e1 sc\u00e9na zrovna tak jako m\u00e9dia jsou od Soro\u0161e, z EU fond\u016f a z dal\u0161\u00edch pen\u011bz finacov\u00e1ny paraleln\u011b, aby hl\u00eddali jeden druh\u00e9ho a d\u011blali to, co chce nadn\u00e1rodn\u00ed ponejv\u00edce evropsko-americk\u00e1 oligarchie. A chlapce na \u0161pinavou pr\u00e1ci dne\u0161n\u00ed neomarxistick\u00fd re\u017eim tak\u00e9 m\u00e1! D\u0159\u00edve mno\u017estv\u00ed r\u016fzn\u00fdch mal\u00fdch hn\u011bdoko\u0161ilat\u00fdch nacistick\u00fdch boj\u016fvek, kte\u0159\u00ed se na ulic\u00edch rvali s komou\u0161i, dnes bohat\u011b zastoup\u00ed Oganesjan s P\u0161en\u00e1kem, jejich\u017e \u010dinnost je chr\u00e1n\u011bna a dozorov\u00e1na polici\u00ed \u010cR a amplifikov\u00e1na soci\u00e1ln\u00edmi m\u00e9dii. Nakonec si nevzd\u011blan\u00fd spros\u0165\u00e1k Majk je P\u00e1n na\u0161el svoji ekologickou niku pod kuratelou nov\u00e9ho st\u00e1tu. Co je nad i tak rozvoln\u011bn\u00e9 z\u00e1konn\u00e9 mo\u017enosti f\u00edzl\u016f, \u0159e\u0161\u00ed Oganesjan s P\u0161en\u00e1kem. F\u00edzlov\u00e9 obvykle parazituj\u00ed na jejich v\u00fdstupu. Je to daleko levn\u011bj\u0161\u00ed. Je vid\u011bt, \u017ee soudruh Soro\u0161 hust\u011b inovuje.<\/p>\n<p>Nyn\u00ed je t\u0159eba probrat ty evropsk\u00e9 hodnoty, kter\u00fdmi se soudruh H\u0159ib zakl\u00edn\u00e1 v\u00a0jednom kuse. V\u0161ichni tehdej\u0161\u00ed z\u00e1padn\u00ed mocip\u00e1ni jist\u011b \u010detli Mein Kampf, vydan\u00fd v roce 1925. A te\u010f kontroln\u00ed ot\u00e1zka, soudruzi. Jestlipak v\u00edte, co je v\u00a0Mein Kampf naps\u00e1no? No p\u0159ece\u00a0<em>Drang nach Osten<\/em>. Podle soudruha Hitlera m\u011bl n\u011bmeck\u00fd n\u00e1rod svat\u00e9 pr\u00e1vo hledat sv\u016fj \u017eivotn\u00ed prostor na v\u00fdchod\u011b! Tak \u2013 je jasn\u00e9, \u017ee tehdej\u0161\u00ed z\u00e1padn\u00ed mocip\u00e1ni v\u011bd\u011bli, \u017ee Hitler chce j\u00edt na v\u00fdchod, kde byla takov\u00e1 ta mocnost, kter\u00e1 pot\u0159ebovala podle nich \u201enat\u00e1hnout\u201c. Tak\u017ee pro\u010d podporovali Hitlera? No pokud vezmete v\u00a0potaz jejich nevra\u017eivost k\u00a0Rus\u00e1k\u016fm, ta to d\u00e1 samoz\u0159ejm\u011b rozum, \u017ee to ty kurvy d\u011blali s nad\u0161en\u00edm. A te\u010f druh\u00e1 kontroln\u00ed ot\u00e1zka, soudruzi: koukn\u011bte se na tehdej\u0161\u00ed mapu, co je mezi v\u00fdchodn\u00ed hranic\u00ed N\u011bmecka a tehdej\u0161\u00ed SSSR? U\u017e jste to zjistili? Spr\u00e1vn\u011b, soudruzi. Bylo to \u010ceskoslovensko a Polsko.<\/p>\n<p>Ob\u011b zem\u011b sice m\u011bly se z\u00e1padn\u00edmi mocnostmi n\u011bjak\u00e9 ty smlouvy. Tak\u017ee si p\u0159edstavte, pokud m\u016f\u017eete, jste z\u00e1padn\u00ed mocip\u00e1n, zcela jist\u011b a nade v\u0161\u00ed pochybnost chcete konfrontaci mezi Ruskem a nacistick\u00fdm N\u011bmeckem, proto\u017ee o to v\u00edc z\u016fstane z\u00a0va\u0161ich zasran\u00fdch koloni\u00ed, \u017ee? A p\u0159esto si dovol\u00edte tolik drzosti a pokrytectv\u00ed, \u017ee podep\u00ed\u0161ete smlouvu o vojensk\u00e9 spolupr\u00e1ci se zem\u011bmi, kter\u00e9 jsou \u010dirou n\u00e1hodou \u201einterponov\u00e1ny\u201c mezi va\u0161imi nep\u0159\u00e1teli, kter\u00e9 proti sob\u011b \u0161tvete. Dobr\u00fd, ne? Proto\u017ee co je kurva je\u0161t\u011b daleko d\u016fle\u017eit\u011bj\u0161\u00ed ne\u017e n\u011bjak\u00e9 mezin\u00e1rodn\u00ed dohody, soudruzi, v\u00edte to? Natahovat Rusko. Hitler, Horthy, Hlinka, to je jedna linka proti komunismu z\u00a0v\u00fdchodu no ni? Oni ty kurvy zkr\u00e1tka a dob\u0159e v\u016fbec necht\u011bly nikoho chr\u00e1nit. Oni prost\u011b cht\u011bli, aby se soudruh Hitler porval se soudruhem Stalinem. A mysleli si, \u017ee jim to vyjde. Oba by se vy\u010derpali, a to by z\u00e1padn\u00edm hodnotov\u00fdm soudruh\u016fm dalo trochu t\u00e9 v\u00fdhodi\u010dky. Proto prob\u011bhla hladce Mnichovsk\u00e1 konference, kde Hitler kompletn\u011b odzbrojil tehdej\u0161\u00ed \u010ceskoslovensko. A my mu v\u0161echno dali, proto\u017ee evropsk\u00e9 hodnoty.\u00a0<a href=\"https:\/\/www.moderni-dejiny.cz\/clanek\/obsazovani-tesinska-polskou-armadou\/\">P\u0161onci si taky kus ukousli<\/a>. A pak do\u0161lo i na n\u011b. Do 14 dn\u00ed hotovo. Z\u00e1padn\u00ed Hali\u010d obsadili Rus\u00e1ci. Stejn\u011b byla p\u0159edt\u00edm jejich, tak co. Tam u\u017e to bylo n\u00e1sil\u00edm, tak se anglick\u00e9 expedi\u010dn\u00ed jednotky a \u017eabo\u017erouti museli posadit na hranici s\u00a0N\u011bmeckem do z\u00e1kop\u016f a \u010dekat. Politici hr\u00e1li znepokojen\u00ed, \u0161kared\u00e9 N\u011bmecko napadlo hodn\u00e9 Polsko! Mnoh\u00fdm to jist\u011b n\u011bco p\u0159ipom\u00edn\u00e1.<\/p>\n<p>\u0158\u00edkalo se tomu v\u00e1lka vsed\u011b. Blb\u00ed kokoti \u010dekali v\u00a0z\u00e1kopech a chechtali se, jak te\u010f soudruh Hitler bude drangovat\u00a0<em>nach Osten<\/em>. Byli si jist\u00ed tak sami sebou, \u017ee tuhle p\u0159i\u0161el za Hitlerem Erich von Manstein a \u0159ekl: no tak te\u010f je tam m\u00e1me hezky jako ka\u010dery na odst\u0159el, co kdybychom jim zajeli pod prcku a z\u00e1padn\u00ed frontu do m\u011bs\u00edce vy\u0159e\u0161ili main f\u00fchrer, kdy\u017e jsou tak blb\u00ed? Co toti\u017e soudruh Churchill se soudruhem Chamberlainem a soudruhem Daladierem netu\u0161ili bylo, \u017ee soudruh Hitler se soudruhem Stalinem m\u011bli tajn\u00fd pakt. Soudruh Hitler si tak diplomaticky zajistil z\u00e1da a pak se pustil do eurohodnotov\u00fdch soudruh\u016f. Moc dlouho mu to netrvalo. No a co pak u\u017e tomu vychcan\u00fdmu blbcovi Churchillovi zbylo?\u00a0<a href=\"https:\/\/www.youtube.com\/watch?v=Xg9aQvjMS60\">Volat do zbran\u011b a b\u00fdt hodn\u011b state\u010dnej premi\u00e9r<\/a>. Ooops! Musel si to chlapec \u201eodpracovat\u201c. Jenom to Anglii st\u00e1lo dominantn\u00ed sv\u011btov\u00e9 postaven\u00ed a bylo u toho 50 milion\u016f mrtvejch. Mo\u017en\u00e1, kdyby ti zmrdi necht\u011bli natahovat Rusko, nemuselo by k\u00a0tomu doj\u00edt.<\/p>\n<p>A to je, soudruzi, to historick\u00fd pou\u010den\u00ed. Hitler nebyl omylem d\u011bjin \u2014 byl jejich produktem. Produktem cynismu, kter\u00fd dovolil ob\u011btovat jin\u00e9 n\u00e1rody a jin\u00e9 lidi ve jm\u00e9nu stability a \u201ehodnot\u201c (\u010dti zisku z\u00a0v\u00e1lky). T\u00edm cynismem \u017eila Evropa tehdy a \u017eije j\u00edm i dnes, jen se zm\u011bnila loga, uniformy a slovn\u00edk. A proto je absurdn\u00ed, kdy\u017e se dne\u0161n\u00ed politici oh\u00e1n\u011bj\u00ed \u201eevropsk\u00fdmi hodnotami\u201c, jako by to byla Bible svat\u00e1. Hodnoty bez sv\u011bdom\u00ed nejsou hodnoty, ale reklama. A z d\u011bjin druh\u00e9 sv\u011btov\u00e9 v\u00e1lky bychom si m\u011bli odn\u00e9st jedin\u00e9: \u017ee zlo nem\u00e1 n\u00e1rodnost ani stranu fronty \u2014 m\u00e1 jen lidskou tv\u00e1\u0159, kter\u00e1 se um\u00ed tv\u00e1\u0159it jako ultim\u00e1tn\u00ed dobro. Jsem zv\u011bdav\u00fd, jestli se na\u0161e d\u011bti a d\u011bti na\u0161ich d\u011bt\u00ed budou u\u010dit o Rand Corporation.<\/p>\n<p>Pachatel\u00e9 a tv\u016frci dobra se jen p\u0159epo\u010d\u00edtali. Soudruh Hitler je zkr\u00e1tka u\u017e v\u00a0roce 1933 p\u0159echcal. Soudruh Hitler toti\u017e ty pr\u016fmysln\u00edky, kter\u00fdm m\u011bl slou\u017eit, jednoho dne p\u0159erostl, stal se nejd\u0159\u00edv \u0159\u00ed\u0161sk\u00fdm kancl\u00e9\u0159em, pak zmanipuloval komou\u0161e a nechal zap\u00e1lit Reichstag jist\u00fdm soudruhem van der Lubem, \u010d\u00edm\u017e zabil dv\u011b mouchy jednou ranou \u2013 jednak se zbavil parlamentu, kter\u00fd nem\u011bl kde zasedat a jednak vytvo\u0159il \u017e\u00e1danou hrozbu, aby m\u011bl absolutn\u00ed moc. Pak ud\u011blal noc dlouh\u00fdch no\u017e\u016f, zkonsolidoval moc do sob\u011b pod\u0159\u00edzen\u00e9 a zcela loaj\u00e1ln\u00ed hierarchick\u00e9 struktury.<\/p>\n<p>To nadn\u00e1rodn\u00ed zmrdi dnes u\u017e nedopust\u00ed \u2013 neomarxistickou \u010distotu tak vytv\u00e1\u0159\u00ed a hl\u00edd\u00e1 jak\u00e1si kruhov\u00e1 struktura \u2013 m\u00e9dia \u2013 neziskovky \u2013 politici \u2013 f\u00edzlov\u00e9 a tajn\u00e9 slu\u017eby, kter\u00e1 se hl\u00edd\u00e1 navz\u00e1jem a v\u0161ichni spole\u010dn\u011b obyvatelstvo, a sna\u017e\u00ed se z\u00a0politick\u00e9ho diskurzu a z\u00a0politick\u00e9 mapy jak\u00fdmkoli zp\u016fsobem vymazat v\u0161echny, kdo nestoj\u00ed na t\u00e9 spr\u00e1vn\u00e9 stran\u011b. Kdy\u017e nepom\u016f\u017ee medi\u00e1ln\u00ed difamace a vyhazov z\u00a0pr\u00e1ce, nastoup\u00ed P\u0161en\u00e1k s\u00a0Oganesjanem a kdy\u017e ani to ne, nastoup\u00ed f\u00edzlov\u00e9 s\u00a0vykonstruovan\u00fdm obvin\u011bn\u00edm, kter\u00e9 v\u00e1s inkapacituje na 10 let: opakovan\u00e9 p\u0159edvol\u00e1n\u00ed na f\u00edzl\u00e1rnu, opakovan\u00e9 tah\u00e1n\u00ed po soudech, po 10 letech a 5 milionech v\u00fddaj\u016f za advok\u00e1ta to odlo\u017e\u00ed, proto\u017ee je to \u201eproml\u010deno\u201c. Kdy\u017e se chcete soudit se st\u00e1tem kv\u016fli od\u0161kodn\u00e9mu, nedostanete ani p\u011btn\u00edk.<\/p>\n<p>To je dne\u0161n\u00ed demokracie a lidsk\u00e1 pr\u00e1va.<\/p>\n<p>To je proti nacismu zjevn\u00e1 inovace a nev\u00edm, zda k\u00a0lep\u0161\u00edmu. Hitler byl toti\u017e za v\u0161echno odpov\u011bdn\u00fd, kde\u017eto dnes m\u016f\u017ee b\u00fdt novodob\u00fd Emanuel Moravec H\u0159ib nahrazen kdykoli, kdy si ta skute\u010dn\u00e1 v\u011brchu\u0161ka vzpomene. Je zde toti\u017e je\u0161t\u011b jeden velk\u00fd rozd\u00edl proti nacistick\u00e9mu N\u011bmecku, aspo\u0148 v\u00a0rann\u00e9 f\u00e1zi.<\/p>\n<p>A dal\u0161\u00ed paralely. Bulharsk\u00e1 komunista Georgi Dimitrov, kdy\u017e se soudil o zap\u00e1len\u00ed \u0159\u00ed\u0161sk\u00e9ho sn\u011bmu, mohl libovoln\u011b povol\u00e1vat sv\u011bdky, ani\u017e by mu to soudce zam\u00edtal, mohl m\u00edt jak\u00fdkoli proslov, ani\u017e by dost\u00e1val po\u0159\u00e1dkovou pokutu za nepln\u011bn\u00ed pokyn\u016f soudu, kter\u00fd v\u00e1s utne okam\u017eit\u011b, jak to za\u010d\u00edn\u00e1 j\u00edt pro prasata \u0161patn\u00fdm sm\u011brem. Dimitrov si jako sv\u011bdka povolal Hermanna G\u00f6ringa. Dovedete si p\u0159edstavit, \u017ee by dnes n\u011bjak\u00e1 subaltern\u00ed prore\u017eimn\u00ed justi\u010dn\u00ed kravka povolala jako sv\u011bdka v\u00a0monstrprocesu s\u00a0u\u010ditelkou Bedn\u00e1\u0159ovou (a to nejsem jej\u00ed fanda) agenta P\u00e1vka nebo toho idiota Fialu? Tak tady je ten rozd\u00edl soudruzi. Nedovol\u00ed v\u00e1m ani promluvit. Jedin\u00e9, co dnes u soudu svobodn\u011b m\u016f\u017eete, je \u017emoulat r\u00e1diovku. Dnes v\u00e1s sprost\u00e1 justi\u010dn\u00ed spodina nenech\u00e1 mluvit ani p\u0159i vlastn\u00edm rozvodu. Kdy\u017e se dovol\u00e1v\u00e1te obecn\u00e9 soudn\u00ed ochrany dle \u00a7 2 OS\u0158, sm\u011bje se v\u00e1m prasnice do o\u010d\u00ed.\u00a0<strong><u>Soudy jsou dnes pln\u011b nacifikovan\u00e9<\/u><\/strong>. Projev justi\u010dn\u00edch gauner\u016f a jejich veden\u00ed prakticky v\u0161ech spor\u016f se sp\u00ed\u0161e podob\u00e1 zp\u016fsobu, jak\u00fdm ho vedli soudci Trud\u00e1k, Nov\u00e1k a Zimov\u00e1 a \u017ealobci Urv\u00e1lek a Bro\u017eov\u00e1-Polednov\u00e1 v\u00a0r\u00e1mci\u00a0<a href=\"https:\/\/cs.wikipedia.org\/wiki\/Proces_se_skupinou_Milady_Hor%C3%A1kov%C3%A9\">sp. zn. Or I 2323\/49<\/a>.<\/p>\n<p>Tak\u017ee H\u0159ibova skute\u010dn\u00e1 moc je vlastn\u011b jen imagin\u00e1rn\u00ed. Pokud bude d\u011blat neomarxismus a zrazovat \u010desk\u00e9 z\u00e1jmy jako za protektor\u00e1tu, m\u016f\u017ee si kr\u00e1st a nikdo na n\u011bj nem\u016f\u017ee. Znel\u00edb\u00ed se ale n\u011bkomu, a najednou se nebude ps\u00e1t 200 \u010dl\u00e1nk\u016f za t\u00fdden o Turkovi, ale o na\u0161em Hitlerov\u011b n\u00e1sledn\u00edkovi H\u0159ibovi a jeho nakraden\u00fdm 25 milion\u016fm. Dokud n\u00e1\u0161 novodob\u00fd n\u00e1c\u00ed\u010dek bude \u0161lapat br\u00e1zdu, p\u016fjde jeho obvin\u011bn\u00ed do ztracena.<\/p>\n<p>P\u0159\u00edslu\u0161n\u00edci americk\u00fdch speci\u00e1ln\u00edch jednotek \u0159\u00edkali \u2013 dejte mi odst\u0159elovac\u00ed pu\u0161ku s\u00a0po\u0159\u00e1dn\u00fdm kartridgem n\u00e1boj\u016f dum-dum, postavte m\u011b 100 metr\u016f od Hitlera a ukon\u010d\u00edm pro v\u00e1s v\u00e1lku. V\u00a0jist\u00e9m smyslu m\u011bli pravdu. To by \u0159\u00e1dn\u011b zah\u00fdbalo nacistickou hierarchi\u00ed. Dnes je to nesmysl. Nejde to rozetnout n\u00e1sil\u00edm. To nen\u00ed ta cesta. P\u0159esto\u017ee to za jist\u00fdch emo\u010dn\u00edch stav\u016f zn\u00ed l\u00e1kav\u011b, n\u00e1sil\u00ed nen\u00ed \u0159e\u0161en\u00ed. Jedin\u00e9, co se stane, kdy\u017e se o to pokus\u00edte bude, \u017ee vy budete mrtv\u00ed a zdiskreditujete t\u00edm je\u0161t\u011b slu\u0161nou \u010d\u00e1st polick\u00e9ho spektra. To by se neomarxistick\u00fdm zmrd\u016fm n\u00e1ramn\u011b hodilo. Jeden slou\u017e\u00edc\u00ed kripl by byl nahrazen jin\u00fdm. A po\u010det voli\u010d\u016f Pir\u00e1t\u016f by se zdvojn\u00e1sobil.<\/p>\n<p>Ti, kdo skute\u010dn\u011b rozhoduj\u00ed v\u00a0dne\u0161n\u00edm pokra\u010dov\u00e1n\u00ed evropsk\u00e9 nacistick\u00e9 tradice, to nen\u00ed H\u0159ib. H\u0159ib je jenom takov\u00fd uboh\u00fd mal\u00fd n\u00e1c\u00ed\u010dek bez koul\u00ed s\u00a0nakraden\u00fdm bal\u00edkem pen\u011bz. M\u00e1 sice decision leeway \u0159\u00e1dov\u011b vy\u0161\u0161\u00ed ne\u017e b\u011b\u017en\u00fd ob\u010dan, p\u0159edev\u0161\u00edm bezplatn\u00fd a beztrestn\u00fd p\u0159\u00edstup ke zdroj\u016fm, ale to je v\u0161echno. I on mus\u00ed \u0161lapat br\u00e1zdu, proto\u017ee my nejsme nez\u00e1visl\u00fd st\u00e1t, ale\u00a0<strong>ve skute\u010dnosti jsme nov\u00fd Protektor\u00e1t \u010cechy a Morava \u0159\u00edzen\u00fd z Brusele<\/strong>. A ani v\u00a0t\u00e9 Bruseli nejsou p\u00e1ni, kte\u0159\u00ed maj\u00ed plnou moc ur\u010dovat tep doby.<\/p>\n<p>A podobnosti d\u00e1le pokra\u010duj\u00ed. D\u0159\u00edve platilo, \u017ee svoboda slova je nedotknuteln\u00e1. Zhruba od roku 2000 soudruh prezidentsk\u00fd o\u017eralec Zeman za\u010dal d\u0161t\u00edt ohe\u0148 a s\u00edru na neonacisty. Od t\u00e9 doby po nich jdou f\u00edzlov\u00e9. Dnes je jak\u00e1koli neonacistick\u00e1 sc\u00e9na kompletn\u011b mrtv\u00e1, jejich m\u00edsto p\u0159evzali pln\u011b neomarxist\u00e9 v\u00a0\u010dele s H\u0159ibem. Opanovali mocensk\u00e9 vakuum. U Hitlera to bylo zrovna tak. V\u00a0roce 1933 se Dimitrov dok\u00e1zal u nacistick\u00e9ho soudu je\u0161t\u011b \u00fa\u010dinn\u011b obh\u00e1jit a byl osvobozen. I za Hitlera, v\u00edc ne\u017e dnes za preziden\u010d\u00edka Pavla fungovaly mocensk\u00e9 v\u00e1hy a protiv\u00e1hy, justice byla je\u0161t\u011b nez\u00e1visl\u00e1. Dnes u\u017e je to jako za Rolanda Freislera. To, jestli jste lump nebo ne, nerozhoduj\u00ed z\u00e1kony, rozhoduj\u00ed to m\u00e9dia, stranick\u00e9 sekretari\u00e1ty a jejich zkurven\u00e9 ideologick\u00e9 narativy. Tak\u017ee dnes u\u017e to nen\u00ed svoboda projevu \u2013 svoboda projevu m\u00e1 dle novodob\u00fdch n\u00e1ck\u016f \u201esv\u00e9 hranice\u201c. A ty se po\u0159\u00e1d posunuj\u00ed k\u00a0va\u0161emu neprosp\u011bchu. Za Hitlera tohle za\u010dalo a\u017e po kompletn\u00edm usurpov\u00e1n\u00ed moci, soudci m\u011bli svoji d\u016fstojnost. Dnes na\u0161em Kocourkov\u011b ka\u017ed\u00e1 justi\u010dn\u00ed zr\u016fda v\u00ed, jak m\u00e1 soudit. Nejd\u0159\u00edv je to svoboda projevu, pak je to svoboda projevu s\u00a0hranicemi, pak je to pr\u00e1vo na korigovan\u00e9 informace a ani se nenad\u011bjete a jste na Pokrovsk\u00e9 front\u011b v\u00a0z\u00e1kopech ve v\u00e1lce, po kter\u00e9 v\u00e1m nic nen\u00ed.<\/p>\n<p>To je dne\u0161n\u00ed trajektorie v\u00fdvoje. D\u016fkazy najdete v\u0161ude. Mlad\u00e9 pir\u00e1tstvo vzty\u010duje svoji domn\u011blou pravici na demonstraci Milionu chvilek. D\u0159\u00edve to byla vty\u010den\u00e1 pravice, dnes jsou to hashtagy a virtue signalling. Je pot\u0159eba si posv\u00edtit na majitele byt\u016f, proto\u017ee to jsou ti, co n\u00e1m uj\u00eddaj\u00ed chleb\u00ed\u010dka. Jako d\u0159\u00edv \u017eid\u00e9. Zdanit, a po\u0159\u00e1dn\u011b! Za chv\u00edli to bude d\u011bde\u010dek a babi\u010dka, proto\u017ee nebude na d\u016fchody. Do koncentr\u00e1ku s\u00a0nima! A prodlou\u017eit v\u011bk odchodu do d\u016fchodu!<\/p>\n<p>P\u0159itom v\u0161emi sv\u00fdmi kroky novodob\u00ed pir\u00e1t\u0161t\u00ed nacist\u00e9 d\u011blaj\u00ed v\u0161echno proto, aby byly byty drah\u00e9 a aby inflace v\u0161em zni\u010dila \u00faspory a aby ekonomika neprosperovala. Nyn\u00ed to bude uhl\u00edkov\u00e9 clo. Je uvaleno na ocel, na cement a tis\u00edce dal\u0161\u00edch polo\u017eek, ty se v\u00a0drtiv\u00e9 v\u011bt\u0161in\u011b voz\u00ed z\u00a0\u010c\u00edny. \u010cekoprase\u010d\u00e1k \u017e\u00e1dn\u00e9 v\u00fdrobn\u00ed kapacity nem\u00e1. Technologie si zni\u010dil, lidi propustil, knowledge base nula. Tak\u017ee to bude jak? Bude se platit. Nebudou se stav\u011bt v\u00fdrobn\u00ed kapacity, nen\u00ed z\u00a0\u010deho. Byty zdra\u017e\u00ed o dal\u0161\u00edch 20% jen p\u0159\u00ed\u0161t\u00ed rok. To u\u017e se te\u010f v\u00ed. Byt, kter\u00fd v\u00a0roce 2021 st\u00e1l deset mega, dnes stoj\u00ed 17 mega. P\u0159\u00ed\u0161t\u00ed rok 21 mega. Kdo m\u00e1 mo\u017enost dr\u017eet s\u00a0t\u00edmhle krok? Kdo m\u00e1 mo\u017enost na to vyd\u011blat a neprod\u011blat p\u0159itom kalhoty a nerealizovat nucen\u00fd prodej? Z\u00a0mlad\u00fdch mikroskopick\u00fd zlomek lid\u00ed.<\/p>\n<p>Nacistick\u00e1 pir\u00e1tsk\u00e1 verbe\u017e se holt sna\u017e\u00ed, aby m\u011bla dal\u0161\u00ed p\u0159\u00edvr\u017eence. T\u011bm to sice nedojde, ale hlas blba s\u00a0IQ 70 se po\u010d\u00edt\u00e1 stejn\u011b jako hlas g\u00e9nia s\u00a0IQ 160. A blb\u016f a pr\u016fm\u011brn\u00fdch je mezi voli\u010dstvem pir\u00e1t\u016f zdaleka nejv\u00edc. Matematika je prost\u00e1. Na druh\u00e9 stran\u011b zde ov\u0161em m\u00e1me i beneficienty uhl\u00edkov\u00e9ho cla: Euro\u00fa\u0159edn\u00edky. Europoslance. Provozovatele a zam\u011bstnance neziskovek. Sol\u00e1rn\u00ed barony. Provozovatele nejr\u016fzn\u011bj\u0161\u00edch tr\u017en\u011b nezpen\u011b\u017eiteln\u00fdch a nefunk\u010dn\u00edch zelen\u00fdch fantasmagori\u00ed. Cyklostezky, po kter\u00fdch nikdo nejezd\u00ed. Rozhledny v\u00a0\u00fadol\u00ed, odkud nen\u00ed kam se pod\u00edvat a nikdo tam nechod\u00ed. Ur\u010dit\u011b n\u011bjakou takovou ve sv\u00e9m okol\u00ed u\u017e m\u00e1te. Propagandisty do \u0161kolstv\u00ed. N\u00e1klady na inkluzi. Dopravn\u011b zklid\u0148uj\u00edc\u00ed opat\u0159en\u00ed. Bobtnaj\u00edc\u00ed arm\u00e1du f\u00edzl\u016f a neproduktivn\u00edch \u00fa\u0159edn\u00edk\u016f. Na\u0161e silnice pod bar\u00e1kem je za posledn\u00ed 3 roky rozkopan\u00e1 u\u017e po\u010dtvrt\u00e9 \u2013 inu lidovci v zastupitelstvu. A ti m\u00edstn\u00ed kokoti jim to tam zase hod\u00ed! To byste nev\u011b\u0159ili. Seznam je t\u00e9m\u011b\u0159 nekone\u010dn\u00fd.<\/p>\n<p>\u0158\u00edk\u00e1 se tomu demokracie a evropsk\u00e9 hodnoty.\u00a0<a href=\"https:\/\/www.youtube.com\/watch?v=sF20p7s6Zj8\">Nacismus je to<\/a>! Jak zp\u00edv\u00e1 onen rapper: prod\u00e1me jim fa\u0161ismus v\u00a0dietn\u00edm balen\u00ed s\u00a0jin\u00fdm n\u00e1pisem. A H\u0159ib je v\u0161ech nacist\u016f futr\u00e1l. A kdo za to m\u016f\u017ee? Ty za to m\u016f\u017ee\u0161.\u00a0<a href=\"https:\/\/www.youtube.com\/watch?v=kVpxAgvwWH8\">M\u00e1\u0161 co jsi cht\u011bl<\/a>. V\u00a0tom je kouzlo demokracie. Sn\u00edm\u00e1 odpov\u011bdnost z\u00a0politik\u016f a d\u00e1v\u00e1 ti ho na hrb jako poplatek za blbost. Hitler a jeho pohlav\u00e1\u0159i takov\u00fd luxus nem\u011bli. Jedna skladba vyd\u00e1 za v\u00edc ne\u017e cel\u00fd tenhle \u010dl\u00e1nek.<\/p>\n<p>Tak\u017ee jak\u00fd je m\u016fj vztah k\u00a0nacismu? Nacismus nen\u00e1vid\u00edm. Pohrd\u00e1m v\u0161emi nacisty. Nejen tu jeho historickou verzi, kter\u00e1 vadila zejm\u00e9na m\u00fdm prarodi\u010d\u016fm, n\u00fdbr\u017e p\u0159edev\u0161\u00edm tu dne\u0161n\u00ed pir\u00e1tskou progresivn\u011b postmodern\u00ed neomarxistickou verzi. Ta je mnohem nebezpe\u010dn\u011bj\u0161\u00ed. Hitler\u016fv nacismus je mrtv\u00e1 minulost, jen historie. Z\u00e1kaz ritu\u00e1l\u016f, insigni\u00ed, historick\u00fdch p\u0159edm\u011bt\u016f, kterou propaguj\u00ed dne\u0161n\u00ed lep\u0161ilidi, kter\u00fd je s\u00e1m o sob\u011b sm\u011b\u0161n\u00fd a zbyte\u010dn\u00fd, v\u00e1s m\u00e1 jen dostat do defenz\u00edvy. Pokud jej p\u0159imete, automaticky toti\u017e pir\u00e1tsk\u00fdm n\u00e1ckozmrd\u016fm a r\u016fzn\u00fdm f\u00edzl\u016fm a jin\u00e9 spodin\u011b ustupujete, za chv\u00edli v\u00e1m nezbude \u017e\u00e1dn\u00e1 svoboda. V\u0161imn\u011bte si, \u017ee pro banderonacisty podobn\u00e1 pravidla neplat\u00ed. Ti jsou hrdinov\u00e9 i kdy\u017e brut\u00e1ln\u011b zn\u00e1siln\u00ed a zavra\u017ed\u00ed v\u00a0dom\u011b odbor\u016f v\u00a0Od\u011bse t\u011bhotnou \u017eenskou, co byla ve \u0161patnou dobu na \u0161patn\u00e9m m\u00edst\u011b a mluvila \u0161patn\u00fdm jazykem. A proto je pro m\u011b hajluj\u00edc\u00ed pan Turek naprosto nezaj\u00edmav\u00fd. Proto\u017ee to jeho hajlov\u00e1n\u00ed zajist\u00e9 neznamenalo podporu nacist\u016fm ani historick\u00fdm. Ani dne\u0161n\u00edm nacist\u016fm. Je to maxim\u00e1ln\u011b nastaven\u00ed zrcadla t\u00e9to nacistick\u00e9 spole\u010dnosti. Kdy\u017e nacismus, tak se v\u0161\u00edm v\u0161udy, soudruhu H\u0159ibe, p\u0159iznejte se k\u00a0tomu, \u017ee jste oby\u010dejnej n\u00e1cek! Vlastn\u011b neoby\u010dejnej n\u00e1cek, p\u011bkn\u011b zlod\u011bjskej zkurvenej parazitn\u00ed n\u00e1cek. V\u011bt\u0161\u00ed parazit, ne\u017e kdy byl Hitler.<\/p>\n<p>A proto si i moje ego svobodn\u011b zahajluje, kdy bude cht\u00edt, proto\u017ee p\u0159esto\u017ee je nacismus zr\u016fdn\u00e1 ideologie a re\u017eim nap\u00e1chal nep\u0159edstaviteln\u00e9 zlo, dne\u0161n\u00ed neomarxismus je je\u0161t\u011b zr\u016fdn\u011bj\u0161\u00ed, a to ve sv\u00e9 nep\u0159\u00edmo\u010darosti a sofistikovanosti. A to, \u017ee progresivn\u011b-pokryte\u010dt\u00ed neomarxist\u00e9 typu H\u0159iba odsuzuj\u00ed nacismus a trestaj\u00ed jeho propagaci, je\u0161t\u011b neznamen\u00e1, \u017ee nejsou schopni stejn\u00fdch nebo je\u0161t\u011b hor\u0161\u00edch zv\u011brstev. M\u011bli byste p\u0159ed podporou neomarxist\u016f hlavn\u011b a p\u0159edev\u0161\u00edm p\u0159em\u00fd\u0161let o jadern\u00fdch zbran\u00edch a o tom, co dok\u00e1\u017eou.<\/p>\n<p><strong>A nyn\u00ed v\u00e1m kr\u00e1tce pov\u00edm tu historku.<\/strong>\u00a0Ud\u00e1la se na m\u00e9 z\u00e1kladn\u00ed vojensk\u00e9 slu\u017eb\u011b v\u00a0polovin\u011b devades\u00e1tek. \u0160el jsem takhle v\u00a0roce 1995 na vojnu, proto\u017ee jsem byl blbej. Prost\u011b mi bylo blb\u00e9 lh\u00e1t o sv\u00e9m zdravotn\u00edm stavu a kdy\u017e p\u0159i\u0161el povol\u00e1v\u00e1k, u\u017e to ne\u0161lo zvr\u00e1tit. \u00a0Za\u010dalo to p\u0159ij\u00edma\u010dem, co\u017e je takov\u00fd jako nadstandardn\u00ed krimin\u00e1l pro nevinn\u00e9 s\u00a0benefity. Nemohli jste ven ale mezi celami voln\u00e1 z\u00e1bava.\u00a0 Tedy kdy\u017e jste zrovna ned\u011blali takov\u00e9 ty u\u017eite\u010dn\u00e9 v\u011bci jako pochodem vchod, pl\u00ed\u017een\u00edm a plazen\u00edm v\u00a0p\u0159ed. Krom\u011b toho jsme taky museli r\u00e1no na rozcvi\u010dku. No a h\u00e1dejte, jak to bylo se mnou?<\/p>\n<p>Na rozcvi\u010dku jsem jim samoz\u0159ejm\u011b sral jako na placatej \u0161utr, r\u00e1d si r\u00e1no posp\u00edm. Je to p\u0159ece moje t\u011blo, a \u201emy body my choice\u201c no ni? Nen\u00ed to p\u0159ece heslo dne\u0161ka? Feministick\u00e9 soudru\u017eky to \u0159\u00edkaj\u00ed po\u0159\u00e1d a co je dobr\u00e9 pro feministky, to je dobr\u00e9 pro m\u011b. Jen\u017ee velitel roty byl jin\u00e9ho n\u00e1zoru a vyhm\u00e1tl m\u011b na za\u010d\u00e1tku asi je\u0161t\u011b s\u00a0dal\u0161\u00edma t\u0159ema klukama. Trest byl samoz\u0159ejm\u011b symbolick\u00fd: o osobn\u00edm volnu se p\u0159evl\u00e9knout do par\u00e1dn\u00ed uniformy a pochodovat po buzerplace. Na hodinu. Taky jsme za to mohli do krimu jako nepln\u011bn\u00ed rozkazu.<\/p>\n<p>No chca nechca jsme \u0161li, rozkazy se musej\u00ed plnit. No, a tak jsme pochodovali a d\u011blali jsme \u010delem zad a vpravo vbok a dal\u0161\u00ed ty buzera\u010dn\u00ed nesmysly a tu m\u011b moje potm\u011b\u0161il\u00e9 j\u00e1 vnuklo \u010f\u00e1belskou my\u0161lenku. Tohle je p\u0159ece kurva gum\u00e1ck\u00e1 zelen\u00e1 totalita a ta m\u00e1 p\u0159ece svoje\u00a0<a href=\"https:\/\/www.idnes.cz\/zpravy\/zahranicni\/svycarsko-hajlovani-rasismus.A140521_151818_zahranicni_aha\">rozpozn\u00e1vac\u00ed ritu\u00e1ly<\/a>. Tak jim ty ritu\u00e1ly uk\u00e1\u017eeme! Zd\u00e1lo se mi to docela dobr\u00fd n\u00e1pad. Kv\u016fli tomuhle jsme p\u0159ece kl\u00ed\u010dema nezvonili. Tak\u017ee kdy\u017e jsme \u0161li soudruhu veliteli pod okny, zavelel jsem \u201evprav\u00f3\u00f3\u00f3 hle\u010f!\u201c a m\u00edsto standardn\u00edho vojensk\u00e9ho pozdravu asi na 5 sekund jsem vzorov\u011b zvedl pravici. \u201eDie fahne h\u00f3\u00f3\u00f3ch\u2026\u201c P\u0159\u00edm\u00f3\u00f3\u00f3 hle\u010f! Pravice padla dol\u016f A d\u00e1l jsme pochodovali, jakoby se nechumelilo. Co jsme nev\u011bd\u011bli, bylo, \u017ee n\u00e1s velitel celou tu dobu kontroloval, pozoroval, abychom trest nekr\u00e1tili ani o vte\u0159inu.<\/p>\n<p>Po ukon\u010den\u00ed trestu m\u011b velitel pozval na kobere\u010dek: \u201eVy jste hajloval!!!! Pro\u010d jste sakra hajloval! V\u00e1m se nacismus l\u00edb\u00ed? Jak\u00fd na to m\u00e1te n\u00e1zor?\u201c, neuniklo mi, \u017ee p\u0159itom t\u011b\u017ece krot\u00ed emoce a \u017ee se cel\u00fd t\u0159ese, obli\u010dej brun\u00e1tn\u00fd, hlas rozt\u0159esen\u00fd, jako kdyby ho chytli u mrtvoly, kterou pr\u00e1v\u011b v\u00a0afektu zap\u00edchl. Ani moje emo\u010dn\u011b slep\u00e1 osobnost to nemohla nevn\u00edmat. On se boj\u00ed!<\/p>\n<p>A pokud se m\u011b zeptal na n\u00e1zor, zeptal se \u0161patn\u011b. Odpov\u011bd\u011bl jsem vzorn\u011b jako dobr\u00fd voj\u00e1k \u0160vejk. Poslu\u0161n\u011b hl\u00e1s\u00edm pane veliteli, \u017ee jsem nehajloval, pan Hitler u\u017e je po smrti, nacismus byl pora\u017een, a tak nen\u00ed komu hajlovat. Nacismus je mrtev a jak jist\u011b r\u00e1\u010d\u00edte se mnou sd\u00edlet, je to moc dob\u0159e pro cel\u00e9 lidstvo. J\u00e1 jsem d\u011blal jen to, co jste si p\u0159\u00e1l, pane veliteli. Rozkazy se p\u0159ece maj\u00ed plnit na 100 %! (J\u00e1 jsem v\u00e1m cht\u011bl ud\u011blat radost, kdy\u017e voni maj tak r\u00e1di ten po\u0159\u00e1dek: to u n\u00e1s v\u00a0ulici byl jistej\u2026, dodal by je\u0161t\u011b \u0160vejk). Ale takhle drzej jsem b\u00fdt nedok\u00e1zal (na rozd\u00edl od dne\u0161ka).<\/p>\n<p>\u201eTohle jsem v\u00e1m nerozk\u00e1zal, kurva, j\u00e1 v\u00e1s roztrhnu, rad\u0161i mi b\u011b\u017ete z\u00a0o\u010d\u00ed nebo se neudr\u017e\u00edm! Jenom douf\u00e1m, \u017ee to nevid\u011bl nikdo z\u00a0veden\u00ed, jinak to bude m\u00edt pokra\u010dov\u00e1n\u00ed, to mi v\u011b\u0159te!\u201c, skoro p\u0159itom \u0161eptal. Cht\u011bl jsem se provokativn\u011b zeptat, pro koho to bude m\u00edt pokra\u010dov\u00e1n\u00ed, \u017ee my tady v\u00a0krimin\u00e1le nem\u00e1me co ztratit, ale dr\u017eel jsem hubu.<\/p>\n<p>Pris\u00e1mbohu Kefal\u00edn, zemegu\u013eu budete ryp\u00e1kom ry\u0165 jako \u010derven\u00e1 my\u0161! Keby to vid\u011bl s\u00fadruh minister, byly byzme v\u0161eci v\u00a0rici! Nacismus, komunismus, polistopadov\u00e1 doba, dne\u0161n\u00ed neomarxistick\u00e9 eurospros\u0165\u00e1ctv\u00ed. Kulisy se m\u011bn\u00ed, ale lidi z\u016fst\u00e1vaj\u00ed. J\u00e1 nic nepropagoval. M\u016fj tehdej\u0161\u00ed velitel ur\u010dit\u011b nacista nebyl, ale j\u00e1 mu uk\u00e1zal obraz v\u00a0zrcadle, v\u00a0\u010dem \u017eije a to se mu nel\u00edbilo.<\/p>\n<p>\u00a7 260 (nov\u011b \u00a7403) TZ o \u201epropagaci a podpo\u0159e\u201c v trestn\u00edm z\u00e1kon\u00edku zavedla Zemanova vl\u00e1da a\u017e v roce 2000. V tichosti, snad by si snad b\u011b\u017en\u00fd ob\u010dan nev\u0161iml. Hajlujou p\u0159ece jenom hnus\u00e1ci, zmetci a hajzlov\u00e9 a to vy, v\u00e1\u017een\u00ed ob\u010dan\u00e9 ur\u010dit\u011b nejste. Kdo je slu\u0161n\u00fd, je pro z\u00e1kaz propagacen a zav\u00edr\u00e1n\u00ed spoluob\u010dan\u016f za to, \u017ee n\u011bkde n\u011bco pl\u00e1cnou, proto\u017ee \u0159\u00e1dn\u00fd ob\u010dan se nem\u00e1 \u010deho b\u00e1t. To se nem\u011bl ani za nacismu. M\u00e1me tu mno\u017estv\u00ed r\u016fzn\u00fdch \u00fatlocitn\u00fdch lid\u00ed. Nap\u0159\u00edklad \u017eidovskou komunitu, mezin\u00e1rodn\u00ed \u017eidovsk\u00e9 hnut\u00ed, kter\u00e9 maj\u00ed na na\u0161i vl\u00e1du zjevn\u011b daleko vet\u0161i vliv ne\u017e vlastn\u00ed ob\u010dan\u00e9. A dal\u0161\u00ed lidi, pokrytce, kte\u0159\u00ed by r\u00e1di obchodovali s holocaustem a parazitovali na nezm\u011brn\u00e9m ne\u0161t\u011bst\u00ed \u017eid\u016f poslan\u00fdch do koncentr\u00e1k\u016f, ale p\u0159itom sv\u00fdm bli\u017en\u00edm d\u011blaj\u00ed to sam\u00e9. A pak \u017ee nen\u00ed mezin\u00e1rodn\u00ed \u017eidovsk\u00e9 spiknut\u00ed. Vy jako norm\u00e1ln\u00ed ob\u010dan m\u016f\u017eete j\u00edt tak akor\u00e1t do prdele, proto\u017ee vy mus\u00edte \u017emoulat r\u00e1diovku a na v\u00e1\u0161 \u00fatlocit, t\u0159eba z toho, \u017ee p\u0159i inflaci ztrat\u00edte t\u0159etinu \u00faspor, nen\u00ed nikdo zv\u011bdavej. Z pohledu trestn\u00edho pr\u00e1va jsem ale byl a st\u00e1le jsem zcela nevinn\u00fd. To pro v\u0161echny ty sprost\u00e9 pokryteck\u00e9 kret\u00e9ny, kte\u0159\u00ed by z toho z d\u016fvodu vlastn\u00edch mindr\u00e1k\u016f a frustrace cht\u011bli d\u011blat cokoli si usmysl\u00ed, \u017ee se jim zrovna hod\u00ed.<\/p>\n<p>Chlapci na m\u011b \u010dekali za rohem a byli notn\u011b vyd\u011b\u0161eni. Kurva, pro\u010d jsi to d\u011blal, vole? To byl jen takov\u00fd n\u00e1pad. A n\u00e1pad se v\u011bru vyplatil! Od t\u00e9 doby nastala n\u00e1padn\u00e1 zm\u011bna re\u017eimu, v\u0161ichni n\u00e1s nechali na pokoji, \u017e\u00e1dn\u00e1 buzerace ani n\u00e1znakem, m\u011bli jsme klid. \u017d\u00e1dn\u00e1 rozcvi\u010dka, \u017e\u00e1dn\u00e1 v\u00fduka vojensk\u00fdch p\u00ed\u010dovin. Dopoledne jsme se v\u00e1leli na kanapi, pak jsme si v klidu vstali na sn\u00eddani, hodili jsme sprchu, odpoledne mastili mari\u00e1\u0161 a\u017e do noci a po konci p\u0159ij\u00edma\u010de absolutn\u00ed volnost. Odchod v kolik jsem cht\u011bl, p\u0159\u00edchod v kolik jsem cht\u011bl. Nez\u00e1konn\u00e9 no\u0161en\u00ed civilu venku. Hosp\u016fdka, vedle koleje farmaceutick\u00e9 fakulty Kr\u00e1lov\u00e9hradeck\u00e9 univerzity. Jak by \u0159ekl doktor Honec \u2013 \u0161uk\u00e1n\u00ed, chlast\u00e1n\u00ed, studentky, karti\u010dky, hosp\u016fdky, filme\u010dky, v \u017eivot\u011b jsem nep\u0159e\u010detl tolik kn\u00ed\u017eek. Kvalita j\u00eddla obstojn\u00e1, spole\u010dnost vybran\u00e1, sedm\u00e1k medic\u00edny na st\u00e1tn\u00ed \u00fatraty. Nakonec jsem si je\u0161t\u011b vybral destinaci sv\u00e9ho um\u00edst\u011bn\u00ed. Pohoda jazz.<\/p>\n<p>Ale v\u00edte co? Tu pohodu jazz nevydr\u017eeli 3 kluci. V\u0161ichni t\u0159i byli po n\u011bkolika dnech odvezen\u00ed na psychiatrii s akutn\u00ed depres\u00ed, jednoho i s psychotick\u00fdmi p\u0159\u00edznaky (aka \u201eporuchou p\u0159izp\u016fsoben\u00ed\u201c), p\u0159i\u010dem\u017e jim sebrali \u0159idi\u010d\u00e1k a m\u011bli do\u017eivotn\u00ed probl\u00e9m, kter\u00fd by se jinak neobjevil. Jako vojensk\u00fd fel\u010dar a lapiduch jsem vid\u011bl celou spoustu kluk\u016f, jak se psychicky po p\u00e1r dnech na vojn\u011b zhroutili. Proto\u017ee je zav\u0159eli do krimin\u00e1lu a oni byli nevinn\u00ed. A nemysl\u00edm, si, \u017ee by to bylo kv\u016fli \u0161ikan\u011b i kdy\u017e ani to nelze vylou\u010dit. M\u00e9ho souseda na vojn\u011b \u0161ikanovali tak, \u017ee ho vyhodili z okna ve 2. pat\u0159e. Zlomen\u00e1 p\u00e1te\u0159, cel\u00fd \u017eivot v prdeli. Ani koruna od\u0161kodn\u00e9ho krom 2. stupn\u011b invalidn\u00edho d\u016fchodu. Ten mu te\u010f po letech sebrali. To je pro soudruha Macinku, kter\u00fd s\u00e1m na vojn\u011b ani nebyl, aby ten idiot v\u011bd\u011bl, do \u010deho jde.<\/p>\n<p>A pokud se v\u00e1m moje historky a n\u00e1zory nel\u00edbily, spus\u0165te shitstorm v\u00a0diskusi jako potvrzen\u00ed, \u017ee jsou pravdiv\u00e9.<\/p>\n<p><a href=\"https:\/\/dfens-cz.com\/jak-jsem-hajloval\/\"><em>Challenger<\/em><\/a><\/p>\n<p>&nbsp;<\/p>\n","protected":false},"excerpt":{"rendered":"<p>Pokra\u010duj\u00edc\u00ed komplot novin\u00e1\u0159sk\u00e9 soudru\u017eky Zd\u00ed\u0161i, kter\u00e1 m\u00e1 v\u00a0mozku asi 2 neurony p\u0159i\u010dem\u017e jeden je na&#8230;<\/p>\n","protected":false},"author":2,"featured_media":91175,"comment_status":"closed","ping_status":"closed","sticky":false,"template":"","format":"standard","meta":[],"categories":[6],"tags":[8978,1001,1503,2324,137,35,122],"_links":{"self":[{"href":"https:\/\/www.infokuryr.cz\/n\/wp-json\/wp\/v2\/posts\/91174"}],"collection":[{"href":"https:\/\/www.infokuryr.cz\/n\/wp-json\/wp\/v2\/posts"}],"about":[{"href":"https:\/\/www.infokuryr.cz\/n\/wp-json\/wp\/v2\/types\/post"}],"author":[{"embeddable":true,"href":"https:\/\/www.infokuryr.cz\/n\/wp-json\/wp\/v2\/users\/2"}],"replies":[{"embeddable":true,"href":"https:\/\/www.infokuryr.cz\/n\/wp-json\/wp\/v2\/comments?post=91174"}],"version-history":[{"count":1,"href":"https:\/\/www.infokuryr.cz\/n\/wp-json\/wp\/v2\/posts\/91174\/revisions"}],"predecessor-version":[{"id":91176,"href":"https:\/\/www.infokuryr.cz\/n\/wp-json\/wp\/v2\/posts\/91174\/revisions\/91176"}],"wp:featuredmedia":[{"embeddable":true,"href":"https:\/\/www.infokuryr.cz\/n\/wp-json\/wp\/v2\/media\/91175"}],"wp:attachment":[{"href":"https:\/\/www.infokuryr.cz\/n\/wp-json\/wp\/v2\/media?parent=91174"}],"wp:term":[{"taxonomy":"category","embeddable":true,"href":"https:\/\/www.infokuryr.cz\/n\/wp-json\/wp\/v2\/categories?post=91174"},{"taxonomy":"post_tag","embeddable":true,"href":"https:\/\/www.infokuryr.cz\/n\/wp-json\/wp\/v2\/tags?post=91174"}],"curies":[{"name":"wp","href":"https:\/\/api.w.org\/{rel}","templated":true}]}}