{"id":91153,"date":"2025-11-02T00:18:06","date_gmt":"2025-11-01T23:18:06","guid":{"rendered":"https:\/\/www.infokuryr.cz\/n\/?p=91153"},"modified":"2025-11-01T09:57:59","modified_gmt":"2025-11-01T08:57:59","slug":"ochrana-deti-jako-zaminka-eu-chce-kontrolu-ne-peci","status":"publish","type":"post","link":"https:\/\/www.infokuryr.cz\/n\/2025\/11\/02\/ochrana-deti-jako-zaminka-eu-chce-kontrolu-ne-peci\/","title":{"rendered":"Ochrana d\u011bt\u00ed jako z\u00e1minka \u2013 EU chce kontrolu, ne p\u00e9\u010di"},"content":{"rendered":"<div id=\"fb-root\"><\/div>\n<p><span dir=\"auto\">Pod ne\u0161kodnou rou\u0161kou\u00a0<\/span><em><span dir=\"auto\">\u201e\u00a0<\/span><a href=\"https:\/\/breakingthenews.net\/Article\/EU-seeks-info-on-minors'-safety-from-Big-Tech\/64960552\" target=\"_blank\" rel=\"noreferrer noopener\" data-type=\"link\" data-id=\"https:\/\/breakingthenews.net\/Article\/EU-seeks-info-on-minors'-safety-from-Big-Tech\/64960552\"><span dir=\"auto\">ochrany nezletil\u00fdch online<\/span><\/a><span dir=\"auto\">\u00a0\u201c<\/span><\/em><span dir=\"auto\">\u00a0Evropsk\u00e1 komise hluboce zasahuje do digit\u00e1ln\u00edho soukrom\u00ed. To, co web\u00a0<\/span><em><span dir=\"auto\">Breaking the News<\/span><\/em><span dir=\"auto\">\u00a0popisuje jako \u201e\u017e\u00e1dost adresovanou velk\u00fdm technologick\u00fdm firm\u00e1m\u201c, je ve skute\u010dnosti dal\u0161\u00edm krokem v komplexn\u00edm programu\u00a0<\/span><strong><span dir=\"auto\">monitorov\u00e1n\u00ed chov\u00e1n\u00ed mlad\u00fdch u\u017eivatel\u016f<\/span><\/strong><span dir=\"auto\">\u00a0.<\/span><\/p>\n<h3 class=\"wp-block-heading\"><strong><span dir=\"auto\">Ofici\u00e1ln\u00ed: P\u00e9\u010de<\/span><\/strong><\/h3>\n<p><span dir=\"auto\">Podle Bruselu m\u00e1 tento krok slou\u017eit\u00a0<\/span><em><span dir=\"auto\">blahu d\u011bt\u00ed<\/span><\/em><span dir=\"auto\">\u00a0.<\/span><br \/>\n<span dir=\"auto\">Platformy jako YouTube, TikTok a Snapchat budou po\u017e\u00e1d\u00e1ny o zve\u0159ejn\u011bn\u00ed&#8230;<\/span><\/p>\n<ul>\n<li><span dir=\"auto\">jak jejich algoritmy ovliv\u0148uj\u00ed mlad\u00e9 lidi<\/span><\/li>\n<li><span dir=\"auto\">kter\u00e1 data analyzuj\u00ed<\/span><\/li>\n<li><span dir=\"auto\">a jak \u00fadajn\u011b \u201ezabra\u0148uj\u00ed n\u00e1vykov\u00e9mu chov\u00e1n\u00ed\u201c.<\/span><\/li>\n<\/ul>\n<p><span dir=\"auto\">To zn\u00ed jako zodpov\u011bdnost \u2013 ale ka\u017ed\u00fd, kdo se pod\u00edv\u00e1 pozorn\u011bji, si uv\u011bdom\u00ed:<\/span><br \/>\n<span dir=\"auto\">Nejde o ochranu, ale o\u00a0<\/span><strong><span dir=\"auto\">p\u0159\u00edstup k dat\u016fm a regula\u010dn\u00ed pravomoc<\/span><\/strong><span dir=\"auto\">\u00a0.<\/span><\/p>\n<h3 class=\"wp-block-heading\"><strong><span dir=\"auto\">Neofici\u00e1ln\u011b: Moc nad daty<\/span><\/strong><\/h3>\n<p><span dir=\"auto\">Jakmile budou platformy povinny zve\u0159ej\u0148ovat, jak jejich syst\u00e9my ovliv\u0148uj\u00ed u\u017eivatele,<\/span><br \/>\n<span dir=\"auto\">Evropsk\u00e1 komise z\u00edsk\u00e1\u00a0<\/span><strong><span dir=\"auto\">p\u0159\u00edm\u00fd vhled do chov\u00e1n\u00ed milion\u016f mlad\u00fdch Evropan\u016f<\/span><\/strong><span dir=\"auto\">\u00a0.<\/span><br \/>\n<span dir=\"auto\">Co se jim l\u00edb\u00ed, co se vyhled\u00e1v\u00e1, co se sd\u00edl\u00ed \u2013 to v\u0161e jsou data, kter\u00e1 jdou daleko za hranice \u201eochrany d\u011bt\u00ed\u201c.<\/span><\/p>\n<p><span dir=\"auto\">Takov\u00e9 informace jsou\u00a0<\/span><strong><span dir=\"auto\">neoceniteln\u00e9<\/span><\/strong><span dir=\"auto\">\u00a0\u2013 pro politiku, obchod i bezpe\u010dnostn\u00ed org\u00e1ny.<\/span><\/p>\n<p><span dir=\"auto\">Pod rou\u0161kou p\u00e9\u010de se vytv\u00e1\u0159\u00ed mechanismus,<\/span><br \/>\n<span dir=\"auto\">kter\u00fd umo\u017e\u0148uje m\u011b\u0159itelnost\u00a0<\/span><strong><span dir=\"auto\">digit\u00e1ln\u00edch n\u00e1vyk\u016f, emocion\u00e1ln\u00edch reakc\u00ed a soci\u00e1ln\u00edch vzorc\u016f<\/span><\/strong><span dir=\"auto\">\u00a0\u2013<\/span><br \/>\n<span dir=\"auto\">a t\u00edm\u00a0poskytuje\u00a0<\/span><strong><span dir=\"auto\">z\u00e1klad pro \u0159\u00edzen\u00ed a kontrolu .<\/span><\/strong><\/p>\n<h3 class=\"wp-block-heading\"><strong><span dir=\"auto\">Vzor se opakuje.<\/span><\/strong><\/h3>\n<p><span dir=\"auto\">A\u0165 u\u017e jde o\u00a0<\/span><strong><span dir=\"auto\">digit\u00e1ln\u00ed identifika\u010dn\u00ed \u00fadaje<\/span><\/strong><span dir=\"auto\">\u00a0,\u00a0<\/span><strong><span dir=\"auto\">datovou strategii EU<\/span><\/strong><span dir=\"auto\">\u00a0nebo nyn\u00ed\u00a0<\/span><strong><span dir=\"auto\">z\u00e1kon o digit\u00e1ln\u00edch slu\u017eb\u00e1ch (DSA)<\/span><\/strong><span dir=\"auto\">\u00a0:<\/span><br \/>\n<span dir=\"auto\">mottem je v\u017edy \u201ebezpe\u010dnost prost\u0159ednictv\u00edm transparentnosti\u201c \u2013<\/span><br \/>\n<span dir=\"auto\">a nakonec to v\u017edy znamen\u00e1\u00a0<\/span><strong><span dir=\"auto\">v\u00edce p\u0159\u00edstupu, m\u00e9n\u011b soukrom\u00ed<\/span><\/strong><span dir=\"auto\">\u00a0.<\/span><\/p>\n<p><span dir=\"auto\">Dokonce i zast\u00e1nci ochrany osobn\u00edch \u00fadaj\u016f nyn\u00ed varuj\u00ed:<\/span><\/p>\n<p><em><span dir=\"auto\">DSA by se mohla st\u00e1t branou pro nov\u00e9 formy st\u00e1tn\u00edho dohledu \u2013<\/span><\/em><br \/>\n<em><span dir=\"auto\">maskovan\u00e9 jako ochrann\u00fd program.<\/span><\/em><\/p>\n<h3 class=\"wp-block-heading\"><strong><span dir=\"auto\">Z\u00e1v\u011br<\/span><\/strong><\/h3>\n<p><span dir=\"auto\">EU vyu\u017e\u00edv\u00e1 narativ ochrany d\u011bt\u00ed k\u00a0<\/span><strong><span dir=\"auto\">otev\u0159en\u00ed datov\u00fdch prostor\u016f, kter\u00e9 byly d\u0159\u00edve soukrom\u00e9<\/span><\/strong><span dir=\"auto\">\u00a0.<\/span><br \/>\n<span dir=\"auto\">V\u00fdsledkem nen\u00ed v\u011bt\u0161\u00ed bezpe\u010dnost, ale\u00a0<\/span><strong><span dir=\"auto\">v\u011bt\u0161\u00ed kontrola<\/span><\/strong><span dir=\"auto\">\u00a0.<\/span><br \/>\n<span dir=\"auto\">Nejde o obavy \u2013 jde o\u00a0<\/span><strong><span dir=\"auto\">p\u0159\u00edstup k syst\u00e9mu<\/span><\/strong><span dir=\"auto\">\u00a0.<\/span><\/p>\n<p><span dir=\"auto\">To, co se prod\u00e1v\u00e1 jako p\u00e9\u010de, je ve skute\u010dnosti dal\u0161\u00edm krokem k\u00a0<\/span><strong><span dir=\"auto\">digit\u00e1ln\u011b regulovan\u00e9 spole\u010dnosti<\/span><\/strong><span dir=\"auto\">\u00a0.<\/span><br \/>\n<span dir=\"auto\">Z\u00e1sadn\u00ed ot\u00e1zkou proto je:<\/span><\/p>\n<p><em><span dir=\"auto\">Kdo chr\u00e1n\u00ed d\u011bti \u2013 kdy\u017e je st\u00e1t t\u00edm, kdo je sleduje?<\/span><\/em><\/p>\n<p><img decoding=\"async\" loading=\"lazy\" class=\"alignnone size-full wp-image-1185\" src=\"http:\/\/www.infokuryr.cz\/n\/wp-content\/uploads\/2021\/04\/kuryr-podpis.png\" alt=\"\" width=\"84\" height=\"24\" \/><\/p>\n<p>&nbsp;<\/p>\n","protected":false},"excerpt":{"rendered":"<p>Pod ne\u0161kodnou rou\u0161kou\u00a0\u201e\u00a0ochrany nezletil\u00fdch online\u00a0\u201c\u00a0Evropsk\u00e1 komise hluboce zasahuje do digit\u00e1ln\u00edho soukrom\u00ed. To, co web\u00a0Breaking the&#8230;<\/p>\n","protected":false},"author":2,"featured_media":91154,"comment_status":"closed","ping_status":"closed","sticky":false,"template":"","format":"standard","meta":[],"categories":[7],"tags":[245,41,647,2320],"_links":{"self":[{"href":"https:\/\/www.infokuryr.cz\/n\/wp-json\/wp\/v2\/posts\/91153"}],"collection":[{"href":"https:\/\/www.infokuryr.cz\/n\/wp-json\/wp\/v2\/posts"}],"about":[{"href":"https:\/\/www.infokuryr.cz\/n\/wp-json\/wp\/v2\/types\/post"}],"author":[{"embeddable":true,"href":"https:\/\/www.infokuryr.cz\/n\/wp-json\/wp\/v2\/users\/2"}],"replies":[{"embeddable":true,"href":"https:\/\/www.infokuryr.cz\/n\/wp-json\/wp\/v2\/comments?post=91153"}],"version-history":[{"count":0,"href":"https:\/\/www.infokuryr.cz\/n\/wp-json\/wp\/v2\/posts\/91153\/revisions"}],"wp:featuredmedia":[{"embeddable":true,"href":"https:\/\/www.infokuryr.cz\/n\/wp-json\/wp\/v2\/media\/91154"}],"wp:attachment":[{"href":"https:\/\/www.infokuryr.cz\/n\/wp-json\/wp\/v2\/media?parent=91153"}],"wp:term":[{"taxonomy":"category","embeddable":true,"href":"https:\/\/www.infokuryr.cz\/n\/wp-json\/wp\/v2\/categories?post=91153"},{"taxonomy":"post_tag","embeddable":true,"href":"https:\/\/www.infokuryr.cz\/n\/wp-json\/wp\/v2\/tags?post=91153"}],"curies":[{"name":"wp","href":"https:\/\/api.w.org\/{rel}","templated":true}]}}