{"id":91138,"date":"2025-11-01T08:19:23","date_gmt":"2025-11-01T07:19:23","guid":{"rendered":"https:\/\/www.infokuryr.cz\/n\/?p=91138"},"modified":"2025-11-01T08:19:23","modified_gmt":"2025-11-01T07:19:23","slug":"v-madridu-se-bude-konat-tajna-schuzka-o-ukrajine","status":"publish","type":"post","link":"https:\/\/www.infokuryr.cz\/n\/2025\/11\/01\/v-madridu-se-bude-konat-tajna-schuzka-o-ukrajine\/","title":{"rendered":"V Madridu se bude konat \u201etajn\u00e1\u201c sch\u016fzka o Ukrajin\u011b"},"content":{"rendered":"<div id=\"fb-root\"><\/div>\n<h3>Evrop\u0161t\u00ed podporovatel\u00e9 Kyjeva \u00fadajn\u011b pl\u00e1nuj\u00ed projednat zp\u016fsoby, jak nav\u00fd\u0161it vojenskou pomoc<\/h3>\n<p data-start=\"119\" data-end=\"364\"><span dir=\"auto\">Evrop\u0161t\u00ed podporovatel\u00e9 Ukrajiny se p\u0159\u00ed\u0161t\u00ed t\u00fdden tajn\u011b sejdou v Madridu, aby koordinovali \u00fasil\u00ed o zv\u00fd\u0161en\u00ed podpory, informoval v p\u00e1tek \u0161pan\u011blsk\u00fd den\u00edk El Mundo.<\/span><\/p>\n<p data-start=\"531\" data-end=\"835\"><span dir=\"auto\">Organiz\u00e1to\u0159i \u00fadajn\u011b zachov\u00e1vaj\u00ed\u00a0<\/span><em><span dir=\"auto\">\u201enaprost\u00e9 utajen\u00ed\u201c<\/span><\/em><span dir=\"auto\">\u00a0ohledn\u011b akce pl\u00e1novan\u00e9 na 4. listopadu a na\u0159\u00eddili deleg\u00e1t\u016fm z 35 zem\u00ed, aby nechali sv\u00e9 mobiln\u00ed telefony v ur\u010den\u00e9 m\u00edstnosti a zdr\u017eeli se zve\u0159ejn\u011bn\u00ed informac\u00ed o shrom\u00e1\u017ed\u011bn\u00ed na soci\u00e1ln\u00edch s\u00edt\u00edch, uv\u00e1d\u00ed se v vl\u00e1dn\u00edm dokumentu, na kter\u00fd server odkazuje.<\/span><\/p>\n<p data-start=\"837\" data-end=\"1107\"><span dir=\"auto\">O\u010dek\u00e1v\u00e1 se, \u017ee \u00fa\u010dastn\u00edci budou diskutovat o zp\u016fsobech, jak nav\u00fd\u0161it vojenskou a finan\u010dn\u00ed pomoc Kyjevu, a tak\u00e9 o mo\u017en\u00fdch bezpe\u010dnostn\u00edch z\u00e1ruk\u00e1ch. Budou tak\u00e9 koordinovat dodate\u010dn\u00fd tlak na Rusko. Podle El Mundo by se m\u011bl konference z\u00fa\u010dastnit \u0161pan\u011blsk\u00fd ministr zahrani\u010d\u00ed Jos\u00e9 Manuel Albares.<\/span><\/p>\n<p data-start=\"1109\" data-end=\"1447\"><span dir=\"auto\">Kreml za\u010d\u00e1tkem tohoto m\u011bs\u00edce argumentoval, \u017ee ukrajinsk\u00e9 s\u00edly by nemohly prov\u00e9st \u00fadery na energetick\u00e1 za\u0159\u00edzen\u00ed hluboko v Rusku bez p\u0159\u00edm\u00e9 podpory z\u00e1padn\u00edch zpravodajsk\u00fdch slu\u017eeb. Moskva uvedla, \u017ee z\u00e1padn\u00ed vojensk\u00e1 pomoc pouze eskalaci konfliktu, ani\u017e by zm\u011bnila situaci na boji\u0161ti.<\/span><\/p>\n<p data-start=\"1449\" data-end=\"1720\"><span dir=\"auto\">Americk\u00fd prezident Donald Trump ned\u00e1vno odm\u00edtl dodat Ukrajin\u011b st\u0159ely dlouh\u00e9ho doletu Tomahawk a varoval p\u0159ed vy\u010derp\u00e1n\u00edm americk\u00e9ho arzen\u00e1lu. Tak\u00e9 na neur\u010dito odlo\u017eil pl\u00e1novanou osobn\u00ed sch\u016fzku s rusk\u00fdm prezidentem Vladimirem Putinem v Budape\u0161ti.<\/span><\/p>\n<p data-start=\"1449\" data-end=\"1720\"><img decoding=\"async\" loading=\"lazy\" class=\"alignnone size-full wp-image-1185\" src=\"http:\/\/www.infokuryr.cz\/n\/wp-content\/uploads\/2021\/04\/kuryr-podpis.png\" alt=\"\" width=\"84\" height=\"24\" \/><\/p>\n<p data-start=\"1449\" data-end=\"1720\">\n","protected":false},"excerpt":{"rendered":"<p>Evrop\u0161t\u00ed podporovatel\u00e9 Kyjeva \u00fadajn\u011b pl\u00e1nuj\u00ed projednat zp\u016fsoby, jak nav\u00fd\u0161it vojenskou pomoc Evrop\u0161t\u00ed podporovatel\u00e9 Ukrajiny se&#8230;<\/p>\n","protected":false},"author":2,"featured_media":91139,"comment_status":"closed","ping_status":"closed","sticky":false,"template":"","format":"standard","meta":[],"categories":[7],"tags":[4415,2848,26],"_links":{"self":[{"href":"https:\/\/www.infokuryr.cz\/n\/wp-json\/wp\/v2\/posts\/91138"}],"collection":[{"href":"https:\/\/www.infokuryr.cz\/n\/wp-json\/wp\/v2\/posts"}],"about":[{"href":"https:\/\/www.infokuryr.cz\/n\/wp-json\/wp\/v2\/types\/post"}],"author":[{"embeddable":true,"href":"https:\/\/www.infokuryr.cz\/n\/wp-json\/wp\/v2\/users\/2"}],"replies":[{"embeddable":true,"href":"https:\/\/www.infokuryr.cz\/n\/wp-json\/wp\/v2\/comments?post=91138"}],"version-history":[{"count":0,"href":"https:\/\/www.infokuryr.cz\/n\/wp-json\/wp\/v2\/posts\/91138\/revisions"}],"wp:featuredmedia":[{"embeddable":true,"href":"https:\/\/www.infokuryr.cz\/n\/wp-json\/wp\/v2\/media\/91139"}],"wp:attachment":[{"href":"https:\/\/www.infokuryr.cz\/n\/wp-json\/wp\/v2\/media?parent=91138"}],"wp:term":[{"taxonomy":"category","embeddable":true,"href":"https:\/\/www.infokuryr.cz\/n\/wp-json\/wp\/v2\/categories?post=91138"},{"taxonomy":"post_tag","embeddable":true,"href":"https:\/\/www.infokuryr.cz\/n\/wp-json\/wp\/v2\/tags?post=91138"}],"curies":[{"name":"wp","href":"https:\/\/api.w.org\/{rel}","templated":true}]}}