{"id":91136,"date":"2025-11-01T08:16:36","date_gmt":"2025-11-01T07:16:36","guid":{"rendered":"https:\/\/www.infokuryr.cz\/n\/?p=91136"},"modified":"2025-11-01T08:16:36","modified_gmt":"2025-11-01T07:16:36","slug":"jindrich-kulhavy-stekot-hyen","status":"publish","type":"post","link":"https:\/\/www.infokuryr.cz\/n\/2025\/11\/01\/jindrich-kulhavy-stekot-hyen\/","title":{"rendered":"Jind\u0159ich Kulhav\u00fd: \u0160t\u011bkot hyen"},"content":{"rendered":"<div id=\"fb-root\"><\/div>\n<p><span class=\"anotation\">Star\u00e1 vl\u00e1da je\u0161t\u011b neskon\u010dila, o \u010dem\u017e sv\u011bd\u010d\u00ed n\u00e1kup n\u00e1bytku ministrem vnitra Raku\u0161anem za 230 milion\u016f korun pro resort j\u00edm spravovan\u00fd t\u011bsn\u011b p\u0159ed pod\u00e1n\u00edm demise, co\u017e je p\u0159i d\u00ed\u0159e v\u00a0pr\u00e1zdn\u00e9 kase dal\u0161\u00ed \u201emajstr\u0161tyk\u201c, a n\u00e1s by jen tak mimochodem zaj\u00edmalo, kolik to komu \u201ehodilo\u201c bokem. ODS se zab\u00fdv\u00e1 sama sebou a \u0159e\u0161\u00ed p\u0159\u00ed\u0161t\u00edho v\u016fdce zlod\u011bjsk\u00e9 sme\u010dky, pr\u00e1ci za ni odv\u00e1d\u00ed m\u00e9dia. Ke klidu je daleko.<\/span><\/p>\n<div id=\"pagetext\">\n<p>\u00a0 Hon na Babi\u0161e, Turka, Macinku \u010di Okamuru pokra\u010duje a bude je\u0161t\u011b gradovat. \u00dakol pro m\u00e9dia zn\u00ed jasn\u011b. U\u0161tvat! A nutno konstatovat. \u017de nov\u00fd premi\u00e9r m\u00e1 p\u0159ed sebou t\u011b\u017ek\u00fd \u00fakol. Kohokoliv jmenuje do ministersk\u00e9 pozice, bude mu vy\u010d\u00edt\u00e1n. Zat\u00edm je m\u00ed\u0159eno pouze na SPD a Motoristy, jde o jednodu\u0161\u0161\u00ed ter\u010de. Uv\u011bdom\u011bn\u00ed si rizik spojen\u00fdch s\u00a0p\u0159eru\u0161en\u00edm mnoha pen\u011bzovod\u016f vyu\u017e\u00edvan\u00fdch politick\u00fdm neziskov\u00fdm sektorem, do n\u011bho\u017e pat\u0159\u00ed r\u016fzn\u00e9 proukrajinsk\u00e9 spolky, zelenoteroristick\u00e9 iniciativy a soro\u0161ovsk\u00e9 skvadry, vede k\u00a0mohutn\u00e9mu odboji struktur saj\u00edc\u00edch obrovsk\u00e9 \u010d\u00e1stky z\u00a0n\u00e1rodn\u00edho rozpo\u010dtu. Nyn\u00ed p\u0159\u00edrodov\u011bdeck\u00e1 vsuvka. V\u00edte, pro\u010d v pr\u016fmyslov\u00fdch sklen\u00edc\u00edch rostou dob\u0159e rostliny? Proto\u017ee jsou v\u00a0nich vyu\u017e\u00edv\u00e1ny gener\u00e1tory CO2 funguj\u00edc\u00ed na principu spalov\u00e1n\u00ed plynu. P\u0159\u00edroda tento plyn pot\u0159ebuje, zat\u00edmco Leyenov\u00e1 ho chce vyt\u011bsnit pomoc\u00ed Green Dealu a emisn\u00edch povolenek. P\u0159itom bez n\u011bj p\u0159\u00edroda um\u0159e.<\/p>\n<p>Zp\u011bt k\u00a0d\u011bn\u00ed u n\u00e1s. Kon\u010d\u00edc\u00ed P\u011btikoalice a jej\u00ed p\u0159edstavitel\u00e9 (Pir\u00e1ti jsou st\u00e1le jej\u00ed sou\u010d\u00e1st\u00ed) se chov\u00e1 na pora\u017een\u00e9 neskute\u010dn\u011b. Neust\u00e1le sly\u0161\u00edme z\u00a0t\u00e9to strany n\u011bjak\u00e9 po\u017eadavky a podm\u00ednky, p\u0159\u00edpadn\u011b hrozby. Okamuru jako p\u0159edsedu Sn\u011bmovny nebudou respektovat, p\u0159esto\u017ee p\u0159edch\u016fdkyn\u00ed byla hloup\u00e1 a arogantn\u00ed prodava\u010dka mobil\u016f Pekarov\u00e1 Adamov\u00e1. Ta byla velmi plodnou v\u00a0hled\u00e1n\u00ed zp\u016fsob\u016f, jak vyt\u011bsnit tehdej\u0161\u00ed opozici z\u00a0jedn\u00e1n\u00ed poslanc\u016f. B\u00e1jnou se stala v\u011bta hovo\u0159\u00edc\u00ed o tom, \u017ee men\u0161inov\u00e1 opozice m\u00e1 pouze \u0161oupat nohama. Proti Tomiovi vystupuje i krysa v\u00a0rodin\u011b a jeho bratr v\u00a0jednom. STAN dokonce navrhuj\u00ed sv\u00e9ho p\u0159edsedu a Richterov\u00e1 z\u00a0Pir\u00e1t\u016f zase k\u0148our\u00e1, \u017ee nemaj\u00ed m\u00edstop\u0159edsedu a ani \u017e\u00e1dn\u00e9 dal\u0161\u00ed parlamentn\u00ed funkce. P\u0159itom pr\u00e1v\u011b SPD byla 4 roky vylou\u010dena podobn\u00fdm zp\u016fsobem z\u00a0d\u011bn\u00ed ve veden\u00ed Sn\u011bmovny. Kde se bere ta drzost u Pir\u00e1t\u016f a STAN?<\/p>\n<p>Raku\u0161an sestavuje t\u00fdm odborn\u00edk\u016f maj\u00edc\u00edch dohl\u00ed\u017eet na \u010dinnost vl\u00e1dy. \u0160koda, \u017ee ty odborn\u00edky nem\u011bli d\u0159\u00edve a st\u00e1t vedli naprost\u00ed amat\u00e9\u0159i. \u010cty\u0159i roky jsme poslouchali neskute\u010dn\u00e9 mno\u017estv\u00ed l\u017e\u00ed, ideologick\u00fdch nesmysl\u016f a republika byla plundrov\u00e1na zevnit\u0159 i zvenku. V\u0161echny ekonomick\u00e9 ukazatele jasn\u011b sv\u011bd\u010d\u00ed o tom, \u017ee Fialova vl\u00e1da n\u00e1s extr\u00e9mn\u011b zadlu\u017eila, mezin\u00e1rodn\u011b znemo\u017enila a nakreslila na mapu \u010cR ter\u010d pro p\u0159\u00edpad, \u017ee by vy\u0161ly snahy o za\u010d\u00e1tek v\u00e1lky s\u00a0Ruskou federac\u00ed. Jak mohou \u00fa\u010dastn\u00edci kauz Kampeli\u010dka, IKEM, Dozimetr, Bitcoiny a p\u0159emis\u0165ovatel\u00e9 n\u00e1rodn\u00edho bohatstv\u00ed na Ukrajinu cht\u00edt n\u011bkoho hl\u00eddat, kdy\u017e sami kradli v\u00a0opravdu velk\u00e9m? Kolik Klok\u00e1nk\u016f by se jen za n\u00e1bytek nakoupen\u00fd Raku\u0161anem \u010di za pen\u00edze vyh\u00e1zen\u00e9 \u010cernochovou za p\u0159edra\u017een\u00e9 zbrojn\u00ed zak\u00e1zky postavilo? A zbylo by i na Domovy senior\u016f.<\/p>\n<p>Zahrani\u010dn\u00ed politika byla z\u00a0posledn\u00ed obdob\u00ed tragick\u00e1. Nedosp\u011bl\u00e9 st\u0159evo ve funkci ministra zahrani\u010d\u00ed nenav\u0161t\u00edvilo jedinou velmoc, kter\u00e1 by se mohla v\u00a0bl\u00edzk\u00e9 budoucnosti st\u00e1t sv\u011btov\u00fdm l\u00eddrem. M\u00edsto toho zap\u00e1ch\u00e1 od postu nejv\u011bt\u0161\u00edho evropsk\u00e9ho \u0159i\u0165olezce, ostatn\u011b jm\u00e9no j\u00edm adorovan\u00e9 Leyenov\u00e9 tak\u00e9 o n\u011b\u010dem ve sv\u00e9 podobnosti s\u00a0lejnem n\u011bco napov\u00edd\u00e1. Lipavsk\u00fd postavil svou r\u00e9toriku na proukrajinsk\u00e9 a protirusk\u00e9 hysterii, a i po opu\u0161t\u011bn\u00ed Pir\u00e1t\u016f d\u011blal v\u0161e proto, aby degradace \u010desk\u00e9 diplomacie v\u00e1zan\u00e9 na Brusel dos\u00e1hla nejv\u011bt\u0161\u00edho bahna. V\u00a0tuto chv\u00edli vn\u00edm\u00e1me z\u00a0pir\u00e1tsk\u00e9 bu\u0148ky dal\u0161\u00ed import mladistv\u00fdch politick\u00fdch troll\u016f a jejich postpubert\u00e1ln\u00ed poslankyn\u011b Demetrashvili se pt\u00e1, jak nov\u00e1 vl\u00e1da zajist\u00ed bezpe\u010dnost v\u00a0\u010cesk\u00e9 republice. Mil\u00e1 sle\u010dno, t\u0159eba tak, \u017ee sem nepust\u00edme Va\u0161eho otce a ukrajinsk\u00e9ho odst\u0159elova\u010de, p\u0159\u00edpadn\u011b dal\u0161\u00ed migranty, z\u00a0nich\u017e jedn\u00edm jste i Vy.<\/p>\n<p>Z\u00a0Top09 se nejv\u00edce oz\u00fdv\u00e1 b\u00fdval\u00fd jej\u00ed p\u0159edseda a n\u00e1kup\u010d\u00ed ciz\u00edch d\u011bt\u00ed, moment\u00e1ln\u011b na mate\u0159sk\u00e9, tedy Posp\u00ed\u0161il. I on m\u00e1 za sebou p\u00e1r dal\u0161\u00edch kauz a je s\u00a0podivem, \u017ee si je\u0161t\u011b dovoluje se pohybovat po politick\u00e9 sc\u00e9n\u011b. Mezit\u00edm europoslanci Top09, STAN a Pir\u00e1t\u016f maxim\u00e1ln\u011b \u0161kod\u00ed \u010cR na evropsk\u00e9m kolbi\u0161ti a tvrdohlav\u011b stoj\u00ed za Leyenovou. ODS se zdr\u017euje hlasov\u00e1n\u00ed a ni\u010demu moc nepom\u00e1h\u00e1, tedy ani na\u0161\u00ed lep\u0161\u00ed budoucnosti. P\u0159es v\u0161e v\u00fd\u0161e uveden\u00e9 jsou nejv\u011bt\u0161\u00ed rizikem pro novou vl\u00e1du m\u00e9dia. P\u0159i ignoraci kauz kolem Fialy, Raku\u0161ana, Posp\u00ed\u0161ila, H\u0159iba a dal\u0161\u00edch p\u0159ed\u00e1k\u016f P\u011btikoalice se s\u00a0neb\u00fdvalou intenzitou pustila do dehonestace Motorist\u016f i ji\u017e d\u00e9le trvaj\u00edc\u00ed nen\u00e1visti v\u016f\u010di SPD a ANO. Rozd\u00edl v\u00a0p\u0159\u00edstupu ke kon\u010d\u00edc\u00ed vl\u00e1d\u011b a t\u00e9 sou\u010dasn\u00e9 je obrovsk\u00fd. Po likvidaci ambic\u00ed hnut\u00ed STA\u010cILO a velmi podez\u0159el\u00e9m n\u00e1hl\u00e9m \u00fabytku voli\u010d\u016f, respektive rozd\u00edlu mezi odhadem a realitou (po\u0159\u00e1d nev\u011b\u0159\u00edme v\u00a0poctivost voleb), se m\u00e9dia zam\u011b\u0159ila na rozklad vznikaj\u00edc\u00ed koalice.<\/p>\n<p>Role Hradu bude tak\u00e9 je\u0161t\u011b v\u00fdznamn\u00e1 a rozhodn\u011b p\u0159edev\u0161\u00edm destruktivn\u00ed. \u010cek\u00e1 n\u00e1s je\u0161t\u011b drsn\u00fd podzim a jen skute\u010dn\u011b siln\u00fd l\u00eddr nov\u00e9 vl\u00e1dy m\u00e1 \u0161anci to v\u0161e ust\u00e1t. Hyen je mnohem v\u00edce ne\u017e lv\u016f. Jen\u017ee\u2026.pokud se n\u00e1rod za ty lvy postav\u00ed, jen tak budeme m\u00edt \u0161anci, \u017ee se Fiala, Raku\u0161an &amp; spol. nevr\u00e1t\u00ed. A to je nyn\u00ed podstatn\u00e9.<\/p>\n<p><a href=\"https:\/\/www.inadhled.live\/uvaha-dne\/stekot-hyen\/\">Jind\u0159ich Kulhav\u00fd<\/a><\/p>\n<p><img decoding=\"async\" loading=\"lazy\" class=\"alignnone size-full wp-image-48136\" src=\"http:\/\/www.infokuryr.cz\/n\/wp-content\/uploads\/2024\/02\/kulhavy-jindrich.jpg\" alt=\"\" width=\"219\" height=\"221\" srcset=\"https:\/\/www.infokuryr.cz\/n\/wp-content\/uploads\/2024\/02\/kulhavy-jindrich.jpg 219w, https:\/\/www.infokuryr.cz\/n\/wp-content\/uploads\/2024\/02\/kulhavy-jindrich-150x150.jpg 150w\" sizes=\"(max-width: 219px) 100vw, 219px\" \/><\/p>\n<p>&nbsp;<\/p>\n<\/div>\n","protected":false},"excerpt":{"rendered":"<p>Star\u00e1 vl\u00e1da je\u0161t\u011b neskon\u010dila, o \u010dem\u017e sv\u011bd\u010d\u00ed n\u00e1kup n\u00e1bytku ministrem vnitra Raku\u0161anem za 230 milion\u016f&#8230;<\/p>\n","protected":false},"author":2,"featured_media":91137,"comment_status":"closed","ping_status":"closed","sticky":false,"template":"","format":"standard","meta":[],"categories":[6],"tags":[1503,35,122,99],"_links":{"self":[{"href":"https:\/\/www.infokuryr.cz\/n\/wp-json\/wp\/v2\/posts\/91136"}],"collection":[{"href":"https:\/\/www.infokuryr.cz\/n\/wp-json\/wp\/v2\/posts"}],"about":[{"href":"https:\/\/www.infokuryr.cz\/n\/wp-json\/wp\/v2\/types\/post"}],"author":[{"embeddable":true,"href":"https:\/\/www.infokuryr.cz\/n\/wp-json\/wp\/v2\/users\/2"}],"replies":[{"embeddable":true,"href":"https:\/\/www.infokuryr.cz\/n\/wp-json\/wp\/v2\/comments?post=91136"}],"version-history":[{"count":0,"href":"https:\/\/www.infokuryr.cz\/n\/wp-json\/wp\/v2\/posts\/91136\/revisions"}],"wp:featuredmedia":[{"embeddable":true,"href":"https:\/\/www.infokuryr.cz\/n\/wp-json\/wp\/v2\/media\/91137"}],"wp:attachment":[{"href":"https:\/\/www.infokuryr.cz\/n\/wp-json\/wp\/v2\/media?parent=91136"}],"wp:term":[{"taxonomy":"category","embeddable":true,"href":"https:\/\/www.infokuryr.cz\/n\/wp-json\/wp\/v2\/categories?post=91136"},{"taxonomy":"post_tag","embeddable":true,"href":"https:\/\/www.infokuryr.cz\/n\/wp-json\/wp\/v2\/tags?post=91136"}],"curies":[{"name":"wp","href":"https:\/\/api.w.org\/{rel}","templated":true}]}}