{"id":91133,"date":"2025-11-01T08:11:51","date_gmt":"2025-11-01T07:11:51","guid":{"rendered":"https:\/\/www.infokuryr.cz\/n\/?p=91133"},"modified":"2025-11-01T08:11:51","modified_gmt":"2025-11-01T07:11:51","slug":"jiri-paroubek-esence-fanatismu-senatorky-nemcove","status":"publish","type":"post","link":"https:\/\/www.infokuryr.cz\/n\/2025\/11\/01\/jiri-paroubek-esence-fanatismu-senatorky-nemcove\/","title":{"rendered":"Ji\u0159\u00ed Paroubek: Esence fanatismu sen\u00e1torky N\u011bmcov\u00e9"},"content":{"rendered":"<div id=\"fb-root\"><\/div>\n<p><strong>Je vskutku zvl\u00e1\u0161tn\u00ed, \u017ee \u010cesk\u00e1 televize d\u00e1v\u00e1 ve sv\u00e9m diskuzn\u00edm po\u0159adu Interview 24 p\u0159\u00edle\u017eitost sen\u00e1torce N\u011bmcov\u00e9 z ODS. O n\u00ed je p\u0159ece zn\u00e1mo, \u017ee zast\u00e1v\u00e1 v\u017edy a ve v\u0161em velmi militantn\u00ed postoje. Takov\u00e9 jsou jej\u00ed postoje i ve vztahu ke vznikaj\u00edc\u00ed vl\u00e1d\u011b Andreje Babi\u0161e. P\u0159edstava N\u011bmcov\u00e9 je vlastn\u011b jednoduch\u00e1 jako Kolumbovo vejce. Vl\u00e1da A. Babi\u0161e se neskl\u00e1d\u00e1 proto, \u017ee j\u00ed tvo\u0159\u00ed strany, kter\u00e9 zv\u00edt\u011bzily ve volb\u00e1ch s programem, jen\u017e byl antitez\u00ed sou\u010dasn\u00e9 vl\u00e1dn\u00ed politiky, ale jen z ryze \u00fa\u010delov\u00fdch d\u016fvod\u016f. Tedy proto, aby si navz\u00e1jem Andrej Babi\u0161 a Tomio Okamura vym\u011bnili podporu ve sn\u011bmovn\u011b k zabr\u00e1n\u011bn\u00ed sv\u00e9mu trestn\u00edmu st\u00edh\u00e1n\u00ed.<\/strong><\/p>\n<p style=\"font-weight: 400;\">Mluvit p\u0159itom o trestn\u00edm st\u00edh\u00e1n\u00ed A. Babi\u0161e je u\u017e trochu obno\u0161en\u00e1 vesta. Byl ob\u017ealov\u00e1n a soudem osvobozen, ob\u017ealov\u00e1n a soudem osvobozen. A posledn\u00ed rozsudek vy\u0161\u0161\u00ed soudn\u00ed instance nese pachu\u0165 &#8211; alespo\u0148 podle m\u00e9ho n\u00e1zoru &#8211; politick\u00e9ho rozhodnut\u00ed. D\u0159\u00edve nebo pozd\u011bji by musel do soudn\u00edho rezult\u00e1tu v kauze A. Babi\u0161e zas\u00e1hnout Evropsk\u00fd soud pro lidsk\u00e1 pr\u00e1va.<\/p>\n<p style=\"font-weight: 400;\">\u00a0Pokud jde o Tomio\u00a0\u00a0Okamuru, jeho p\u0159e\u010din &#8211; d\u00e1-li se tak cel\u00e1 v\u011bc kvalifikovat &#8211; je op\u011bt politick\u00e9ho charakteru. V tomto p\u0159\u00edpad\u011b lze t\u011b\u017eko hovo\u0159it o n\u011b\u010dem jin\u00e9m, ne\u017e o politick\u00e9 \u00fa\u010delovosti ze strany org\u00e1n\u016f \u010dinn\u00fdch v trestn\u00edm \u0159\u00edzen\u00ed. Je to trapn\u00e9, ale mluvit\u00a0\u00a0u n\u00e1s o vzm\u00e1haj\u00edc\u00edm se pr\u00e1vn\u00edm st\u00e1tu, jak se to sna\u017e\u00ed d\u011blat lid\u00e9 jako je pr\u00e1v\u011b N\u011bmcov\u00e1, je v podstat\u011b trapn\u00e9.<\/p>\n<p style=\"font-weight: 400;\">\u00a0Na budouc\u00ed vl\u00e1d\u011b nenechala N\u011bmcov\u00e1 nit suchou. Na n\u00e1mitku moder\u00e1torky, \u017ee sou\u010dasn\u00e1 vl\u00e1da, tedy kon\u010d\u00edc\u00ed vl\u00e1da Petra Fialy, je kabinetem s\u00a0\u00a0pouh\u00fdmi 19% d\u016fv\u011bry ve\u0159ejnosti (tedy jinak \u0159e\u010deno, t\u00e9to vl\u00e1d\u011b ned\u016fv\u011b\u0159uje ani jedna p\u011btina \u010desk\u00fdch ob\u010dan\u016f), ov\u0161em sen\u00e1torka N\u011bmcov\u00e1 nebere v\u016fbec na v\u011bdom\u00ed.<\/p>\n<p style=\"font-weight: 400;\">To, \u017ee chce nov\u00e1 vl\u00e1da obnovit d\u016fv\u011bru ve\u0159ejnosti v politiku, N\u011bmcov\u00e9 p\u0159ipad\u00e1 jako n\u011bco, co je nadbyte\u010dn\u00e9. V\u017edy\u0165 p\u0159eci Fialova vl\u00e1da tady d\u011blala v\u0161echno proto, aby lid\u00e9 politik\u016fm a politice na celost\u00e1tn\u00ed \u00farovni v\u011b\u0159ili&#8230; Ta necel\u00e1 jedna p\u011btina lid\u00ed, kter\u00e1 v\u011b\u0159\u00ed sou\u010dasn\u00e9 vl\u00e1d\u011b, to j\u00ed prost\u011b nevyv\u00e1d\u00ed p\u0159\u00edli\u0161 z m\u00edry.<\/p>\n<p style=\"font-weight: 400;\">\u00a0Ekonomick\u00e9 v\u00fdsledky sou\u010dasn\u00e9 vl\u00e1dy pova\u017euje N\u011bmcov\u00e1 za vynikaj\u00edc\u00ed. Nevid\u00ed j\u00ed v\u016fbec\u00a0\u00a0ten 1 bilion 200 miliard, o kter\u00e9 tato vl\u00e1da za \u010dty\u0159i roky dok\u00e1zala zat\u00ed\u017eit st\u00e1tn\u00ed dluh \u010cesk\u00e9 republiky. Nav\u00edc nevid\u00ed to, \u017ee t\u00e9m\u011b\u0159 \u010dtvrtina obyvatel \u010ceska se podle m\u011b\u0159en\u00ed spole\u010dnosti PAQ Research dostala pod hranici chudoby. A to je\u0161t\u011b auto\u0159i tohoto pr\u016fzkumu zd\u016fraz\u0148uj\u00ed, \u017ee v n\u011bm nen\u00ed zohledn\u011bno\u00a0\u00a0t\u011bch asi t\u0159i\u010dtvrt\u011b milionu ob\u010dan\u016f, kte\u0159\u00ed se top\u00ed v exeku\u010dn\u00edm bahn\u011b. To znamen\u00e1,\u00a0\u00a0\u017ee odhadem zhruba t\u0159etina lid\u00ed u n\u00e1s \u017eije pod hranic\u00ed chudoby. A dal\u0161\u00ed statis\u00edce lid\u00ed se t\u00e9to hranici bl\u00ed\u017e\u00ed, nebo\u0165 se do n\u00ed shora propadaj\u00ed ze st\u0159edn\u00edch vrstev.<\/p>\n<p style=\"font-weight: 400;\">To je tedy smutn\u00e9 d\u011bdictv\u00ed Fialovy vl\u00e1dy.<\/p>\n<p style=\"font-weight: 400;\">\u00a0EET je pochopiteln\u011b podle N\u011bmcov\u00e9 n\u011bco, co pr\u00fd naru\u0161uje tr\u017en\u00ed prost\u0159ed\u00ed. J\u00e1 bych \u0159ekl, \u017ee jde sp\u00ed\u0161 o to, aby dan\u011b platili v\u0161ichni f\u00e9rov\u011b. Jestli\u017ee mohou dan\u011b platit zam\u011bstnanci, tak by je m\u011bly platit i dal\u0161\u00ed kategorie ob\u010dan\u016f, v\u010detn\u011b \u017eivnostn\u00edk\u016f.\u00a0\u00a0Dan\u011b p\u0159eci nejsou dobrovoln\u00fdm institutem, kdy n\u011bkdo zaplat\u00ed a n\u011bkdo, komu se nechce zaplatit, neplat\u00ed v\u016fbec. Tak by nemohl fungovat \u017e\u00e1dn\u00fd st\u00e1t a t\u011bch zhruba 12 miliard korun, kter\u00e9 p\u0159in\u00e1\u0161elo EET p\u0159edt\u00edm ne\u017e bylo zru\u0161eno\u00a0\u00a0za b\u011b\u017en\u00fd rok do st\u00e1tn\u00edho rozpo\u010dtu, nebyla tak mal\u00e1 suma.<\/p>\n<p style=\"font-weight: 400;\">Vystupov\u00e1n\u00ed sen\u00e1torky N\u011bmcov\u00e9 je opravdu\u00a0\u00a0esenc\u00ed fanatismu v politice. Politick\u00e9 soupe\u0159e typu A Babi\u0161e a T. Okamury by vhodila do ohn\u011b pekeln\u00e9ho. Jestli\u017ee je n\u011bkdo odpov\u011bdn\u00fd za r\u016fst nen\u00e1visti a konfrontace v t\u00e9to spole\u010dnosti, jsou to pr\u00e1v\u011b lid\u00e9, jako je sen\u00e1torka N\u011bmcov\u00e1. Je mi j\u00ed l\u00edto.<\/p>\n<p><a href=\"https:\/\/vasevec.info\/domaci-politika\/esence-fanatismu-senatorky-nemcove\">Ji\u0159\u00ed Paroubek<\/a><\/p>\n<p><img decoding=\"async\" loading=\"lazy\" class=\"alignnone size-medium wp-image-2342\" src=\"http:\/\/www.infokuryr.cz\/n\/wp-content\/uploads\/2021\/06\/paroubek-300x208.jpg\" alt=\"\" width=\"300\" height=\"208\" srcset=\"https:\/\/www.infokuryr.cz\/n\/wp-content\/uploads\/2021\/06\/paroubek-300x208.jpg 300w, https:\/\/www.infokuryr.cz\/n\/wp-content\/uploads\/2021\/06\/paroubek.jpg 318w\" sizes=\"(max-width: 300px) 100vw, 300px\" \/><\/p>\n<p>&nbsp;<\/p>\n","protected":false},"excerpt":{"rendered":"<p>Je vskutku zvl\u00e1\u0161tn\u00ed, \u017ee \u010cesk\u00e1 televize d\u00e1v\u00e1 ve sv\u00e9m diskuzn\u00edm po\u0159adu Interview 24 p\u0159\u00edle\u017eitost sen\u00e1torce&#8230;<\/p>\n","protected":false},"author":2,"featured_media":71477,"comment_status":"closed","ping_status":"closed","sticky":false,"template":"","format":"standard","meta":[],"categories":[6],"tags":[126,1503,864,99],"_links":{"self":[{"href":"https:\/\/www.infokuryr.cz\/n\/wp-json\/wp\/v2\/posts\/91133"}],"collection":[{"href":"https:\/\/www.infokuryr.cz\/n\/wp-json\/wp\/v2\/posts"}],"about":[{"href":"https:\/\/www.infokuryr.cz\/n\/wp-json\/wp\/v2\/types\/post"}],"author":[{"embeddable":true,"href":"https:\/\/www.infokuryr.cz\/n\/wp-json\/wp\/v2\/users\/2"}],"replies":[{"embeddable":true,"href":"https:\/\/www.infokuryr.cz\/n\/wp-json\/wp\/v2\/comments?post=91133"}],"version-history":[{"count":0,"href":"https:\/\/www.infokuryr.cz\/n\/wp-json\/wp\/v2\/posts\/91133\/revisions"}],"wp:featuredmedia":[{"embeddable":true,"href":"https:\/\/www.infokuryr.cz\/n\/wp-json\/wp\/v2\/media\/71477"}],"wp:attachment":[{"href":"https:\/\/www.infokuryr.cz\/n\/wp-json\/wp\/v2\/media?parent=91133"}],"wp:term":[{"taxonomy":"category","embeddable":true,"href":"https:\/\/www.infokuryr.cz\/n\/wp-json\/wp\/v2\/categories?post=91133"},{"taxonomy":"post_tag","embeddable":true,"href":"https:\/\/www.infokuryr.cz\/n\/wp-json\/wp\/v2\/tags?post=91133"}],"curies":[{"name":"wp","href":"https:\/\/api.w.org\/{rel}","templated":true}]}}