{"id":91111,"date":"2025-11-01T00:17:56","date_gmt":"2025-10-31T23:17:56","guid":{"rendered":"https:\/\/www.infokuryr.cz\/n\/?p=91111"},"modified":"2025-10-31T05:07:50","modified_gmt":"2025-10-31T04:07:50","slug":"karin-szczyrbova-manifest-protest-a-ohrazeni-se-proti-vyjadreni-pana-prezidenta-petra-pavla","status":"publish","type":"post","link":"https:\/\/www.infokuryr.cz\/n\/2025\/11\/01\/karin-szczyrbova-manifest-protest-a-ohrazeni-se-proti-vyjadreni-pana-prezidenta-petra-pavla\/","title":{"rendered":"Karin Szczyrbov\u00e1: Manifest, protest a ohrazen\u00ed se proti vyj\u00e1d\u0159en\u00ed pana prezidenta Petra Pavla"},"content":{"rendered":"<div id=\"fb-root\"><\/div>\n<p>V\u00e1\u017een\u00fd pane prezidente, pane Pet\u0159e Pavle, jako odpov\u011bdn\u00e1 ob\u010danka \u010cesk\u00e9 republiky mus\u00edm protestovat proti Va\u0161emu projevu ze dne 28. 10. 2025<\/p>\n<p>Nelze v \u017e\u00e1dn\u00e9m p\u0159\u00edpad\u011b souhlasit s Va\u0161imi slovy. Cituji z Va\u0161eho projevu:<\/p>\n<p>\u201e<i>\u010cesk\u00e1 republika pat\u0159\u00ed k\u00a0z\u00e1padn\u00edm demokraci\u00edm, spojuje n\u00e1s svoboda, ekonomick\u00e1 prosperita a\u00a0soci\u00e1ln\u00ed soudr\u017enost. I\u00a0proto je tak\u00e9 plnohodnotnou sou\u010d\u00e1st\u00ed Evropsk\u00e9 unie. Ve sv\u00e9 zahrani\u010dn\u00ed politice m\u00e1 respektovat mezin\u00e1rodn\u00ed pr\u00e1vo, zd\u016fraz\u0148ovat lidskou d\u016fstojnost a\u00a0zaru\u010dovat sv\u00fdm ob\u010dan\u016fm nejvy\u0161\u0161\u00ed mo\u017enou m\u00edru bezpe\u010d\u00ed. A\u00a0tu dnes p\u0159edstavuje \u010dlenstv\u00ed v\u00a0NATO.<\/i><\/p>\n<p><i>Zd\u016fraz\u0148uji to s\u00a0nal\u00e9havost\u00ed. Leto\u0161n\u00ed rok se toti\u017e do d\u011bjin zap\u00ed\u0161e jako p\u0159elomov\u00fd. Sv\u011bt se m\u011bn\u00ed. M\u011bn\u00ed se role Spojen\u00fdch st\u00e1t\u016f ve sv\u011btov\u00e9 politice. Mnoho dlouhodob\u00fdch jistot p\u0159est\u00e1v\u00e1 platit a\u00a0partnerstv\u00ed Evropy a\u00a0Spojen\u00fdch st\u00e1t\u016f se oslabilo. To nen\u00ed dobr\u00e1 zpr\u00e1va. D\u00edl\u010d\u00edm, ale v\u00fdznamn\u00fdm, pozitivem, kter\u00e9 z\u00a0nov\u00e9ho stavu sv\u011bta vypl\u00fdv\u00e1, je, \u017ee se evropsk\u00e9 st\u00e1ty sdru\u017een\u00e9 v\u00a0Severoatlantick\u00e9 alianci dok\u00e1zaly shodnout na v\u00fdznamn\u00e9m nav\u00fd\u0161en\u00ed investic do obrany<\/i>.\u201c<\/p>\n<p><strong>V\u00e1\u017een\u00fd pane prezidente, m\u00e1te vy v\u016fbec pon\u011bt\u00ed o ekonomice? V\u00edte, co je to ekonomick\u00e1 prosperita? V\u00edte Vy v\u016fbec, \u017ee m\u00e1me nejdra\u017e\u0161\u00ed energie v EU?\u00a0<\/strong>Po\u010d\u00edt\u00e1no PPS. Ale toto V\u00e1m pravd\u011bpodobn\u011b v\u016fbec nic ne\u0159\u00edk\u00e1. Hlavn\u011b \u017ee m\u00e1 Va\u0161e ochranka skv\u011bl\u00e1 modr\u00e1 saka a lad\u00edc\u00ed hn\u011bdou obuv.<\/p>\n<p>V\u00e1\u017een\u00fd pane prezidente, zept\u00e1m se V\u00e1s, jak\u00fdm zp\u016fsobem n\u00e1m zaru\u010dujete nejvy\u0161\u0161\u00ed mo\u017enou m\u00edru bezpe\u010d\u00ed?\u00a0<strong>Jako dobrovoln\u00e1 zakladatelka Civiln\u00ed ochrany V\u00e1m vysv\u011btl\u00edm, \u017ee NATO nen\u00ed obrann\u00fdm spolkem. Je \u00fato\u010dn\u00fdm.<\/strong><\/p>\n<p>M\u00e1m pokra\u010dovat d\u00e1le? Necht\u011bjte to. Jenom se zesm\u011b\u0161n\u00edte.<\/p>\n<p><em><a href=\"https:\/\/narodnidemokracie.cz\/ing-karin-szczyrbova-manifest-protest-a-ohrazeni-se-proti-vyjadreni-pana-prezidenta-petra-pavla\/\">Ing. Karin Szczyrbov\u00e1<\/a><br \/>\n<\/em><em>Karvin\u00e1, 30. 10. 2025<\/em><\/p>\n<p><img decoding=\"async\" loading=\"lazy\" class=\"\" src=\"https:\/\/narodnidemokracie.cz\/wp-content\/uploads\/2024\/10\/szcz.jpg\" width=\"160\" height=\"160\" \/><\/p>\n","protected":false},"excerpt":{"rendered":"<p>V\u00e1\u017een\u00fd pane prezidente, pane Pet\u0159e Pavle, jako odpov\u011bdn\u00e1 ob\u010danka \u010cesk\u00e9 republiky mus\u00edm protestovat proti Va\u0161emu&#8230;<\/p>\n","protected":false},"author":2,"featured_media":22065,"comment_status":"closed","ping_status":"closed","sticky":false,"template":"","format":"standard","meta":[],"categories":[6],"tags":[1173,710,1461],"_links":{"self":[{"href":"https:\/\/www.infokuryr.cz\/n\/wp-json\/wp\/v2\/posts\/91111"}],"collection":[{"href":"https:\/\/www.infokuryr.cz\/n\/wp-json\/wp\/v2\/posts"}],"about":[{"href":"https:\/\/www.infokuryr.cz\/n\/wp-json\/wp\/v2\/types\/post"}],"author":[{"embeddable":true,"href":"https:\/\/www.infokuryr.cz\/n\/wp-json\/wp\/v2\/users\/2"}],"replies":[{"embeddable":true,"href":"https:\/\/www.infokuryr.cz\/n\/wp-json\/wp\/v2\/comments?post=91111"}],"version-history":[{"count":0,"href":"https:\/\/www.infokuryr.cz\/n\/wp-json\/wp\/v2\/posts\/91111\/revisions"}],"wp:featuredmedia":[{"embeddable":true,"href":"https:\/\/www.infokuryr.cz\/n\/wp-json\/wp\/v2\/media\/22065"}],"wp:attachment":[{"href":"https:\/\/www.infokuryr.cz\/n\/wp-json\/wp\/v2\/media?parent=91111"}],"wp:term":[{"taxonomy":"category","embeddable":true,"href":"https:\/\/www.infokuryr.cz\/n\/wp-json\/wp\/v2\/categories?post=91111"},{"taxonomy":"post_tag","embeddable":true,"href":"https:\/\/www.infokuryr.cz\/n\/wp-json\/wp\/v2\/tags?post=91111"}],"curies":[{"name":"wp","href":"https:\/\/api.w.org\/{rel}","templated":true}]}}