{"id":91110,"date":"2025-11-01T00:14:30","date_gmt":"2025-10-31T23:14:30","guid":{"rendered":"https:\/\/www.infokuryr.cz\/n\/?p=91110"},"modified":"2025-10-31T05:04:24","modified_gmt":"2025-10-31T04:04:24","slug":"zbynek-fiala-zachrani-trump-ceska-auta","status":"publish","type":"post","link":"https:\/\/www.infokuryr.cz\/n\/2025\/11\/01\/zbynek-fiala-zachrani-trump-ceska-auta\/","title":{"rendered":"Zbyn\u011bk Fiala: Zachr\u00e1n\u00ed Trump \u010desk\u00e1 auta?"},"content":{"rendered":"<div id=\"fb-root\"><\/div>\n<p><strong>\u010cesko je z\u00e1visl\u00e9 na tom, co dohodli Trump se Si \u0164in-pchingem v Ji\u017en\u00ed Koreji. Sta\u010d\u00ed jeden chyb\u011bj\u00edc\u00ed \u010d\u00ednsk\u00fd \u010dip, a \u010desk\u00e9 auto nevyjede z br\u00e1ny.<\/strong><\/p>\n<p style=\"font-weight: 400;\">Nikdy nebylo l\u00edp, \u010dteme z \u010derstv\u00e9 zpr\u00e1vy Sdru\u017een\u00ed automobilov\u00e9ho pr\u016fmyslu \u010cR, kter\u00e1 j\u00e1s\u00e1 nad obnovou schopnosti vyr\u00e1b\u011bt milion aut ro\u010dn\u011b. Ve \u0160kodovce v\u00a0z\u00e1\u0159\u00ed dokonce p\u0159ekonali historick\u00fd rekord \u010dty\u0159i tis\u00edce vyroben\u00fdch aut za jedin\u00fd den! Uveden\u00e1 zpr\u00e1va je pojata v\u00a0duchu hesla D\u00edvej se na to z\u00a0t\u00e9 lep\u0161\u00ed str\u00e1nky, jak rad\u00ed uk\u0159i\u017eovan\u00fd Brian sv\u00fdm trp\u00edc\u00edm druh\u016fm ve filmu Monty Python.<\/p>\n<p style=\"font-weight: 400;\"><a href=\"https:\/\/autosap.cz\/aktualita\/milion-vyrobenych-vozidel-a-druhy-nejsilnejsi-mesic-roku\/\">https:\/\/autosap.cz\/aktualita\/milion-vyrobenych-vozidel-a-druhy-nejsilnejsi-mesic-roku\/<\/a><\/p>\n<p style=\"font-weight: 400;\">Ve stejn\u00e9 dob\u011b Volkswagen toti\u017e omezuje v\u00fdrobu a podle posledn\u00edch zpr\u00e1v agentury Bloomberg m\u00e1 z\u00e1soby \u010dip\u016f jen na jeden t\u00fdden. Hled\u00e1 n\u00e1hrady, kde se d\u00e1, ale \u00fapln\u011b v\u0161echno se prost\u011b ned\u00e1. P\u0159itom sta\u010d\u00ed jeden chyb\u011bj\u00edc\u00ed \u010dip a auto nevyjede z\u00a0br\u00e1ny.<\/p>\n<p style=\"font-weight: 400;\"><a href=\"https:\/\/www.bloomberg.com\/news\/articles\/2025-10-30\/vw-says-outlook-pivots-on-chip-supply-as-nexperia-fallout-looms\">https:\/\/www.bloomberg.com\/news\/articles\/2025-10-30\/vw-says-outlook-pivots-on-chip-supply-as-nexperia-fallout-looms<\/a><\/p>\n<p style=\"font-weight: 400;\">Jsme rukojm\u00ed americko-\u010d\u00ednsk\u00e9 \u010dipov\u00e9 v\u00e1lky, na kterou nem\u00e1me sebemen\u0161\u00ed vliv. A proto\u017ee jsme spolu se Slov\u00e1ky nejv\u011bt\u0161\u00edm sv\u011btov\u00fdm v\u00fdrobcem aut v\u00a0p\u0159epo\u010dtu na obyvatele, facka, kterou si chceme vyslou\u017eit, m\u00e1 b\u00fdt op\u011bt rekordn\u00ed. Taky to dalo pr\u00e1ce, ne\u017e to takhle dopadlo.<\/p>\n<p style=\"font-weight: 400;\">Vl\u00e1da, kter\u00e1 pr\u00e1v\u011b odch\u00e1z\u00ed do propadli\u0161t\u011b d\u011bjin, vsadila v\u00a0Americe bezv\u00fdhradn\u011b na hlubok\u00fd st\u00e1t uvnit\u0159 administrativy sp\u00edc\u00edho Joe Bidena. D\u011bde\u010dek padl, vyhr\u00e1l jeho nep\u0159\u00edtel, a k\u00a0tomu se nem\u016f\u017eeme ani l\u00edsat, jak mu smrd\u00edme. To je slu\u0161n\u00fd \u00fasp\u011bch, proto\u017ee Trump m\u011bl \u010deskou rodinu a synek by se u n\u00e1s um\u011bl domluvit.<\/p>\n<p style=\"font-weight: 400;\">Pokud jde o \u010c\u00ednu, tu jsme vyklidili bez n\u00e1hrady, p\u0159esto\u017ee st\u00e1le plat\u00ed Zemanova smlouva o strategick\u00e9m partnerstv\u00ed, ve kter\u00e9m n\u00e1m prezident Si \u0164in-pching nab\u00eddl jako protistranu nejvysp\u011blej\u0161\u00ed provincii \u010ce-\u0165iang. Le\u017e\u00ed na jihu, proti Tchajwanu. Nad \u010deskou diplomacii prost\u011b nen\u00ed.<\/p>\n<p style=\"font-weight: 400;\">Te\u010f jsme v\u00a0oku \u010dipov\u00e9ho urag\u00e1nu, odkud lze naposledy zahl\u00e9dnout slunce s\u00a0modrou oblohou. Posledn\u00ed epizoda \u010dipov\u00e9 v\u00e1lky poznamenala okoln\u00ed Evropu jako p\u0159\u00edlet elektrick\u00e9 pumy. Hysterie s\u00a0\u010d\u00ednskou hrozbou p\u0159im\u011bla nizozemskou vl\u00e1du, aby \u201ep\u0159evzala kontrolu\u201c nad \u010d\u00ednskou spole\u010dnost\u00ed Nexperia, tedy nad hlavn\u00edm dodavatelem \u010dip\u016f pro evropsk\u00e9 automobilky.<\/p>\n<p style=\"font-weight: 400;\">Nexperia je pobo\u010dkou firmy, kter\u00e1 se obchoduje na burze v\u00a0\u0160anghaji s\u00a0men\u0161inovou \u00fa\u010dast\u00ed \u010d\u00ednsk\u00e9 vl\u00e1dy.\u00a0\u00a0V\u00a0Nizozemsku se usadila z\u00a0dobr\u00fdch d\u016fvod\u016f, cht\u011bla b\u00fdt pobl\u00ed\u017e v\u00fdrobce nejlep\u0161\u00edch litografick\u00fdch stroj\u016f, kter\u00e9 na \u010dipu kresl\u00ed tit\u011brn\u00e9 tranzistory a vodiv\u00e9 dr\u00e1hy. Jen tam zat\u00edm um\u011bj\u00ed ty nejten\u0161\u00ed, a\u017e do dvou nanometr\u016f, skoro na \u00farovni jednotliv\u00fdch molekul. \u010c\u00ed\u0148ani tam cht\u011bj\u00ed nakukovat p\u0159es plot? Karta se obr\u00e1tila a maj\u00ed se pod\u0159\u00eddit nizozemsk\u00e9mu spr\u00e1vci.<\/p>\n<p style=\"font-weight: 400;\">Peking reagoval elegantn\u00edm tahem ve smyslu \u201ekontrolujte si, co chcete, ale rozhodovat budeme my\u201c. Zak\u00e1zal v\u00fdvoz \u010dip\u016f Nexperie z\u00a0nizozemsk\u00fdch z\u00e1vod\u016f. Dodavatelsk\u00fd \u0159et\u011bzec se ze dne na den p\u0159etrhl a cel\u00e1 evropsk\u00e1 automobilov\u00e1 v\u00fdroba je nahran\u00e1. Slova d\u00edk\u016f na adresu bd\u011bl\u00e9 nizozemsk\u00e9 vl\u00e1dy, zazn\u00edvaj\u00edc\u00ed na uzav\u0159en\u00fdch krizov\u00fdch jedn\u00e1n\u00edch v\u00a0centr\u00e1l\u00e1ch VW, BMW nebo Stellantisu, nelze reprodukovat.<\/p>\n<p style=\"font-weight: 400;\"><a href=\"https:\/\/www.bloomberg.com\/news\/articles\/2025-10-24\/auto-industry-fights-to-keep-going-as-chip-conflict-drags-on\">https:\/\/www.bloomberg.com\/news\/articles\/2025-10-24\/auto-industry-fights-to-keep-going-as-chip-conflict-drags-on<\/a><\/p>\n<p style=\"font-weight: 400;\">Pr\u00e1vn\u00ed detaily nizozemsk\u00e9ho z\u00e1sahu nezn\u00e1m, ale jsou nakonec lhostejn\u00e9, proto\u017ee rozhodnou velk\u00e9 v\u00e1hy. Po\u0161k\u00e1dlit \u010d\u00ednsk\u00e9ho draka je n\u011bco jin\u00e9ho ne\u017e z\u00e1kaz poru\u0161it a s\u00e1pat se na obludu na f\u00e9rovku.<\/p>\n<p style=\"font-weight: 400;\">Samoz\u0159ejm\u011b, za p\u00e1r let, mo\u017en\u00e1, a\u017e budeme z\u00e1visl\u00ed trochu m\u00e9n\u011b, pak by to t\u0159eba \u0161lo, jak si malujeme. Pokud si toho v\u00a0Pekingu je\u0161t\u011b v\u0161imnou. Av\u0161ak v\u00a0sou\u010dasn\u00e9 dob\u011b jsou jedinou re\u00e1lnou protiv\u00e1hou \u010c\u00edny Spojen\u00e9 st\u00e1ty, kter\u00e9 maj\u00ed v\u00a0jedn\u00e1n\u00edch o vz\u00e1jemn\u00e9 z\u00e1vislosti je\u0161t\u011b co prodat.<\/p>\n<p style=\"font-weight: 400;\">Tato jedn\u00e1n\u00ed pr\u00e1v\u011b prob\u011bhla v\u00a0Ji\u017en\u00ed Koreji, na americk\u00e9 z\u00e1kladn\u011b v\u00a0Pusanu. Setk\u00e1n\u00ed americk\u00e9ho prezidenta Donalda Trumpa a \u010d\u00ednsk\u00e9ho prot\u011bj\u0161ku Si \u0164in-pchinga se odehr\u00e1lo na okraj summitu APEC. Jeho v\u00fdsledkem je dal\u0161\u00ed prodlou\u017een\u00ed p\u0159\u00edm\u011b\u0159\u00ed v\u00a0tom hlavn\u00edm a v\u00fdm\u011bna drobn\u00fdch sladkost\u00ed v\u00a0tom vedlej\u0161\u00edm.<\/p>\n<p style=\"font-weight: 400;\">\u010c\u00edna bude nakupovat americkou s\u00f3ju a zlep\u0161\u00ed kontrolu prekurzor\u016f fentanylu, proto USA sn\u00ed\u017e\u00ed p\u0159ir\u00e1\u017eku p\u0159\u00edslu\u0161n\u00e9ho trestn\u00e9ho cla na 10 procent. To hlavn\u00ed bude \u0159e\u0161eno na expertn\u00ed \u00farovni, aby se do toho prezidenti nezamotali. \u010c\u00edna odlo\u017e\u00ed zp\u0159\u00edsn\u011bn\u00ed v\u00fdvozu vz\u00e1cn\u00fdch zemin, bez kter\u00fdch \u017e\u00e1dn\u00e9 \u010dipy nemohou vzniknout, a USA zv\u00e1\u017e\u00ed m\u00edru uvoln\u011bn\u00ed pro v\u00fdvoz t\u011bch nejlep\u0161\u00edch \u010dip\u016f Nvidia, kter\u00e9 jsou pot\u0159ebn\u00e9 zejm\u00e9na pro um\u011blou inteligenci nejvy\u0161\u0161\u00ed v\u00fdkonnosti.<\/p>\n<p style=\"font-weight: 400;\">Kdy\u017e se dohodne americk\u00e1 strana s\u00a0\u010d\u00ednskou, pak se i Nizozemci p\u0159estanou cukat s\u00a0tou zajatou Nexperi\u00ed. Mus\u00edme vz\u00edt v\u00a0\u00favahu i atmosf\u00e9rick\u00e9 zpravodajstv\u00ed. Na sch\u016fzce v\u00a0Pusanu se najednou mluvilo o partnerstv\u00ed. Trump perlil, jak b\u00e1je\u010dn\u00e9 to bylo setk\u00e1n\u00ed. Vezmeme-li stupnici od nuly do deseti, pak sch\u016fzce p\u0159ipsal 12 bod\u016f\u2026<\/p>\n<p style=\"font-weight: 400;\">P\u0159eju \u010desk\u00e9 \u0160kodovce to nejlep\u0161\u00ed, u\u017e proto, \u017ee meziro\u010dn\u011b zdvojn\u00e1sobila v\u00fdrobu elektrick\u00fdch voz\u016f a hodl\u00e1 v\u00a0tom v\u00a0n\u00e1sleduj\u00edc\u00edch letech pokra\u010dovat. V\u00a0\u010desk\u00e9 politice se sice fosilizuje ze v\u0161ech sil, ale boleslav\u0161t\u00ed in\u017een\u00fd\u0159i v\u011bd\u00ed, kde le\u017e\u00ed skute\u010dn\u00e1 konkurenceschopnost. Kdy\u017e jsem tam nat\u00e1\u010del, po\u0161eptali mi (tajn\u011b), \u017ee automatickou linku na jeden takov\u00fd model sestavili l\u00e9pe a rychleji ne\u017e kolegov\u00e9 v\u00a0N\u011bmecku.<\/p>\n<p style=\"font-weight: 400;\">Jasn\u011b post\u0159ehli glob\u00e1ln\u00ed trend, ale jestli se s\u00a0n\u00edm povezeme, nebo se p\u0159es n\u00e1s p\u0159eval\u00ed, to z\u00e1le\u017e\u00ed i na t\u00e9 politice. Babi\u0161ova vl\u00e1da m\u016f\u017ee naj\u00edt cestu k\u00a0Trumpovi p\u0159es ma\u010farskou a slovenskou p\u0159\u00edze\u0148. A s \u010c\u00ednou asi dok\u00e1\u017ee upustit od st\u00e1vaj\u00edc\u00edch zb\u011bsilost\u00ed. Pokud nemaj\u00ed b\u00fdt na\u0161\u00edm jedin\u00fdm v\u00fdvozn\u00edm artiklem lidsk\u00e1 pr\u00e1va v\u00a0Tibetu. A nikde jinde, pochopiteln\u011b\u2026<\/p>\n<p><a href=\"https:\/\/vasevec.info\/komentare\/zbynek-fiala-zachrani-trump-ceska-auta\">Zbyn\u011bk Fiala<\/a><\/p>\n<p><img decoding=\"async\" loading=\"lazy\" class=\"alignnone size-medium wp-image-18520\" src=\"http:\/\/www.infokuryr.cz\/n\/wp-content\/uploads\/2022\/11\/zbynek-fiala-300x208.jpg\" alt=\"\" width=\"300\" height=\"208\" srcset=\"https:\/\/www.infokuryr.cz\/n\/wp-content\/uploads\/2022\/11\/zbynek-fiala-300x208.jpg 300w, https:\/\/www.infokuryr.cz\/n\/wp-content\/uploads\/2022\/11\/zbynek-fiala.jpg 318w\" sizes=\"(max-width: 300px) 100vw, 300px\" \/><\/p>\n<p>&nbsp;<\/p>\n","protected":false},"excerpt":{"rendered":"<p>\u010cesko je z\u00e1visl\u00e9 na tom, co dohodli Trump se Si \u0164in-pchingem v Ji\u017en\u00ed Koreji. Sta\u010d\u00ed&#8230;<\/p>\n","protected":false},"author":2,"featured_media":25014,"comment_status":"closed","ping_status":"closed","sticky":false,"template":"","format":"standard","meta":[],"categories":[6],"tags":[1042,2074,59,452],"_links":{"self":[{"href":"https:\/\/www.infokuryr.cz\/n\/wp-json\/wp\/v2\/posts\/91110"}],"collection":[{"href":"https:\/\/www.infokuryr.cz\/n\/wp-json\/wp\/v2\/posts"}],"about":[{"href":"https:\/\/www.infokuryr.cz\/n\/wp-json\/wp\/v2\/types\/post"}],"author":[{"embeddable":true,"href":"https:\/\/www.infokuryr.cz\/n\/wp-json\/wp\/v2\/users\/2"}],"replies":[{"embeddable":true,"href":"https:\/\/www.infokuryr.cz\/n\/wp-json\/wp\/v2\/comments?post=91110"}],"version-history":[{"count":0,"href":"https:\/\/www.infokuryr.cz\/n\/wp-json\/wp\/v2\/posts\/91110\/revisions"}],"wp:featuredmedia":[{"embeddable":true,"href":"https:\/\/www.infokuryr.cz\/n\/wp-json\/wp\/v2\/media\/25014"}],"wp:attachment":[{"href":"https:\/\/www.infokuryr.cz\/n\/wp-json\/wp\/v2\/media?parent=91110"}],"wp:term":[{"taxonomy":"category","embeddable":true,"href":"https:\/\/www.infokuryr.cz\/n\/wp-json\/wp\/v2\/categories?post=91110"},{"taxonomy":"post_tag","embeddable":true,"href":"https:\/\/www.infokuryr.cz\/n\/wp-json\/wp\/v2\/tags?post=91110"}],"curies":[{"name":"wp","href":"https:\/\/api.w.org\/{rel}","templated":true}]}}