{"id":91107,"date":"2025-10-31T04:47:07","date_gmt":"2025-10-31T03:47:07","guid":{"rendered":"https:\/\/www.infokuryr.cz\/n\/?p=91107"},"modified":"2025-10-31T04:47:07","modified_gmt":"2025-10-31T03:47:07","slug":"kral-karel-iii-vystehoval-bratra-andreje-z-kralovske-rezidence","status":"publish","type":"post","link":"https:\/\/www.infokuryr.cz\/n\/2025\/10\/31\/kral-karel-iii-vystehoval-bratra-andreje-z-kralovske-rezidence\/","title":{"rendered":"Kr\u00e1l Karel III. vyst\u011bhoval bratra Andreje z kr\u00e1lovsk\u00e9 rezidence"},"content":{"rendered":"<div id=\"fb-root\"><\/div>\n<h3>Britsk\u00e1 kr\u00e1lovsk\u00e1 rodina zbavila b\u00fdval\u00e9ho p\u0159\u00edtele Jeffreyho Epsteina jeho posledn\u00edch titul\u016f<\/h3>\n<p data-start=\"133\" data-end=\"445\"><span dir=\"auto\">Britsk\u00fd kr\u00e1l Karel III. zbavil sv\u00e9ho bratra, prince Andrewa, zb\u00fdvaj\u00edc\u00edch titul\u016f a vyst\u011bhoval ho z kr\u00e1lovsk\u00e9 rezidence kv\u016fli obvin\u011bn\u00edm ze sexu\u00e1ln\u00edho napaden\u00ed a bl\u00edzk\u00e9mu p\u0159\u00e1telstv\u00ed s odsouzen\u00fdm sexu\u00e1ln\u00edm delikventem Jeffreym Epsteinem.<\/span><\/p>\n<p data-start=\"683\" data-end=\"1057\"><span dir=\"auto\">Podle kr\u00e1lovsk\u00e9 rodiny bude b\u00fdval\u00fd princ od nyn\u011bj\u0161ka zn\u00e1m\u00fd jako Andrew Mountbatten Windsor a mus\u00ed opustit s\u00eddlo Royal Lodge pobl\u00ed\u017e hradu Windsor, kde \u017eije ji\u017e v\u00edce ne\u017e 20 let. Andrew, kter\u00fd se za\u010d\u00e1tkem tohoto m\u011bs\u00edce vzdal titulu v\u00e9voda z Yorku, se p\u0159est\u011bhuje do\u00a0<\/span><em><span dir=\"auto\">\u201ealternativn\u00edho soukrom\u00e9ho ubytov\u00e1n\u00ed\u201c,<\/span><\/em><span dir=\"auto\">\u00a0uvedl ve \u010dtvrtek Buckinghamsk\u00fd pal\u00e1c.<\/span><\/p>\n<p data-start=\"1059\" data-end=\"1366\"><em><span dir=\"auto\">\u201eTato v\u00fdtka jsou pova\u017eov\u00e1na za nezbytn\u00e1, a to i p\u0159es skute\u010dnost, \u017ee nad\u00e1le pop\u00edr\u00e1 obvin\u011bn\u00ed vznesen\u00e1 proti n\u011bmu. Jejich Veli\u010denstva cht\u011bj\u00ed jasn\u011b uv\u00e9st, \u017ee sv\u00e9 my\u0161lenky a hlubokou soustrast v\u011bnuj\u00ed a z\u016fstanou ob\u011btem a p\u0159e\u017eiv\u0161\u00edm v\u0161ech forem zneu\u017e\u00edv\u00e1n\u00ed,\u201c<\/span><\/em><span dir=\"auto\">\u00a0uv\u00e1d\u00ed se v prohl\u00e1\u0161en\u00ed.<\/span><\/p>\n<p data-start=\"1368\" data-end=\"1470\"><span dir=\"auto\">Podle BBC z\u016fst\u00e1v\u00e1 Andrew osm\u00fdm v n\u00e1slednictv\u00ed britsk\u00e9ho tr\u016fnu, a to i p\u0159es ztr\u00e1tu sv\u00fdch titul\u016f.<\/span><\/p>\n<p data-start=\"1472\" data-end=\"1947\"><span dir=\"auto\">V roce 2022 Andrew urovnal ob\u010danskopr\u00e1vn\u00ed spor s americkou aktivistkou Virgini\u00ed Giuffreovou, kter\u00e1 tvrdila, \u017ee ji v roce 2001, kdy\u017e j\u00ed bylo 17 let, t\u0159ikr\u00e1t zn\u00e1silnil. Giuffreov\u00e1, kter\u00e1 v dubnu sp\u00e1chala sebevra\u017edu, tvrdila, \u017ee ji Epstein a jeho p\u0159\u00edtelkyn\u011b, britsk\u00e1 prominentka Ghislaine Maxwellov\u00e1, propa\u0161ovali do kr\u00e1lovsk\u00e9 rodiny. Andrew tvrdil, \u017ee k \u00fadajn\u00fdm incident\u016fm\u00a0<\/span><em><span dir=\"auto\">\u201ese nikdy nestaly\u201c,<\/span><\/em><span dir=\"auto\">\u00a0a trval na tom, \u017ee o Epsteinov\u00fdch zlo\u010dinech nev\u011bd\u011bl, kdy\u017e ho a Maxwellovou v roce 2006 hostil v Royal Lodge.<\/span><\/p>\n<p data-start=\"1949\" data-end=\"2383\"><span dir=\"auto\">Z\u00e1jem o Epstein\u016fv p\u0159\u00edpad se znovu probudil za\u010d\u00e1tkem tohoto roku pot\u00e9, co americk\u00e9 vl\u00e1dn\u00ed agentury uvedly, \u017ee v souvislosti s jeho smrt\u00ed v roce 2019 ve v\u011bzen\u00ed na Manhattanu, kter\u00e1 byla ozna\u010dena za sebevra\u017edu, nena\u0161ly \u017e\u00e1dn\u00e9 d\u016fkazy o nekal\u00e9m jedn\u00e1n\u00ed. \u00da\u0159edn\u00edci tak\u00e9 pop\u0159eli, \u017ee by si zneuct\u011bn\u00fd finan\u010dn\u00edk vedl seznam bohat\u00fdch lid\u00ed, kter\u00fdm \u00fadajn\u011b obchodoval s \u017eenami. Giuffreho pam\u011bti byly posmrtn\u011b vyd\u00e1ny v \u0159\u00edjnu, co\u017e znovu upozornilo na Andrewovy vazby na Epsteina.<\/span><\/p>\n<p data-start=\"1949\" data-end=\"2383\"><img decoding=\"async\" loading=\"lazy\" class=\"alignnone size-full wp-image-1185\" src=\"http:\/\/www.infokuryr.cz\/n\/wp-content\/uploads\/2021\/04\/kuryr-podpis.png\" alt=\"\" width=\"84\" height=\"24\" \/><\/p>\n<p data-start=\"1949\" data-end=\"2383\">\n","protected":false},"excerpt":{"rendered":"<p>Britsk\u00e1 kr\u00e1lovsk\u00e1 rodina zbavila b\u00fdval\u00e9ho p\u0159\u00edtele Jeffreyho Epsteina jeho posledn\u00edch titul\u016f Britsk\u00fd kr\u00e1l Karel III&#8230;.<\/p>\n","protected":false},"author":2,"featured_media":91108,"comment_status":"closed","ping_status":"closed","sticky":false,"template":"","format":"standard","meta":[],"categories":[7],"tags":[9930,6249,3291,303],"_links":{"self":[{"href":"https:\/\/www.infokuryr.cz\/n\/wp-json\/wp\/v2\/posts\/91107"}],"collection":[{"href":"https:\/\/www.infokuryr.cz\/n\/wp-json\/wp\/v2\/posts"}],"about":[{"href":"https:\/\/www.infokuryr.cz\/n\/wp-json\/wp\/v2\/types\/post"}],"author":[{"embeddable":true,"href":"https:\/\/www.infokuryr.cz\/n\/wp-json\/wp\/v2\/users\/2"}],"replies":[{"embeddable":true,"href":"https:\/\/www.infokuryr.cz\/n\/wp-json\/wp\/v2\/comments?post=91107"}],"version-history":[{"count":0,"href":"https:\/\/www.infokuryr.cz\/n\/wp-json\/wp\/v2\/posts\/91107\/revisions"}],"wp:featuredmedia":[{"embeddable":true,"href":"https:\/\/www.infokuryr.cz\/n\/wp-json\/wp\/v2\/media\/91108"}],"wp:attachment":[{"href":"https:\/\/www.infokuryr.cz\/n\/wp-json\/wp\/v2\/media?parent=91107"}],"wp:term":[{"taxonomy":"category","embeddable":true,"href":"https:\/\/www.infokuryr.cz\/n\/wp-json\/wp\/v2\/categories?post=91107"},{"taxonomy":"post_tag","embeddable":true,"href":"https:\/\/www.infokuryr.cz\/n\/wp-json\/wp\/v2\/tags?post=91107"}],"curies":[{"name":"wp","href":"https:\/\/api.w.org\/{rel}","templated":true}]}}