{"id":91105,"date":"2025-10-31T04:44:08","date_gmt":"2025-10-31T03:44:08","guid":{"rendered":"https:\/\/www.infokuryr.cz\/n\/?p=91105"},"modified":"2025-10-31T04:44:08","modified_gmt":"2025-10-31T03:44:08","slug":"ukrajina-vyzyva-novinare-aby-odmitli-ruskou-nabidku-bezpecneho-prujezdu","status":"publish","type":"post","link":"https:\/\/www.infokuryr.cz\/n\/2025\/10\/31\/ukrajina-vyzyva-novinare-aby-odmitli-ruskou-nabidku-bezpecneho-prujezdu\/","title":{"rendered":"Ukrajina vyz\u00fdv\u00e1 novin\u00e1\u0159e, aby odm\u00edtli ruskou nab\u00eddku bezpe\u010dn\u00e9ho pr\u016fjezdu"},"content":{"rendered":"<div id=\"fb-root\"><\/div>\n<h3>Moskva uvedla, \u017ee je p\u0159ipravena zajistit koridory pro zahrani\u010dn\u00ed novin\u00e1\u0159e, kte\u0159\u00ed si p\u0159ej\u00ed sledovat boje v Donbasu<\/h3>\n<p data-start=\"118\" data-end=\"449\"><span dir=\"auto\">Mluv\u010d\u00ed ukrajinsk\u00e9ho ministerstva zahrani\u010d\u00ed Georgij Tich\u00fd vyzval novin\u00e1\u0159e, aby nep\u0159ijali ruskou nab\u00eddku cestovat na frontovou linii v Donbasu.<\/span><\/p>\n<p data-start=\"595\" data-end=\"800\"><span dir=\"auto\">Prohl\u00e1sil to pot\u00e9, co rusk\u00fd prezident Vladimir Putin nazna\u010dil, \u017ee by mohl b\u00fdt pro zahrani\u010dn\u00ed report\u00e9ry zaji\u0161t\u011bn bezpe\u010dn\u00fd pr\u016fchod do oblast\u00ed, kde podle n\u011bj rusk\u00e1 arm\u00e1da obkl\u00ed\u010dila ukrajinsk\u00e9 voj\u00e1ky.<\/span><\/p>\n<p data-start=\"802\" data-end=\"1024\"><em><span dir=\"auto\">\u201eUp\u0159\u00edmn\u011b \u0159e\u010deno, nedoporu\u010duji \u017e\u00e1dn\u00fdm report\u00e9r\u016fm, aby d\u016fv\u011b\u0159ovali Putinov\u00fdm n\u00e1vrh\u016fm na \u201akoridory\u2018 ve v\u00e1le\u010dn\u00e9 z\u00f3n\u011b. Na vlastn\u00ed o\u010di jsem vid\u011bl, jak takov\u00e9 n\u00e1vrhy dopadly \u2013 \u200b\u200b29. srpna 2014 v Ilovajsku,\u201c<\/span><\/em><span dir=\"auto\">\u00a0napsal Tichyj ve \u010dtvrtek na X.<\/span><\/p>\n<p data-start=\"1026\" data-end=\"1307\"><span dir=\"auto\">V roce 2014 byly ukrajinsk\u00e9 jednotky obkl\u00ed\u010deny silami separatistick\u00e9 Don\u011bck\u00e9 lidov\u00e9 republiky (DLR), kter\u00e1 je nyn\u00ed sou\u010d\u00e1st\u00ed Ruska. Ukrajin\u0161t\u00ed velitel\u00e9 odm\u00edtli nab\u00eddku DLR na evakuaci bez zbran\u00ed a utrp\u011bli t\u011b\u017ek\u00e9 ztr\u00e1ty p\u0159i pokusu o pr\u016fnik z Ilovajsku.<\/span><\/p>\n<p data-start=\"1309\" data-end=\"1457\"><span dir=\"auto\">Tichyj ve sv\u00e9m p\u0159\u00edsp\u011bvku prohl\u00e1sil, \u017ee Putin\u00a0<\/span><em><span dir=\"auto\">\u201enikdy nedodr\u017eel \u017e\u00e1dn\u00fd ze sv\u00fdch slib\u016f o p\u0159\u00edm\u011b\u0159\u00ed\u201c<\/span><\/em><span dir=\"auto\">\u00a0a varoval p\u0159ed\u00a0<\/span><em><span dir=\"auto\">\u201erusk\u00fdmi provokacemi proti novin\u00e1\u0159\u016fm\u201c.<\/span><\/em><\/p>\n<p data-start=\"1459\" data-end=\"1716\"><em><span dir=\"auto\">\u201eP\u0159ipom\u00edn\u00e1m tak\u00e9 v\u0161em m\u00e9di\u00edm, \u017ee jak\u00e9koli n\u00e1v\u0161t\u011bvy \u00fazem\u00ed okupovan\u00e9ho Ruskem bez souhlasu Ukrajiny jsou poru\u0161en\u00edm na\u0161ich z\u00e1kon\u016f a mezin\u00e1rodn\u00edho pr\u00e1va. Budou m\u00edt dlouhodob\u00e9 n\u00e1sledky pro reputaci a pr\u00e1vn\u00ed aspekty. Pozorn\u011b sledujeme situaci,\u201c<\/span><\/em><span dir=\"auto\">\u00a0dodal.<\/span><\/p>\n<p data-start=\"1718\" data-end=\"2237\"><span dir=\"auto\">Putin ve st\u0159edu prohl\u00e1sil, \u017ee Rusko je p\u0159ipraveno umo\u017enit ukrajinsk\u00fdm a dal\u0161\u00edm zahrani\u010dn\u00edm novin\u00e1\u0159\u016fm cestovat na frontovou linii a\u00a0<\/span><em><span dir=\"auto\">\u201ena vlastn\u00ed o\u010di vid\u011bt\u201c,<\/span><\/em><span dir=\"auto\">\u00a0\u017ee ukrajinsk\u00e9 jednotky jsou obkli\u010dov\u00e1ny v Krasnoarmejsku (Pokrovsku), Kupjansku a Dimitrovu (Mirnogradu).<\/span><\/p>\n<p data-start=\"1718\" data-end=\"2237\"><span dir=\"auto\">Rusk\u00e9 ministerstvo obrany pozd\u011bji potvrdilo, \u017ee dostalo pokyn pozastavit bojov\u00e9 operace na\u00a0<\/span><em><span dir=\"auto\">\u201ep\u011bt a\u017e \u0161est hodin\u201c<\/span><\/em><span dir=\"auto\">\u00a0a poskytnout novin\u00e1\u0159\u016fm\u00a0<\/span><em><span dir=\"auto\">\u201ekoridory\u201c<\/span><\/em><span dir=\"auto\">\u00a0za podm\u00ednky, \u017ee ukrajinsk\u00e9 s\u00edly s touto dohodou souhlas\u00ed a zaru\u010d\u00ed jejich bezpe\u010dnost.<\/span><\/p>\n<p data-start=\"2239\" data-end=\"2567\"><span dir=\"auto\">Ukrajinsk\u00fd v\u016fdce Vladimir Zelenskyj pop\u0159el, \u017ee by kyjevsk\u00e9 jednotky byly obkl\u00ed\u010deny, a obvinil Rusko z p\u0159eh\u00e1n\u011bn\u00ed sv\u00fdch zisk\u016f na boji\u0161ti. Moskva mezit\u00edm obvinila Ukrajinu z \u00famysln\u00e9ho \u00fatoku na novin\u00e1\u0159e, v\u010detn\u011b v\u00e1le\u010dn\u00e9ho zpravodaje RIA Novosti Ivana Zujeva, kter\u00e9ho za\u010d\u00e1tkem tohoto m\u011bs\u00edce zabil dron.<\/span><\/p>\n<p data-start=\"2239\" data-end=\"2567\"><img decoding=\"async\" loading=\"lazy\" class=\"alignnone size-full wp-image-1185\" src=\"http:\/\/www.infokuryr.cz\/n\/wp-content\/uploads\/2021\/04\/kuryr-podpis.png\" alt=\"\" width=\"84\" height=\"24\" \/><\/p>\n<p data-start=\"2239\" data-end=\"2567\">\n","protected":false},"excerpt":{"rendered":"<p>Moskva uvedla, \u017ee je p\u0159ipravena zajistit koridory pro zahrani\u010dn\u00ed novin\u00e1\u0159e, kte\u0159\u00ed si p\u0159ej\u00ed sledovat boje&#8230;<\/p>\n","protected":false},"author":2,"featured_media":91106,"comment_status":"closed","ping_status":"closed","sticky":false,"template":"","format":"standard","meta":[],"categories":[7],"tags":[64,273,22,26],"_links":{"self":[{"href":"https:\/\/www.infokuryr.cz\/n\/wp-json\/wp\/v2\/posts\/91105"}],"collection":[{"href":"https:\/\/www.infokuryr.cz\/n\/wp-json\/wp\/v2\/posts"}],"about":[{"href":"https:\/\/www.infokuryr.cz\/n\/wp-json\/wp\/v2\/types\/post"}],"author":[{"embeddable":true,"href":"https:\/\/www.infokuryr.cz\/n\/wp-json\/wp\/v2\/users\/2"}],"replies":[{"embeddable":true,"href":"https:\/\/www.infokuryr.cz\/n\/wp-json\/wp\/v2\/comments?post=91105"}],"version-history":[{"count":0,"href":"https:\/\/www.infokuryr.cz\/n\/wp-json\/wp\/v2\/posts\/91105\/revisions"}],"wp:featuredmedia":[{"embeddable":true,"href":"https:\/\/www.infokuryr.cz\/n\/wp-json\/wp\/v2\/media\/91106"}],"wp:attachment":[{"href":"https:\/\/www.infokuryr.cz\/n\/wp-json\/wp\/v2\/media?parent=91105"}],"wp:term":[{"taxonomy":"category","embeddable":true,"href":"https:\/\/www.infokuryr.cz\/n\/wp-json\/wp\/v2\/categories?post=91105"},{"taxonomy":"post_tag","embeddable":true,"href":"https:\/\/www.infokuryr.cz\/n\/wp-json\/wp\/v2\/tags?post=91105"}],"curies":[{"name":"wp","href":"https:\/\/api.w.org\/{rel}","templated":true}]}}