{"id":911,"date":"2021-04-18T05:39:53","date_gmt":"2021-04-18T03:39:53","guid":{"rendered":"http:\/\/www.infokuryr.cz\/n\/?p=911"},"modified":"2021-04-18T05:51:04","modified_gmt":"2021-04-18T03:51:04","slug":"911","status":"publish","type":"post","link":"https:\/\/www.infokuryr.cz\/n\/2021\/04\/18\/911\/","title":{"rendered":"Ve st\u0159edu ve\u010der USA, ve \u010dtvrtek Polsko a v sobotu \u010cesko! Vazalsk\u00e9 st\u00e1ty USA n\u00e1sleduj\u00ed Ameriku v mamut\u00ed zpravodajsk\u00e9 h\u0159e proti Rusku s c\u00edlem zastaven\u00ed dostavby Nord Stream 2 za ka\u017edou cenu!"},"content":{"rendered":"<div id=\"fb-root\"><\/div>\n<h4>Ve st\u0159edu ve\u010der USA, ve \u010dtvrtek Polsko a v sobotu \u010cesko! Vazalsk\u00e9 st\u00e1ty USA n\u00e1sleduj\u00ed Ameriku v mamut\u00ed zpravodajsk\u00e9 h\u0159e proti Rusku s c\u00edlem zastaven\u00ed dostavby Nord Stream 2 za ka\u017edou cenu! Babi\u0161ova vl\u00e1da hodila Vrb\u011btickou mask\u00edrovku s neleg\u00e1ln\u00edmi dod\u00e1vkami zbran\u00ed v roce 2014 do S\u00fdrie p\u0159es Ukrajinu na \u00fadajn\u00e9 rusk\u00e9 agenty ze Skripalovy kauzy! Praha vyhost\u00ed 18 rusk\u00fdch diplomat\u016f a \u010desk\u00e1 opozice u\u017e vol\u00e1 po \u0161krtnut\u00ed Sputniku a po vylou\u010den\u00ed Rosatomu z dostavby Dukovan! \u0160okuj\u00edc\u00ed video zachycuje des\u00edtky americk\u00fdch transportn\u00edch letoun\u016f p\u0159iv\u00e1\u017eej\u00edc\u00edch t\u011b\u017ekou vojenskou techniku na Ukrajinu!<\/h4>\n<p>\u010cesk\u00e1 republika znovu potvrdila, \u017ee nen\u00ed suver\u00e9nn\u00edm st\u00e1tem, ale naprosto ot\u0159esn\u00fdm zp\u016fsobem ovl\u00e1danou loutkou v ruk\u00e1ch zahrani\u010dn\u00edch mocnost\u00ed a jejich tajn\u00fdch slu\u017eeb. Premi\u00e9r Andrej Babi\u0161 na podn\u011bt ministra vnitra Jana Ham\u00e1\u010dka (<em>mimochodem, oba dva jsou \u010dleny \u010desk\u00e9 pobo\u010dky americk\u00e9ho Aspen Institutu zalo\u017een\u00e9ho Zde\u0148kem Bakalou<\/em>) svolal na sobotn\u00ed ve\u010der tiskovou konferenci.<\/p>\n<p>Na n\u00ed\u00a0<strong>premi\u00e9r rozt\u0159esen\u00fdm hlasem ozn\u00e1mil [<a href=\"https:\/\/href.li\/?https:\/\/tn.nova.cz\/clanek\/cesko-vyhosti-18-ruskych-diplomatu-moskva-mela-stat-za-explozi-ve-vrbeticich.html\" target=\"_blank\" rel=\"nofollow noopener\">1<\/a>], \u017ee \u010desk\u00e1 vl\u00e1da z\u00edskala d\u016fvodn\u00e9 podez\u0159en\u00ed (nikoliv d\u016fkazy, jen podez\u0159en\u00ed) na z\u00e1klad\u011b informac\u00ed pr\u00fd \u010desk\u00fdch tajn\u00fdch slu\u017eeb, \u017ee za explozemi muni\u010dn\u00edch sklad\u016f ve Vrb\u011btic\u00edch v roce 2014 st\u00e1la rusk\u00e1 vojensk\u00e1 rozv\u011bdka GRU<\/strong>, konkr\u00e9tn\u011b jednotka 29155. Podle informac\u00ed pr\u00fd za \u00fatoky stoj\u00ed Alexander Petrov a Ruslan Bo\u0161irov, tedy ti sam\u00ed \u00fadajn\u00ed oper\u00e1to\u0159i GRU, kte\u0159\u00ed se pr\u00fd pokusili v roce 2018 v britsk\u00e9m Salisbury otr\u00e1vit Sergeje Skripala. \u010cesk\u00e1 policie ji\u017e ozn\u00e1mila, \u017ee po t\u011bchto dvou mu\u017e\u00edch p\u00e1tr\u00e1, a to pr\u00e1v\u011b v souvislosti s explozemi v muni\u010dn\u00edch skladech ve Vrb\u011btic\u00edch.<\/p>\n<div class='videoWrapper'>\r\n\t            <iframe src='https:\/\/rumble.com\/embed\/pj.vd5gip\/' frameborder='0' allowfullscreen><\/iframe>\r\n\t        <\/div>\n<p>&nbsp;<\/p>\n<p>V prvn\u00ed \u0159ad\u011b je pot\u0159eba \u0159\u00edct, \u017ee znovu se ukazuje, jak nebezpe\u010dn\u011b americk\u00e9 ministerstvo zahrani\u010d\u00ed a americk\u00e1 CIA ovl\u00e1d\u00e1 \u010desk\u00e9 tajn\u00e9 slu\u017eby, jakou hrozbu to p\u0159edstavuje pro bezpe\u010dnost ob\u010dan\u016f \u010cesk\u00e9 republiky, kdy nyn\u00ed \u010desk\u00e1 vl\u00e1da rozj\u00ed\u017ed\u00ed novou a v\u016fbec nejnebezpe\u010dn\u011bj\u0161\u00ed zpravodajskou hru v historii.\u00a0<strong>\u010cesk\u00e1 vl\u00e1da toti\u017e de facto v sobotu ve\u010der obvinila nep\u0159\u00edmo Ruskou federaci minim\u00e1ln\u011b z teroristick\u00e9ho \u010dinu, ale pozor, jeliko\u017e muni\u010dn\u00ed sklad ve Vrb\u011btic\u00edch byl vojensk\u00fdm skladem,\u00a0mohl by takov\u00fd \u010din b\u00fdt pokl\u00e1d\u00e1n i za akt v\u00e1lky!\u00a0<\/strong>A \u010desk\u00fd gener\u00e1l Ji\u0159\u00ed \u0160ediv\u00fd pro m\u00e9dia ji\u017e uvedl, \u017ee \u010din Rus\u016f ve Vrb\u011btic\u00edch je vojensk\u00fdm napaden\u00edm \u010dlensk\u00e9 zem\u011b NATO\u00a0<strong>[<a href=\"https:\/\/href.li\/?https:\/\/www.blesk.cz\/clanek\/zpravy-udalosti\/676697\/general-sedivy-o-zapojeni-rusu-do-vybuchu-ve-vrbeticich-je-to-vojenske-napadeni.html\" target=\"_blank\" rel=\"nofollow noopener\">2<\/a>]<\/strong>.<\/p>\n<figure id=\"attachment_46290\" class=\"wp-caption aligncenter\" style=\"width: 535px;\"><a href=\"https:\/\/aeronet.cz\/news\/wp-content\/uploads\/PetrovBosirov.jpg\"><img decoding=\"async\" loading=\"lazy\" class=\"wp-image-46290 \" src=\"https:\/\/aeronet.cz\/news\/wp-content\/uploads\/PetrovBosirov.jpg\" sizes=\"(max-width: 700px) 100vw, 700px\" srcset=\"https:\/\/aeronet.cz\/news\/wp-content\/uploads\/PetrovBosirov.jpg 700w, https:\/\/aeronet.cz\/news\/wp-content\/uploads\/PetrovBosirov-300x169.jpg 300w, https:\/\/aeronet.cz\/news\/wp-content\/uploads\/PetrovBosirov-634x357.jpg 634w\" alt=\"\" width=\"535\" height=\"301\" \/><\/a><figcaption class=\"wp-caption-text\">Alexander Petrov a Ruslan Bo\u0161irov<\/figcaption><\/figure>\n<p><strong>A \u010cesk\u00e1 republika, na z\u00e1klad\u011b \u010dl\u00e1nku 5 Washingtonsk\u00e9 smlouvy, by mohla aktivovat kolektivn\u00ed obranu NATO a po\u017e\u00e1dat velen\u00ed aliance o vojenskou pomoc.<\/strong>\u00a0Krok \u010desk\u00e9 vl\u00e1dy p\u0159ich\u00e1z\u00ed t\u011bsn\u011b p\u0159ed pond\u011bln\u00edm jedn\u00e1n\u00edm Evropsk\u00e9 unie v Bruselu, kde se bude prob\u00edrat n\u00e1vrh na jednotn\u00fd postup proti Rusk\u00e9 federaci, kter\u00e1 pr\u00fd t\u00edm, \u017ee prov\u00e1d\u00ed vojensk\u00e1 cvi\u010den\u00ed v t\u011bsn\u00e9 bl\u00edzkosti ukrajinsk\u00fdch hranic, vyvol\u00e1v\u00e1 agresi. V\u0161imn\u011bte si, \u017ee za vl\u00e1dy Donalda Trumpa nebylo o Ukrajin\u011b ani vidu, ani slechu, v\u0161ude tam byl klid. Jakmile se k moci dostal Joe Biden, okam\u017eit\u011b Kyjev za\u010dal nasunovat zbran\u011b a \u00fato\u010dit bezpilotn\u00edmi drony na civiln\u00ed obyvatelstvo v Don\u011bcku a vra\u017edit mal\u00e9 d\u011bti\u00a0<strong>[<a href=\"https:\/\/aeronet.cz\/news\/nato-spustilo-mamuti-cviceni-defender-europe-2021-a-pocatkem-kvetna-se-bude-v-estonsku-odehravat-vzdusny-vysadek-oddilu-rychleho-nasazeni-to-same-v-bulharsku-a-v-rumunsku-nato-uvedlo-do-pohotovosti\/\">3<\/a>]<\/strong>.<\/p>\n<h6><span style=\"font-size: 12pt;\">VIDEO: \u0160okuj\u00edc\u00ed video zachycuje mamut\u00ed transportn\u00ed letouny americk\u00e9 arm\u00e1dy na ukrajinsk\u00e9m leti\u0161ti, p\u0159iv\u00e1\u017eej\u00ed zbran\u011b a t\u011b\u017ekou vojenskou techniku<\/span><\/h6>\n<p>Americk\u00e1 vl\u00e1da za\u010dala na Ukrajinu p\u0159esunovat americkou t\u011b\u017ekou vojenskou techniku,\u00a0<strong>unikl\u00e9 video z pond\u011bl\u00ed zachycuje n\u011bkolik des\u00edtek americk\u00fdch transportn\u00edch letadel C-17 Globemaster na leti\u0161ti B\u011blaja Cerekev (UKBC) na Ukrajin\u011b.<\/strong>\u00a0Dob\u0159e si v\u0161imn\u011bte, jak se Ameri\u010dan\u00e9 sna\u017e\u00ed a pos\u00edlaj\u00ed Ukrajinc\u016fm tanky, raketomety, voj\u00e1ky, obrn\u011bn\u00e9 transport\u00e9ry, v\u0161echno se chyst\u00e1 na obnoven\u00ed v\u00e1lky o v\u00fdchod Ukrajiny. Operace je doslova na spadnut\u00ed ka\u017ed\u00fdm dnem a \u010dek\u00e1 se na z\u00e1minku, na d\u016fvod, na zn\u00e1mku rusk\u00e9 agrese, na zn\u00e1mku rusk\u00e9ho terorismu. U\u017e v\u00e1m to za\u010d\u00edn\u00e1 doch\u00e1zet, na \u010dem se pr\u00e1v\u011b v t\u011bchto hodin\u00e1ch a minut\u00e1ch rozhodla pod\u00edlet \u010desk\u00e1 vl\u00e1da?<\/p>\n<div class='videoWrapper'>\r\n\t            <iframe src='https:\/\/rumble.com\/embed\/pj.vd5gfn\/' frameborder='0' allowfullscreen><\/iframe>\r\n\t        <\/div>\n<p>&nbsp;<\/p>\n<p><strong>U\u017e ch\u00e1pete, pro\u010d Gener\u00e1ln\u00ed \u0161t\u00e1b A\u010cR na\u0159\u00eddil [<a href=\"https:\/\/href.li\/?https:\/\/www.natoaktual.cz\/zpravy\/bvp-bojova-vozidla-armada-obrana-bucovice-7-brigada.A210309_080626_na_zpravy_m00\" target=\"_blank\" rel=\"nofollow noopener\">4<\/a>] v polovin\u011b b\u0159ezna uv\u00e9st do provozu 15 zakonzervovan\u00fdch star\u00fdch BVP?<\/strong>\u00a0Ano, Ukrajina bude pot\u0159ebovat techniku, kterou um\u00ed ukrajin\u0161t\u00ed voj\u00e1ci pou\u017e\u00edvat a je pravd\u011bpodobn\u00e9, \u017ee americk\u00e1 transportn\u00ed letadla nevoz\u00ed na Ukrajinu jen americkou techniku, ale i tu b\u00fdvalou sov\u011btskou ze sklad\u016f b\u00fdval\u00fdch \u010dlensk\u00fdch st\u00e1t\u016f Var\u0161avsk\u00e9 smlouvy v Evrop\u011b. Covidov\u00e1 krize a z\u00e1kazy vych\u00e1zen\u00ed tuhle a t\u00e1mhle jsou dokonalou mask\u00edrovkou.<\/p>\n<h6><span style=\"font-size: 12pt;\">Rusov\u00e9 p\u00e1traj\u00ed po organiz\u00e1torech prodeje \u010desk\u00fdch zbran\u00ed a munice odd\u00edl\u016fm FSA od roku 2012 a n\u00e1stupnick\u00e9mu Isl\u00e1msk\u00e9mu st\u00e1tu. Stopy vedou do \u010cR a do Vrb\u011btic<\/span><\/h6>\n<p>Exploze ve Vrb\u011btic\u00edch v roce 2014 byly zinscenov\u00e1ny za \u00fa\u010delem zameten\u00ed stop po chyb\u011bj\u00edc\u00edm invent\u00e1\u0159i ve skladech, kdy tis\u00edce kus\u016f zbran\u00ed a munice byly ze sklad\u016f vyvezeny na Ukrajinu, ale odtamtud zbran\u011b a munice pokra\u010dovaly do S\u00fdrie do rukou tehdej\u0161\u00ed Free Syrian Army a pozd\u011bji Isl\u00e1msk\u00e9ho st\u00e1tu bojuj\u00edc\u00edho proti Ba\u0161\u00e1ru Asadovi, a to v ostr\u00e9m rozporu s mezin\u00e1rodn\u00edm zbrojn\u00edm embargem na dod\u00e1vky zbran\u00ed do S\u00fdrie.<\/p>\n<p><strong>Zbran\u011b z Vrb\u011btic se dosud nach\u00e1z\u00ed v S\u00fdrii a pr\u00e1v\u011b rusk\u00e1 GRU vede podle rusk\u00e9 televize jmenn\u00e9 svodky na \u010desk\u00e9 ob\u010dany a \u010dleny \u010desk\u00fdch tajn\u00fdch slu\u017eeb, kte\u0159\u00ed za touto operac\u00ed dod\u00e1vek od roku 2012 st\u00e1ly.<\/strong>\u00a0<strong>Zbran\u011b toti\u017e v S\u00fdrii zab\u00edjely rusk\u00e9 voj\u00e1ky a rusk\u00e9 ob\u010dany!<\/strong>\u00a0Kdy\u017e se ze skladu ztrat\u00ed zbran\u011b, nebo kdy\u017e je ve skladu rozkr\u00e1da\u010dka, nebo kdy\u017e velitel skladu za\u010dne se z\u00e1sobami \u201cpodnikat\u201d a p\u0159eroste mu to p\u0159es hlavu a na skladu vznikne obrovsk\u00e9 invent\u00e1rn\u00ed manko a nejde dohledat tis\u00edce kus\u016f zbran\u00ed, munice, gran\u00e1t\u016f, raket, raketomet\u016f, RPG sestav a dal\u0161\u00ed v\u00fdzbroje, tak se to \u0159e\u0161\u00ed obvykle dv\u011bma zp\u016fsoby.<\/p>\n<h6><span style=\"font-size: 12pt;\">Vrb\u011btick\u00e1 mask\u00edrovka: Exploze muni\u010d\u00e1ku v roce 2014 m\u011bla podle vy\u0161et\u0159ov\u00e1n\u00ed org\u00e1n\u016f GRU v S\u00fdrii zamaskovat chyb\u011bj\u00edc\u00ed skladov\u00e9 z\u00e1soby a tajn\u00e9 dod\u00e1vky zbran\u00ed z \u010cR p\u0159es Ukrajinu do S\u00fdrie<\/span><\/h6>\n<p>Bu\u010f si velitel skladu pro\u017eene kulku hlavou a v dopise na rozlou\u010denou se p\u0159izn\u00e1, anebo nech\u00e1 cel\u00fd sklad vylet\u011bt do pov\u011bt\u0159\u00ed. V rozma\u0161\u00edrovan\u00e9m a rozmetan\u00e9m prostoru po vybuchl\u00e9m skladu u\u017e nikdy a nikdo inventuru prov\u00e9st nedok\u00e1\u017ee, tak\u017ee \u00fa\u010detn\u011b se v\u0161echno odep\u00ed\u0161e.\u00a0<strong>A p\u0159esn\u011b toto se v roce 2014 stalo ve Vrb\u011btic\u00edch podle zdroj\u016f rusk\u00e9 GRU, kter\u00e1 vy\u0161et\u0159ovala v letech 2015 a\u017e 2017, kdo dod\u00e1v\u00e1 u\u017e od roku 2012 povstalc\u016fm v S\u00fdrii zbran\u011b \u010desk\u00e9 provenience v dokonale zakonzervovan\u00e9m stavu<\/strong>, co\u017e je n\u011bco, co je na Bl\u00edzk\u00e9m V\u00fdchod\u011b k neuv\u011b\u0159en\u00ed.<\/p>\n<figure id=\"attachment_46287\" class=\"wp-caption aligncenter\" style=\"width: 606px;\"><a href=\"https:\/\/aeronet.cz\/news\/wp-content\/uploads\/SA58SyriaFSA.jpg\"><img decoding=\"async\" loading=\"lazy\" class=\"wp-image-46287 \" src=\"https:\/\/aeronet.cz\/news\/wp-content\/uploads\/SA58SyriaFSA.jpg\" sizes=\"(max-width: 816px) 100vw, 816px\" srcset=\"https:\/\/aeronet.cz\/news\/wp-content\/uploads\/SA58SyriaFSA.jpg 816w, https:\/\/aeronet.cz\/news\/wp-content\/uploads\/SA58SyriaFSA-300x169.jpg 300w, https:\/\/aeronet.cz\/news\/wp-content\/uploads\/SA58SyriaFSA-768x432.jpg 768w, https:\/\/aeronet.cz\/news\/wp-content\/uploads\/SA58SyriaFSA-700x394.jpg 700w, https:\/\/aeronet.cz\/news\/wp-content\/uploads\/SA58SyriaFSA-635x357.jpg 635w\" alt=\"\" width=\"606\" height=\"341\" \/><\/a><figcaption class=\"wp-caption-text\">Foto ze S\u00fdrie. \u010cesk\u00e9 samopaly SA-58 z v\u00fdzbroje Free Syrian Army se nyn\u00ed prod\u00e1vaj\u00ed v S\u00fdrii na \u010dern\u00e9m trhu, Zbran\u011b poch\u00e1z\u00ed z \u010desk\u00fdch vojensk\u00fdch muni\u010dn\u00edch sklad\u016f<\/figcaption><\/figure>\n<p>Tam se na \u010dern\u00e9m trhu obchoduje se zbran\u011bmi z Turecka, z Ir\u00e1ku, ze zem\u00ed b\u00fdval\u00e9ho Sov\u011btsk\u00e9ho svazu, a v\u0161echny jsou ve stra\u0161n\u00e9m stavu.\u00a0<strong>\u010cesk\u00e9 samopaly SA-58 v\u0161ak dost\u00e1vali povstalci FSA minim\u00e1ln\u011b u\u017e od roku 2012 v dokonal\u00e9m a zakonzervovan\u00e9m stavu od dodavatel\u016f z Ukrajiny, kter\u00e1 ale byla jen p\u0159ekladi\u0161t\u011bm.<\/strong>\u00a0Ty zbran\u011b poch\u00e1zely z \u010cesk\u00e9 republiky. Podle rusk\u00e9 televize se GRU poda\u0159ilo i podle s\u00e9riov\u00fdch \u010d\u00edsel n\u011bkter\u00fdch zbran\u00ed vystopovat n\u011bkter\u00e9 \u010desk\u00e9 \u00fatvary A\u010cR a dokonce registra\u010dn\u00ed \u0161t\u00edtky b\u00fdval\u00e9 \u010cSLA. Tohle v\u0161echno se dostalo do S\u00fdrie z \u010cR p\u0159es Ukrajinu. A v\u00fdbuch skladu ve Vrb\u011btic\u00edch je dokonalou odpov\u011bd\u00ed, odkud ty zbran\u011b asi tak poch\u00e1zely.<\/p>\n<h6><span style=\"font-size: 12pt;\">Opozice v parlamentu vol\u00e1 po vylou\u010den\u00ed Rosatomu z dostavby Dukovan a po z\u00e1kazu vakc\u00edny Sputnik, Rusko pr\u00fd sp\u00e1chalo ve Vrb\u011btic\u00edch teroristick\u00fd, nebo dokonce v\u00e1le\u010dn\u00fd \u010din!<\/span><\/h6>\n<p>\u010cesk\u00e1 parlamentn\u00ed opozice ji\u017e vyzvala\u00a0<strong>[<a href=\"https:\/\/href.li\/?https:\/\/www.novinky.cz\/domaci\/clanek\/politici-hovori-v-souvislosti-s-odhalenim-tajnych-sluzeb-o-valce-a-terorismu-40357362#dop_ab_variant=0&amp;dop_source_zone_name=novinky.sznhp.box&amp;dop_req_id=BWb6buQXOBi-202104171906&amp;dop_id=40357362&amp;source=hp&amp;seq_no=3&amp;utm_campaign=&amp;utm_medium=z-boxiku&amp;utm_source=www.seznam.cz\" target=\"_blank\" rel=\"nofollow noopener\">5<\/a>]<\/strong>, aby rusk\u00fd Rosatom byl vylou\u010den z dostavby Dukovan a za\u010daly dokonce i padat v\u00fdzvy, aby se z bezpe\u010dnostn\u00edch d\u016fvod\u016f zabr\u00e1nilo n\u00e1kup\u016fm a pou\u017e\u00edv\u00e1n\u00ed vakc\u00edny Sputnik v \u010cR, proto\u017ee Rusko pr\u00fd ve Vrb\u011btic\u00edch sp\u00e1chalo proti \u010cR v\u00e1le\u010dn\u00fd akt, a kdy\u017e ne v\u00e1le\u010dn\u00fd, tak minim\u00e1ln\u011b teroristick\u00fd.\u00a0<strong>Cel\u00e1 tato zpravodajsk\u00e1 hra proti Rusku m\u00e1 jedin\u00fd c\u00edl, vykreslit Rusko jako st\u00e1t agresora, kter\u00fd p\u00e1ch\u00e1 teroristick\u00e9 \u010diny na \u00fazem\u00edch \u010dlensk\u00fdch st\u00e1t\u016f NATO<\/strong>, \u00fato\u010d\u00ed na muni\u010dn\u00ed vojensk\u00e9 sklady \u010dlensk\u00fdch t\u00e1t\u016f NATO, t\u00edm se dopou\u0161t\u00ed v\u00e1le\u010dn\u00fdch akt\u016f proti \u010dlen\u016fm NATO, a proto je t\u0159eba s Ruskem p\u0159etrhat ve\u0161ker\u00e9 vztahy a hlavn\u011b ukon\u010dit obchodn\u00ed styky.<\/p>\n<figure id=\"attachment_46286\" class=\"wp-caption aligncenter\" style=\"width: 583px;\"><a href=\"https:\/\/aeronet.cz\/news\/wp-content\/uploads\/FSA-SA58.jpg\"><img decoding=\"async\" loading=\"lazy\" class=\"wp-image-46286 \" src=\"https:\/\/aeronet.cz\/news\/wp-content\/uploads\/FSA-SA58-1024x614.jpg\" sizes=\"(max-width: 700px) 100vw, 700px\" srcset=\"https:\/\/aeronet.cz\/news\/wp-content\/uploads\/FSA-SA58.jpg 1024w, https:\/\/aeronet.cz\/news\/wp-content\/uploads\/FSA-SA58-300x180.jpg 300w, https:\/\/aeronet.cz\/news\/wp-content\/uploads\/FSA-SA58-768x461.jpg 768w, https:\/\/aeronet.cz\/news\/wp-content\/uploads\/FSA-SA58-700x420.jpg 700w, https:\/\/aeronet.cz\/news\/wp-content\/uploads\/FSA-SA58-595x357.jpg 595w, https:\/\/aeronet.cz\/news\/wp-content\/uploads\/FSA-SA58-806x483.jpg 806w\" alt=\"\" width=\"583\" height=\"350\" \/><\/a><figcaption class=\"wp-caption-text\">\u010clenov\u00e9 Free Syrian Army cvi\u010d\u00ed s \u010desk\u00fdmi samopaly SA-58<\/figcaption><\/figure>\n<p>A to nejen ohledn\u011b Dukovan a Sputniku, ale hlavn\u011b ukon\u010dit dostavbu Nord Stream 2, \u010demu\u017e nad\u00e1le odporuje N\u011bmecko, proto\u017ee do tohoto projektu investovalo p\u0159\u00edli\u0161 mnoho politick\u00e9ho kapit\u00e1lu. Ten plyn m\u00e1 toti\u017e poh\u00e1n\u011bt elektrifikaci N\u011bmecka a hordy elektrick\u00fdch Volkswagen\u016f a dal\u0161\u00edch elektrick\u00fdch aut. Elekt\u0159inu budou vyr\u00e1b\u011bt v N\u011bmecku plynov\u00e9 elektr\u00e1rny, bez rusk\u00e9ho plynu nebude elektrick\u00e1 \u00e9ra.\u00a0<strong>Ameri\u010dan\u00e9 jsou ochotni p\u0159ekazit Nord Stream 2 i za cenu rozpout\u00e1n\u00ed v\u00e1lky na Ukrajin\u011b. I za cenu v\u00e1le\u010dn\u00e9ho konfliktu na evropsk\u00e9 p\u016fd\u011b.<\/strong>\u00a0Nord Stream 2 je toti\u017e svatebn\u00ed prsten mezi Berl\u00ednem a Moskvou. Jakmile bude navle\u010den, pov\u00e1le\u010dn\u00e9 americk\u00e9 ukotven\u00ed po II. sv. v\u00e1lce v Evrop\u011b skon\u010d\u00ed.<\/p>\n<h6><span style=\"font-size: 12pt;\">Nejv\u011brn\u011bj\u0161\u00ed vazalov\u00e9 USA jsou Polsko a \u010cesko, ostatn\u00ed zem\u011b budou s vyho\u0161\u0165ov\u00e1n\u00edm rusk\u00fdch diplomat\u016f brzy n\u00e1sledovat<\/span><\/h6>\n<p>V\u0161echny provokace na Ukrajin\u011b maj\u00ed za \u00fakol vyprovokovat rusk\u00e9ho medv\u011bda, aby vtrhl na Ukrajinu a za\u010dal tam d\u011blat po\u0159\u00e1dky. Jakmile k tomu dojde, Berl\u00edn bude pod tak obrovsk\u00fdm tlakem NATO a spojenc\u016f, \u017ee dostavba Nord Stream 2 bude neudr\u017eiteln\u00e1. Berl\u00edn by musel stavbu minim\u00e1ln\u011b p\u0159eru\u0161it, proto\u017ee ve chv\u00edli, kdy by na Ukrajinu proudily rusk\u00e9 jednotky, by nebylo u\u017e politicky pro Berl\u00edn udr\u017eiteln\u00e9, aby nad\u00e1le s Rusy stav\u011bl plynovod. Je to obrovsk\u00e1 hra nerv\u016f.<\/p>\n<figure id=\"attachment_46288\" class=\"wp-caption aligncenter\" style=\"width: 478px;\"><a href=\"https:\/\/aeronet.cz\/news\/wp-content\/uploads\/C17_USAF.jpg\"><img decoding=\"async\" loading=\"lazy\" class=\"wp-image-46288 \" src=\"https:\/\/aeronet.cz\/news\/wp-content\/uploads\/C17_USAF-1024x683.jpg\" sizes=\"(max-width: 700px) 100vw, 700px\" srcset=\"https:\/\/aeronet.cz\/news\/wp-content\/uploads\/C17_USAF-1024x683.jpg 1024w, https:\/\/aeronet.cz\/news\/wp-content\/uploads\/C17_USAF-300x200.jpg 300w, https:\/\/aeronet.cz\/news\/wp-content\/uploads\/C17_USAF-768x512.jpg 768w, https:\/\/aeronet.cz\/news\/wp-content\/uploads\/C17_USAF-700x467.jpg 700w, https:\/\/aeronet.cz\/news\/wp-content\/uploads\/C17_USAF-536x357.jpg 536w, https:\/\/aeronet.cz\/news\/wp-content\/uploads\/C17_USAF-725x483.jpg 725w, https:\/\/aeronet.cz\/news\/wp-content\/uploads\/C17_USAF.jpg 1200w\" alt=\"\" width=\"478\" height=\"319\" \/><\/a><figcaption class=\"wp-caption-text\">C-17 Globemaster<\/figcaption><\/figure>\n<p><strong>Ameri\u010dan\u00e9 stup\u0148uj\u00ed teror a p\u00edchaj\u00ed klackem do rusk\u00e9ho medv\u011bda tak moc a tak bolestiv\u011b, aby se rozb\u011bhl a vtrhl na Ukrajinu. A m\u011bl by na to medv\u011bd svat\u00e9 pr\u00e1vo. Jen\u017ee medv\u011bd m\u00e1 mozek g\u00e9nia a v\u00ed, \u017ee to nesm\u00ed ud\u011blat.<\/strong>\u00a0Ameri\u010dan\u00e9 proto pos\u00edlaj\u00ed ka\u017ed\u00fd den na Ukrajinu mamut\u00ed transportn\u00ed letadla a pos\u00edlaj\u00ed tam vojenskou techniku a b\u016fhv\u00ed, co dal\u0161\u00edho. A poslu\u0161n\u00ed vazalov\u00e9 Ameri\u010dan\u016f p\u0159ikl\u00e1daj\u00ed pod kotel bezpe\u010dnostn\u00ed eskalace.<\/p>\n<p>Ameri\u010dan\u00e9 uvalili ve st\u0159edu na Rusko nov\u00e9 sankce a vyhostili 10 rusk\u00fdch diplomat\u016f. Pol\u00e1ci hned ve \u010dtvrtek, jako nejv\u011brn\u011bj\u0161\u00ed vazal USA \u010d. 1, na zn\u00e1mku podpory USA vyhostili 3 rusk\u00e9 diplomaty.\u00a0<strong>A \u010cesko jako druh\u00fd nejv\u011brn\u011bj\u0161\u00ed vazal USA vyhostilo v sobotu 18 diplomat\u016f, to \u010d\u00edslo je symbolick\u00e9, proto\u017ee 18 znamen\u00e1 AH, tedy Adolf Hitler, tedy symbol toho, \u017ee Vladimira Putina pova\u017euje Praha za Adolfa Hitlera<\/strong>, proto pou\u017eili ten diplomatick\u00fd symbol 18 vyho\u0161t\u011bn\u00fdch diplomat\u016f.<\/p>\n<p><iframe loading=\"lazy\" src=\"https:\/\/www.youtube.com\/embed\/8zF5om1aaEI?feature=oembed\" width=\"100%\" height=\"394\" frameborder=\"0\" allowfullscreen=\"allowfullscreen\" data-mce-fragment=\"1\"><\/iframe><\/p>\n<p>Jen\u017ee jako z\u00e1minku k tomu pou\u017eili historku o tom, \u017ee do pov\u011bt\u0159\u00ed vyhozen\u00fd sklad ve Vrb\u011btic\u00edch, odkud proudily zbran\u011b na Ukrajinu a potom do S\u00fdrie, pr\u00fd maj\u00ed na sv\u011bdom\u00ed dva operativci GRU, kte\u0159\u00ed u\u017e maj\u00ed na krku i Skripala a kauzu s Novi\u010dokem. Dod\u00e1vky zbran\u00ed p\u0159es Ukrajinu do S\u00fdrie budou p\u0159edm\u011btem mohutn\u00e9ho vy\u0161et\u0159ov\u00e1n\u00ed jednoho dne, pokud p\u0159ijde den, kdy se v \u010cR dostane k moci pro-n\u00e1rodn\u00ed, vlasteneck\u00e1 a nezkorumpovan\u00e1 vl\u00e1da, kter\u00e1 nebude ve vazalsk\u00e9m p\u0159edklonu k \u017e\u00e1dn\u00e9 ciz\u00ed mocnosti. Dej B\u016fh, abychom se toho jednou do\u017eili!<\/p>\n<p>-VK- \u0160\u00e9fredaktor AE News<\/p>\n<p><a href=\"https:\/\/aeronet.cz\/news\/ve-stredu-vecer-usa-ve-ctvrtek-polsko-a-v-sobotu-cesko-vazalske-staty-usa-nasleduji-ameriku-v-mamuti-zpravodajske-hre-proti-rusku-s-cilem-zastaveni-dostavby-nord-stream-2-za-kazdou-cenu\/\">ZDROJ<\/a><\/p>\n","protected":false},"excerpt":{"rendered":"<p>Ve st\u0159edu ve\u010der USA, ve \u010dtvrtek Polsko a v sobotu \u010cesko! Vazalsk\u00e9 st\u00e1ty USA n\u00e1sleduj\u00ed&#8230;<\/p>\n","protected":false},"author":2,"featured_media":912,"comment_status":"closed","ping_status":"closed","sticky":false,"template":"","format":"standard","meta":[],"categories":[6],"tags":[109,49,22,147,82,37,145],"_links":{"self":[{"href":"https:\/\/www.infokuryr.cz\/n\/wp-json\/wp\/v2\/posts\/911"}],"collection":[{"href":"https:\/\/www.infokuryr.cz\/n\/wp-json\/wp\/v2\/posts"}],"about":[{"href":"https:\/\/www.infokuryr.cz\/n\/wp-json\/wp\/v2\/types\/post"}],"author":[{"embeddable":true,"href":"https:\/\/www.infokuryr.cz\/n\/wp-json\/wp\/v2\/users\/2"}],"replies":[{"embeddable":true,"href":"https:\/\/www.infokuryr.cz\/n\/wp-json\/wp\/v2\/comments?post=911"}],"version-history":[{"count":0,"href":"https:\/\/www.infokuryr.cz\/n\/wp-json\/wp\/v2\/posts\/911\/revisions"}],"wp:featuredmedia":[{"embeddable":true,"href":"https:\/\/www.infokuryr.cz\/n\/wp-json\/wp\/v2\/media\/912"}],"wp:attachment":[{"href":"https:\/\/www.infokuryr.cz\/n\/wp-json\/wp\/v2\/media?parent=911"}],"wp:term":[{"taxonomy":"category","embeddable":true,"href":"https:\/\/www.infokuryr.cz\/n\/wp-json\/wp\/v2\/categories?post=911"},{"taxonomy":"post_tag","embeddable":true,"href":"https:\/\/www.infokuryr.cz\/n\/wp-json\/wp\/v2\/tags?post=911"}],"curies":[{"name":"wp","href":"https:\/\/api.w.org\/{rel}","templated":true}]}}