{"id":91086,"date":"2025-11-01T00:28:04","date_gmt":"2025-10-31T23:28:04","guid":{"rendered":"https:\/\/www.infokuryr.cz\/n\/?p=91086"},"modified":"2025-10-30T18:22:26","modified_gmt":"2025-10-30T17:22:26","slug":"izrael-po-smrticich-naletech-priznava-ze-hamas-se-nepodilel-na-operaci-v-rafahu","status":"publish","type":"post","link":"https:\/\/www.infokuryr.cz\/n\/2025\/11\/01\/izrael-po-smrticich-naletech-priznava-ze-hamas-se-nepodilel-na-operaci-v-rafahu\/","title":{"rendered":"Izrael po smrt\u00edc\u00edch n\u00e1letech p\u0159izn\u00e1v\u00e1, \u017ee Ham\u00e1s se nepod\u00edlel na operaci v Raf\u00e1hu"},"content":{"rendered":"<div id=\"fb-root\"><\/div>\n<p><span dir=\"auto\">Okupovan\u00e1 Palestina \u2013 Izrael \u00fadajn\u011b p\u0159ipustil, \u017ee operaci, kter\u00e1 se v \u00fater\u00fd odehr\u00e1la v Raf\u00e1hu v ji\u017en\u00ed Gaze, pravd\u011bpodobn\u011b provedla osam\u011bl\u00e1 skupina, kter\u00e1 nev\u011bd\u011bla o p\u0159\u00edm\u011b\u0159\u00ed, je\u017e vstoupilo v platnost 10. \u0159\u00edjna.<\/span><\/p>\n<p><em><span dir=\"auto\">Izrael v \u00fater\u00fd ozn\u00e1mil, \u017ee na\u0159\u00eddil \u201e masivn\u00ed a okam\u017eit\u00e9<\/span><\/em><span dir=\"auto\">\u00a0\u201c \u00fadery\u00a0na p\u00e1smo Gazy s tvrzen\u00edm, \u017ee Ham\u00e1s za\u00fato\u010dil na jeho voj\u00e1ky v Raf\u00e1hu a nepropustil v\u0161echny izraelsk\u00e9 v\u011bzn\u011b dr\u017een\u00e9 v Gaze.<\/span><\/p>\n<p><span dir=\"auto\">Ham\u00e1s v\u0161ak jakoukoli odpov\u011bdnost za operaci v Raf\u00e1hu pop\u0159el a v komunik\u00e9 uvedl, \u017ee respektuje dohodu o p\u0159\u00edm\u011b\u0159\u00ed. Vojensk\u00e9 k\u0159\u00eddlo Ham\u00e1su, Brig\u00e1dy K\u00e1s\u00e1m, obvinily Izrael z poru\u0161en\u00ed p\u0159\u00edm\u011b\u0159\u00ed.<\/span><\/p>\n<p><span dir=\"auto\">Podle izraelsk\u00e9ho webu\u00a0<\/span><em><span dir=\"auto\">Walla<\/span><\/em><span dir=\"auto\">\u00a0se odpov\u011bdn\u00e1 skupina st\u00e1le nach\u00e1zela uvnit\u0159 tunel\u016f. Kdy\u017e izraelsk\u00e9 \u017eenijn\u00ed jednotky zas\u00e1hly kl\u00ed\u010dovou \u010d\u00e1st tunelov\u00e9 s\u00edt\u011b v oblasti, bojovn\u00edci se vyno\u0159ili z podzem\u00ed a zah\u00e1jili na jednotku palbu.<\/span><\/p>\n<p><span dir=\"auto\">Zdroje bl\u00edzk\u00e9 p\u0159\u00edpadu uvedly, \u017ee podle odhad\u016f se jedn\u00e1 o bu\u0148ku, kter\u00e1 byla v tunelech uv\u011bzn\u011bna del\u0161\u00ed dobu a operaci provedla jako posledn\u00ed mo\u017enost.<\/span><\/p>\n<p><span dir=\"auto\">Izraelsk\u00fd premi\u00e9r Benjamin Netanjahu vyu\u017eil operace v Raf\u00e1hu jako p\u0159\u00edle\u017eitosti k zintenzivn\u011bn\u00ed \u00fatok\u016f v Gaze. Od v\u010derej\u0161\u00ed noci bylo p\u0159i t\u011bchto smrt\u00edc\u00edch \u00faderech zabito v\u00edce ne\u017e 100 Palestinc\u016f, v\u010detn\u011b 46 d\u011bt\u00ed.<\/span><\/p>\n<p><span dir=\"auto\">Pot\u00e9, co izraelsk\u00e1 arm\u00e1da zabila des\u00edtky lid\u00ed, ve st\u0159edu ozn\u00e1mila, \u017ee se v souladu s pokyny sv\u00fdch politick\u00fdch v\u016fdc\u016f vrac\u00ed k p\u0159\u00edm\u011b\u0159\u00ed.<\/span><\/p>\n<p><span dir=\"auto\">Ham\u00e1s obvinil Izrael z vym\u00fd\u0161len\u00ed \u201e\u00a0<\/span><em><span dir=\"auto\">fale\u0161n\u00fdch z\u00e1minek<\/span><\/em><span dir=\"auto\">\u00a0\u201c k obnoven\u00ed agrese v Gaze.<\/span><\/p>\n<p><span dir=\"auto\">Spojen\u00e9 st\u00e1ty vyj\u00e1d\u0159ily podporu Izraeli navzdory poru\u0161ov\u00e1n\u00ed p\u0159\u00edm\u011b\u0159\u00ed a zd\u016fraznily pr\u00e1vo Izraele na sebeobranu.<\/span><\/p>\n<p><span dir=\"auto\">Prezident Donald Trump ve st\u0159edu prohl\u00e1sil, \u017ee p\u0159\u00edm\u011b\u0159\u00ed \u201e\u00a0<\/span><em><span dir=\"auto\">nen\u00ed ohro\u017eeno<\/span><\/em><span dir=\"auto\">\u00a0\u201c navzdory n\u00e1let\u016fm.<\/span><\/p>\n<p><span dir=\"auto\">Zdroj:\u00a0<\/span><a href=\"https:\/\/qudsnen.co\/israel-admits-rafah-operation-involved-isolated-gaza-cell-unaware-of-ceasefire-report\/*\"><span dir=\"auto\">Zpravodajsk\u00e1 s\u00ed\u0165 Quds<\/span><\/a><\/p>\n<p>&nbsp;<\/p>\n","protected":false},"excerpt":{"rendered":"<p>Okupovan\u00e1 Palestina \u2013 Izrael \u00fadajn\u011b p\u0159ipustil, \u017ee operaci, kter\u00e1 se v \u00fater\u00fd odehr\u00e1la v Raf\u00e1hu&#8230;<\/p>\n","protected":false},"author":2,"featured_media":91087,"comment_status":"closed","ping_status":"closed","sticky":false,"template":"","format":"standard","meta":[],"categories":[7],"tags":[347,107,3203],"_links":{"self":[{"href":"https:\/\/www.infokuryr.cz\/n\/wp-json\/wp\/v2\/posts\/91086"}],"collection":[{"href":"https:\/\/www.infokuryr.cz\/n\/wp-json\/wp\/v2\/posts"}],"about":[{"href":"https:\/\/www.infokuryr.cz\/n\/wp-json\/wp\/v2\/types\/post"}],"author":[{"embeddable":true,"href":"https:\/\/www.infokuryr.cz\/n\/wp-json\/wp\/v2\/users\/2"}],"replies":[{"embeddable":true,"href":"https:\/\/www.infokuryr.cz\/n\/wp-json\/wp\/v2\/comments?post=91086"}],"version-history":[{"count":0,"href":"https:\/\/www.infokuryr.cz\/n\/wp-json\/wp\/v2\/posts\/91086\/revisions"}],"wp:featuredmedia":[{"embeddable":true,"href":"https:\/\/www.infokuryr.cz\/n\/wp-json\/wp\/v2\/media\/91087"}],"wp:attachment":[{"href":"https:\/\/www.infokuryr.cz\/n\/wp-json\/wp\/v2\/media?parent=91086"}],"wp:term":[{"taxonomy":"category","embeddable":true,"href":"https:\/\/www.infokuryr.cz\/n\/wp-json\/wp\/v2\/categories?post=91086"},{"taxonomy":"post_tag","embeddable":true,"href":"https:\/\/www.infokuryr.cz\/n\/wp-json\/wp\/v2\/tags?post=91086"}],"curies":[{"name":"wp","href":"https:\/\/api.w.org\/{rel}","templated":true}]}}