{"id":91080,"date":"2025-11-01T00:25:41","date_gmt":"2025-10-31T23:25:41","guid":{"rendered":"https:\/\/www.infokuryr.cz\/n\/?p=91080"},"modified":"2025-10-30T18:12:43","modified_gmt":"2025-10-30T17:12:43","slug":"dalsi-rana-pro-klimaticke-alarmisty-velky-barierovy-utes-vzkveta-jako-nikdy-predtim","status":"publish","type":"post","link":"https:\/\/www.infokuryr.cz\/n\/2025\/11\/01\/dalsi-rana-pro-klimaticke-alarmisty-velky-barierovy-utes-vzkveta-jako-nikdy-predtim\/","title":{"rendered":"Dal\u0161\u00ed r\u00e1na pro klimatick\u00e9 alarmisty: Velk\u00fd bari\u00e9rov\u00fd \u00fates vzkv\u00e9t\u00e1 jako nikdy p\u0159edt\u00edm"},"content":{"rendered":"<div id=\"fb-root\"><\/div>\n<p><strong><span dir=\"auto\">A op\u011bt nov\u00e1 studie ukazuje, \u017ee klimati\u010dt\u00ed alarmist\u00e9 se ve sv\u00fdch varov\u00e1n\u00edch p\u0159ed ni\u010den\u00edm kor\u00e1lov\u00fdch \u00fates\u016f v d\u016fsledku klimatick\u00fdch zm\u011bn zcela m\u00fdl\u00ed. Naopak, kor\u00e1lov\u00fdm \u00fates\u016fm, zejm\u00e9na t\u011bm z Velk\u00e9ho bari\u00e9rov\u00e9ho \u00fatesu, se ve skute\u010dnosti da\u0159\u00ed velmi dob\u0159e.<\/span><\/strong><\/p>\n<p><span dir=\"auto\">Velk\u00fd bari\u00e9rov\u00fd \u00fates, nejv\u011bt\u0161\u00ed kor\u00e1lov\u00fd \u00fatesov\u00fd syst\u00e9m na sv\u011bt\u011b pobl\u00ed\u017e Austr\u00e1lie, byl klimatick\u00fdmi alarmisty opakovan\u011b uv\u00e1d\u011bn jako p\u0159\u00edklad postupn\u00e9ho ni\u010den\u00ed biodiverzity zp\u016fsoben\u00e9ho zm\u011bnou klimatu. Tvrd\u00ed, \u017ee stoupaj\u00edc\u00ed teplota vody zab\u00edj\u00ed kor\u00e1ly a vede k jejich b\u011blen\u00ed. To v\u0161ak m\u00e1 s realitou jen velmi m\u00e1lo spole\u010dn\u00e9ho.<\/span><\/p>\n<p><span dir=\"auto\">Ned\u00e1vn\u00e1 studie v\u00fdzkumn\u00edka Alberta Borettiho, publikovan\u00e1 v \u010dasopise International Journal of Global Warming pod n\u00e1zvem \u201e\u00a0<\/span><a href=\"https:\/\/www.inderscience.com\/offers.php?id=147639\"><span dir=\"auto\">Hodnocen\u00ed 38 let trend\u016f kor\u00e1lov\u00e9ho pokryt\u00ed Velk\u00e9ho bari\u00e9rov\u00e9ho \u00fatesu: poznatky o odolnosti a teplotn\u00ed korelaci<\/span><\/a><span dir=\"auto\">\u00a0\u201c, je dal\u0161\u00ed ranou pro klimatick\u00e9 alarmisty. Na z\u00e1klad\u011b 38 let\u00a0<\/span><a href=\"https:\/\/www.aims.gov.au\/monitoring-great-barrier-reef\/gbr-condition-summary-2024-25\"><span dir=\"auto\">dat z Australsk\u00e9ho institutu pro mo\u0159sk\u00e9 v\u011bdy<\/span><\/a><span dir=\"auto\">\u00a0(AIMS) Boretti ukazuje, \u017ee kor\u00e1lov\u00fd pokryv Velk\u00e9ho bari\u00e9rov\u00e9ho \u00fatesu nyn\u00ed dos\u00e1hl nejvy\u0161\u0161\u00ed \u00farovn\u011b od za\u010d\u00e1tku m\u011b\u0159en\u00ed v roce 1985. Jin\u00fdmi slovy, zat\u00edmco klimatologi, politici a novin\u00e1\u0159i nad\u0161en\u011b hovo\u0159ili o bezprost\u0159edn\u00edm z\u00e1niku oce\u00e1n\u016f, nejv\u011bt\u0161\u00ed \u00fatesov\u00fd syst\u00e9m na Zemi vzkv\u00e9tal.<\/span><\/p>\n<figure class=\"wp-block-image size-full\"><img decoding=\"async\" loading=\"lazy\" class=\"wp-image-156632 aligncenter\" src=\"https:\/\/report24.news\/wp-content\/uploads\/2025\/10\/Coral-cover-percentage-Great-Barrier-Reef.jpg\" sizes=\"(max-width: 1222px) 100vw, 1222px\" srcset=\"https:\/\/report24.news\/wp-content\/uploads\/2025\/10\/Coral-cover-percentage-Great-Barrier-Reef.jpg 1222w, https:\/\/report24.news\/wp-content\/uploads\/2025\/10\/Coral-cover-percentage-Great-Barrier-Reef-768x506.jpg 768w, https:\/\/report24.news\/wp-content\/uploads\/2025\/10\/Coral-cover-percentage-Great-Barrier-Reef-600x395.jpg 600w\" alt=\"\" width=\"812\" height=\"535\" \/><figcaption class=\"wp-element-caption\"><em><span dir=\"auto\">Zdroj obr\u00e1zku:\u00a0<\/span><a href=\"https:\/\/www.aims.gov.au\/monitoring-great-barrier-reef\/gbr-condition-summary-2024-25\"><span dir=\"auto\">aims.gov.au<\/span><\/a><\/em><\/figcaption><\/figure>\n<p><span dir=\"auto\">Zji\u0161t\u011bn\u00ed vyvrac\u00ed jeden z nejtrvalej\u0161\u00edch m\u00fdt\u016f klimatick\u00e9ho pr\u016fmyslu: \u00fadajnou kauz\u00e1ln\u00ed souvislost mezi rostouc\u00edmi teplotami a kolapsem ekosyst\u00e9m\u016f. Boretti nenalezl \u201e\u017e\u00e1dnou konzistentn\u00ed korelaci mezi zvy\u0161ov\u00e1n\u00edm teploty a klesaj\u00edc\u00edm kor\u00e1lov\u00fdm pokryvem\u201c. Naopak, kor\u00e1ly vykazuj\u00ed pozoruhodnou odolnost a ohromuj\u00edc\u00ed schopnost regenerace \u2013 biologickou adaptaci, kter\u00e1 v p\u0159\u00edrod\u011b funguje po miliony let. Koneckonc\u016f, kor\u00e1ly v historii Zem\u011b p\u0159e\u017eily i v\u00fdrazn\u011b extr\u00e9mn\u011bj\u0161\u00ed teplotn\u00ed v\u00fdkyvy. V\u0161echny popla\u0161n\u00e9 titulky v mainstreamov\u00fdch m\u00e9di\u00edch o \u00fadajn\u00e9m \u201eekologick\u00e9m Armagedonu\u201c proto nebyly jen p\u0159ehnan\u00e9, ale naprosto nepravdiv\u00e9.<\/span><\/p>\n<p><span dir=\"auto\">Borettiho studie tak\u00e9 p\u0159in\u00e1\u0161\u00ed nep\u0159\u00edjemnou pravdu pro ty v\u00fdzkumn\u00edky, kte\u0159\u00ed se v posledn\u00edch letech \u017eivily \u201emodelov\u00fdmi p\u0159edpov\u011b\u010fmi\u201c: Pozorovan\u00e1 data p\u0159ekon\u00e1vaj\u00ed teoretick\u00e9 modely. Zat\u00edmco klimatick\u00e9 modely vykresluj\u00ed bez\u00fat\u011b\u0161n\u00e9 sc\u00e9n\u00e1\u0159e, skute\u010dn\u00e1 m\u011b\u0159en\u00ed ukazuj\u00ed, \u017ee oce\u00e1n neum\u00edr\u00e1, ale p\u0159izp\u016fsobuje se.<\/span><\/p>\n<p><span dir=\"auto\">Je samoz\u0159ejm\u00e9, \u017ee tento v\u00fdzkumn\u00edk se pravd\u011bpodobn\u011b nestane obl\u00edbencem akademick\u00e9 obce kv\u016fli sv\u00fdm st\u0159\u00edzliv\u00fdm zji\u0161t\u011bn\u00edm. Ka\u017ed\u00fd, kdo se dnes odv\u00e1\u017e\u00ed zpochybnit \u00fadajn\u00fd \u201ekonsenzus\u201c, riskuje ostrakizaci, po\u0161kozen\u00ed kari\u00e9ry a medi\u00e1ln\u00ed hanoben\u00ed. Boretti n\u00e1m v\u0161ak p\u0159ipom\u00edn\u00e1, \u010d\u00edm by v\u011bda ve skute\u010dnosti m\u011bla b\u00fdt: pozorov\u00e1n\u00edm, anal\u00fdzou a z\u00e1v\u011brem. A pr\u00e1v\u011b to d\u011bl\u00e1 jeho studii tak cennou.<\/span><\/p>\n<p><img decoding=\"async\" loading=\"lazy\" class=\"alignnone size-full wp-image-1185\" src=\"http:\/\/www.infokuryr.cz\/n\/wp-content\/uploads\/2021\/04\/kuryr-podpis.png\" alt=\"\" width=\"84\" height=\"24\" \/><\/p>\n<p>&nbsp;<\/p>\n","protected":false},"excerpt":{"rendered":"<p>A op\u011bt nov\u00e1 studie ukazuje, \u017ee klimati\u010dt\u00ed alarmist\u00e9 se ve sv\u00fdch varov\u00e1n\u00edch p\u0159ed ni\u010den\u00edm kor\u00e1lov\u00fdch&#8230;<\/p>\n","protected":false},"author":2,"featured_media":91081,"comment_status":"closed","ping_status":"closed","sticky":false,"template":"","format":"standard","meta":[],"categories":[7],"tags":[873,9986,1503,10001],"_links":{"self":[{"href":"https:\/\/www.infokuryr.cz\/n\/wp-json\/wp\/v2\/posts\/91080"}],"collection":[{"href":"https:\/\/www.infokuryr.cz\/n\/wp-json\/wp\/v2\/posts"}],"about":[{"href":"https:\/\/www.infokuryr.cz\/n\/wp-json\/wp\/v2\/types\/post"}],"author":[{"embeddable":true,"href":"https:\/\/www.infokuryr.cz\/n\/wp-json\/wp\/v2\/users\/2"}],"replies":[{"embeddable":true,"href":"https:\/\/www.infokuryr.cz\/n\/wp-json\/wp\/v2\/comments?post=91080"}],"version-history":[{"count":0,"href":"https:\/\/www.infokuryr.cz\/n\/wp-json\/wp\/v2\/posts\/91080\/revisions"}],"wp:featuredmedia":[{"embeddable":true,"href":"https:\/\/www.infokuryr.cz\/n\/wp-json\/wp\/v2\/media\/91081"}],"wp:attachment":[{"href":"https:\/\/www.infokuryr.cz\/n\/wp-json\/wp\/v2\/media?parent=91080"}],"wp:term":[{"taxonomy":"category","embeddable":true,"href":"https:\/\/www.infokuryr.cz\/n\/wp-json\/wp\/v2\/categories?post=91080"},{"taxonomy":"post_tag","embeddable":true,"href":"https:\/\/www.infokuryr.cz\/n\/wp-json\/wp\/v2\/tags?post=91080"}],"curies":[{"name":"wp","href":"https:\/\/api.w.org\/{rel}","templated":true}]}}