{"id":91045,"date":"2025-11-01T00:13:40","date_gmt":"2025-10-31T23:13:40","guid":{"rendered":"https:\/\/www.infokuryr.cz\/n\/?p=91045"},"modified":"2025-10-30T13:50:06","modified_gmt":"2025-10-30T12:50:06","slug":"pres-130-zabitych-pri-nejkrvavejsim-policejnim-zatahu-v-historii-brazilie","status":"publish","type":"post","link":"https:\/\/www.infokuryr.cz\/n\/2025\/11\/01\/pres-130-zabitych-pri-nejkrvavejsim-policejnim-zatahu-v-historii-brazilie\/","title":{"rendered":"P\u0159es 130 zabit\u00fdch p\u0159i nejkrvav\u011bj\u0161\u00edm policejn\u00edm z\u00e1tahu v historii Braz\u00edlie"},"content":{"rendered":"<div id=\"fb-root\"><\/div>\n<p><strong><span dir=\"auto\">P\u0159i rozs\u00e1hl\u00e9m z\u00e1sahu brazilsk\u00fdch bezpe\u010dnostn\u00edch slo\u017eek zam\u011b\u0159en\u00e9m na organizovan\u00fd zlo\u010din v Rio de Janeiru 28. \u0159\u00edjna zem\u0159elo p\u0159es 130 lid\u00ed, v\u010detn\u011b n\u011bkolika policist\u016f.<\/span><\/strong><\/p>\n<p><span dir=\"auto\">Guvern\u00e9r st\u00e1tu Rio de Janeiro Cl\u00e1udio Castro na tiskov\u00e9 konferenci novin\u00e1\u0159\u016fm \u0159ekl, \u017ee policie p\u0159i razii zabavila \u201evelk\u00e9 mno\u017estv\u00ed drog\u201c, uvedla agentura Reuters. \u00da\u0159ady tak\u00e9 na soci\u00e1ln\u00edch s\u00edt\u00edch uvedly, \u017ee b\u011bhem operace bylo zat\u010deno 81 lid\u00ed a zabaveno nejm\u00e9n\u011b 42 pu\u0161ek.<\/span><\/p>\n<p><span dir=\"auto\">Castro d\u00e1le v p\u0159\u00edsp\u011bvku na soci\u00e1ln\u00ed s\u00edti X ozna\u010dil razii za \u201enejv\u011bt\u0161\u00ed operaci v historii Rio de Janeira\u201c.<\/span><\/p>\n<p><span dir=\"auto\">Vl\u00e1da Rio de Janeira samostatn\u011b uvedla, \u017ee policie zah\u00e1jila operaci s c\u00edlem \u201ebojovat proti \u00fazemn\u00ed expanzi\u201c zlo\u010dineck\u00e9 skupiny Comando Vermelho.<\/span><\/p>\n<p><span dir=\"auto\">Vl\u00e1da v dlouh\u00e9m prohl\u00e1\u0161en\u00ed zaslan\u00e9m serveru X uvedla, \u017ee operace prob\u00edhala d\u00e9le ne\u017e rok a zapojilo se do n\u00ed v\u00edce ne\u017e 2 500 vojensk\u00fdch a civiln\u00edch policist\u016f.<\/span><\/p>\n<p><iframe loading=\"lazy\" src=\"https:\/\/s5.cdnstatic.space\/wp-content\/uploads\/2025\/10\/brz1-1.mp4\" width=\"600\" height=\"338\" data-mce-fragment=\"1\"><\/iframe><\/p>\n<p><iframe loading=\"lazy\" src=\"https:\/\/s5.cdnstatic.space\/wp-content\/uploads\/2025\/10\/brz2-1.mp4\" width=\"600\" height=\"338\" data-mce-fragment=\"1\"><\/iframe><\/p>\n<p><iframe loading=\"lazy\" src=\"https:\/\/s5.cdnstatic.space\/wp-content\/uploads\/2025\/10\/brz3-1.mp4\" width=\"600\" height=\"338\" data-mce-fragment=\"1\"><\/iframe><\/p>\n<p><iframe loading=\"lazy\" src=\"https:\/\/s5.cdnstatic.space\/wp-content\/uploads\/2025\/10\/brz4-1.mp4\" width=\"600\" height=\"338\" data-mce-fragment=\"1\"><\/iframe><\/p>\n<p><iframe loading=\"lazy\" src=\"https:\/\/s5.cdnstatic.space\/wp-content\/uploads\/2025\/10\/brz5-1.mp4\" width=\"600\" height=\"338\" data-mce-fragment=\"1\"><\/iframe><\/p>\n<p><span dir=\"auto\">Obrovsk\u00e1 policejn\u00ed s\u00edla zapojen\u00e9 do razie byla pos\u00edlena obrn\u011bn\u00fdmi vozidly, vrtuln\u00edky a drony. Policie st\u0159\u00edlela o domy s \u010dleny gangu, kte\u0159\u00ed blokovali kl\u00ed\u010dov\u00e9 silnice ve favel\u00e1ch Alem\u00e3o a Penha a jejich okol\u00ed pobl\u00ed\u017e mezin\u00e1rodn\u00edho leti\u0161t\u011b v Riu a pou\u017eili drony nalo\u017een\u00e9 v\u00fdbu\u0161ninami.<\/span><\/p>\n<p><em><span dir=\"auto\">\u201eToto je rozsah v\u00fdzvy, kter\u00e9 \u010del\u00edme,\u201c uvedl Castro v p\u0159\u00edsp\u011bvku a pot\u00e9 pou\u017eil term\u00edn obl\u00edben\u00fd mezi l\u00eddry tvrd\u00e9ho boje proti zlo\u010dinu ve Spojen\u00fdch st\u00e1tech a Latinsk\u00e9 Americe. \u201eU\u017e to nen\u00ed b\u011b\u017en\u00fd zlo\u010din, je to narkoterorismus.\u201c<\/span><\/em><\/p>\n<p><span dir=\"auto\">Castro odhadl po\u010det ob\u011bt\u00ed razie na p\u0159ibli\u017en\u011b 60 r\u00e1no 29. \u0159\u00edjna. Pozd\u011bji v\u0161ak \u00fa\u0159ad ve\u0159ejn\u00e9ho ochr\u00e1nce st\u00e1tu Rio de Janeiro uvedl, \u017ee bylo zabito 132 lid\u00ed. Mezi ob\u011b\u0165mi jsou nejm\u00e9n\u011b \u010dty\u0159i policist\u00e9.<\/span><\/p>\n<p><iframe loading=\"lazy\" src=\"https:\/\/s5.cdnstatic.space\/wp-content\/uploads\/2025\/10\/brz6-1.mp4\" width=\"600\" height=\"338\" data-mce-fragment=\"1\"><\/iframe><\/p>\n<p><iframe loading=\"lazy\" src=\"https:\/\/s5.cdnstatic.space\/wp-content\/uploads\/2025\/10\/brz7-1.mp4\" width=\"600\" height=\"338\" data-mce-fragment=\"1\"><\/iframe><\/p>\n<p><iframe loading=\"lazy\" src=\"https:\/\/s5.cdnstatic.space\/wp-content\/uploads\/2025\/10\/brz8-1.mp4\" width=\"600\" height=\"338\" data-mce-fragment=\"1\"><\/iframe><\/p>\n<p><iframe loading=\"lazy\" src=\"https:\/\/s5.cdnstatic.space\/wp-content\/uploads\/2025\/10\/brz9-1.mp4\" width=\"600\" height=\"338\" data-mce-fragment=\"1\"><\/iframe><\/p>\n<p><span dir=\"auto\">Comando Vermelho, portugalsky \u201eRud\u00e9 velen\u00ed\u201c, je nejstar\u0161\u00ed a nejv\u011bt\u0161\u00ed aktivn\u00ed zlo\u010dineck\u00e1 organizace v Braz\u00edlii. V posledn\u00edch m\u011bs\u00edc\u00edch Comando Vermelho zah\u00e1jilo rozs\u00e1hlou ofenzivu s c\u00edlem ovl\u00e1dnout \u00fazem\u00ed v z\u00e1padn\u00edm Rio de Janeiru ovl\u00e1dan\u00e1 polovojensk\u00fdmi skupinami zvan\u00fdmi milice.<\/span><\/p>\n<p><span dir=\"auto\">Razie tohoto rozsahu jsou v Rio de Janeiru b\u011b\u017en\u00e9 p\u0159ed mezin\u00e1rodn\u00edmi akcemi. P\u0159\u00ed\u0161t\u00ed t\u00fdden se ve m\u011bst\u011b bude konat v\u00fdznamn\u00e1 klimatick\u00e1 konference, Sv\u011btov\u00fd summit starost\u016f C40.<\/span><\/p>\n<p><img decoding=\"async\" loading=\"lazy\" class=\"alignnone size-full wp-image-1185\" src=\"http:\/\/www.infokuryr.cz\/n\/wp-content\/uploads\/2021\/04\/kuryr-podpis.png\" alt=\"\" width=\"84\" height=\"24\" \/><\/p>\n<p>&nbsp;<\/p>\n","protected":false},"excerpt":{"rendered":"<p>P\u0159i rozs\u00e1hl\u00e9m z\u00e1sahu brazilsk\u00fdch bezpe\u010dnostn\u00edch slo\u017eek zam\u011b\u0159en\u00e9m na organizovan\u00fd zlo\u010din v Rio de Janeiru 28&#8230;.<\/p>\n","protected":false},"author":2,"featured_media":91046,"comment_status":"closed","ping_status":"closed","sticky":false,"template":"","format":"standard","meta":[],"categories":[7],"tags":[288,5135,2609,491],"_links":{"self":[{"href":"https:\/\/www.infokuryr.cz\/n\/wp-json\/wp\/v2\/posts\/91045"}],"collection":[{"href":"https:\/\/www.infokuryr.cz\/n\/wp-json\/wp\/v2\/posts"}],"about":[{"href":"https:\/\/www.infokuryr.cz\/n\/wp-json\/wp\/v2\/types\/post"}],"author":[{"embeddable":true,"href":"https:\/\/www.infokuryr.cz\/n\/wp-json\/wp\/v2\/users\/2"}],"replies":[{"embeddable":true,"href":"https:\/\/www.infokuryr.cz\/n\/wp-json\/wp\/v2\/comments?post=91045"}],"version-history":[{"count":0,"href":"https:\/\/www.infokuryr.cz\/n\/wp-json\/wp\/v2\/posts\/91045\/revisions"}],"wp:featuredmedia":[{"embeddable":true,"href":"https:\/\/www.infokuryr.cz\/n\/wp-json\/wp\/v2\/media\/91046"}],"wp:attachment":[{"href":"https:\/\/www.infokuryr.cz\/n\/wp-json\/wp\/v2\/media?parent=91045"}],"wp:term":[{"taxonomy":"category","embeddable":true,"href":"https:\/\/www.infokuryr.cz\/n\/wp-json\/wp\/v2\/categories?post=91045"},{"taxonomy":"post_tag","embeddable":true,"href":"https:\/\/www.infokuryr.cz\/n\/wp-json\/wp\/v2\/tags?post=91045"}],"curies":[{"name":"wp","href":"https:\/\/api.w.org\/{rel}","templated":true}]}}