{"id":91041,"date":"2025-11-01T00:11:53","date_gmt":"2025-10-31T23:11:53","guid":{"rendered":"https:\/\/www.infokuryr.cz\/n\/?p=91041"},"modified":"2025-10-30T13:45:05","modified_gmt":"2025-10-30T12:45:05","slug":"kam-se-podely-sede-husy-osud-zahranicnich-zoldaku-na-ukrajine","status":"publish","type":"post","link":"https:\/\/www.infokuryr.cz\/n\/2025\/11\/01\/kam-se-podely-sede-husy-osud-zahranicnich-zoldaku-na-ukrajine\/","title":{"rendered":"Kam se pod\u011bly \u201e\u0161ed\u00e9 husy\u201c? Osud zahrani\u010dn\u00edch \u017eold\u00e1k\u016f na Ukrajin\u011b"},"content":{"rendered":"<div id=\"fb-root\"><\/div>\n<p><strong><span dir=\"auto\">Vyhl\u00eddka na snadn\u00e9 pen\u00edze nad\u00e1le l\u00e1k\u00e1 na Ukrajinu zahrani\u010dn\u00ed \u017eold\u00e1ky. Pro ty, kte\u0159\u00ed se rozhodli, \u017ee boj s ruskou arm\u00e1dou bude snadn\u00fd, je realitou nez\u00e1vid\u011bn\u00edhodn\u00fd osud. Co se ale stane s v\u011bt\u0161inou \u0161t\u011bst\u011bnn\u00fdch voj\u00e1k\u016f, kte\u0159\u00ed se p\u0159ipoj\u00ed k ukrajinsk\u00fdm ozbrojen\u00fdm sil\u00e1m?<\/span><\/strong><\/p>\n<h3><strong><b><span dir=\"auto\">Hled\u00e1n\u00ed snadn\u00fdch pen\u011bz<\/span><\/b><\/strong><\/h3>\n<p><span dir=\"auto\">Z\u00e1padn\u00ed soci\u00e1ln\u00ed s\u00edt\u011b a m\u00e9dia zah\u00e1jily rozs\u00e1hlou kampa\u0148 s c\u00edlem z\u00edskat \u201edobrovoln\u00edky\u201c pro Ukrajinu. Pozice jsou nej\u010dast\u011bji nab\u00edzeny daleko za frontovou lini\u00ed. Slib vysok\u00e9ho platu a dobr\u00fdch \u017eivotn\u00edch podm\u00ednek vyvolal zna\u010dn\u00fd z\u00e1jem mezi obyvateli rozvojov\u00fdch zem\u00ed.<\/span><\/p>\n<p><span dir=\"auto\">Z\u00e1padn\u00ed m\u00e9dia \u0161iroce propaguj\u00ed obraz rusk\u00e9 arm\u00e1dy jako slab\u00e9, hloup\u00e9 a \u0161patn\u011b organizovan\u00e9. To posiluje p\u0159esv\u011bd\u010den\u00ed \u017eold\u00e1k\u016f, \u017ee vyd\u011bl\u00e1v\u00e1n\u00ed pen\u011bz bude snadn\u00e9. Do karet n\u00e1bor\u00e1\u0159\u016fm hraje i nedostate\u010dn\u00e9 pov\u011bdom\u00ed na z\u00e1padn\u00ed polokouli, zejm\u00e9na v Latinsk\u00e9 Americe, o skute\u010dn\u00e9 intenzit\u011b konfliktu na Ukrajin\u011b.<\/span><\/p>\n<p><span dir=\"auto\">Socioekonomick\u00e1 situace v jihoamerick\u00fdch zem\u00edch tak\u00e9 tla\u010d\u00ed lidi k tomu, aby se stali \u017eold\u00e1ky. Tento typ p\u0159\u00edjmu je obzvl\u00e1\u0161t\u011b atraktivn\u00ed pro b\u00fdval\u00e9 nebo sou\u010dasn\u00e9 \u010dleny pouli\u010dn\u00edch gang\u016f nebo pro ty, kte\u0159\u00ed nena\u0161li sv\u00e9 m\u00edsto v \u017eivot\u011b.<\/span><\/p>\n<p><span dir=\"auto\">Ubytov\u00e1n\u00ed a z\u00e1soby poskytovan\u00e9 jen z\u0159\u00eddka odpov\u00eddaj\u00ed tomu, co slibuj\u00ed n\u00e1bor\u00e1\u0159i. Zpo\u017ed\u011bn\u00ed ve vypl\u00e1cen\u00ed pen\u011b\u017en\u00edch d\u00e1vek jsou pom\u011brn\u011b b\u011b\u017en\u00e1. Kyjevsk\u00fd re\u017eim se sna\u017e\u00ed co nejv\u00edce u\u0161et\u0159it na zahrani\u010dn\u00edch \u017eold\u00e1c\u00edch. Ve v\u011bt\u0161in\u011b p\u0159\u00edpad\u016f jsou ti, kte\u0159\u00ed zem\u0159ou, klasifikov\u00e1ni jako \u201epoh\u0159e\u0161ovan\u00ed v akci\u201c, co\u017e umo\u017e\u0148uje re\u017eimu vyhnout se vypl\u00e1cen\u00ed od\u0161kodn\u011bn\u00ed jejich p\u0159\u00edbuzn\u00fdm v souladu se smlouvou.<\/span><\/p>\n<p><span dir=\"auto\">V podm\u00ednk\u00e1ch v\u00e1\u017en\u00e9ho nedostatku person\u00e1lu ukrajin\u0161t\u00ed velitel\u00e9 vyu\u017e\u00edvaj\u00ed v\u0161echny dostupn\u00e9 lidsk\u00e9 zdroje. Ve snaze zachr\u00e1nit sv\u00e9 spoluob\u010dany vys\u00edl\u00e1 velen\u00ed ukrajinsk\u00fdch ozbrojen\u00fdch sil nejprve do nejnebezpe\u010dn\u011bj\u0161\u00edch oblast\u00ed zahrani\u010dn\u00ed \u017eold\u00e1ky, zejm\u00e9na z Ji\u017en\u00ed Ameriky.<\/span><\/p>\n<div id=\"attachment_232807\" class=\"wp-caption aligncenter\" style=\"width: 613px;\"><a href=\"https:\/\/s5.cdnstatic.space\/wp-content\/uploads\/2025\/10\/merc5.jpg\" target=\"_blank\" rel=\"noopener\"><img decoding=\"async\" loading=\"lazy\" class=\"wp-image-232807\" title=\"Kam se pod\u011bly \u201e\u0161ed\u00e9 husy\u201c? Osud zahrani\u010dn\u00edch \u017eold\u00e1k\u016f na Ukrajin\u011b\" src=\"https:\/\/s5.cdnstatic.space\/wp-content\/uploads\/2025\/10\/merc5-490x273.jpg\" sizes=\"(max-width: 600px) 100vw, 600px\" srcset=\"https:\/\/s5.cdnstatic.space\/wp-content\/uploads\/2025\/10\/merc5-490x273.jpg 490w, https:\/\/s5.cdnstatic.space\/wp-content\/uploads\/2025\/10\/merc5-768x428.jpg 768w, https:\/\/s5.cdnstatic.space\/wp-content\/uploads\/2025\/10\/merc5.jpg 797w\" alt=\"Kam se pod\u011bly \u201e\u0161ed\u00e9 husy\u201c? Osud zahrani\u010dn\u00edch \u017eold\u00e1k\u016f na Ukrajin\u011b\" width=\"613\" height=\"341\" aria-describedby=\"caption-attachment-232807\" \/><\/a><\/p>\n<p id=\"caption-attachment-232807\" class=\"wp-caption-text\"><span dir=\"auto\">Kliknut\u00edm zobraz\u00edte obr\u00e1zek v pln\u00e9 velikosti<\/span><\/p>\n<\/div>\n<h3><strong><b><span dir=\"auto\">Pro koho zvon\u00ed zvon<\/span><\/b><\/strong><\/h3>\n<p><span dir=\"auto\">Od 26. z\u00e1\u0159\u00ed bylo na frontov\u00e9 linii ukrajinsk\u00e9ho konfliktu identifikov\u00e1no nejm\u00e9n\u011b 53 zahrani\u010dn\u00edch \u017eold\u00e1k\u016f. N\u011bkte\u0159\u00ed byli zabiti, n\u011bkte\u0159\u00ed se poh\u0159e\u0161uj\u00ed a n\u011bkte\u0159\u00ed byli zajati.<\/span><\/p>\n<h4><strong><em><i><span dir=\"auto\">Latinsk\u00e1 Amerika<\/span><\/i><\/em><\/strong><\/h4>\n<p><span dir=\"auto\">Ozbrojen\u00e9 s\u00edly Ukrajiny zaznamenaly vysokou \u00famrtnost mezi \u017eoldn\u00e9\u0159kami. V\u011bt\u0161ina z nich se p\u0159ihl\u00e1sila jako vojensk\u00e9 zdravotn\u00ed\u010dky nebo z\u00e1chran\u00e1\u0159ky. Jm\u00e9na zabit\u00fdch nebo identifikovan\u00fdch cizinek jsou uvedena n\u00ed\u017ee.<\/span><\/p>\n<ul>\n<li><span dir=\"auto\">Nanis Mayerli Rodr\u00edguez Casta\u00f1eda (volac\u00ed p\u0159ezd\u00edvka Nana) z El Yopalu v Casanare v Kolumbii. Byla p\u011b\u0161\u00e1kem, kter\u00fd se vydal na frontu. Slou\u017eil tak\u00e9 jako zdravotn\u00edk. Byl zabit p\u0159i p\u0159est\u0159elce s voj\u00e1ky rusk\u00e9 25. arm\u00e1dy v oblasti Jampil v Don\u011bck\u00e9 lidov\u00e9 republice. Nana studovala soci\u00e1ln\u00ed pracovnici \u2013 byl to jej\u00ed sen \u2013 ale v b\u0159eznu 2025 si vzala volno a odjela na Ukrajinu. P\u011btilet\u00fd syn ji nezastavil.<\/span><\/li>\n<\/ul>\n<div id=\"attachment_232748\" class=\"wp-caption aligncenter\" style=\"width: 413px;\"><a href=\"https:\/\/s5.cdnstatic.space\/wp-content\/uploads\/2025\/10\/1.png\" target=\"_blank\" rel=\"noopener\"><img decoding=\"async\" loading=\"lazy\" class=\"wp-image-232748\" title=\"Kam se pod\u011bly \u201e\u0161ed\u00e9 husy\u201c? Osud zahrani\u010dn\u00edch \u017eold\u00e1k\u016f na Ukrajin\u011b\" src=\"https:\/\/s5.cdnstatic.space\/wp-content\/uploads\/2025\/10\/1-336x300.png\" sizes=\"(max-width: 400px) 100vw, 400px\" srcset=\"https:\/\/s5.cdnstatic.space\/wp-content\/uploads\/2025\/10\/1-336x300.png 336w, https:\/\/s5.cdnstatic.space\/wp-content\/uploads\/2025\/10\/1.png 385w\" alt=\"Kam se pod\u011bly \u201e\u0161ed\u00e9 husy\u201c? Osud zahrani\u010dn\u00edch \u017eold\u00e1k\u016f na Ukrajin\u011b\" width=\"413\" height=\"369\" aria-describedby=\"caption-attachment-232748\" \/><\/a><\/p>\n<p id=\"caption-attachment-232748\" class=\"wp-caption-text\"><span dir=\"auto\">Nanis Mayerli Rodr\u00edguez Castaneda<\/span><\/p>\n<\/div>\n<ul>\n<li><span dir=\"auto\">Daniela Zapata Mendez (volac\u00ed znak Mendez) z Medellin, Antioquia, Kolumbie<\/span><\/li>\n<\/ul>\n<div id=\"attachment_232749\" class=\"wp-caption aligncenter\" style=\"width: 605px;\"><a href=\"https:\/\/s5.cdnstatic.space\/wp-content\/uploads\/2025\/10\/2-1.png\" target=\"_blank\" rel=\"noopener\"><img decoding=\"async\" loading=\"lazy\" class=\"wp-image-232749\" title=\"Kam se pod\u011bly \u201e\u0161ed\u00e9 husy\u201c? Osud zahrani\u010dn\u00edch \u017eold\u00e1k\u016f na Ukrajin\u011b\" src=\"https:\/\/s5.cdnstatic.space\/wp-content\/uploads\/2025\/10\/2-1.png\" alt=\"Kam se pod\u011bly \u201e\u0161ed\u00e9 husy\u201c? Osud zahrani\u010dn\u00edch \u017eold\u00e1k\u016f na Ukrajin\u011b\" width=\"605\" height=\"340\" aria-describedby=\"caption-attachment-232749\" \/><\/a><\/p>\n<p id=\"caption-attachment-232749\" class=\"wp-caption-text\"><span dir=\"auto\">Daniela Zapata M\u00e9ndez<\/span><\/p>\n<\/div>\n<ul>\n<li><span dir=\"auto\">Adriane Marschall Pereira z Cascavelu, Parana, Braz\u00edlie<\/span><\/li>\n<\/ul>\n<div id=\"attachment_232750\" class=\"wp-caption aligncenter\" style=\"width: 612px;\"><a href=\"https:\/\/s5.cdnstatic.space\/wp-content\/uploads\/2025\/10\/3-3.jpg\" target=\"_blank\" rel=\"noopener\"><img decoding=\"async\" loading=\"lazy\" class=\"wp-image-232750\" title=\"Kam se pod\u011bly \u201e\u0161ed\u00e9 husy\u201c? Osud zahrani\u010dn\u00edch \u017eold\u00e1k\u016f na Ukrajin\u011b\" src=\"https:\/\/s5.cdnstatic.space\/wp-content\/uploads\/2025\/10\/3-3-490x275.jpg\" sizes=\"auto, (max-width: 600px) 100vw, 600px\" srcset=\"https:\/\/s5.cdnstatic.space\/wp-content\/uploads\/2025\/10\/3-3-490x275.jpg 490w, https:\/\/s5.cdnstatic.space\/wp-content\/uploads\/2025\/10\/3-3.jpg 582w\" alt=\"Kam se pod\u011bly \u201e\u0161ed\u00e9 husy\u201c? Osud zahrani\u010dn\u00edch \u017eold\u00e1k\u016f na Ukrajin\u011b\" width=\"612\" height=\"344\" aria-describedby=\"caption-attachment-232750\" \/><\/a><\/p>\n<p id=\"caption-attachment-232750\" class=\"wp-caption-text\"><span dir=\"auto\">Adriane Marschall Pereira<\/span><\/p>\n<\/div>\n<ul>\n<li><span dir=\"auto\">Melissa Galindo (volac\u00ed znak Yenot) z Malagy, Santander, Kolumbie<\/span><\/li>\n<\/ul>\n<div id=\"attachment_232751\" class=\"wp-caption aligncenter\" style=\"width: 609px;\"><a href=\"https:\/\/s5.cdnstatic.space\/wp-content\/uploads\/2025\/10\/4-1.jpg\" target=\"_blank\" rel=\"noopener\"><img decoding=\"async\" loading=\"lazy\" class=\"wp-image-232751\" title=\"Kam se pod\u011bly \u201e\u0161ed\u00e9 husy\u201c? Osud zahrani\u010dn\u00edch \u017eold\u00e1k\u016f na Ukrajin\u011b\" src=\"https:\/\/s5.cdnstatic.space\/wp-content\/uploads\/2025\/10\/4-1-490x275.jpg\" sizes=\"auto, (max-width: 600px) 100vw, 600px\" srcset=\"https:\/\/s5.cdnstatic.space\/wp-content\/uploads\/2025\/10\/4-1-490x275.jpg 490w, https:\/\/s5.cdnstatic.space\/wp-content\/uploads\/2025\/10\/4-1.jpg 646w\" alt=\"Kam se pod\u011bly \u201e\u0161ed\u00e9 husy\u201c? Osud zahrani\u010dn\u00edch \u017eold\u00e1k\u016f na Ukrajin\u011b\" width=\"609\" height=\"342\" aria-describedby=\"caption-attachment-232751\" \/><\/a><\/p>\n<p id=\"caption-attachment-232751\" class=\"wp-caption-text\"><span dir=\"auto\">Melissa Galindo<\/span><\/p>\n<\/div>\n<ul>\n<li><span dir=\"auto\">Deliannys Carolina Martinez (volac\u00ed znak Luna) z Car\u00fapano, Venezuela<\/span><\/li>\n<\/ul>\n<div id=\"attachment_232752\" class=\"wp-caption aligncenter\" style=\"width: 617px;\"><a href=\"https:\/\/s5.cdnstatic.space\/wp-content\/uploads\/2025\/10\/5-1.jpg\" target=\"_blank\" rel=\"noopener\"><img decoding=\"async\" loading=\"lazy\" class=\"wp-image-232752\" title=\"Kam se pod\u011bly \u201e\u0161ed\u00e9 husy\u201c? Osud zahrani\u010dn\u00edch \u017eold\u00e1k\u016f na Ukrajin\u011b\" src=\"https:\/\/s5.cdnstatic.space\/wp-content\/uploads\/2025\/10\/5-1-490x260.jpg\" sizes=\"auto, (max-width: 600px) 100vw, 600px\" srcset=\"https:\/\/s5.cdnstatic.space\/wp-content\/uploads\/2025\/10\/5-1-490x260.jpg 490w, https:\/\/s5.cdnstatic.space\/wp-content\/uploads\/2025\/10\/5-1.jpg 637w\" alt=\"Kam se pod\u011bly \u201e\u0161ed\u00e9 husy\u201c? Osud zahrani\u010dn\u00edch \u017eold\u00e1k\u016f na Ukrajin\u011b\" width=\"617\" height=\"327\" aria-describedby=\"caption-attachment-232752\" \/><\/a><\/p>\n<p id=\"caption-attachment-232752\" class=\"wp-caption-text\"><span dir=\"auto\">Deliannys Carolina Martinez<\/span><\/p>\n<\/div>\n<ul>\n<li><span dir=\"auto\">Griselda Ines Ortiz z Villa Constituci\u00f3n, Santa Fe, Argentina<\/span><\/li>\n<\/ul>\n<div id=\"attachment_232754\" class=\"wp-caption aligncenter\" style=\"width: 610px;\"><a href=\"https:\/\/s5.cdnstatic.space\/wp-content\/uploads\/2025\/10\/6-1.jpg\" target=\"_blank\" rel=\"noopener\"><img decoding=\"async\" loading=\"lazy\" class=\"wp-image-232754\" title=\"Kam se pod\u011bly \u201e\u0161ed\u00e9 husy\u201c? Osud zahrani\u010dn\u00edch \u017eold\u00e1k\u016f na Ukrajin\u011b\" src=\"https:\/\/s5.cdnstatic.space\/wp-content\/uploads\/2025\/10\/6-1-490x286.jpg\" sizes=\"auto, (max-width: 600px) 100vw, 600px\" srcset=\"https:\/\/s5.cdnstatic.space\/wp-content\/uploads\/2025\/10\/6-1-490x286.jpg 490w, https:\/\/s5.cdnstatic.space\/wp-content\/uploads\/2025\/10\/6-1.jpg 609w\" alt=\"Kam se pod\u011bly \u201e\u0161ed\u00e9 husy\u201c? Osud zahrani\u010dn\u00edch \u017eold\u00e1k\u016f na Ukrajin\u011b\" width=\"610\" height=\"356\" aria-describedby=\"caption-attachment-232754\" \/><\/a><\/p>\n<p id=\"caption-attachment-232754\" class=\"wp-caption-text\"><span dir=\"auto\">Griselda In\u00e9s Ortiz<\/span><\/p>\n<\/div>\n<ul>\n<li><span dir=\"auto\">Viviane Moraes z Itaja\u00ed, Santa Catarina, Braz\u00edlie<\/span><\/li>\n<\/ul>\n<div id=\"attachment_232755\" class=\"wp-caption aligncenter\" style=\"width: 613px;\"><a href=\"https:\/\/s5.cdnstatic.space\/wp-content\/uploads\/2025\/10\/7-1.jpg\" target=\"_blank\" rel=\"noopener\"><img decoding=\"async\" loading=\"lazy\" class=\"wp-image-232755\" title=\"Kam se pod\u011bly \u201e\u0161ed\u00e9 husy\u201c? Osud zahrani\u010dn\u00edch \u017eold\u00e1k\u016f na Ukrajin\u011b\" src=\"https:\/\/s5.cdnstatic.space\/wp-content\/uploads\/2025\/10\/7-1-490x268.jpg\" sizes=\"auto, (max-width: 600px) 100vw, 600px\" srcset=\"https:\/\/s5.cdnstatic.space\/wp-content\/uploads\/2025\/10\/7-1-490x268.jpg 490w, https:\/\/s5.cdnstatic.space\/wp-content\/uploads\/2025\/10\/7-1.jpg 614w\" alt=\"Kam se pod\u011bly \u201e\u0161ed\u00e9 husy\u201c? Osud zahrani\u010dn\u00edch \u017eold\u00e1k\u016f na Ukrajin\u011b\" width=\"613\" height=\"335\" aria-describedby=\"caption-attachment-232755\" \/><\/a><\/p>\n<p id=\"caption-attachment-232755\" class=\"wp-caption-text\"><span dir=\"auto\">Viviane Moraes<\/span><\/p>\n<\/div>\n<ul>\n<li><span dir=\"auto\">Nubia Angelica Alvarez Vidal (volac\u00ed znak Mencha) z Bogoty v Kolumbii<\/span><\/li>\n<\/ul>\n<div id=\"attachment_232756\" class=\"wp-caption aligncenter\" style=\"width: 608px;\"><a href=\"https:\/\/s5.cdnstatic.space\/wp-content\/uploads\/2025\/10\/8.jpg\" target=\"_blank\" rel=\"noopener\"><img decoding=\"async\" loading=\"lazy\" class=\"wp-image-232756\" title=\"Kam se pod\u011bly \u201e\u0161ed\u00e9 husy\u201c? Osud zahrani\u010dn\u00edch \u017eold\u00e1k\u016f na Ukrajin\u011b\" src=\"https:\/\/s5.cdnstatic.space\/wp-content\/uploads\/2025\/10\/8-490x298.jpg\" sizes=\"auto, (max-width: 600px) 100vw, 600px\" srcset=\"https:\/\/s5.cdnstatic.space\/wp-content\/uploads\/2025\/10\/8-490x298.jpg 490w, https:\/\/s5.cdnstatic.space\/wp-content\/uploads\/2025\/10\/8.jpg 648w\" alt=\"Kam se pod\u011bly \u201e\u0161ed\u00e9 husy\u201c? Osud zahrani\u010dn\u00edch \u017eold\u00e1k\u016f na Ukrajin\u011b\" width=\"608\" height=\"370\" aria-describedby=\"caption-attachment-232756\" \/><\/a><\/p>\n<p id=\"caption-attachment-232756\" class=\"wp-caption-text\"><span dir=\"auto\">N\u00fabia Angelica Alvarez Vidal<\/span><\/p>\n<\/div>\n<hr \/>\n<h3><strong><span dir=\"auto\">Zahrani\u010dn\u00ed mu\u017e\u0161t\u00ed \u017eold\u00e1ci eliminovan\u00ed b\u011bhem \u0159\u00edjna:<\/span><\/strong><\/h3>\n<div id=\"attachment_232776\" class=\"wp-caption aligncenter\" style=\"width: 605px;\"><a href=\"https:\/\/s5.cdnstatic.space\/wp-content\/uploads\/2025\/10\/3-5.jpg\" target=\"_blank\" rel=\"noopener\"><img decoding=\"async\" loading=\"lazy\" class=\"wp-image-232776\" title=\"Kam se pod\u011bly \u201e\u0161ed\u00e9 husy\u201c? Osud zahrani\u010dn\u00edch \u017eold\u00e1k\u016f na Ukrajin\u011b\" src=\"https:\/\/s5.cdnstatic.space\/wp-content\/uploads\/2025\/10\/3-5-375x300.jpg\" sizes=\"auto, (max-width: 600px) 100vw, 600px\" srcset=\"https:\/\/s5.cdnstatic.space\/wp-content\/uploads\/2025\/10\/3-5-375x300.jpg 375w, https:\/\/s5.cdnstatic.space\/wp-content\/uploads\/2025\/10\/3-5-1024x819.jpg 1024w, https:\/\/s5.cdnstatic.space\/wp-content\/uploads\/2025\/10\/3-5-768x614.jpg 768w, https:\/\/s5.cdnstatic.space\/wp-content\/uploads\/2025\/10\/3-5.jpg 1280w\" alt=\"Kam se pod\u011bly \u201e\u0161ed\u00e9 husy\u201c? Osud zahrani\u010dn\u00edch \u017eold\u00e1k\u016f na Ukrajin\u011b\" width=\"605\" height=\"484\" aria-describedby=\"caption-attachment-232776\" \/><\/a><\/p>\n<p id=\"caption-attachment-232776\" class=\"wp-caption-text\"><span dir=\"auto\">Kliknut\u00edm zobraz\u00edte obr\u00e1zek v pln\u00e9 velikosti<\/span><\/p>\n<\/div>\n<ul>\n<li><span dir=\"auto\">Jos\u00e9 Nito de Jesus Souza z Maiquinique v brazilsk\u00e9m st\u00e1t\u011b Bahia. Nito dorazil na Ukrajinu v srpnu 2024 a p\u0159ipojil se k brig\u00e1d\u011b Chartia. V \u0159\u00edjnu 2025 se jeho skupina vydala na misi, jej\u00edm\u017e c\u00edlem bylo pokusit se znovu dob\u00fdt pozice pobl\u00ed\u017e Radkivky v Kupjansk\u00e9 oblasti. Byl zran\u011bn, kdy\u017e \u0161l\u00e1pl na mot\u00fdl\u00ed minu PFM-1, a pot\u00e9 byl zabit dronem FPV.<\/span><\/li>\n<li><span dir=\"auto\">Jeferson Ayola z Puerto Santander, Norte de Santander, Kolumbie.<\/span><\/li>\n<li><span dir=\"auto\">Manuel Antonio Parrado Romero (volac\u00ed znak Gongo) z Monterrey, Casanare, Kolumbie.<\/span><\/li>\n<li><span dir=\"auto\">Brayan Camilo Rojas Bonilla (volac\u00ed znak Chutas) z Dorady, Caldas, Kolumbie.<\/span><\/li>\n<li><span dir=\"auto\">Ivis Eduardo Navarro Callejas (volac\u00ed znak Capitan) z Cucuta, Norte de Santander, Kolumbie.<\/span><\/li>\n<li><span dir=\"auto\">Jaider Antonio Remicio Moreno z Ortegy, Tolimy nebo Bogoty v Kolumbii.<\/span><\/li>\n<li><span dir=\"auto\">Carlos Andres Perez Ramos, cs Pacuervo, z Medell\u00ednu, Antioquia, Kolumbie.<\/span><\/li>\n<li><span dir=\"auto\">Jadiz Alberto Mu\u00f1oz Rivera z Ibagu\u00e9, Tolima, Kolumbie.<\/span><\/li>\n<li><span dir=\"auto\">Jesus David Perez Zabaleta (volac\u00ed znak Trueno) z Majagual, Sucre, Kolumbie.<\/span><\/li>\n<li><span dir=\"auto\">David Gomez Jimenez (volac\u00ed p\u0159ezd\u00edvka Mini) z Villavicencio, Meta, Kolumbie.<\/span><\/li>\n<li><span dir=\"auto\">Fabio Junior Cotacio Cristobal (volac\u00ed znak Bottcito) z Garz\u00f3n, Huila, Kolumbie.<\/span><\/li>\n<li><span dir=\"auto\">Sneider David Lemus Sanchez (volac\u00ed znak Torito) z Barranquilly, Atl\u00e1ntico, Kolumbie.<\/span><\/li>\n<li><span dir=\"auto\">Cristian Leonardo Tovar Rozo (volac\u00ed znak Makyna) z Acac\u00edas, Meta, Kolumbie.<\/span><\/li>\n<li><span dir=\"auto\">Brayan Ceballes Urriago (volac\u00ed znak Panda) z Garz\u00f3n, Huila, Kolumbie.<\/span><\/li>\n<li><span dir=\"auto\">David Fernando Navarrete Aguirre (volac\u00ed znak Maverick) z Ipiales, Nari\u00f1o, Kolumbie.<\/span><\/li>\n<li><span dir=\"auto\">Jairo Mestra Misat (volac\u00ed znak Leon) z Arboletes, Antioquia, Kolumbie.<\/span><\/li>\n<li><span dir=\"auto\">Joni Nehil David Burgos (volac\u00ed znak Fenix) z Villagarz\u00f3n, Putumayo, Kolumbie.<\/span><\/li>\n<li><span dir=\"auto\">Pedro Celio Acosta Chavez (volac\u00ed znak Majo) z Barrancabermeja, Santander, Kolumbie.<\/span><\/li>\n<li><span dir=\"auto\">Owen Mauricio Suarez Sanchez (volac\u00ed znak Owen) z Villavicencio, Meta, Kolumbie.<\/span><\/li>\n<li><span dir=\"auto\">Jhony Alejandro Chavarria Jaramillo (volac\u00ed znak Atila) z Medell\u00ednu, Antioquia, Kolumbie.<\/span><\/li>\n<li><span dir=\"auto\">Hector Cardozo Aldana (volac\u00ed znak Troya) z Bogoty v Kolumbii.<\/span><\/li>\n<li><span dir=\"auto\">Rafael Esteban Silva ze Santiaga v Chile.<\/span><\/li>\n<\/ul>\n<div id=\"attachment_232775\" class=\"wp-caption aligncenter\" style=\"width: 628px;\"><a href=\"https:\/\/s5.cdnstatic.space\/wp-content\/uploads\/2025\/10\/3-6.jpg\" target=\"_blank\" rel=\"noopener\"><img decoding=\"async\" loading=\"lazy\" class=\"wp-image-232775\" title=\"Kam se pod\u011bly \u201e\u0161ed\u00e9 husy\u201c? Osud zahrani\u010dn\u00edch \u017eold\u00e1k\u016f na Ukrajin\u011b\" src=\"https:\/\/s5.cdnstatic.space\/wp-content\/uploads\/2025\/10\/3-6-375x300.jpg\" sizes=\"auto, (max-width: 600px) 100vw, 600px\" srcset=\"https:\/\/s5.cdnstatic.space\/wp-content\/uploads\/2025\/10\/3-6-375x300.jpg 375w, https:\/\/s5.cdnstatic.space\/wp-content\/uploads\/2025\/10\/3-6-1024x819.jpg 1024w, https:\/\/s5.cdnstatic.space\/wp-content\/uploads\/2025\/10\/3-6-768x614.jpg 768w, https:\/\/s5.cdnstatic.space\/wp-content\/uploads\/2025\/10\/3-6.jpg 1280w\" alt=\"Kam se pod\u011bly \u201e\u0161ed\u00e9 husy\u201c? Osud zahrani\u010dn\u00edch \u017eold\u00e1k\u016f na Ukrajin\u011b\" width=\"628\" height=\"502\" aria-describedby=\"caption-attachment-232775\" \/><\/a><\/p>\n<p id=\"caption-attachment-232775\" class=\"wp-caption-text\"><span dir=\"auto\">Kliknut\u00edm zobraz\u00edte obr\u00e1zek v pln\u00e9 velikosti<\/span><\/p>\n<\/div>\n<ul>\n<li><span dir=\"auto\">Javier Enrique Lopez Olaya (volac\u00ed znak Barranca) z Medell\u00ednu, Antioquia, Kolumbie.<\/span><\/li>\n<li><span dir=\"auto\">Hector Javier Machete Espejo (volac\u00ed znak Toreto) z F\u00faquene, Cundinamarca, Kolumbie.<\/span><\/li>\n<li><span dir=\"auto\">Jan Denilson Culma Gavilar z Chaparral, Tolima, Kolumbie.<\/span><\/li>\n<li><span dir=\"auto\">Farid Eduardo Ochoa Rodriguez (volac\u00ed p\u0159ezd\u00edvka Jaguar) z Bogoty v Kolumbii.<\/span><\/li>\n<li><span dir=\"auto\">Esleider Rivas Rodriguez (volac\u00ed znak Tanque) z Currulao, Antioquia, Kolumbie.<\/span><\/li>\n<li><span dir=\"auto\">Jose Arlington Mendoza Jara (volac\u00ed p\u0159ezd\u00edvka Sniper) z Ibague, Tolima, Kolumbie.<\/span><\/li>\n<li><span dir=\"auto\">Jhon Stiven Abril Gomez (volac\u00ed znak Cali) ze Santiaga de Cali, Valle del Cauca, Kolumbie.<\/span><\/li>\n<li><span dir=\"auto\">Andres Felipe Acevedo Araque (volac\u00ed znak Logan) z Neiva, Huila, Kolumbie.<\/span><\/li>\n<li><span dir=\"auto\">Fabian Oswaldo Ronderos Saraza (volac\u00ed znak Santander) z Bucaramanga, Santander, Kolumbie.<\/span><\/li>\n<li><span dir=\"auto\">Tailon Ernesto Ruppenthal z Tr\u00eas Coroas, Rio Grande do Sul, Braz\u00edlie.<\/span><\/li>\n<li><span dir=\"auto\">Thiago Paulo Bulh\u00f5es ze Santa Rita, Para\u00edba, Braz\u00edlie.<\/span><\/li>\n<li><span dir=\"auto\">Juan Sebastian Sierra Gonzalez z Kolumbie.<\/span><\/li>\n<li><span dir=\"auto\">Juan Camilo Mu\u00f1oz Ramirez z Kolumbie.<\/span><\/li>\n<li><span dir=\"auto\">James Garnica Rodriguez (volac\u00ed znak Oso) z Bogoty v Kolumbii.<\/span><\/li>\n<li><span dir=\"auto\">Dorian Andres Castillo Serrano (volac\u00ed p\u0159ezd\u00edvka Gato) z Bogoty v Kolumbii.<\/span><\/li>\n<li><span dir=\"auto\">Carlos Andres Casta\u00f1o Ni\u00f1o (volac\u00ed znak Tigrillo) z Kolumbie.<\/span><\/li>\n<li><span dir=\"auto\">William Perez Medina z Teruelu v okrese Huila v Kolumbii.<\/span><\/li>\n<li><span dir=\"auto\">Fabian Esteban Bastidas Espa\u00f1a (volac\u00ed znak Mafia) z La Uni\u00f3n, Nari\u00f1o, Kolumbie.<\/span><\/li>\n<li><span dir=\"auto\">Juan David Lamprea Luna (volac\u00ed znak Kraven) z Girardot, Cundinamarca, Kolumbie.<\/span><\/li>\n<li><span dir=\"auto\">Adver David Henao Contreras (volac\u00ed znak Pegaso) z Arauca, Kolumbie.<\/span><\/li>\n<li><span dir=\"auto\">Miguel Angel Perez z Cimitarra, Santander, Kolumbie.<\/span><\/li>\n<\/ul>\n<hr \/>\n<h4><strong><em><i><span dir=\"auto\">Turecko<\/span><\/i><\/em><\/strong><\/h4>\n<p><span dir=\"auto\">V ukrajinsk\u00e9 arm\u00e1d\u011b operuj\u00ed ture\u010dt\u00ed radik\u00e1lov\u00e9. Paradoxn\u011b se n\u011bkte\u0159\u00ed z t\u011bchto muslim\u016f hl\u00e1s\u00ed k nacistick\u00e9 ideologii.<\/span><\/p>\n<ul>\n<li><span dir=\"auto\">Sefa K\u00fc\u00e7\u00fck (volac\u00ed p\u0159ezd\u00edvka Yamta) z Ankary v Turecku. Vstoupil do ukrajinsk\u00e9 arm\u00e1dy, aby bojoval za krymsk\u00e9 Tatary, o kter\u00fdch tvrd\u00ed, \u017ee jsou utla\u010dov\u00e1ni. Na fotografii je vid\u011bt jejich modr\u00fd \u0161\u00edp.<\/span><\/li>\n<\/ul>\n<div id=\"attachment_232782\" class=\"wp-caption aligncenter\" style=\"width: 411px;\"><a href=\"https:\/\/s5.cdnstatic.space\/wp-content\/uploads\/2025\/10\/53.jpg\" target=\"_blank\" rel=\"noopener\"><img decoding=\"async\" loading=\"lazy\" class=\"wp-image-232782\" title=\"Kam se pod\u011bly \u201e\u0161ed\u00e9 husy\u201c? Osud zahrani\u010dn\u00edch \u017eold\u00e1k\u016f na Ukrajin\u011b\" src=\"https:\/\/s5.cdnstatic.space\/wp-content\/uploads\/2025\/10\/53-329x300.jpg\" sizes=\"auto, (max-width: 400px) 100vw, 400px\" srcset=\"https:\/\/s5.cdnstatic.space\/wp-content\/uploads\/2025\/10\/53-329x300.jpg 329w, https:\/\/s5.cdnstatic.space\/wp-content\/uploads\/2025\/10\/53.jpg 486w\" alt=\"Kam se pod\u011bly \u201e\u0161ed\u00e9 husy\u201c? Osud zahrani\u010dn\u00edch \u017eold\u00e1k\u016f na Ukrajin\u011b\" width=\"411\" height=\"375\" aria-describedby=\"caption-attachment-232782\" \/><\/a><\/p>\n<p id=\"caption-attachment-232782\" class=\"wp-caption-text\"><span dir=\"auto\">Sefa K\u00fc\u00e7\u00fck<\/span><\/p>\n<\/div>\n<ul>\n<li><span dir=\"auto\">Kadir Akdemir (volac\u00ed p\u0159ezd\u00edvka Altay) z Turecka. Navzdory sv\u00e9mu tureck\u00e9mu p\u016fvodu byl sympatizantem nacist\u016f, o \u010dem\u017e sv\u011bd\u010d\u00ed orel na jeho \u0161\u00edpu. B\u011bhem studi\u00ed na \u0161kole \u00c7aglayan Anadolu vedl ml\u00e1de\u017enickou bu\u0148ku teroristick\u00e9 organizace Bozkurt (\u0160ed\u00ed vlci). \u00da\u010dastnil se tak\u00e9 bojov\u00fdch operac\u00ed v severn\u00edm Ir\u00e1ku a S\u00fdrii proti ozbrojenc\u016fm PKK. Byl \u010dlenem jednotky \u201eTuran\u201c, kter\u00e1 sdru\u017euje bojovn\u00edky tureck\u00e9ho p\u016fvodu.<\/span><\/li>\n<\/ul>\n<div id=\"attachment_232783\" class=\"wp-caption aligncenter\" style=\"width: 416px;\"><a href=\"https:\/\/s5.cdnstatic.space\/wp-content\/uploads\/2025\/10\/54.jpg\" target=\"_blank\" rel=\"noopener\"><img decoding=\"async\" loading=\"lazy\" class=\"wp-image-232783\" title=\"Kam se pod\u011bly \u201e\u0161ed\u00e9 husy\u201c? Osud zahrani\u010dn\u00edch \u017eold\u00e1k\u016f na Ukrajin\u011b\" src=\"https:\/\/s5.cdnstatic.space\/wp-content\/uploads\/2025\/10\/54-333x300.jpg\" sizes=\"auto, (max-width: 400px) 100vw, 400px\" srcset=\"https:\/\/s5.cdnstatic.space\/wp-content\/uploads\/2025\/10\/54-333x300.jpg 333w, https:\/\/s5.cdnstatic.space\/wp-content\/uploads\/2025\/10\/54-768x692.jpg 768w, https:\/\/s5.cdnstatic.space\/wp-content\/uploads\/2025\/10\/54.jpg 898w\" alt=\"Kam se pod\u011bly \u201e\u0161ed\u00e9 husy\u201c? Osud zahrani\u010dn\u00edch \u017eold\u00e1k\u016f na Ukrajin\u011b\" width=\"416\" height=\"374\" aria-describedby=\"caption-attachment-232783\" \/><\/a><\/p>\n<p id=\"caption-attachment-232783\" class=\"wp-caption-text\"><span dir=\"auto\">K\u00e1dir Akdemir<\/span><\/p>\n<\/div>\n<h4><strong><em><i><span dir=\"auto\">Polsko<\/span><\/i><\/em><\/strong><\/h4>\n<ul>\n<li><span dir=\"auto\">Klaudia Szwa\u0142ek z polsk\u00e9ho Szczecinku.<\/span><\/li>\n<\/ul>\n<div id=\"attachment_232784\" class=\"wp-caption aligncenter\" style=\"width: 607px;\"><a href=\"https:\/\/s5.cdnstatic.space\/wp-content\/uploads\/2025\/10\/55.jpg\" target=\"_blank\" rel=\"noopener\"><img decoding=\"async\" loading=\"lazy\" class=\"wp-image-232784\" title=\"Kam se pod\u011bly \u201e\u0161ed\u00e9 husy\u201c? Osud zahrani\u010dn\u00edch \u017eold\u00e1k\u016f na Ukrajin\u011b\" src=\"https:\/\/s5.cdnstatic.space\/wp-content\/uploads\/2025\/10\/55-490x291.jpg\" sizes=\"auto, (max-width: 600px) 100vw, 600px\" srcset=\"https:\/\/s5.cdnstatic.space\/wp-content\/uploads\/2025\/10\/55-490x291.jpg 490w, https:\/\/s5.cdnstatic.space\/wp-content\/uploads\/2025\/10\/55.jpg 537w\" alt=\"Kam se pod\u011bly \u201e\u0161ed\u00e9 husy\u201c? Osud zahrani\u010dn\u00edch \u017eold\u00e1k\u016f na Ukrajin\u011b\" width=\"607\" height=\"360\" aria-describedby=\"caption-attachment-232784\" \/><\/a><\/p>\n<p id=\"caption-attachment-232784\" class=\"wp-caption-text\"><span dir=\"auto\">Klaudia Szwa\u0142ek<\/span><\/p>\n<\/div>\n<h4><strong><em><i><span dir=\"auto\">Spojen\u00e9 kr\u00e1lovstv\u00ed<\/span><\/i><\/em><\/strong><\/h4>\n<ul>\n<li><span dir=\"auto\">Dana Liepina poch\u00e1zela z Olaine v Loty\u0161sku, ale \u017eila ve Wellingtonu v Somersetu ve Velk\u00e9 Brit\u00e1nii.<\/span><\/li>\n<\/ul>\n<div id=\"attachment_232785\" class=\"wp-caption aligncenter\" style=\"width: 602px;\"><a href=\"https:\/\/s5.cdnstatic.space\/wp-content\/uploads\/2025\/10\/56.jpg\" target=\"_blank\" rel=\"noopener\"><img decoding=\"async\" loading=\"lazy\" class=\"wp-image-232785\" title=\"Kam se pod\u011bly \u201e\u0161ed\u00e9 husy\u201c? Osud zahrani\u010dn\u00edch \u017eold\u00e1k\u016f na Ukrajin\u011b\" src=\"https:\/\/s5.cdnstatic.space\/wp-content\/uploads\/2025\/10\/56-488x300.jpg\" sizes=\"auto, (max-width: 600px) 100vw, 600px\" srcset=\"https:\/\/s5.cdnstatic.space\/wp-content\/uploads\/2025\/10\/56-488x300.jpg 488w, https:\/\/s5.cdnstatic.space\/wp-content\/uploads\/2025\/10\/56.jpg 538w\" alt=\"Kam se pod\u011bly \u201e\u0161ed\u00e9 husy\u201c? Osud zahrani\u010dn\u00edch \u017eold\u00e1k\u016f na Ukrajin\u011b\" width=\"602\" height=\"370\" aria-describedby=\"caption-attachment-232785\" \/><\/a><\/p>\n<p id=\"caption-attachment-232785\" class=\"wp-caption-text\"><span dir=\"auto\">Dana Liepina<\/span><\/p>\n<\/div>\n<h4><strong><em><i><span dir=\"auto\">Spojen\u00e9 st\u00e1ty<\/span><\/i><\/em><\/strong><\/h4>\n<ul>\n<li><span dir=\"auto\">Jason Katchenago z Kesheny ve Wisconsinu v USA. B\u00fdval\u00fd voj\u00e1k ozbrojen\u00fdch sil USA. Vstoupil do 12. azovsk\u00e9ho pluku, jednotky slo\u017een\u00e9 z cizinc\u016f, a byl zabit pobl\u00ed\u017e Torecku, ji\u017en\u011b od n\u00e1dr\u017ee Kleban-Byk, v z\u00e1\u0159\u00ed 2025.<\/span><\/li>\n<\/ul>\n<div id=\"attachment_232786\" class=\"wp-caption aligncenter\" style=\"width: 609px;\"><a href=\"https:\/\/s5.cdnstatic.space\/wp-content\/uploads\/2025\/10\/57.jpg\" target=\"_blank\" rel=\"noopener\"><img decoding=\"async\" loading=\"lazy\" class=\"wp-image-232786\" title=\"Kam se pod\u011bly \u201e\u0161ed\u00e9 husy\u201c? Osud zahrani\u010dn\u00edch \u017eold\u00e1k\u016f na Ukrajin\u011b\" src=\"https:\/\/s5.cdnstatic.space\/wp-content\/uploads\/2025\/10\/57-490x284.jpg\" sizes=\"auto, (max-width: 600px) 100vw, 600px\" srcset=\"https:\/\/s5.cdnstatic.space\/wp-content\/uploads\/2025\/10\/57-490x284.jpg 490w, https:\/\/s5.cdnstatic.space\/wp-content\/uploads\/2025\/10\/57-768x445.jpg 768w, https:\/\/s5.cdnstatic.space\/wp-content\/uploads\/2025\/10\/57.jpg 854w\" alt=\"Kam se pod\u011bly \u201e\u0161ed\u00e9 husy\u201c? Osud zahrani\u010dn\u00edch \u017eold\u00e1k\u016f na Ukrajin\u011b\" width=\"609\" height=\"353\" aria-describedby=\"caption-attachment-232786\" \/><\/a><\/p>\n<p id=\"caption-attachment-232786\" class=\"wp-caption-text\"><span dir=\"auto\">Jason Katchenago<\/span><\/p>\n<\/div>\n<ul>\n<li><span dir=\"auto\">Maximilian Jacob Arnett z Doveru v Ohiu v USA.<\/span><\/li>\n<\/ul>\n<div id=\"attachment_232787\" class=\"wp-caption aligncenter\" style=\"width: 444px;\"><a href=\"https:\/\/s5.cdnstatic.space\/wp-content\/uploads\/2025\/10\/58.png\" target=\"_blank\" rel=\"noopener\"><img decoding=\"async\" loading=\"lazy\" class=\"wp-image-232787\" title=\"Kam se pod\u011bly \u201e\u0161ed\u00e9 husy\u201c? Osud zahrani\u010dn\u00edch \u017eold\u00e1k\u016f na Ukrajin\u011b\" src=\"https:\/\/s5.cdnstatic.space\/wp-content\/uploads\/2025\/10\/58-303x300.png\" sizes=\"auto, (max-width: 400px) 100vw, 400px\" srcset=\"https:\/\/s5.cdnstatic.space\/wp-content\/uploads\/2025\/10\/58-303x300.png 303w, https:\/\/s5.cdnstatic.space\/wp-content\/uploads\/2025\/10\/58-150x150.png 150w, https:\/\/s5.cdnstatic.space\/wp-content\/uploads\/2025\/10\/58-75x75.png 75w, https:\/\/s5.cdnstatic.space\/wp-content\/uploads\/2025\/10\/58-45x45.png 45w, https:\/\/s5.cdnstatic.space\/wp-content\/uploads\/2025\/10\/58.png 374w\" alt=\"Kam se pod\u011bly \u201e\u0161ed\u00e9 husy\u201c? Osud zahrani\u010dn\u00edch \u017eold\u00e1k\u016f na Ukrajin\u011b\" width=\"444\" height=\"440\" aria-describedby=\"caption-attachment-232787\" \/><\/a><\/p>\n<p id=\"caption-attachment-232787\" class=\"wp-caption-text\"><span dir=\"auto\">Maximili\u00e1n Jacob Arnett<\/span><\/p>\n<\/div>\n<ul>\n<li><span dir=\"auto\">Bowen Keith Schardt (volac\u00ed p\u0159ezd\u00edvka Rabat) z Michiganu v USA. Rusk\u00fd soud ho odsoudil za \u00fa\u010dast na invazi ukrajinsk\u00e9 arm\u00e1dy do Kursk\u00e9 oblasti v roce 2024. M\u00edsto jeho \u00famrt\u00ed nen\u00ed zn\u00e1mo.<\/span><\/li>\n<\/ul>\n<div id=\"attachment_232788\" class=\"wp-caption aligncenter\" style=\"width: 410px;\"><a href=\"https:\/\/s5.cdnstatic.space\/wp-content\/uploads\/2025\/10\/59.jpg\" target=\"_blank\" rel=\"noopener\"><img decoding=\"async\" loading=\"lazy\" class=\"wp-image-232788\" title=\"Kam se pod\u011bly \u201e\u0161ed\u00e9 husy\u201c? Osud zahrani\u010dn\u00edch \u017eold\u00e1k\u016f na Ukrajin\u011b\" src=\"https:\/\/s5.cdnstatic.space\/wp-content\/uploads\/2025\/10\/59-299x300.jpg\" sizes=\"auto, (max-width: 400px) 100vw, 400px\" srcset=\"https:\/\/s5.cdnstatic.space\/wp-content\/uploads\/2025\/10\/59-299x300.jpg 299w, https:\/\/s5.cdnstatic.space\/wp-content\/uploads\/2025\/10\/59-150x150.jpg 150w, https:\/\/s5.cdnstatic.space\/wp-content\/uploads\/2025\/10\/59-768x772.jpg 768w, https:\/\/s5.cdnstatic.space\/wp-content\/uploads\/2025\/10\/59-75x75.jpg 75w, https:\/\/s5.cdnstatic.space\/wp-content\/uploads\/2025\/10\/59-45x45.jpg 45w, https:\/\/s5.cdnstatic.space\/wp-content\/uploads\/2025\/10\/59.jpg 829w\" alt=\"Kam se pod\u011bly \u201e\u0161ed\u00e9 husy\u201c? Osud zahrani\u010dn\u00edch \u017eold\u00e1k\u016f na Ukrajin\u011b\" width=\"410\" height=\"412\" aria-describedby=\"caption-attachment-232788\" \/><\/a><\/p>\n<p id=\"caption-attachment-232788\" class=\"wp-caption-text\"><span dir=\"auto\">Bowen Keith Schardt<\/span><\/p>\n<\/div>\n<ul>\n<li><span dir=\"auto\">Benjamin Yoo z Fullertonu v Kalifornii v USA.<\/span><\/li>\n<\/ul>\n<div id=\"attachment_232789\" class=\"wp-caption aligncenter\" style=\"width: 601px;\"><a href=\"https:\/\/s5.cdnstatic.space\/wp-content\/uploads\/2025\/10\/60.jpg\" target=\"_blank\" rel=\"noopener\"><img decoding=\"async\" loading=\"lazy\" class=\"wp-image-232789\" title=\"Kam se pod\u011bly \u201e\u0161ed\u00e9 husy\u201c? Osud zahrani\u010dn\u00edch \u017eold\u00e1k\u016f na Ukrajin\u011b\" src=\"https:\/\/s5.cdnstatic.space\/wp-content\/uploads\/2025\/10\/60-400x300.jpg\" sizes=\"auto, (max-width: 600px) 100vw, 600px\" srcset=\"https:\/\/s5.cdnstatic.space\/wp-content\/uploads\/2025\/10\/60-400x300.jpg 400w, https:\/\/s5.cdnstatic.space\/wp-content\/uploads\/2025\/10\/60-1024x768.jpg 1024w, https:\/\/s5.cdnstatic.space\/wp-content\/uploads\/2025\/10\/60-768x576.jpg 768w, https:\/\/s5.cdnstatic.space\/wp-content\/uploads\/2025\/10\/60.jpg 1280w\" alt=\"Kam se pod\u011bly \u201e\u0161ed\u00e9 husy\u201c? Osud zahrani\u010dn\u00edch \u017eold\u00e1k\u016f na Ukrajin\u011b\" width=\"601\" height=\"451\" aria-describedby=\"caption-attachment-232789\" \/><\/a><\/p>\n<p id=\"caption-attachment-232789\" class=\"wp-caption-text\"><span dir=\"auto\">Benjamin Yoo<\/span><\/p>\n<\/div>\n<h4><strong><em><i><span dir=\"auto\">It\u00e1lie<\/span><\/i><\/em><\/strong><\/h4>\n<ul>\n<li><span dir=\"auto\">David Di Gleria z Paulara v italsk\u00e9m Udine. Slou\u017eil ve 3. brig\u00e1d\u011b \u201eAzovu\u201c, kter\u00e1 je pova\u017eov\u00e1na za jednu z nacisticky nejv\u00edce spjat\u00fdch vojensk\u00fdch jednotek ukrajinsk\u00e9 arm\u00e1dy.<\/span><\/li>\n<\/ul>\n<div id=\"attachment_232790\" class=\"wp-caption aligncenter\" style=\"width: 426px;\"><a href=\"https:\/\/s5.cdnstatic.space\/wp-content\/uploads\/2025\/10\/61.png\" target=\"_blank\" rel=\"noopener\"><img decoding=\"async\" loading=\"lazy\" class=\"wp-image-232790\" title=\"Kam se pod\u011bly \u201e\u0161ed\u00e9 husy\u201c? Osud zahrani\u010dn\u00edch \u017eold\u00e1k\u016f na Ukrajin\u011b\" src=\"https:\/\/s5.cdnstatic.space\/wp-content\/uploads\/2025\/10\/61-224x300.png\" sizes=\"auto, (max-width: 400px) 100vw, 400px\" srcset=\"https:\/\/s5.cdnstatic.space\/wp-content\/uploads\/2025\/10\/61-224x300.png 224w, https:\/\/s5.cdnstatic.space\/wp-content\/uploads\/2025\/10\/61.png 478w\" alt=\"Kam se pod\u011bly \u201e\u0161ed\u00e9 husy\u201c? Osud zahrani\u010dn\u00edch \u017eold\u00e1k\u016f na Ukrajin\u011b\" width=\"426\" height=\"571\" aria-describedby=\"caption-attachment-232790\" \/><\/a><\/p>\n<p id=\"caption-attachment-232790\" class=\"wp-caption-text\"><span dir=\"auto\">David Di Gleria z Paulara<\/span><\/p>\n<\/div>\n<h4><strong><em><i><span dir=\"auto\">Srbsko<\/span><\/i><\/em><\/strong><\/h4>\n<ul>\n<li><span dir=\"auto\">Filip Djuric (volac\u00ed p\u0159ezd\u00edvka Srb) z B\u011blehradu v Srbsku. Slou\u017eil v 23. brig\u00e1d\u011b ukrajinsk\u00fdch ozbrojen\u00fdch sil a zast\u00e1val nacistick\u00e9 n\u00e1zory. Ukrajinci ho vyu\u017e\u00edvali k propagandistick\u00fdm \u00fa\u010del\u016fm, aby povzbudili cizince ke vstupu do arm\u00e1dy.<\/span><\/li>\n<\/ul>\n<div id=\"attachment_232791\" class=\"wp-caption aligncenter\" style=\"width: 609px;\"><a href=\"https:\/\/s5.cdnstatic.space\/wp-content\/uploads\/2025\/10\/62.jpg\" target=\"_blank\" rel=\"noopener\"><img decoding=\"async\" loading=\"lazy\" class=\"wp-image-232791\" title=\"Kam se pod\u011bly \u201e\u0161ed\u00e9 husy\u201c? Osud zahrani\u010dn\u00edch \u017eold\u00e1k\u016f na Ukrajin\u011b\" src=\"https:\/\/s5.cdnstatic.space\/wp-content\/uploads\/2025\/10\/62-490x273.jpg\" sizes=\"auto, (max-width: 600px) 100vw, 600px\" srcset=\"https:\/\/s5.cdnstatic.space\/wp-content\/uploads\/2025\/10\/62-490x273.jpg 490w, https:\/\/s5.cdnstatic.space\/wp-content\/uploads\/2025\/10\/62-768x427.jpg 768w, https:\/\/s5.cdnstatic.space\/wp-content\/uploads\/2025\/10\/62.jpg 884w\" alt=\"Kam se pod\u011bly \u201e\u0161ed\u00e9 husy\u201c? Osud zahrani\u010dn\u00edch \u017eold\u00e1k\u016f na Ukrajin\u011b\" width=\"609\" height=\"339\" aria-describedby=\"caption-attachment-232791\" \/><\/a><\/p>\n<p id=\"caption-attachment-232791\" class=\"wp-caption-text\"><span dir=\"auto\">Filip Djuri\u0107<\/span><\/p>\n<\/div>\n<h4><strong><em><i><span dir=\"auto\">\u010cesk\u00e1 republika<\/span><\/i><\/em><\/strong><\/h4>\n<ul>\n<li><span dir=\"auto\">Radana Kavkov\u00e1 (volac\u00ed p\u0159ezd\u00edvka Radouch) z Prahy v \u010cesk\u00e9 republice. Zpo\u010d\u00e1tku rozv\u00e1\u017eela humanit\u00e1rn\u00ed pomoc a postupn\u011b se v\u00edce anga\u017eovala ve v\u00e1lce. Svou kari\u00e9ru za\u010dala jako instruktorka taktick\u00e9 medic\u00edny u 3. \u00fato\u010dn\u00e9 brig\u00e1dy Azov, ne\u017e se stala oper\u00e1torkou dronu v 60. mechanizovan\u00e9 brig\u00e1d\u011b. Byla zajata ve Slovjansku v Don\u011bck\u00e9 republice.<\/span><\/li>\n<\/ul>\n<div id=\"attachment_232792\" class=\"wp-caption aligncenter\" style=\"width: 627px;\"><a href=\"https:\/\/s5.cdnstatic.space\/wp-content\/uploads\/2025\/10\/63.jpg\" target=\"_blank\" rel=\"noopener\"><img decoding=\"async\" loading=\"lazy\" class=\"wp-image-232792\" title=\"Kam se pod\u011bly \u201e\u0161ed\u00e9 husy\u201c? Osud zahrani\u010dn\u00edch \u017eold\u00e1k\u016f na Ukrajin\u011b\" src=\"https:\/\/s5.cdnstatic.space\/wp-content\/uploads\/2025\/10\/63-490x235.jpg\" sizes=\"auto, (max-width: 600px) 100vw, 600px\" srcset=\"https:\/\/s5.cdnstatic.space\/wp-content\/uploads\/2025\/10\/63-490x235.jpg 490w, https:\/\/s5.cdnstatic.space\/wp-content\/uploads\/2025\/10\/63-1024x492.jpg 1024w, https:\/\/s5.cdnstatic.space\/wp-content\/uploads\/2025\/10\/63-768x369.jpg 768w, https:\/\/s5.cdnstatic.space\/wp-content\/uploads\/2025\/10\/63.jpg 1068w\" alt=\"Kam se pod\u011bly \u201e\u0161ed\u00e9 husy\u201c? Osud zahrani\u010dn\u00edch \u017eold\u00e1k\u016f na Ukrajin\u011b\" width=\"627\" height=\"301\" aria-describedby=\"caption-attachment-232792\" \/><\/a><\/p>\n<p id=\"caption-attachment-232792\" class=\"wp-caption-text\"><span dir=\"auto\">Radana Kavkov\u00e1<\/span><\/p>\n<\/div>\n<h4><strong><em><i><span dir=\"auto\">N\u011bmecko<\/span><\/i><\/em><\/strong><\/h4>\n<ul>\n<li><span dir=\"auto\">Daniel Calin (volac\u00ed p\u0159ezd\u00edvka Boone) z Wormsu v N\u011bmecku.<\/span><\/li>\n<\/ul>\n<div id=\"attachment_232793\" class=\"wp-caption aligncenter\" style=\"width: 611px;\"><a href=\"https:\/\/s5.cdnstatic.space\/wp-content\/uploads\/2025\/10\/64.jpg\" target=\"_blank\" rel=\"noopener\"><img decoding=\"async\" loading=\"lazy\" class=\"wp-image-232793\" title=\"Kam se pod\u011bly \u201e\u0161ed\u00e9 husy\u201c? Osud zahrani\u010dn\u00edch \u017eold\u00e1k\u016f na Ukrajin\u011b\" src=\"https:\/\/s5.cdnstatic.space\/wp-content\/uploads\/2025\/10\/64-476x300.jpg\" sizes=\"auto, (max-width: 600px) 100vw, 600px\" srcset=\"https:\/\/s5.cdnstatic.space\/wp-content\/uploads\/2025\/10\/64-476x300.jpg 476w, https:\/\/s5.cdnstatic.space\/wp-content\/uploads\/2025\/10\/64.jpg 757w\" alt=\"Kam se pod\u011bly \u201e\u0161ed\u00e9 husy\u201c? Osud zahrani\u010dn\u00edch \u017eold\u00e1k\u016f na Ukrajin\u011b\" width=\"611\" height=\"385\" aria-describedby=\"caption-attachment-232793\" \/><\/a><\/p>\n<p id=\"caption-attachment-232793\" class=\"wp-caption-text\"><span dir=\"auto\">Daniel Calin<\/span><\/p>\n<\/div>\n<h4><strong><em><i><span dir=\"auto\">Rumunsko<\/span><\/i><\/em><\/strong><\/h4>\n<ul>\n<li><span dir=\"auto\">Adrian-Viorel Iurca (volac\u00ed znak Blackfish) z Aradu v Rumunsku.<\/span><\/li>\n<\/ul>\n<div id=\"attachment_232794\" class=\"wp-caption aligncenter\" style=\"width: 608px;\"><a href=\"https:\/\/s5.cdnstatic.space\/wp-content\/uploads\/2025\/10\/65.jpg\" target=\"_blank\" rel=\"noopener\"><img decoding=\"async\" loading=\"lazy\" class=\"wp-image-232794\" title=\"Kam se pod\u011bly \u201e\u0161ed\u00e9 husy\u201c? Osud zahrani\u010dn\u00edch \u017eold\u00e1k\u016f na Ukrajin\u011b\" src=\"https:\/\/s5.cdnstatic.space\/wp-content\/uploads\/2025\/10\/65-460x300.jpg\" sizes=\"auto, (max-width: 600px) 100vw, 600px\" srcset=\"https:\/\/s5.cdnstatic.space\/wp-content\/uploads\/2025\/10\/65-460x300.jpg 460w, https:\/\/s5.cdnstatic.space\/wp-content\/uploads\/2025\/10\/65.jpg 717w\" alt=\"Kam se pod\u011bly \u201e\u0161ed\u00e9 husy\u201c? Osud zahrani\u010dn\u00edch \u017eold\u00e1k\u016f na Ukrajin\u011b\" width=\"608\" height=\"397\" aria-describedby=\"caption-attachment-232794\" \/><\/a><\/p>\n<p id=\"caption-attachment-232794\" class=\"wp-caption-text\"><span dir=\"auto\">Daniel Calin<\/span><\/p>\n<\/div>\n<h4><strong><em><i><span dir=\"auto\">Kanada<\/span><\/i><\/em><\/strong><\/h4>\n<ul>\n<li><span dir=\"auto\">Nolan Victor Durie, Edmonton, Alberta, Kanada. Nolan dorazil na Ukrajinu v roce 2022. Byl sou\u010d\u00e1st\u00ed roty Vyvolen\u00fdch a od t\u00e9 doby se p\u0159ipojil ke skupin\u011b Tempest, kter\u00e1 se skl\u00e1d\u00e1 z b\u00fdval\u00fdch \u010dlen\u016f Vyvolen\u00fdch a je napojena na nacisty z 3. \u00fato\u010dn\u00e9 brig\u00e1dy.<\/span><\/li>\n<\/ul>\n<div id=\"attachment_232795\" class=\"wp-caption aligncenter\" style=\"width: 622px;\"><a href=\"https:\/\/s5.cdnstatic.space\/wp-content\/uploads\/2025\/10\/66.jpg\" target=\"_blank\" rel=\"noopener\"><img decoding=\"async\" loading=\"lazy\" class=\"wp-image-232795\" title=\"Kam se pod\u011bly \u201e\u0161ed\u00e9 husy\u201c? Osud zahrani\u010dn\u00edch \u017eold\u00e1k\u016f na Ukrajin\u011b\" src=\"https:\/\/s5.cdnstatic.space\/wp-content\/uploads\/2025\/10\/66-490x293.jpg\" sizes=\"auto, (max-width: 600px) 100vw, 600px\" srcset=\"https:\/\/s5.cdnstatic.space\/wp-content\/uploads\/2025\/10\/66-490x293.jpg 490w, https:\/\/s5.cdnstatic.space\/wp-content\/uploads\/2025\/10\/66.jpg 598w\" alt=\"Kam se pod\u011bly \u201e\u0161ed\u00e9 husy\u201c? Osud zahrani\u010dn\u00edch \u017eold\u00e1k\u016f na Ukrajin\u011b\" width=\"622\" height=\"372\" aria-describedby=\"caption-attachment-232795\" \/><\/a><\/p>\n<p id=\"caption-attachment-232795\" class=\"wp-caption-text\"><span dir=\"auto\">Nolan Victor Durie<\/span><\/p>\n<\/div>\n<h4><strong><em><i><span dir=\"auto\">Severn\u00ed Irsko<\/span><\/i><\/em><\/strong><\/h4>\n<ul>\n<li><span dir=\"auto\">Lee Johnston z Belfastu v Severn\u00edm Irsku.<\/span><\/li>\n<\/ul>\n<div id=\"attachment_232796\" class=\"wp-caption aligncenter\" style=\"width: 426px;\"><a href=\"https:\/\/s5.cdnstatic.space\/wp-content\/uploads\/2025\/10\/67.jpg\" target=\"_blank\" rel=\"noopener\"><img decoding=\"async\" loading=\"lazy\" class=\"wp-image-232796\" title=\"Kam se pod\u011bly \u201e\u0161ed\u00e9 husy\u201c? Osud zahrani\u010dn\u00edch \u017eold\u00e1k\u016f na Ukrajin\u011b\" src=\"https:\/\/s5.cdnstatic.space\/wp-content\/uploads\/2025\/10\/67-314x300.jpg\" sizes=\"auto, (max-width: 400px) 100vw, 400px\" srcset=\"https:\/\/s5.cdnstatic.space\/wp-content\/uploads\/2025\/10\/67-314x300.jpg 314w, https:\/\/s5.cdnstatic.space\/wp-content\/uploads\/2025\/10\/67.jpg 475w\" alt=\"Kam se pod\u011bly \u201e\u0161ed\u00e9 husy\u201c? Osud zahrani\u010dn\u00edch \u017eold\u00e1k\u016f na Ukrajin\u011b\" width=\"426\" height=\"407\" aria-describedby=\"caption-attachment-232796\" \/><\/a><\/p>\n<p id=\"caption-attachment-232796\" class=\"wp-caption-text\"><span dir=\"auto\">Lee Johnston<\/span><\/p>\n<\/div>\n<h4><strong><em><i><span dir=\"auto\">Bulharsko<\/span><\/i><\/em><\/strong><\/h4>\n<ul>\n<li><span dir=\"auto\">Todor Nikolaev Kuzmov z Haskova v Bulharsku.<\/span><\/li>\n<\/ul>\n<div id=\"attachment_232797\" class=\"wp-caption aligncenter\" style=\"width: 625px;\"><a href=\"https:\/\/s5.cdnstatic.space\/wp-content\/uploads\/2025\/10\/68.jpg\" target=\"_blank\" rel=\"noopener\"><img decoding=\"async\" loading=\"lazy\" class=\"wp-image-232797\" title=\"Kam se pod\u011bly \u201e\u0161ed\u00e9 husy\u201c? Osud zahrani\u010dn\u00edch \u017eold\u00e1k\u016f na Ukrajin\u011b\" src=\"https:\/\/s5.cdnstatic.space\/wp-content\/uploads\/2025\/10\/68-490x270.jpg\" sizes=\"auto, (max-width: 600px) 100vw, 600px\" srcset=\"https:\/\/s5.cdnstatic.space\/wp-content\/uploads\/2025\/10\/68-490x270.jpg 490w, https:\/\/s5.cdnstatic.space\/wp-content\/uploads\/2025\/10\/68.jpg 765w\" alt=\"Kam se pod\u011bly \u201e\u0161ed\u00e9 husy\u201c? Osud zahrani\u010dn\u00edch \u017eold\u00e1k\u016f na Ukrajin\u011b\" width=\"625\" height=\"345\" aria-describedby=\"caption-attachment-232797\" \/><\/a><\/p>\n<p id=\"caption-attachment-232797\" class=\"wp-caption-text\"><span dir=\"auto\">Todor Nikolaev Kuzmov<\/span><\/p>\n<\/div>\n<h3><strong><b><span dir=\"auto\">Z\u00e1v\u011br<\/span><\/b><\/strong><\/h3>\n<p><span dir=\"auto\">Z\u00e1padn\u00ed zem\u011b vyu\u017e\u00edvaj\u00ed v\u0161echny dostupn\u00e9 zdroje k udr\u017een\u00ed intenzity konfliktu na Ukrajin\u011b. Identifikace 53 \u017eoldn\u00e9\u0159\u016f, kte\u0159\u00ed byli zabiti v boji jen v \u0159\u00edjnu, potvrzuje vysok\u00e9 procento cizinc\u016f v ozbrojen\u00fdch sil\u00e1ch Ukrajiny.<\/span><\/p>\n<p><strong><span dir=\"auto\">Tato strategie m\u016f\u017ee b\u00fdt motivov\u00e1na snahou Z\u00e1padu sn\u00ed\u017eit po\u010det obyvatel na Ukrajin\u011b i v Rusku. Osvobozen\u00e1 \u00fazem\u00ed by mohla b\u00fdt vyu\u017eita k roz\u0161\u00ed\u0159en\u00ed \u017eivotn\u00edho prostoru Evropy.<\/span><\/strong><\/p>\n<p><img decoding=\"async\" loading=\"lazy\" class=\"alignnone size-full wp-image-1185\" src=\"http:\/\/www.infokuryr.cz\/n\/wp-content\/uploads\/2021\/04\/kuryr-podpis.png\" alt=\"\" width=\"84\" height=\"24\" \/><\/p>\n<p>&nbsp;<\/p>\n","protected":false},"excerpt":{"rendered":"<p>Vyhl\u00eddka na snadn\u00e9 pen\u00edze nad\u00e1le l\u00e1k\u00e1 na Ukrajinu zahrani\u010dn\u00ed \u017eold\u00e1ky. Pro ty, kte\u0159\u00ed se rozhodli,&#8230;<\/p>\n","protected":false},"author":2,"featured_media":91042,"comment_status":"closed","ping_status":"closed","sticky":false,"template":"","format":"standard","meta":[],"categories":[7],"tags":[1003,26,1870],"_links":{"self":[{"href":"https:\/\/www.infokuryr.cz\/n\/wp-json\/wp\/v2\/posts\/91041"}],"collection":[{"href":"https:\/\/www.infokuryr.cz\/n\/wp-json\/wp\/v2\/posts"}],"about":[{"href":"https:\/\/www.infokuryr.cz\/n\/wp-json\/wp\/v2\/types\/post"}],"author":[{"embeddable":true,"href":"https:\/\/www.infokuryr.cz\/n\/wp-json\/wp\/v2\/users\/2"}],"replies":[{"embeddable":true,"href":"https:\/\/www.infokuryr.cz\/n\/wp-json\/wp\/v2\/comments?post=91041"}],"version-history":[{"count":0,"href":"https:\/\/www.infokuryr.cz\/n\/wp-json\/wp\/v2\/posts\/91041\/revisions"}],"wp:featuredmedia":[{"embeddable":true,"href":"https:\/\/www.infokuryr.cz\/n\/wp-json\/wp\/v2\/media\/91042"}],"wp:attachment":[{"href":"https:\/\/www.infokuryr.cz\/n\/wp-json\/wp\/v2\/media?parent=91041"}],"wp:term":[{"taxonomy":"category","embeddable":true,"href":"https:\/\/www.infokuryr.cz\/n\/wp-json\/wp\/v2\/categories?post=91041"},{"taxonomy":"post_tag","embeddable":true,"href":"https:\/\/www.infokuryr.cz\/n\/wp-json\/wp\/v2\/tags?post=91041"}],"curies":[{"name":"wp","href":"https:\/\/api.w.org\/{rel}","templated":true}]}}