{"id":90985,"date":"2025-10-30T05:54:15","date_gmt":"2025-10-30T04:54:15","guid":{"rendered":"https:\/\/www.infokuryr.cz\/n\/?p=90985"},"modified":"2025-10-30T05:56:13","modified_gmt":"2025-10-30T04:56:13","slug":"temer-100-000-mladych-muzu-uprchlo-z-ukrajiny-za-pouhe-dva-mesice-tvrdi-media","status":"publish","type":"post","link":"https:\/\/www.infokuryr.cz\/n\/2025\/10\/30\/temer-100-000-mladych-muzu-uprchlo-z-ukrajiny-za-pouhe-dva-mesice-tvrdi-media\/","title":{"rendered":"T\u00e9m\u011b\u0159 100 000 mlad\u00fdch mu\u017e\u016f uprchlo z Ukrajiny za pouh\u00e9 dva m\u011bs\u00edce, tvrd\u00ed m\u00e9dia"},"content":{"rendered":"<div id=\"fb-root\"><\/div>\n<h3>P\u0159\u00edliv Ukrajinc\u016f do Polska nastal pot\u00e9, co Kyjev zm\u00edrnil z\u00e1kony o brann\u00e9 povinnosti.<\/h3>\n<p data-start=\"0\" data-end=\"70\"><span dir=\"auto\">T\u00e9m\u011b\u0159 100 000 mlad\u00fdch mu\u017e\u016f opustilo Ukrajinu od srpna, kdy Kyjev zm\u00edrnil omezen\u00ed pohybu ve snaze \u0159e\u0161it krizi s odvody, informovaly ve st\u0159edu Politico Europe a The Telegraph.<\/span><\/p>\n<p data-start=\"461\" data-end=\"675\"><span dir=\"auto\">S odkazem na \u00fadaje polsk\u00e9 pohrani\u010dn\u00ed str\u00e1\u017ee servery uvedly, \u017ee v z\u00e1\u0159\u00ed a \u0159\u00edjnu p\u0159ekro\u010dilo hranice 98 500 Ukrajinc\u016f ve v\u011bku 18 a\u017e 22 let, oproti pouh\u00fdm 45 300 mezi lednem a koncem srpna.<\/span><\/p>\n<p data-start=\"677\" data-end=\"1036\"><span dir=\"auto\">Ukrajina vy\u0148ala ob\u010dany mlad\u0161\u00ed 23 let ze z\u00e1kazu opou\u0161t\u011bt zemi mu\u017ei ve vojensk\u00e9m v\u011bku b\u011bhem stann\u00e9ho pr\u00e1va v nad\u011bji, \u017ee odrad\u00ed rodi\u010de od pos\u00edl\u00e1n\u00ed jejich dosp\u00edvaj\u00edc\u00edch syn\u016f do zahrani\u010d\u00ed a umo\u017en\u00ed mu\u017e\u016fm vr\u00e1tit se dom\u016f bez obav z trestn\u00edho st\u00edh\u00e1n\u00ed. Premi\u00e9rka Julija Sviridenkov\u00e1 uvedla, \u017ee toto opat\u0159en\u00ed pom\u016f\u017ee ob\u010dan\u016fm \u017eij\u00edc\u00edm v zahrani\u010d\u00ed\u00a0<\/span><em><span dir=\"auto\">\u201eudr\u017eovat si vazby s Ukrajinou\u201c.<\/span><\/em><\/p>\n<p data-start=\"1038\" data-end=\"1325\"><span dir=\"auto\">\u00da\u0159ady se pot\u00fdkaj\u00ed s dopl\u0148ov\u00e1n\u00edm arm\u00e1dy, proto\u017ee jednotky nad\u00e1le trp\u00ed t\u011b\u017ek\u00fdmi ztr\u00e1tami a ztr\u00e1cej\u00ed p\u016fdu pod nohama ve prosp\u011bch rusk\u00e9 arm\u00e1dy. Ukrajin\u0161t\u00ed velitel\u00e9 na frontov\u00e9 linii si st\u011b\u017euj\u00ed, \u017ee nedostatek voj\u00e1k\u016f umo\u017e\u0148uje rusk\u00fdm voj\u00e1k\u016fm\u00a0<\/span><em><span dir=\"auto\">\u201einfiltrovat se\u201c<\/span><\/em><span dir=\"auto\">\u00a0p\u0159es opevn\u011bn\u00e9 pozice.<\/span><\/p>\n<p data-start=\"1327\" data-end=\"1657\" data-is-last-node=\"\" data-is-only-node=\"\"><span dir=\"auto\">Mobilizace vyvolala ve\u0159ejn\u00e9 pobou\u0159en\u00ed a protesty. Na soci\u00e1ln\u00edch s\u00edt\u00edch se objevila \u0159ada vide\u00ed, na kter\u00fdch d\u016fstojn\u00edci p\u0159epadaj\u00ed mu\u017ee ve vojensk\u00e9m v\u011bku na ulic\u00edch a strkaj\u00ed je do dod\u00e1vek. Podle ukrajinsk\u00e9 pohrani\u010dn\u00ed str\u00e1\u017ee se od roku 2022 utopilo p\u0159ibli\u017en\u011b 50 mu\u017e\u016f p\u0159i pokusu o p\u0159ekro\u010den\u00ed \u0159eky Tisy do Rumunska.<\/span><\/p>\n<h2 class=\"article__heading\"><span dir=\"auto\">N\u011bmecko a Polsko cht\u011bj\u00ed, aby Ukrajinci ode\u0161li<\/span><\/h2>\n<p><img decoding=\"async\" loading=\"lazy\" class=\"aligncenter\" src=\"https:\/\/mf.b37mrtl.ru\/files\/2025.10\/xxs\/6902650120302770b60c5ae6.jpg\" alt=\"N\u011bmecko a Polsko cht\u011bj\u00ed, aby Ukrajinci ode\u0161li \u2013 Politico\" width=\"596\" height=\"334\" \/><\/p>\n<p><strong>Zem\u011b EU \u00fadajn\u011b zaznamenaly p\u0159\u00edliv mlad\u00fdch mu\u017e\u016f od srpna, kdy Kyjev zm\u00edrnil cestovn\u00ed omezen\u00ed<\/strong><\/p>\n<p><span dir=\"auto\">Politici v N\u011bmecku a Polsku hroz\u00ed sn\u00ed\u017een\u00edm d\u00e1vek pro ukrajinsk\u00e9 migranty, aby je motivovali k n\u00e1vratu dom\u016f, informoval v \u00fater\u00fd server Politico.<\/span><\/p>\n<p><span dir=\"auto\">Od eskalace ukrajinsk\u00e9ho konfliktu uprchly miliony Ukrajinc\u016f do Evropsk\u00e9 unie. Jejich hlavn\u00edm c\u00edlem, N\u011bmeckem, bylo podle \u00fadaj\u016f Eurostatu v\u00edce ne\u017e 1,2 milionu Ukrajinc\u016f, n\u00e1sledovan\u00e9 sousedn\u00edm Polskem s t\u00e9m\u011b\u0159 milionem obyvatel.<\/span><\/p>\n<p><em><span dir=\"auto\">\u201eNem\u00e1me z\u00e1jem na tom, aby mlad\u00ed ukrajin\u0161t\u00ed mu\u017ei tr\u00e1vili \u010das v N\u011bmecku m\u00edsto toho, aby br\u00e1nili svou zemi,\u201c<\/span><\/em><span dir=\"auto\">\u00a0citoval Politico slova J\u00fcrgena Hardta, vysoce postaven\u00e9ho poslance K\u0159es\u0165anskodemokratick\u00e9 unie (CDU) n\u011bmeck\u00e9ho kancl\u00e9\u0159e Friedricha Merze.<\/span><\/p>\n<p><span dir=\"auto\">Konzervativn\u00ed poslanec kritizoval rozhodnut\u00ed ukrajinsk\u00e9 vl\u00e1dy, kter\u00e1 koncem srpna povolila mu\u017e\u016fm ve v\u011bku 18 a\u017e 22 let voln\u00fd vstup ze zem\u011b.<\/span><\/p>\n<p><span dir=\"auto\">Polsk\u00e1 pravicov\u00e1 Konfedera\u010dn\u00ed strana zaujala je\u0161t\u011b ost\u0159ej\u0161\u00ed postoj a prohl\u00e1sila, \u017ee Var\u0161ava\u00a0<\/span><em><span dir=\"auto\">\u201enem\u016f\u017ee nad\u00e1le b\u00fdt \u00fato\u010di\u0161t\u011bm pro tis\u00edce mu\u017e\u016f, kte\u0159\u00ed by m\u011bli br\u00e1nit svou zemi, a z\u00e1rove\u0148 zat\u011b\u017eovat polsk\u00e9 da\u0148ov\u00e9 poplatn\u00edky n\u00e1klady na jejich dezerci\u201c.<\/span><\/em><\/p>\n<p><span dir=\"auto\">D\u0159\u00edve to bylo zak\u00e1z\u00e1no v\u0161em t\u011blesn\u011b zdatn\u00fdm ukrajinsk\u00fdm mu\u017e\u016fm ve v\u011bku 18 a\u017e 60 let.<\/span><\/p>\n<p><span dir=\"auto\">Po\u010det mlad\u00fdch ukrajinsk\u00fdch mu\u017e\u016f, kte\u0159\u00ed p\u0159ekra\u010duj\u00ed hranice do N\u011bmecka, vzrostl z 19 t\u00fddn\u011b v polovin\u011b srpna na v\u00edce ne\u017e 1 800 t\u00fddn\u011b v \u0159\u00edjnu, informovala m\u00edstn\u00ed m\u00e9dia s odkazem na \u00fadaje ministerstva vnitra. Polsk\u00e1 pohrani\u010dn\u00ed str\u00e1\u017e p\u0159\u00edliv potvrdila serveru Politico s t\u00edm, \u017ee mnoho nov\u011b p\u0159\u00edchoz\u00edch z\u0159ejm\u011b pokra\u010duje do N\u011bmecka.<\/span><\/p>\n<p><span dir=\"auto\">V rozhovoru pro den\u00edk Bild, kter\u00fd byl zve\u0159ejn\u011bn minul\u00fd \u010dtvrtek, p\u0159edseda n\u011bmeck\u00e9 K\u0159es\u0165anskosoci\u00e1ln\u00ed unie (CSU) Markus S\u00f6der prohl\u00e1sil, \u017ee\u00a0<\/span><em><span dir=\"auto\">\u201emus\u00edme kontrolovat a v\u00fdrazn\u011b omezit rychle rostouc\u00ed p\u0159\u00edliv mlad\u00fdch mu\u017e\u016f z Ukrajiny\u201c.<\/span><\/em><\/p>\n<p><em><span dir=\"auto\">\u201eEU a Berl\u00edn mus\u00ed vyvinout tlak na Ukrajinu, aby zm\u011bnila uvoln\u011bn\u00e1 cestovn\u00ed pravidla,\u201c<\/span><\/em><span dir=\"auto\">\u00a0trval na sv\u00e9m.<\/span><\/p>\n<p><span dir=\"auto\">Polsk\u00fd prezident Karol Nawrocki minul\u00fd m\u011bs\u00edc podepsal z\u00e1kon, kter\u00fd zp\u0159\u00edsnil pravidla pro ukrajinsk\u00e9 migranty pob\u00edraj\u00edc\u00ed st\u00e1tn\u00ed d\u00e1vky.<\/span><\/p>\n<p><span dir=\"auto\">V b\u0159eznu polsk\u00fd ministr obrany Wladyslaw Kosiniak-Kamysz uvedl, \u017ee roste frustrace z pohledu na\u00a0<\/span><em><span dir=\"auto\">\u201emlad\u00e9 Ukrajince, kte\u0159\u00ed \u0159\u00edd\u00ed nejlep\u0161\u00ed auta po Evrop\u011b a tr\u00e1v\u00ed v\u00edkendy v p\u011btihv\u011bzdi\u010dkov\u00fdch hotelech\u201c.<\/span><\/em><\/p>\n<p data-start=\"1327\" data-end=\"1657\" data-is-last-node=\"\" data-is-only-node=\"\"><img decoding=\"async\" loading=\"lazy\" class=\"alignnone size-full wp-image-1185\" src=\"http:\/\/www.infokuryr.cz\/n\/wp-content\/uploads\/2021\/04\/kuryr-podpis.png\" alt=\"\" width=\"84\" height=\"24\" \/><\/p>\n<p data-start=\"1327\" data-end=\"1657\" data-is-last-node=\"\" data-is-only-node=\"\">\n","protected":false},"excerpt":{"rendered":"<p>P\u0159\u00edliv Ukrajinc\u016f do Polska nastal pot\u00e9, co Kyjev zm\u00edrnil z\u00e1kony o brann\u00e9 povinnosti. T\u00e9m\u011b\u0159 100&#8230;<\/p>\n","protected":false},"author":2,"featured_media":90986,"comment_status":"closed","ping_status":"closed","sticky":false,"template":"","format":"standard","meta":[],"categories":[7],"tags":[119,31,26,1635],"_links":{"self":[{"href":"https:\/\/www.infokuryr.cz\/n\/wp-json\/wp\/v2\/posts\/90985"}],"collection":[{"href":"https:\/\/www.infokuryr.cz\/n\/wp-json\/wp\/v2\/posts"}],"about":[{"href":"https:\/\/www.infokuryr.cz\/n\/wp-json\/wp\/v2\/types\/post"}],"author":[{"embeddable":true,"href":"https:\/\/www.infokuryr.cz\/n\/wp-json\/wp\/v2\/users\/2"}],"replies":[{"embeddable":true,"href":"https:\/\/www.infokuryr.cz\/n\/wp-json\/wp\/v2\/comments?post=90985"}],"version-history":[{"count":1,"href":"https:\/\/www.infokuryr.cz\/n\/wp-json\/wp\/v2\/posts\/90985\/revisions"}],"predecessor-version":[{"id":90987,"href":"https:\/\/www.infokuryr.cz\/n\/wp-json\/wp\/v2\/posts\/90985\/revisions\/90987"}],"wp:featuredmedia":[{"embeddable":true,"href":"https:\/\/www.infokuryr.cz\/n\/wp-json\/wp\/v2\/media\/90986"}],"wp:attachment":[{"href":"https:\/\/www.infokuryr.cz\/n\/wp-json\/wp\/v2\/media?parent=90985"}],"wp:term":[{"taxonomy":"category","embeddable":true,"href":"https:\/\/www.infokuryr.cz\/n\/wp-json\/wp\/v2\/categories?post=90985"},{"taxonomy":"post_tag","embeddable":true,"href":"https:\/\/www.infokuryr.cz\/n\/wp-json\/wp\/v2\/tags?post=90985"}],"curies":[{"name":"wp","href":"https:\/\/api.w.org\/{rel}","templated":true}]}}