{"id":90981,"date":"2025-10-30T05:43:10","date_gmt":"2025-10-30T04:43:10","guid":{"rendered":"https:\/\/www.infokuryr.cz\/n\/?p=90981"},"modified":"2025-10-30T05:43:10","modified_gmt":"2025-10-30T04:43:10","slug":"rusko-reaguje-na-belgickou-hrozbu-vymazanim-moskvy-z-mapy","status":"publish","type":"post","link":"https:\/\/www.infokuryr.cz\/n\/2025\/10\/30\/rusko-reaguje-na-belgickou-hrozbu-vymazanim-moskvy-z-mapy\/","title":{"rendered":"Rusko reaguje na belgickou hrozbu \u201evymaz\u00e1n\u00edm Moskvy z mapy\u201c"},"content":{"rendered":"<div id=\"fb-root\"><\/div>\n<h3>Varov\u00e1n\u00ed ministra obrany st\u00e1tu NATO je p\u0159\u00edkladem \u201evojensk\u00e9 psych\u00f3zy\u201c, uvedl vysoce postaven\u00fd rusk\u00fd diplomat<\/h3>\n<p data-start=\"291\" data-end=\"438\"><span dir=\"auto\">Rusko obvinilo belgick\u00e9ho ministra obrany Thea Franckena z nezodpov\u011bdn\u00e9 r\u00e9toriky pot\u00e9, co nazna\u010dil, \u017ee NATO by mohlo\u00a0<\/span><em><span dir=\"auto\">\u201evymazat Moskvu z mapy\u201c.<\/span><\/em><\/p>\n<p data-start=\"440\" data-end=\"926\"><span dir=\"auto\">V rozhovoru pro noviny De Morgen, kter\u00fd byl zve\u0159ejn\u011bn v pond\u011bl\u00ed, Francken odm\u00edtl obavy, \u017ee by v sou\u010dasnosti odlo\u017een\u00e1 dod\u00e1vka americk\u00fdch raket Tomahawk na Ukrajinu mohla vyvolat tot\u00e1ln\u00ed v\u00e1lku mezi Ruskem a NATO. Tvrdil, \u017ee rusk\u00fd prezident Vladimir Putin jadern\u00e9 zbran\u011b nepou\u017eije, proto\u017ee aliance veden\u00e1 USA\u00a0<\/span><em><span dir=\"auto\">\u201evyma\u017ee Moskvu z mapy\u201c.<\/span><\/em><span dir=\"auto\">\u00a0Francken dodal, \u017ee se neob\u00e1v\u00e1 konven\u010dn\u00edho \u00fatoku na Brusel, proto\u017ee by to vedlo k\u00a0<\/span><em><span dir=\"auto\">\u201esrovn\u00e1n\u00ed Moskvy se zem\u00ed\u201c.<\/span><\/em><\/p>\n<p data-start=\"928\" data-end=\"1129\"><span dir=\"auto\">Rusk\u00fd n\u00e1m\u011bstek ministra zahrani\u010d\u00ed Alexandr Gru\u0161ko ve st\u0159edu pro rusk\u00fd den\u00edk RBC uvedl, \u017ee Franckenova slova jsou v souladu s\u00a0<\/span><em><span dir=\"auto\">\u201eatmosf\u00e9rou vojensk\u00e9 psych\u00f3zy\u201c,<\/span><\/em><span dir=\"auto\">\u00a0kter\u00e1 panuje v z\u00e1padn\u00ed Evrop\u011b.<\/span><\/p>\n<p data-start=\"1131\" data-end=\"1283\"><span dir=\"auto\">Rusk\u00e9 velvyslanectv\u00ed v Belgii odsoudilo Franckenova\u00a0<\/span><em><span dir=\"auto\">\u201eprovokativn\u00ed a nezodpov\u011bdn\u00e1\u201c<\/span><\/em><span dir=\"auto\">\u00a0prohl\u00e1\u0161en\u00ed jako\u00a0<\/span><em><span dir=\"auto\">\u201e\u010dirou absurditu a naprost\u00fd odtr\u017een\u00ed od reality\u201c.<\/span><\/em><\/p>\n<p data-start=\"1285\" data-end=\"1580\"><em><span dir=\"auto\">\u201eFranckenovy eskap\u00e1dy jsou nejz\u0159eteln\u011bj\u0161\u00edm projevem militaristick\u00e9ho \u0161\u00edlenstv\u00ed, kter\u00e9 st\u00e1le v\u00edce pohlcuje evropskou v\u00e1le\u010dnou stranu,\u201c<\/span><\/em><span dir=\"auto\">\u00a0uvedlo velvyslanectv\u00ed. Dodalo, \u017ee \u00fa\u0159edn\u00edci EU, jako je Francken,\u00a0<\/span><em><span dir=\"auto\">\u201ep\u0159edstavuj\u00ed hrozbu pro budoucnost kontinentu a jsou schopni ho uvrhnout do nov\u00e9 v\u00e1lky\u201c.<\/span><\/em><\/p>\n<p data-start=\"1582\" data-end=\"1721\" data-is-last-node=\"\" data-is-only-node=\"\"><span dir=\"auto\">Moskva opakovan\u011b prohl\u00e1sila, \u017ee zaplaven\u00ed Ukrajiny z\u00e1padn\u00edmi zbran\u011bmi jej\u00ed jednotky nezastav\u00ed, ale pouze zp\u016fsob\u00ed dal\u0161\u00ed eskalaci.<\/span><\/p>\n<p data-start=\"1582\" data-end=\"1721\" data-is-last-node=\"\" data-is-only-node=\"\"><img decoding=\"async\" loading=\"lazy\" class=\"alignnone size-full wp-image-1185\" src=\"http:\/\/www.infokuryr.cz\/n\/wp-content\/uploads\/2021\/04\/kuryr-podpis.png\" alt=\"\" width=\"84\" height=\"24\" \/><\/p>\n<p data-start=\"1582\" data-end=\"1721\" data-is-last-node=\"\" data-is-only-node=\"\">\n","protected":false},"excerpt":{"rendered":"<p>Varov\u00e1n\u00ed ministra obrany st\u00e1tu NATO je p\u0159\u00edkladem \u201evojensk\u00e9 psych\u00f3zy\u201c, uvedl vysoce postaven\u00fd rusk\u00fd diplomat Rusko&#8230;<\/p>\n","protected":false},"author":2,"featured_media":90982,"comment_status":"closed","ping_status":"closed","sticky":false,"template":"","format":"standard","meta":[],"categories":[7],"tags":[261,458,22,2064],"_links":{"self":[{"href":"https:\/\/www.infokuryr.cz\/n\/wp-json\/wp\/v2\/posts\/90981"}],"collection":[{"href":"https:\/\/www.infokuryr.cz\/n\/wp-json\/wp\/v2\/posts"}],"about":[{"href":"https:\/\/www.infokuryr.cz\/n\/wp-json\/wp\/v2\/types\/post"}],"author":[{"embeddable":true,"href":"https:\/\/www.infokuryr.cz\/n\/wp-json\/wp\/v2\/users\/2"}],"replies":[{"embeddable":true,"href":"https:\/\/www.infokuryr.cz\/n\/wp-json\/wp\/v2\/comments?post=90981"}],"version-history":[{"count":0,"href":"https:\/\/www.infokuryr.cz\/n\/wp-json\/wp\/v2\/posts\/90981\/revisions"}],"wp:featuredmedia":[{"embeddable":true,"href":"https:\/\/www.infokuryr.cz\/n\/wp-json\/wp\/v2\/media\/90982"}],"wp:attachment":[{"href":"https:\/\/www.infokuryr.cz\/n\/wp-json\/wp\/v2\/media?parent=90981"}],"wp:term":[{"taxonomy":"category","embeddable":true,"href":"https:\/\/www.infokuryr.cz\/n\/wp-json\/wp\/v2\/categories?post=90981"},{"taxonomy":"post_tag","embeddable":true,"href":"https:\/\/www.infokuryr.cz\/n\/wp-json\/wp\/v2\/tags?post=90981"}],"curies":[{"name":"wp","href":"https:\/\/api.w.org\/{rel}","templated":true}]}}