{"id":90970,"date":"2025-10-30T05:10:29","date_gmt":"2025-10-30T04:10:29","guid":{"rendered":"https:\/\/www.infokuryr.cz\/n\/?p=90970"},"modified":"2025-10-30T05:10:29","modified_gmt":"2025-10-30T04:10:29","slug":"jiri-paroubek-fadni-projev-prezidenta-pavla-k-vyroci-28-rijna-1918","status":"publish","type":"post","link":"https:\/\/www.infokuryr.cz\/n\/2025\/10\/30\/jiri-paroubek-fadni-projev-prezidenta-pavla-k-vyroci-28-rijna-1918\/","title":{"rendered":"Ji\u0159\u00ed Paroubek: F\u00e1dn\u00ed projev prezidenta Pavla k v\u00fdro\u010d\u00ed 28. \u0159\u00edjna 1918"},"content":{"rendered":"<div id=\"fb-root\"><\/div>\n<p><strong>Prezident Pavel v projevu k 28. \u0159\u00edjnu nep\u0159ekro\u010dil sv\u016fj st\u00edn. Nezab\u00fdval se v n\u011bm tolik skute\u010dn\u00fdmi probl\u00e9my zem\u011b, nap\u0159\u00edklad rostouc\u00ed chudobou nebo nedostatkem cenov\u011b dostupn\u00fdch byt\u016f. P\u0159itom je nedostatek levn\u00fdch komun\u00e1ln\u00edch byt\u016f t\u00edm hlavn\u00edm probl\u00e9mem, kter\u00fd zp\u016fsobuje mimo jin\u00e9 sni\u017eov\u00e1n\u00ed porodnosti.<\/strong><\/p>\n<p style=\"font-weight: 400;\">Nezab\u00fdval se ani t\u00edm, pro\u010d vlastn\u011b volby do sn\u011bmovny dopadly tak, jak dopadly. Sn\u011bmovn\u00ed volby toti\u017e jsou v\u017edy referendem o st\u00e1vaj\u00edc\u00ed vl\u00e1d\u011b a\u00a0 vl\u00e1da Petra Fialy, v\u010detn\u011b pir\u00e1t\u016f, kte\u0159\u00ed se na n\u00ed v\u011bt\u0161inu \u010dasu pod\u00edleli, byla prost\u011b ne\u00fasp\u011b\u0161n\u00e1. A\u0165 si \u0159\u00edk\u00e1, kdo chce, co chce z vl\u00e1dn\u00edho\u00a0 t\u00e1bora.<\/p>\n<p style=\"font-weight: 400;\">Petr Pavel prost\u011b hovo\u0159il jako jeden z mu\u017e\u016f vl\u00e1dn\u00edho t\u00e1bora. Nelze se tomu divit.<\/p>\n<p style=\"font-weight: 400;\">Ale jeho projev byl ne\u00fanosn\u00fd zejm\u00e9na v t\u00e9 \u010d\u00e1sti, kdy se dovol\u00e1val pot\u0159eby vysok\u00fdch v\u00fddaj\u016f na zbrojen\u00ed. Vl\u00e1dn\u00ed koalice, kter\u00e1 nastupuje, tedy Babi\u0161ova vl\u00e1da, \u00fasty sv\u00fdch nejv\u00fdznamn\u011bj\u0161\u00edch politick\u00fdch \u010dinitel\u016f v posledn\u00edch dnech potvrdila, \u017ee nov\u00e1 vl\u00e1da se bude dr\u017eet dvouprocentn\u00edho limitu v\u00fddaj\u016f na obranu\u00a0\u00a0(m\u00edn\u011bno 2 % z HDP). Je to v\u00fdznamn\u00fd posun oproti vl\u00e1d\u011b Petra Fialy, kter\u00e1 by se u rozpo\u010dt\u016f ministerstva obrany nejrad\u011bji b\u011bhem n\u011bkolika m\u00e1lo let dostala a\u017e na sumu 3,5% plus 1,5% (tedy 5% HDP) na obranu. Co\u017e znamen\u00e1 prakticky 400 miliard korun\u00a0\u00a0ze st\u00e1tn\u00edho rozpo\u010dtu. A to je n\u011bco, co si republika prost\u011b nem\u016f\u017ee dovolit. Je to nad finan\u010dn\u00ed kapacitu a mo\u017enosti \u010cesk\u00e9ho st\u00e1tu. Zcela neseri\u00f3zn\u00ed byla ta \u010d\u00e1st projevu Petra Pavla, kdy op\u011bt stra\u0161il\u00a0\u00a0Ruskem. Rusko pr\u00fd vynakl\u00e1d\u00e1 na zbrojen\u00ed obrovsk\u00e9 \u010d\u00e1stky. Je pravda, \u017ee Rusko vynakl\u00e1d\u00e1 zhruba trojn\u00e1sobek objemu prost\u0159edk\u016f na zbrojen\u00ed, kter\u00e9 vynakl\u00e1dalo p\u0159ed v\u00e1lkou na Ukrajin\u011b, tedy zhruba 150, mo\u017en\u00e1 a\u017e 170 miliard USD za rok. Ale st\u00e1ty NATO v Evrop\u011b\u00a0\u00a0vynakl\u00e1daj\u00ed ka\u017edoro\u010dn\u011b nejm\u00e9n\u011b dvojn\u00e1sobek t\u00e9to \u010d\u00e1stky.\u00a0\u00a0A Spojen\u00e9 st\u00e1ty americk\u00e9 zhruba \u0161estin\u00e1sobek. Tak kdo tedy hore\u010dn\u011b zbroj\u00ed? Rusko anebo my na Z\u00e1pad\u011b.<\/p>\n<p style=\"font-weight: 400;\">\u00a0A pro\u010d se vlastn\u011b\u00a0\u00a0ob\u00e1vat st\u00e1tu, kter\u00fd nen\u00ed schopen dos\u00e1hnout\u00a0\u00a0ani sv\u00fdch d\u00edl\u010d\u00edch c\u00edl\u016f v region\u00e1ln\u00edm konfliktu na v\u00fdchod\u011b a jihu Ukrajiny. Ty d\u00edl\u010d\u00ed c\u00edle spo\u010d\u00edvaj\u00ed v dobyt\u00ed\u00a0\u00a0\u010dty\u0159 provinci\u00ed na v\u00fdchod\u011b a jihu Ukrajiny, kter\u00e9 jsou ob\u00fdv\u00e1ny p\u0159edev\u0161\u00edm rusk\u00fdm obyvatelstvem. Nedomn\u00edv\u00e1m se, \u017ee Rusko m\u00e1 z\u00e1jem o cokoliv jin\u00e9ho. Krom\u011b toho to vypad\u00e1, \u017ee t\u00e9to v\u00e1lky m\u00e1 tak\u00e9 pln\u00e9 zuby a bude pot\u0159ebovat n\u011bjak\u00fd \u010das na obnoven\u00ed sv\u00fdch sil. To ale neznamen\u00e1, \u017ee by se pot\u00e9 vrhalo bezmy\u0161lenkovit\u011b do dal\u0161\u00edho v\u00e1le\u010dn\u00e9ho konfliktu. Zd\u00e1 se, \u017ee sv\u011bt nov\u00e9 vl\u00e1dy Andreje Babi\u0161e a sv\u011bt koterie, kter\u00e1 se vytvo\u0159ila kolem prezidenta Pavla, jsou dva rozd\u00edln\u00e9 sv\u011bty. A to m\u016f\u017ee vytv\u00e1\u0159et zna\u010dn\u00e9 probl\u00e9my. Prezident bude nepochybn\u011b kl\u00e1st n\u00e1\u0161lapn\u00e9 miny nov\u00e9 vl\u00e1d\u011b&#8230; A uvid\u00edme, zda to zkus\u00ed ji\u017e p\u0159i jmenov\u00e1n\u00ed nov\u00fdch ministr\u016f.<\/p>\n<p style=\"font-weight: 400;\">\u00a0Tak\u00e9 nominace prezidenta na st\u00e1tn\u00ed vyznamen\u00e1n\u00ed, respektive jeho rozhodnut\u00ed o st\u00e1tn\u00edch vyznamen\u00e1n\u00ed a jejich ud\u011blen\u00ed je opravdu v n\u011bkter\u00fdch sm\u011brech kontroverzn\u00ed. Je to p\u0159edev\u0161\u00edm ud\u011blen\u00ed ocen\u011bn\u00ed n\u00e1\u010deln\u00edkovi gener\u00e1ln\u00edho \u0161t\u00e1bu \u0158ehkovi a tak\u00e9 bezpe\u010dnostn\u00edmu poradci vl\u00e1dy Pojarovi. Zejm\u00e9na funkce bezpe\u010dnostn\u00edho poradce vl\u00e1dy\u00a0\u00a0byla funkc\u00ed\u00a0\u00a0o ni\u010dem. Byla to jenom sinekura, kter\u00e1 byla vytvo\u0159ena pro Pojara osobn\u011b.\u00a0\u00a0Dost\u00e1vat krom\u011b platu za v\u00fdkon zbyte\u010dn\u00e9 funkce je\u0161t\u011b st\u00e1tn\u00ed vyznamen\u00e1n\u00ed, to u\u017e je pro st\u00e1t opravdu velk\u00fd luxus.<\/p>\n<p><a href=\"https:\/\/vasevec.info\/domaci-politika\/fadni-projev-prezidenta-pavla-k-vyroci-28-rijna-1918\">Ji\u0159\u00ed Paroubek<\/a><\/p>\n<p><img decoding=\"async\" loading=\"lazy\" class=\"alignnone size-medium wp-image-2342\" src=\"http:\/\/www.infokuryr.cz\/n\/wp-content\/uploads\/2021\/06\/paroubek-300x208.jpg\" alt=\"\" width=\"300\" height=\"208\" srcset=\"https:\/\/www.infokuryr.cz\/n\/wp-content\/uploads\/2021\/06\/paroubek-300x208.jpg 300w, https:\/\/www.infokuryr.cz\/n\/wp-content\/uploads\/2021\/06\/paroubek.jpg 318w\" sizes=\"(max-width: 300px) 100vw, 300px\" \/><\/p>\n<p>&nbsp;<\/p>\n","protected":false},"excerpt":{"rendered":"<p>Prezident Pavel v projevu k 28. \u0159\u00edjnu nep\u0159ekro\u010dil sv\u016fj st\u00edn. Nezab\u00fdval se v n\u011bm tolik&#8230;<\/p>\n","protected":false},"author":2,"featured_media":27500,"comment_status":"closed","ping_status":"closed","sticky":false,"template":"","format":"standard","meta":[],"categories":[6],"tags":[1503,1173,710],"_links":{"self":[{"href":"https:\/\/www.infokuryr.cz\/n\/wp-json\/wp\/v2\/posts\/90970"}],"collection":[{"href":"https:\/\/www.infokuryr.cz\/n\/wp-json\/wp\/v2\/posts"}],"about":[{"href":"https:\/\/www.infokuryr.cz\/n\/wp-json\/wp\/v2\/types\/post"}],"author":[{"embeddable":true,"href":"https:\/\/www.infokuryr.cz\/n\/wp-json\/wp\/v2\/users\/2"}],"replies":[{"embeddable":true,"href":"https:\/\/www.infokuryr.cz\/n\/wp-json\/wp\/v2\/comments?post=90970"}],"version-history":[{"count":0,"href":"https:\/\/www.infokuryr.cz\/n\/wp-json\/wp\/v2\/posts\/90970\/revisions"}],"wp:featuredmedia":[{"embeddable":true,"href":"https:\/\/www.infokuryr.cz\/n\/wp-json\/wp\/v2\/media\/27500"}],"wp:attachment":[{"href":"https:\/\/www.infokuryr.cz\/n\/wp-json\/wp\/v2\/media?parent=90970"}],"wp:term":[{"taxonomy":"category","embeddable":true,"href":"https:\/\/www.infokuryr.cz\/n\/wp-json\/wp\/v2\/categories?post=90970"},{"taxonomy":"post_tag","embeddable":true,"href":"https:\/\/www.infokuryr.cz\/n\/wp-json\/wp\/v2\/tags?post=90970"}],"curies":[{"name":"wp","href":"https:\/\/api.w.org\/{rel}","templated":true}]}}